{"id":916451,"date":"2023-05-07T13:55:26","date_gmt":"2023-05-07T16:55:26","guid":{"rendered":"https:\/\/www.pm.pb.gov.br\/portal\/?p=916451"},"modified":"2023-05-07T13:57:20","modified_gmt":"2023-05-07T16:57:20","slug":"policia-militar-aprende-armas-drogas-e-detem-suspeitos-em-acoes-na-paraiba","status":"publish","type":"post","link":"https:\/\/www.pm.pb.gov.br\/portal\/2023\/05\/07\/policia-militar-aprende-armas-drogas-e-detem-suspeitos-em-acoes-na-paraiba\/","title":{"rendered":"Pol\u00edcia Militar apreende armas, drogas e det\u00e9m suspeitos em a\u00e7\u00f5es na Para\u00edba"},"content":{"rendered":"\n<p>A Pol\u00edcia Militar apreendeu, na tarde deste s\u00e1bado (6) e na madrugada do domingo (7), mais de 150 unidades de entorpecentes e duas armas de fogo em a\u00e7\u00f5es nos munic\u00edpios do Conde, Juripiranga e Bayeux.<\/p>\n<p>A apreens\u00e3o das drogas deu-se quando policiais militares da ROTAM e da For\u00e7a T\u00e1tica da 1\u00aa CIPM intensificavam rondas na regi\u00e3o da Comunidade Papo do Sapo e visualizaram um grupo de homens em atitude suspeita. Os indiv\u00edduos empreenderam fuga ao visualizarem as guarni\u00e7\u00f5es, deixando para tr\u00e1s 50 papelotes e 76 trouxas de maconha, e 28 pedras de crack (foto em destaque). Todo o material foi apresentado na Delegacia de Alhandra.<\/p>\n<p><img loading=\"lazy\" decoding=\"async\" class=\"wp-image-916455 alignleft\" src=\"http:\/\/www.pm.pb.gov.br\/portal\/wp-content\/uploads\/2023\/05\/Arma-8-bpm-593x445.jpeg\" alt=\"\" width=\"288\" height=\"216\" srcset=\"https:\/\/www.pm.pb.gov.br\/portal\/wp-content\/uploads\/2023\/05\/Arma-8-bpm-593x445.jpeg 593w, https:\/\/www.pm.pb.gov.br\/portal\/wp-content\/uploads\/2023\/05\/Arma-8-bpm-760x570.jpeg 760w, https:\/\/www.pm.pb.gov.br\/portal\/wp-content\/uploads\/2023\/05\/Arma-8-bpm-768x576.jpeg 768w, https:\/\/www.pm.pb.gov.br\/portal\/wp-content\/uploads\/2023\/05\/Arma-8-bpm.jpeg 1024w\" sizes=\"(max-width: 288px) 100vw, 288px\" \/>J\u00e1 em Juripiranga, um homem de 38 anos foi preso por porte ilegal de arma de fogo. Ele foi detido quando foi abordado por guarni\u00e7\u00f5es do 8\u00ba Batalh\u00e3o, que intensificavam rondas na regi\u00e3o conhecida por comunidade da Coca-Cola. Com ele foi apreendido um rev\u00f3lver calibre 38 com seis muni\u00e7\u00f5es (foto \u00e0 esquerda). Suspeito e armamento foram entregues na Delegacia de Itabaiana.<\/p>\n<p>Por fim, em Bayeux, um adolescente de 16 anos foi apreendido, na madrugada deste domingo (07), portando um rev\u00f3lver calibre 38 com quatro muni\u00e7\u00f5es (foto abaixo). Ele foi abordado por policiais da 4\u00aa Companhia Independente no bairro Imaculada e, durante a busca pessoal, foi encontrada a citada arma de fogo. O menor e a arma foram conduzidos \u00e0 6\u00aa Delegacia Distrital, em Santa Rita.<img loading=\"lazy\" decoding=\"async\" class=\"wp-image-916453 aligncenter\" src=\"http:\/\/www.pm.pb.gov.br\/portal\/wp-content\/uploads\/2023\/05\/Arma-4-cipm-1-312x445.jpeg\" alt=\"\" width=\"211\" height=\"301\" srcset=\"https:\/\/www.pm.pb.gov.br\/portal\/wp-content\/uploads\/2023\/05\/Arma-4-cipm-1-312x445.jpeg 312w, https:\/\/www.pm.pb.gov.br\/portal\/wp-content\/uploads\/2023\/05\/Arma-4-cipm-1-400x570.jpeg 400w, https:\/\/www.pm.pb.gov.br\/portal\/wp-content\/uploads\/2023\/05\/Arma-4-cipm-1.jpeg 719w\" sizes=\"(max-width: 211px) 100vw, 211px\" \/><\/p>\n","protected":false},"excerpt":{"rendered":"<p>A Pol\u00edcia Militar apreendeu, na tarde deste s\u00e1bado (6) e na madrugada do domingo (7), mais de 150 unidades de<\/p>\n","protected":false},"author":5,"featured_media":916454,"comment_status":"closed","ping_status":"closed","sticky":false,"template":"","format":"standard","meta":{"_exactmetrics_skip_tracking":false,"_exactmetrics_sitenote_active":false,"_exactmetrics_sitenote_note":"","_exactmetrics_sitenote_category":0,"footnotes":""},"categories":[4],"tags":[],"yoast_head":"<!-- This site is optimized with the Yoast SEO plugin v22.0 - https:\/\/yoast.com\/wordpress\/plugins\/seo\/ -->\n<title>Pol\u00edcia Militar apreende armas, drogas e det\u00e9m suspeitos em a\u00e7\u00f5es na Para\u00edba - Pol\u00edcia Militar da Para\u00edba<\/title>\n<meta name=\"robots\" content=\"index, follow, max-snippet:-1, max-image-preview:large, max-video-preview:-1\" \/>\n<link rel=\"canonical\" href=\"https:\/\/www.pm.pb.gov.br\/portal\/2023\/05\/07\/policia-militar-aprende-armas-drogas-e-detem-suspeitos-em-acoes-na-paraiba\/\" \/>\n<meta property=\"og:locale\" content=\"pt_BR\" \/>\n<meta property=\"og:type\" content=\"article\" \/>\n<meta property=\"og:title\" content=\"Pol\u00edcia Militar apreende armas, drogas e det\u00e9m suspeitos em a\u00e7\u00f5es na Para\u00edba - Pol\u00edcia Militar da Para\u00edba\" \/>\n<meta property=\"og:description\" content=\"A Pol\u00edcia Militar apreendeu, na tarde deste s\u00e1bado (6) e na madrugada do domingo (7), mais de 150 unidades de\" \/>\n<meta property=\"og:url\" content=\"https:\/\/www.pm.pb.gov.br\/portal\/2023\/05\/07\/policia-militar-aprende-armas-drogas-e-detem-suspeitos-em-acoes-na-paraiba\/\" \/>\n<meta property=\"og:site_name\" content=\"Pol\u00edcia Militar da Para\u00edba\" \/>\n<meta property=\"article:published_time\" content=\"2023-05-07T16:55:26+00:00\" \/>\n<meta property=\"article:modified_time\" content=\"2023-05-07T16:57:20+00:00\" \/>\n<meta property=\"og:image\" content=\"http:\/\/www.pm.pb.gov.br\/portal\/wp-content\/uploads\/2023\/05\/Drogas-1-cipm.jpeg\" \/>\n\t<meta property=\"og:image:width\" content=\"1024\" \/>\n\t<meta property=\"og:image:height\" content=\"576\" \/>\n\t<meta property=\"og:image:type\" content=\"image\/jpeg\" \/>\n<meta name=\"author\" content=\"Assessoria de Imprensa da PMPB\" \/>\n<meta name=\"twitter:card\" content=\"summary_large_image\" \/>\n<meta name=\"twitter:label1\" content=\"Escrito por\" \/>\n\t<meta name=\"twitter:data1\" content=\"Assessoria de Imprensa da PMPB\" \/>\n\t<meta name=\"twitter:label2\" content=\"Est. tempo de leitura\" \/>\n\t<meta name=\"twitter:data2\" content=\"2 minutos\" \/>\n<script type=\"application\/ld+json\" class=\"yoast-schema-graph\">{\"@context\":\"https:\/\/schema.org\",\"@graph\":[{\"@type\":\"Article\",\"@id\":\"https:\/\/www.pm.pb.gov.br\/portal\/2023\/05\/07\/policia-militar-aprende-armas-drogas-e-detem-suspeitos-em-acoes-na-paraiba\/#article\",\"isPartOf\":{\"@id\":\"https:\/\/www.pm.pb.gov.br\/portal\/2023\/05\/07\/policia-militar-aprende-armas-drogas-e-detem-suspeitos-em-acoes-na-paraiba\/\"},\"author\":{\"name\":\"Assessoria de Imprensa da PMPB\",\"@id\":\"https:\/\/www.pm.pb.gov.br\/portal\/#\/schema\/person\/e8454f46651c3ecf0e1ba3c1666d9947\"},\"headline\":\"Pol\u00edcia Militar apreende armas, drogas e det\u00e9m suspeitos em a\u00e7\u00f5es na Para\u00edba\",\"datePublished\":\"2023-05-07T16:55:26+00:00\",\"dateModified\":\"2023-05-07T16:57:20+00:00\",\"mainEntityOfPage\":{\"@id\":\"https:\/\/www.pm.pb.gov.br\/portal\/2023\/05\/07\/policia-militar-aprende-armas-drogas-e-detem-suspeitos-em-acoes-na-paraiba\/\"},\"wordCount\":247,\"publisher\":{\"@id\":\"https:\/\/www.pm.pb.gov.br\/portal\/#organization\"},\"articleSection\":[\"A\u00e7\u00f5es Policiais\"],\"inLanguage\":\"pt-BR\"},{\"@type\":\"WebPage\",\"@id\":\"https:\/\/www.pm.pb.gov.br\/portal\/2023\/05\/07\/policia-militar-aprende-armas-drogas-e-detem-suspeitos-em-acoes-na-paraiba\/\",\"url\":\"https:\/\/www.pm.pb.gov.br\/portal\/2023\/05\/07\/policia-militar-aprende-armas-drogas-e-detem-suspeitos-em-acoes-na-paraiba\/\",\"name\":\"Pol\u00edcia Militar apreende armas, drogas e det\u00e9m suspeitos em a\u00e7\u00f5es na Para\u00edba - Pol\u00edcia Militar da Para\u00edba\",\"isPartOf\":{\"@id\":\"https:\/\/www.pm.pb.gov.br\/portal\/#website\"},\"datePublished\":\"2023-05-07T16:55:26+00:00\",\"dateModified\":\"2023-05-07T16:57:20+00:00\",\"breadcrumb\":{\"@id\":\"https:\/\/www.pm.pb.gov.br\/portal\/2023\/05\/07\/policia-militar-aprende-armas-drogas-e-detem-suspeitos-em-acoes-na-paraiba\/#breadcrumb\"},\"inLanguage\":\"pt-BR\",\"potentialAction\":[{\"@type\":\"ReadAction\",\"target\":[\"https:\/\/www.pm.pb.gov.br\/portal\/2023\/05\/07\/policia-militar-aprende-armas-drogas-e-detem-suspeitos-em-acoes-na-paraiba\/\"]}]},{\"@type\":\"BreadcrumbList\",\"@id\":\"https:\/\/www.pm.pb.gov.br\/portal\/2023\/05\/07\/policia-militar-aprende-armas-drogas-e-detem-suspeitos-em-acoes-na-paraiba\/#breadcrumb\",\"itemListElement\":[{\"@type\":\"ListItem\",\"position\":1,\"name\":\"In\u00edcio\",\"item\":\"https:\/\/www.pm.pb.gov.br\/portal\/\"},{\"@type\":\"ListItem\",\"position\":2,\"name\":\"Pol\u00edcia Militar apreende armas, drogas e det\u00e9m suspeitos em a\u00e7\u00f5es na Para\u00edba\"}]},{\"@type\":\"WebSite\",\"@id\":\"https:\/\/www.pm.pb.gov.br\/portal\/#website\",\"url\":\"https:\/\/www.pm.pb.gov.br\/portal\/\",\"name\":\"Pol\u00edcia Militar da Para\u00edba\",\"description\":\"\",\"publisher\":{\"@id\":\"https:\/\/www.pm.pb.gov.br\/portal\/#organization\"},\"potentialAction\":[{\"@type\":\"SearchAction\",\"target\":{\"@type\":\"EntryPoint\",\"urlTemplate\":\"https:\/\/www.pm.pb.gov.br\/portal\/?s={search_term_string}\"},\"query-input\":\"required name=search_term_string\"}],\"inLanguage\":\"pt-BR\"},{\"@type\":\"Organization\",\"@id\":\"https:\/\/www.pm.pb.gov.br\/portal\/#organization\",\"name\":\"Pol\u00edcia Militar da Para\u00edba\",\"url\":\"https:\/\/www.pm.pb.gov.br\/portal\/\",\"logo\":{\"@type\":\"ImageObject\",\"inLanguage\":\"pt-BR\",\"@id\":\"https:\/\/www.pm.pb.gov.br\/portal\/#\/schema\/logo\/image\/\",\"url\":\"https:\/\/www.pm.pb.gov.br\/portal\/wp-content\/uploads\/2025\/03\/cropped-logo-site-mag2-1.png\",\"contentUrl\":\"https:\/\/www.pm.pb.gov.br\/portal\/wp-content\/uploads\/2025\/03\/cropped-logo-site-mag2-1.png\",\"width\":320,\"height\":90,\"caption\":\"Pol\u00edcia Militar da Para\u00edba\"},\"image\":{\"@id\":\"https:\/\/www.pm.pb.gov.br\/portal\/#\/schema\/logo\/image\/\"}},{\"@type\":\"Person\",\"@id\":\"https:\/\/www.pm.pb.gov.br\/portal\/#\/schema\/person\/e8454f46651c3ecf0e1ba3c1666d9947\",\"name\":\"Assessoria de Imprensa da PMPB\",\"image\":{\"@type\":\"ImageObject\",\"inLanguage\":\"pt-BR\",\"@id\":\"https:\/\/www.pm.pb.gov.br\/portal\/#\/schema\/person\/image\/\",\"url\":\"https:\/\/secure.gravatar.com\/avatar\/2efe197438265d1e90bd98c4c8e1acf8?s=96&d=mm&r=g\",\"contentUrl\":\"https:\/\/secure.gravatar.com\/avatar\/2efe197438265d1e90bd98c4c8e1acf8?s=96&d=mm&r=g\",\"caption\":\"Assessoria de Imprensa da PMPB\"},\"url\":\"https:\/\/www.pm.pb.gov.br\/portal\/author\/assessoria\/\"}]}<\/script>\n<!-- \/ Yoast SEO plugin. -->","yoast_head_json":{"title":"Pol\u00edcia Militar apreende armas, drogas e det\u00e9m suspeitos em a\u00e7\u00f5es na Para\u00edba - Pol\u00edcia Militar da Para\u00edba","robots":{"index":"index","follow":"follow","max-snippet":"max-snippet:-1","max-image-preview":"max-image-preview:large","max-video-preview":"max-video-preview:-1"},"canonical":"https:\/\/www.pm.pb.gov.br\/portal\/2023\/05\/07\/policia-militar-aprende-armas-drogas-e-detem-suspeitos-em-acoes-na-paraiba\/","og_locale":"pt_BR","og_type":"article","og_title":"Pol\u00edcia Militar apreende armas, drogas e det\u00e9m suspeitos em a\u00e7\u00f5es na Para\u00edba - Pol\u00edcia Militar da Para\u00edba","og_description":"A Pol\u00edcia Militar apreendeu, na tarde deste s\u00e1bado (6) e na madrugada do domingo (7), mais de 150 unidades de","og_url":"https:\/\/www.pm.pb.gov.br\/portal\/2023\/05\/07\/policia-militar-aprende-armas-drogas-e-detem-suspeitos-em-acoes-na-paraiba\/","og_site_name":"Pol\u00edcia Militar da Para\u00edba","article_published_time":"2023-05-07T16:55:26+00:00","article_modified_time":"2023-05-07T16:57:20+00:00","og_image":[{"width":1024,"height":576,"url":"http:\/\/www.pm.pb.gov.br\/portal\/wp-content\/uploads\/2023\/05\/Drogas-1-cipm.jpeg","type":"image\/jpeg"}],"author":"Assessoria de Imprensa da PMPB","twitter_card":"summary_large_image","twitter_misc":{"Escrito por":"Assessoria de Imprensa da PMPB","Est. tempo de leitura":"2 minutos"},"schema":{"@context":"https:\/\/schema.org","@graph":[{"@type":"Article","@id":"https:\/\/www.pm.pb.gov.br\/portal\/2023\/05\/07\/policia-militar-aprende-armas-drogas-e-detem-suspeitos-em-acoes-na-paraiba\/#article","isPartOf":{"@id":"https:\/\/www.pm.pb.gov.br\/portal\/2023\/05\/07\/policia-militar-aprende-armas-drogas-e-detem-suspeitos-em-acoes-na-paraiba\/"},"author":{"name":"Assessoria de Imprensa da PMPB","@id":"https:\/\/www.pm.pb.gov.br\/portal\/#\/schema\/person\/e8454f46651c3ecf0e1ba3c1666d9947"},"headline":"Pol\u00edcia Militar apreende armas, drogas e det\u00e9m suspeitos em a\u00e7\u00f5es na Para\u00edba","datePublished":"2023-05-07T16:55:26+00:00","dateModified":"2023-05-07T16:57:20+00:00","mainEntityOfPage":{"@id":"https:\/\/www.pm.pb.gov.br\/portal\/2023\/05\/07\/policia-militar-aprende-armas-drogas-e-detem-suspeitos-em-acoes-na-paraiba\/"},"wordCount":247,"publisher":{"@id":"https:\/\/www.pm.pb.gov.br\/portal\/#organization"},"articleSection":["A\u00e7\u00f5es Policiais"],"inLanguage":"pt-BR"},{"@type":"WebPage","@id":"https:\/\/www.pm.pb.gov.br\/portal\/2023\/05\/07\/policia-militar-aprende-armas-drogas-e-detem-suspeitos-em-acoes-na-paraiba\/","url":"https:\/\/www.pm.pb.gov.br\/portal\/2023\/05\/07\/policia-militar-aprende-armas-drogas-e-detem-suspeitos-em-acoes-na-paraiba\/","name":"Pol\u00edcia Militar apreende armas, drogas e det\u00e9m suspeitos em a\u00e7\u00f5es na Para\u00edba - Pol\u00edcia Militar da Para\u00edba","isPartOf":{"@id":"https:\/\/www.pm.pb.gov.br\/portal\/#website"},"datePublished":"2023-05-07T16:55:26+00:00","dateModified":"2023-05-07T16:57:20+00:00","breadcrumb":{"@id":"https:\/\/www.pm.pb.gov.br\/portal\/2023\/05\/07\/policia-militar-aprende-armas-drogas-e-detem-suspeitos-em-acoes-na-paraiba\/#breadcrumb"},"inLanguage":"pt-BR","potentialAction":[{"@type":"ReadAction","target":["https:\/\/www.pm.pb.gov.br\/portal\/2023\/05\/07\/policia-militar-aprende-armas-drogas-e-detem-suspeitos-em-acoes-na-paraiba\/"]}]},{"@type":"BreadcrumbList","@id":"https:\/\/www.pm.pb.gov.br\/portal\/2023\/05\/07\/policia-militar-aprende-armas-drogas-e-detem-suspeitos-em-acoes-na-paraiba\/#breadcrumb","itemListElement":[{"@type":"ListItem","position":1,"name":"In\u00edcio","item":"https:\/\/www.pm.pb.gov.br\/portal\/"},{"@type":"ListItem","position":2,"name":"Pol\u00edcia Militar apreende armas, drogas e det\u00e9m suspeitos em a\u00e7\u00f5es na Para\u00edba"}]},{"@type":"WebSite","@id":"https:\/\/www.pm.pb.gov.br\/portal\/#website","url":"https:\/\/www.pm.pb.gov.br\/portal\/","name":"Pol\u00edcia Militar da Para\u00edba","description":"","publisher":{"@id":"https:\/\/www.pm.pb.gov.br\/portal\/#organization"},"potentialAction":[{"@type":"SearchAction","target":{"@type":"EntryPoint","urlTemplate":"https:\/\/www.pm.pb.gov.br\/portal\/?s={search_term_string}"},"query-input":"required name=search_term_string"}],"inLanguage":"pt-BR"},{"@type":"Organization","@id":"https:\/\/www.pm.pb.gov.br\/portal\/#organization","name":"Pol\u00edcia Militar da Para\u00edba","url":"https:\/\/www.pm.pb.gov.br\/portal\/","logo":{"@type":"ImageObject","inLanguage":"pt-BR","@id":"https:\/\/www.pm.pb.gov.br\/portal\/#\/schema\/logo\/image\/","url":"https:\/\/www.pm.pb.gov.br\/portal\/wp-content\/uploads\/2025\/03\/cropped-logo-site-mag2-1.png","contentUrl":"https:\/\/www.pm.pb.gov.br\/portal\/wp-content\/uploads\/2025\/03\/cropped-logo-site-mag2-1.png","width":320,"height":90,"caption":"Pol\u00edcia Militar da Para\u00edba"},"image":{"@id":"https:\/\/www.pm.pb.gov.br\/portal\/#\/schema\/logo\/image\/"}},{"@type":"Person","@id":"https:\/\/www.pm.pb.gov.br\/portal\/#\/schema\/person\/e8454f46651c3ecf0e1ba3c1666d9947","name":"Assessoria de Imprensa da PMPB","image":{"@type":"ImageObject","inLanguage":"pt-BR","@id":"https:\/\/www.pm.pb.gov.br\/portal\/#\/schema\/person\/image\/","url":"https:\/\/secure.gravatar.com\/avatar\/2efe197438265d1e90bd98c4c8e1acf8?s=96&d=mm&r=g","contentUrl":"https:\/\/secure.gravatar.com\/avatar\/2efe197438265d1e90bd98c4c8e1acf8?s=96&d=mm&r=g","caption":"Assessoria de Imprensa da PMPB"},"url":"https:\/\/www.pm.pb.gov.br\/portal\/author\/assessoria\/"}]}},"_links":{"self":[{"href":"https:\/\/www.pm.pb.gov.br\/portal\/wp-json\/wp\/v2\/posts\/916451"}],"collection":[{"href":"https:\/\/www.pm.pb.gov.br\/portal\/wp-json\/wp\/v2\/posts"}],"about":[{"href":"https:\/\/www.pm.pb.gov.br\/portal\/wp-json\/wp\/v2\/types\/post"}],"author":[{"embeddable":true,"href":"https:\/\/www.pm.pb.gov.br\/portal\/wp-json\/wp\/v2\/users\/5"}],"replies":[{"embeddable":true,"href":"https:\/\/www.pm.pb.gov.br\/portal\/wp-json\/wp\/v2\/comments?post=916451"}],"version-history":[{"count":9,"href":"https:\/\/www.pm.pb.gov.br\/portal\/wp-json\/wp\/v2\/posts\/916451\/revisions"}],"predecessor-version":[{"id":916466,"href":"https:\/\/www.pm.pb.gov.br\/portal\/wp-json\/wp\/v2\/posts\/916451\/revisions\/916466"}],"wp:featuredmedia":[{"embeddable":true,"href":"https:\/\/www.pm.pb.gov.br\/portal\/wp-json\/wp\/v2\/media\/916454"}],"wp:attachment":[{"href":"https:\/\/www.pm.pb.gov.br\/portal\/wp-json\/wp\/v2\/media?parent=916451"}],"wp:term":[{"taxonomy":"category","embeddable":true,"href":"https:\/\/www.pm.pb.gov.br\/portal\/wp-json\/wp\/v2\/categories?post=916451"},{"taxonomy":"post_tag","embeddable":true,"href":"https:\/\/www.pm.pb.gov.br\/portal\/wp-json\/wp\/v2\/tags?post=916451"}],"curies":[{"name":"wp","href":"https:\/\/api.w.org\/{rel}","templated":true}]}}