{"id":916417,"date":"2023-05-04T12:05:54","date_gmt":"2023-05-04T15:05:54","guid":{"rendered":"https:\/\/www.pm.pb.gov.br\/portal\/?p=916417"},"modified":"2023-05-04T12:05:56","modified_gmt":"2023-05-04T15:05:56","slug":"no-amazonas-equipes-de-operacoes-especiais-da-pmpb-visitam-unidade-de-elite-do-exercito-brasileiro","status":"publish","type":"post","link":"https:\/\/www.pm.pb.gov.br\/portal\/2023\/05\/04\/no-amazonas-equipes-de-operacoes-especiais-da-pmpb-visitam-unidade-de-elite-do-exercito-brasileiro\/","title":{"rendered":"No Amazonas: Equipes de Opera\u00e7\u00f5es Especiais da PMPB visitam unidade de elite do Ex\u00e9rcito Brasileiro"},"content":{"rendered":"\n<p>Na \u00faltima semana de abril, uma comitiva de oficiais da Coordenadoria de Opera\u00e7\u00f5es Policiais Especiais (COPEsp) da Pol\u00edcia Militar da Para\u00edba visitou a 3\u00aa Companhia de For\u00e7as Especiais (3\u00aa Cia F Esp) &#8211; Companhia General de Brigada Thaumaturgo Sotero Vaz, que \u00e9 a unidade de elite do Ex\u00e9rcito Brasileiro na Amaz\u00f4nia, com sede em Manaus, capital do Amazonas.<br><br>No interc\u00e2mbio, foram realizadas atividades relativas ao planejamento e prepara\u00e7\u00e3o para execu\u00e7\u00e3o de opera\u00e7\u00f5es sens\u00edveis, em cumprimento a demandas estrat\u00e9gicas e operacionais das institui\u00e7\u00f5es nos \u00e2mbitos de defesa nacional e seguran\u00e7a p\u00fablica.<br><br>A comitiva visitou o Centro de Embarca\u00e7\u00f5es do Comando Militar da Amaz\u00f4nia (CECMA) e o Batalh\u00e3o de Avia\u00e7\u00e3o do Ex\u00e9rcito (4\u00ba BAvEx), que s\u00e3o as unidades que d\u00e3o suporte \u00e0s miss\u00f5es da 3\u00aa Cia FEsp, com objetivo de visualizar demandas administrativas e log\u00edsticas necess\u00e1rias \u00e0s Opera\u00e7\u00f5es Especiais.<br><br>Na oportunidade, os oficiais paraibanos apresentaram as unidades especiais da Pol\u00edcia Militar da Para\u00edba (GATE e GEOsAC), mostrando sua origem e as miss\u00f5es desenvolvidas.<br><br>Os oficiais da comitiva ressaltaram que \u00e9 meta da Policia Militar da Para\u00edba, representada pelo Comandante-Geral Coronel S\u00e9rgio Fonseca, a amplia\u00e7\u00e3o das capacidades de suas tropas especiais integrantes da Coordenadoria de Opera\u00e7\u00f5es Policiais Especiais (COPEsp), para dot\u00e1-las de conhecimentos que possibilitem o emprego em cen\u00e1rios complexos, com forte suporte log\u00edstico para assim melhor defender o povo paraibano.<\/p>\n\n\n\n<p><img loading=\"lazy\" decoding=\"async\" width=\"1280\" height=\"960\" class=\"wp-image-916423\" style=\"width: 800px;\" src=\"http:\/\/www.pm.pb.gov.br\/portal\/wp-content\/uploads\/2023\/05\/WhatsApp-Image-2023-04-27-at-15.18.52-1.jpeg\" alt=\"\" srcset=\"https:\/\/www.pm.pb.gov.br\/portal\/wp-content\/uploads\/2023\/05\/WhatsApp-Image-2023-04-27-at-15.18.52-1.jpeg 1280w, https:\/\/www.pm.pb.gov.br\/portal\/wp-content\/uploads\/2023\/05\/WhatsApp-Image-2023-04-27-at-15.18.52-1-593x445.jpeg 593w, https:\/\/www.pm.pb.gov.br\/portal\/wp-content\/uploads\/2023\/05\/WhatsApp-Image-2023-04-27-at-15.18.52-1-760x570.jpeg 760w, https:\/\/www.pm.pb.gov.br\/portal\/wp-content\/uploads\/2023\/05\/WhatsApp-Image-2023-04-27-at-15.18.52-1-768x576.jpeg 768w\" sizes=\"(max-width: 1280px) 100vw, 1280px\" \/><\/p>\n\n\n\n<p><img loading=\"lazy\" decoding=\"async\" width=\"1280\" height=\"960\" class=\"wp-image-916424\" style=\"width: 800px;\" src=\"http:\/\/www.pm.pb.gov.br\/portal\/wp-content\/uploads\/2023\/05\/WhatsApp-Image-2023-05-04-at-9.49.26-AM.jpeg\" alt=\"\" srcset=\"https:\/\/www.pm.pb.gov.br\/portal\/wp-content\/uploads\/2023\/05\/WhatsApp-Image-2023-05-04-at-9.49.26-AM.jpeg 1280w, https:\/\/www.pm.pb.gov.br\/portal\/wp-content\/uploads\/2023\/05\/WhatsApp-Image-2023-05-04-at-9.49.26-AM-593x445.jpeg 593w, https:\/\/www.pm.pb.gov.br\/portal\/wp-content\/uploads\/2023\/05\/WhatsApp-Image-2023-05-04-at-9.49.26-AM-760x570.jpeg 760w, https:\/\/www.pm.pb.gov.br\/portal\/wp-content\/uploads\/2023\/05\/WhatsApp-Image-2023-05-04-at-9.49.26-AM-768x576.jpeg 768w\" sizes=\"(max-width: 1280px) 100vw, 1280px\" \/><\/p>\n","protected":false},"excerpt":{"rendered":"<p>Na \u00faltima semana de abril, uma comitiva de oficiais da Coordenadoria de Opera\u00e7\u00f5es Policiais Especiais (COPEsp) da Pol\u00edcia Militar da<\/p>\n","protected":false},"author":5,"featured_media":916422,"comment_status":"closed","ping_status":"closed","sticky":false,"template":"","format":"standard","meta":{"_exactmetrics_skip_tracking":false,"_exactmetrics_sitenote_active":false,"_exactmetrics_sitenote_note":"","_exactmetrics_sitenote_category":0,"footnotes":""},"categories":[4],"tags":[],"yoast_head":"<!-- This site is optimized with the Yoast SEO plugin v22.0 - https:\/\/yoast.com\/wordpress\/plugins\/seo\/ -->\n<title>No Amazonas: Equipes de Opera\u00e7\u00f5es Especiais da PMPB visitam unidade de elite do Ex\u00e9rcito Brasileiro - Pol\u00edcia Militar da Para\u00edba<\/title>\n<meta name=\"robots\" content=\"index, follow, max-snippet:-1, max-image-preview:large, max-video-preview:-1\" \/>\n<link rel=\"canonical\" href=\"https:\/\/www.pm.pb.gov.br\/portal\/2023\/05\/04\/no-amazonas-equipes-de-operacoes-especiais-da-pmpb-visitam-unidade-de-elite-do-exercito-brasileiro\/\" \/>\n<meta property=\"og:locale\" content=\"pt_BR\" \/>\n<meta property=\"og:type\" content=\"article\" \/>\n<meta property=\"og:title\" content=\"No Amazonas: Equipes de Opera\u00e7\u00f5es Especiais da PMPB visitam unidade de elite do Ex\u00e9rcito Brasileiro - Pol\u00edcia Militar da Para\u00edba\" \/>\n<meta property=\"og:description\" content=\"Na \u00faltima semana de abril, uma comitiva de oficiais da Coordenadoria de Opera\u00e7\u00f5es Policiais Especiais (COPEsp) da Pol\u00edcia Militar da\" \/>\n<meta property=\"og:url\" content=\"https:\/\/www.pm.pb.gov.br\/portal\/2023\/05\/04\/no-amazonas-equipes-de-operacoes-especiais-da-pmpb-visitam-unidade-de-elite-do-exercito-brasileiro\/\" \/>\n<meta property=\"og:site_name\" content=\"Pol\u00edcia Militar da Para\u00edba\" \/>\n<meta property=\"article:published_time\" content=\"2023-05-04T15:05:54+00:00\" \/>\n<meta property=\"article:modified_time\" content=\"2023-05-04T15:05:56+00:00\" \/>\n<meta property=\"og:image\" content=\"http:\/\/www.pm.pb.gov.br\/portal\/wp-content\/uploads\/2023\/05\/WhatsApp-Image-2023-05-04-at-9.49.24-AM.jpeg\" \/>\n\t<meta property=\"og:image:width\" content=\"1024\" \/>\n\t<meta property=\"og:image:height\" content=\"768\" \/>\n\t<meta property=\"og:image:type\" content=\"image\/jpeg\" \/>\n<meta name=\"author\" content=\"Assessoria de Imprensa da PMPB\" \/>\n<meta name=\"twitter:card\" content=\"summary_large_image\" \/>\n<meta name=\"twitter:label1\" content=\"Escrito por\" \/>\n\t<meta name=\"twitter:data1\" content=\"Assessoria de Imprensa da PMPB\" \/>\n\t<meta name=\"twitter:label2\" content=\"Est. tempo de leitura\" \/>\n\t<meta name=\"twitter:data2\" content=\"2 minutos\" \/>\n<script type=\"application\/ld+json\" class=\"yoast-schema-graph\">{\"@context\":\"https:\/\/schema.org\",\"@graph\":[{\"@type\":\"Article\",\"@id\":\"https:\/\/www.pm.pb.gov.br\/portal\/2023\/05\/04\/no-amazonas-equipes-de-operacoes-especiais-da-pmpb-visitam-unidade-de-elite-do-exercito-brasileiro\/#article\",\"isPartOf\":{\"@id\":\"https:\/\/www.pm.pb.gov.br\/portal\/2023\/05\/04\/no-amazonas-equipes-de-operacoes-especiais-da-pmpb-visitam-unidade-de-elite-do-exercito-brasileiro\/\"},\"author\":{\"name\":\"Assessoria de Imprensa da PMPB\",\"@id\":\"https:\/\/www.pm.pb.gov.br\/portal\/#\/schema\/person\/e8454f46651c3ecf0e1ba3c1666d9947\"},\"headline\":\"No Amazonas: Equipes de Opera\u00e7\u00f5es Especiais da PMPB visitam unidade de elite do Ex\u00e9rcito Brasileiro\",\"datePublished\":\"2023-05-04T15:05:54+00:00\",\"dateModified\":\"2023-05-04T15:05:56+00:00\",\"mainEntityOfPage\":{\"@id\":\"https:\/\/www.pm.pb.gov.br\/portal\/2023\/05\/04\/no-amazonas-equipes-de-operacoes-especiais-da-pmpb-visitam-unidade-de-elite-do-exercito-brasileiro\/\"},\"wordCount\":265,\"publisher\":{\"@id\":\"https:\/\/www.pm.pb.gov.br\/portal\/#organization\"},\"articleSection\":[\"A\u00e7\u00f5es Policiais\"],\"inLanguage\":\"pt-BR\"},{\"@type\":\"WebPage\",\"@id\":\"https:\/\/www.pm.pb.gov.br\/portal\/2023\/05\/04\/no-amazonas-equipes-de-operacoes-especiais-da-pmpb-visitam-unidade-de-elite-do-exercito-brasileiro\/\",\"url\":\"https:\/\/www.pm.pb.gov.br\/portal\/2023\/05\/04\/no-amazonas-equipes-de-operacoes-especiais-da-pmpb-visitam-unidade-de-elite-do-exercito-brasileiro\/\",\"name\":\"No Amazonas: Equipes de Opera\u00e7\u00f5es Especiais da PMPB visitam unidade de elite do Ex\u00e9rcito Brasileiro - Pol\u00edcia Militar da Para\u00edba\",\"isPartOf\":{\"@id\":\"https:\/\/www.pm.pb.gov.br\/portal\/#website\"},\"datePublished\":\"2023-05-04T15:05:54+00:00\",\"dateModified\":\"2023-05-04T15:05:56+00:00\",\"breadcrumb\":{\"@id\":\"https:\/\/www.pm.pb.gov.br\/portal\/2023\/05\/04\/no-amazonas-equipes-de-operacoes-especiais-da-pmpb-visitam-unidade-de-elite-do-exercito-brasileiro\/#breadcrumb\"},\"inLanguage\":\"pt-BR\",\"potentialAction\":[{\"@type\":\"ReadAction\",\"target\":[\"https:\/\/www.pm.pb.gov.br\/portal\/2023\/05\/04\/no-amazonas-equipes-de-operacoes-especiais-da-pmpb-visitam-unidade-de-elite-do-exercito-brasileiro\/\"]}]},{\"@type\":\"BreadcrumbList\",\"@id\":\"https:\/\/www.pm.pb.gov.br\/portal\/2023\/05\/04\/no-amazonas-equipes-de-operacoes-especiais-da-pmpb-visitam-unidade-de-elite-do-exercito-brasileiro\/#breadcrumb\",\"itemListElement\":[{\"@type\":\"ListItem\",\"position\":1,\"name\":\"In\u00edcio\",\"item\":\"https:\/\/www.pm.pb.gov.br\/portal\/\"},{\"@type\":\"ListItem\",\"position\":2,\"name\":\"No Amazonas: Equipes de Opera\u00e7\u00f5es Especiais da PMPB visitam unidade de elite do Ex\u00e9rcito Brasileiro\"}]},{\"@type\":\"WebSite\",\"@id\":\"https:\/\/www.pm.pb.gov.br\/portal\/#website\",\"url\":\"https:\/\/www.pm.pb.gov.br\/portal\/\",\"name\":\"Pol\u00edcia Militar da Para\u00edba\",\"description\":\"\",\"publisher\":{\"@id\":\"https:\/\/www.pm.pb.gov.br\/portal\/#organization\"},\"potentialAction\":[{\"@type\":\"SearchAction\",\"target\":{\"@type\":\"EntryPoint\",\"urlTemplate\":\"https:\/\/www.pm.pb.gov.br\/portal\/?s={search_term_string}\"},\"query-input\":\"required name=search_term_string\"}],\"inLanguage\":\"pt-BR\"},{\"@type\":\"Organization\",\"@id\":\"https:\/\/www.pm.pb.gov.br\/portal\/#organization\",\"name\":\"Pol\u00edcia Militar da Para\u00edba\",\"url\":\"https:\/\/www.pm.pb.gov.br\/portal\/\",\"logo\":{\"@type\":\"ImageObject\",\"inLanguage\":\"pt-BR\",\"@id\":\"https:\/\/www.pm.pb.gov.br\/portal\/#\/schema\/logo\/image\/\",\"url\":\"https:\/\/www.pm.pb.gov.br\/portal\/wp-content\/uploads\/2025\/03\/cropped-logo-site-mag2-1.png\",\"contentUrl\":\"https:\/\/www.pm.pb.gov.br\/portal\/wp-content\/uploads\/2025\/03\/cropped-logo-site-mag2-1.png\",\"width\":320,\"height\":90,\"caption\":\"Pol\u00edcia Militar da Para\u00edba\"},\"image\":{\"@id\":\"https:\/\/www.pm.pb.gov.br\/portal\/#\/schema\/logo\/image\/\"}},{\"@type\":\"Person\",\"@id\":\"https:\/\/www.pm.pb.gov.br\/portal\/#\/schema\/person\/e8454f46651c3ecf0e1ba3c1666d9947\",\"name\":\"Assessoria de Imprensa da PMPB\",\"image\":{\"@type\":\"ImageObject\",\"inLanguage\":\"pt-BR\",\"@id\":\"https:\/\/www.pm.pb.gov.br\/portal\/#\/schema\/person\/image\/\",\"url\":\"https:\/\/secure.gravatar.com\/avatar\/2efe197438265d1e90bd98c4c8e1acf8?s=96&d=mm&r=g\",\"contentUrl\":\"https:\/\/secure.gravatar.com\/avatar\/2efe197438265d1e90bd98c4c8e1acf8?s=96&d=mm&r=g\",\"caption\":\"Assessoria de Imprensa da PMPB\"},\"url\":\"https:\/\/www.pm.pb.gov.br\/portal\/author\/assessoria\/\"}]}<\/script>\n<!-- \/ Yoast SEO plugin. -->","yoast_head_json":{"title":"No Amazonas: Equipes de Opera\u00e7\u00f5es Especiais da PMPB visitam unidade de elite do Ex\u00e9rcito Brasileiro - Pol\u00edcia Militar da Para\u00edba","robots":{"index":"index","follow":"follow","max-snippet":"max-snippet:-1","max-image-preview":"max-image-preview:large","max-video-preview":"max-video-preview:-1"},"canonical":"https:\/\/www.pm.pb.gov.br\/portal\/2023\/05\/04\/no-amazonas-equipes-de-operacoes-especiais-da-pmpb-visitam-unidade-de-elite-do-exercito-brasileiro\/","og_locale":"pt_BR","og_type":"article","og_title":"No Amazonas: Equipes de Opera\u00e7\u00f5es Especiais da PMPB visitam unidade de elite do Ex\u00e9rcito Brasileiro - Pol\u00edcia Militar da Para\u00edba","og_description":"Na \u00faltima semana de abril, uma comitiva de oficiais da Coordenadoria de Opera\u00e7\u00f5es Policiais Especiais (COPEsp) da Pol\u00edcia Militar da","og_url":"https:\/\/www.pm.pb.gov.br\/portal\/2023\/05\/04\/no-amazonas-equipes-de-operacoes-especiais-da-pmpb-visitam-unidade-de-elite-do-exercito-brasileiro\/","og_site_name":"Pol\u00edcia Militar da Para\u00edba","article_published_time":"2023-05-04T15:05:54+00:00","article_modified_time":"2023-05-04T15:05:56+00:00","og_image":[{"width":1024,"height":768,"url":"http:\/\/www.pm.pb.gov.br\/portal\/wp-content\/uploads\/2023\/05\/WhatsApp-Image-2023-05-04-at-9.49.24-AM.jpeg","type":"image\/jpeg"}],"author":"Assessoria de Imprensa da PMPB","twitter_card":"summary_large_image","twitter_misc":{"Escrito por":"Assessoria de Imprensa da PMPB","Est. tempo de leitura":"2 minutos"},"schema":{"@context":"https:\/\/schema.org","@graph":[{"@type":"Article","@id":"https:\/\/www.pm.pb.gov.br\/portal\/2023\/05\/04\/no-amazonas-equipes-de-operacoes-especiais-da-pmpb-visitam-unidade-de-elite-do-exercito-brasileiro\/#article","isPartOf":{"@id":"https:\/\/www.pm.pb.gov.br\/portal\/2023\/05\/04\/no-amazonas-equipes-de-operacoes-especiais-da-pmpb-visitam-unidade-de-elite-do-exercito-brasileiro\/"},"author":{"name":"Assessoria de Imprensa da PMPB","@id":"https:\/\/www.pm.pb.gov.br\/portal\/#\/schema\/person\/e8454f46651c3ecf0e1ba3c1666d9947"},"headline":"No Amazonas: Equipes de Opera\u00e7\u00f5es Especiais da PMPB visitam unidade de elite do Ex\u00e9rcito Brasileiro","datePublished":"2023-05-04T15:05:54+00:00","dateModified":"2023-05-04T15:05:56+00:00","mainEntityOfPage":{"@id":"https:\/\/www.pm.pb.gov.br\/portal\/2023\/05\/04\/no-amazonas-equipes-de-operacoes-especiais-da-pmpb-visitam-unidade-de-elite-do-exercito-brasileiro\/"},"wordCount":265,"publisher":{"@id":"https:\/\/www.pm.pb.gov.br\/portal\/#organization"},"articleSection":["A\u00e7\u00f5es Policiais"],"inLanguage":"pt-BR"},{"@type":"WebPage","@id":"https:\/\/www.pm.pb.gov.br\/portal\/2023\/05\/04\/no-amazonas-equipes-de-operacoes-especiais-da-pmpb-visitam-unidade-de-elite-do-exercito-brasileiro\/","url":"https:\/\/www.pm.pb.gov.br\/portal\/2023\/05\/04\/no-amazonas-equipes-de-operacoes-especiais-da-pmpb-visitam-unidade-de-elite-do-exercito-brasileiro\/","name":"No Amazonas: Equipes de Opera\u00e7\u00f5es Especiais da PMPB visitam unidade de elite do Ex\u00e9rcito Brasileiro - Pol\u00edcia Militar da Para\u00edba","isPartOf":{"@id":"https:\/\/www.pm.pb.gov.br\/portal\/#website"},"datePublished":"2023-05-04T15:05:54+00:00","dateModified":"2023-05-04T15:05:56+00:00","breadcrumb":{"@id":"https:\/\/www.pm.pb.gov.br\/portal\/2023\/05\/04\/no-amazonas-equipes-de-operacoes-especiais-da-pmpb-visitam-unidade-de-elite-do-exercito-brasileiro\/#breadcrumb"},"inLanguage":"pt-BR","potentialAction":[{"@type":"ReadAction","target":["https:\/\/www.pm.pb.gov.br\/portal\/2023\/05\/04\/no-amazonas-equipes-de-operacoes-especiais-da-pmpb-visitam-unidade-de-elite-do-exercito-brasileiro\/"]}]},{"@type":"BreadcrumbList","@id":"https:\/\/www.pm.pb.gov.br\/portal\/2023\/05\/04\/no-amazonas-equipes-de-operacoes-especiais-da-pmpb-visitam-unidade-de-elite-do-exercito-brasileiro\/#breadcrumb","itemListElement":[{"@type":"ListItem","position":1,"name":"In\u00edcio","item":"https:\/\/www.pm.pb.gov.br\/portal\/"},{"@type":"ListItem","position":2,"name":"No Amazonas: Equipes de Opera\u00e7\u00f5es Especiais da PMPB visitam unidade de elite do Ex\u00e9rcito Brasileiro"}]},{"@type":"WebSite","@id":"https:\/\/www.pm.pb.gov.br\/portal\/#website","url":"https:\/\/www.pm.pb.gov.br\/portal\/","name":"Pol\u00edcia Militar da Para\u00edba","description":"","publisher":{"@id":"https:\/\/www.pm.pb.gov.br\/portal\/#organization"},"potentialAction":[{"@type":"SearchAction","target":{"@type":"EntryPoint","urlTemplate":"https:\/\/www.pm.pb.gov.br\/portal\/?s={search_term_string}"},"query-input":"required name=search_term_string"}],"inLanguage":"pt-BR"},{"@type":"Organization","@id":"https:\/\/www.pm.pb.gov.br\/portal\/#organization","name":"Pol\u00edcia Militar da Para\u00edba","url":"https:\/\/www.pm.pb.gov.br\/portal\/","logo":{"@type":"ImageObject","inLanguage":"pt-BR","@id":"https:\/\/www.pm.pb.gov.br\/portal\/#\/schema\/logo\/image\/","url":"https:\/\/www.pm.pb.gov.br\/portal\/wp-content\/uploads\/2025\/03\/cropped-logo-site-mag2-1.png","contentUrl":"https:\/\/www.pm.pb.gov.br\/portal\/wp-content\/uploads\/2025\/03\/cropped-logo-site-mag2-1.png","width":320,"height":90,"caption":"Pol\u00edcia Militar da Para\u00edba"},"image":{"@id":"https:\/\/www.pm.pb.gov.br\/portal\/#\/schema\/logo\/image\/"}},{"@type":"Person","@id":"https:\/\/www.pm.pb.gov.br\/portal\/#\/schema\/person\/e8454f46651c3ecf0e1ba3c1666d9947","name":"Assessoria de Imprensa da PMPB","image":{"@type":"ImageObject","inLanguage":"pt-BR","@id":"https:\/\/www.pm.pb.gov.br\/portal\/#\/schema\/person\/image\/","url":"https:\/\/secure.gravatar.com\/avatar\/2efe197438265d1e90bd98c4c8e1acf8?s=96&d=mm&r=g","contentUrl":"https:\/\/secure.gravatar.com\/avatar\/2efe197438265d1e90bd98c4c8e1acf8?s=96&d=mm&r=g","caption":"Assessoria de Imprensa da PMPB"},"url":"https:\/\/www.pm.pb.gov.br\/portal\/author\/assessoria\/"}]}},"_links":{"self":[{"href":"https:\/\/www.pm.pb.gov.br\/portal\/wp-json\/wp\/v2\/posts\/916417"}],"collection":[{"href":"https:\/\/www.pm.pb.gov.br\/portal\/wp-json\/wp\/v2\/posts"}],"about":[{"href":"https:\/\/www.pm.pb.gov.br\/portal\/wp-json\/wp\/v2\/types\/post"}],"author":[{"embeddable":true,"href":"https:\/\/www.pm.pb.gov.br\/portal\/wp-json\/wp\/v2\/users\/5"}],"replies":[{"embeddable":true,"href":"https:\/\/www.pm.pb.gov.br\/portal\/wp-json\/wp\/v2\/comments?post=916417"}],"version-history":[{"count":2,"href":"https:\/\/www.pm.pb.gov.br\/portal\/wp-json\/wp\/v2\/posts\/916417\/revisions"}],"predecessor-version":[{"id":916425,"href":"https:\/\/www.pm.pb.gov.br\/portal\/wp-json\/wp\/v2\/posts\/916417\/revisions\/916425"}],"wp:featuredmedia":[{"embeddable":true,"href":"https:\/\/www.pm.pb.gov.br\/portal\/wp-json\/wp\/v2\/media\/916422"}],"wp:attachment":[{"href":"https:\/\/www.pm.pb.gov.br\/portal\/wp-json\/wp\/v2\/media?parent=916417"}],"wp:term":[{"taxonomy":"category","embeddable":true,"href":"https:\/\/www.pm.pb.gov.br\/portal\/wp-json\/wp\/v2\/categories?post=916417"},{"taxonomy":"post_tag","embeddable":true,"href":"https:\/\/www.pm.pb.gov.br\/portal\/wp-json\/wp\/v2\/tags?post=916417"}],"curies":[{"name":"wp","href":"https:\/\/api.w.org\/{rel}","templated":true}]}}