{"id":9164,"date":"2014-03-13T10:03:31","date_gmt":"2014-03-13T13:03:31","guid":{"rendered":"http:\/\/www.pm.pb.gov.br\/portal\/2014\/03\/policia_recupera_veiculos_roubados_e_prende_quatro_suspeitos\/"},"modified":"2014-03-13T10:03:31","modified_gmt":"2014-03-13T13:03:31","slug":"policia_recupera_veiculos_roubados_e_prende_quatro_suspeitos","status":"publish","type":"post","link":"https:\/\/www.pm.pb.gov.br\/portal\/2014\/03\/13\/policia_recupera_veiculos_roubados_e_prende_quatro_suspeitos\/","title":{"rendered":"Pol\u00edcia recupera  ve\u00edculos roubados e prende quatro suspeitos"},"content":{"rendered":"<figure style=\"width: 500px\" class=\"wp-caption alignnone\"><img decoding=\"async\" class=\"alignnone size-medium\" src=\"http:\/\/www.pm.pb.gov.br\/portal\/wp-content\/uploads\/2014\/03\/9164_12487.jpg\" title=\"Foto Ilustrativa\" width=\"100%\" \/><figcaption class=\"wp-caption-text\">Foto Ilustrativa<\/figcaption><\/figure>\n<div style=\"text-align: justify;\">A Pol\u00edcia Militar da Para\u00edba (PMPB) conseguiu recuperar, durante as a\u00e7\u00f5es nesta quarta-feira (12), tr\u00eas ve\u00edculos com registro de roubo ou furto, sendo um carro Fox e duas motos.  No total, quatro pessoas foram presas e levadas \u00e0 delegacia para prestar esclarecimentos. Em um dos casos, na rua Padre Jos\u00e9 de Anchieta, no bairro Jardim Veneza, na Capital, uma casa apontada com ponto de desmanche de ve\u00edculos foi localizada pela pol\u00edcia.<\/p>\n<p>No local, foi encontrada uma moto Bravax de cor amarela, sem placa, de posse de um homem de 28 anos. Com ele, a PM ainda encontrou um pino de uma subst\u00e2ncia semelhante \u00e0 coca\u00edna, que foi levado com o restante do material para a 9\u00ba delegacia, em Mangabeira.<\/p>\n<p>J\u00e1 na regi\u00e3o de Sol\u00e2nea, no Agreste do Estado, dois homens foram abordados e presos pela For\u00e7a T\u00e1tica, quando tentavam comercializar ilegalmente um Fox prata, de placa KHI &#8211; 5104. \u0093O carro estava sendo conduzido por Emanuel Freira Dias (conhecido como \u0091Mano\u0092), que alegou ter adquirido o ve\u00edculo de um homem desconhecido e apresentado a ele por Francisco, que era o carona do ve\u00edculo no momento da abordagem. Levamos os dois para a delegacia local, na qual o caso ser\u00e1 devidamente esclarecido\u0094, informou o comandante da companhia que atende a \u00e1rea, o capit\u00e3o Jos\u00e9 Maria Ferreira.<\/p>\n<p>Segundo ele, as a\u00e7\u00f5es na regi\u00e3o ainda resultaram na apreens\u00e3o de um agricultor de 17 anos, que conduzia pelo Centro da cidade de Casserengue uma moto Honda Pop, preta, com registro de roubo. O adolescente foi encaminhado para a delegacia, acompanhado do Conselho Tutelar.<\/p>\n<div class=\"row\" align=\"center\"><\/div>\n<\/div>\n","protected":false},"excerpt":{"rendered":"<p>A Pol\u00edcia Militar da Para\u00edba (PMPB) conseguiu recuperar, durante as a\u00e7\u00f5es nesta quarta-feira (12), tr\u00eas ve\u00edculos com registro de roubo<\/p>\n","protected":false},"author":5,"featured_media":12487,"comment_status":"closed","ping_status":"closed","sticky":false,"template":"","format":"standard","meta":{"_exactmetrics_skip_tracking":false,"_exactmetrics_sitenote_active":false,"_exactmetrics_sitenote_note":"","_exactmetrics_sitenote_category":0,"footnotes":""},"categories":[4],"tags":[],"yoast_head":"<!-- This site is optimized with the Yoast SEO plugin v22.0 - https:\/\/yoast.com\/wordpress\/plugins\/seo\/ -->\n<title>Pol\u00edcia recupera ve\u00edculos roubados e prende quatro suspeitos - Pol\u00edcia Militar da Para\u00edba<\/title>\n<meta name=\"robots\" content=\"index, follow, max-snippet:-1, max-image-preview:large, max-video-preview:-1\" \/>\n<link rel=\"canonical\" href=\"https:\/\/www.pm.pb.gov.br\/portal\/2014\/03\/13\/policia_recupera_veiculos_roubados_e_prende_quatro_suspeitos\/\" \/>\n<meta property=\"og:locale\" content=\"pt_BR\" \/>\n<meta property=\"og:type\" content=\"article\" \/>\n<meta property=\"og:title\" content=\"Pol\u00edcia recupera ve\u00edculos roubados e prende quatro suspeitos - Pol\u00edcia Militar da Para\u00edba\" \/>\n<meta property=\"og:description\" content=\"A Pol\u00edcia Militar da Para\u00edba (PMPB) conseguiu recuperar, durante as a\u00e7\u00f5es nesta quarta-feira (12), tr\u00eas ve\u00edculos com registro de roubo\" \/>\n<meta property=\"og:url\" content=\"https:\/\/www.pm.pb.gov.br\/portal\/2014\/03\/13\/policia_recupera_veiculos_roubados_e_prende_quatro_suspeitos\/\" \/>\n<meta property=\"og:site_name\" content=\"Pol\u00edcia Militar da Para\u00edba\" \/>\n<meta property=\"article:published_time\" content=\"2014-03-13T13:03:31+00:00\" \/>\n<meta property=\"og:image\" content=\"https:\/\/www.pm.pb.gov.br\/portal\/wp-content\/uploads\/2014\/03\/9164_12487.jpg\" \/>\n\t<meta property=\"og:image:width\" content=\"500\" \/>\n\t<meta property=\"og:image:height\" content=\"280\" \/>\n\t<meta property=\"og:image:type\" content=\"image\/jpeg\" \/>\n<meta name=\"author\" content=\"Assessoria de Imprensa da PMPB\" \/>\n<meta name=\"twitter:card\" content=\"summary_large_image\" \/>\n<meta name=\"twitter:label1\" content=\"Escrito por\" \/>\n\t<meta name=\"twitter:data1\" content=\"Assessoria de Imprensa da PMPB\" \/>\n\t<meta name=\"twitter:label2\" content=\"Est. tempo de leitura\" \/>\n\t<meta name=\"twitter:data2\" content=\"1 minuto\" \/>\n<script type=\"application\/ld+json\" class=\"yoast-schema-graph\">{\"@context\":\"https:\/\/schema.org\",\"@graph\":[{\"@type\":\"Article\",\"@id\":\"https:\/\/www.pm.pb.gov.br\/portal\/2014\/03\/13\/policia_recupera_veiculos_roubados_e_prende_quatro_suspeitos\/#article\",\"isPartOf\":{\"@id\":\"https:\/\/www.pm.pb.gov.br\/portal\/2014\/03\/13\/policia_recupera_veiculos_roubados_e_prende_quatro_suspeitos\/\"},\"author\":{\"name\":\"Assessoria de Imprensa da PMPB\",\"@id\":\"https:\/\/www.pm.pb.gov.br\/portal\/#\/schema\/person\/e8454f46651c3ecf0e1ba3c1666d9947\"},\"headline\":\"Pol\u00edcia recupera ve\u00edculos roubados e prende quatro suspeitos\",\"datePublished\":\"2014-03-13T13:03:31+00:00\",\"dateModified\":\"2014-03-13T13:03:31+00:00\",\"mainEntityOfPage\":{\"@id\":\"https:\/\/www.pm.pb.gov.br\/portal\/2014\/03\/13\/policia_recupera_veiculos_roubados_e_prende_quatro_suspeitos\/\"},\"wordCount\":289,\"publisher\":{\"@id\":\"https:\/\/www.pm.pb.gov.br\/portal\/#organization\"},\"articleSection\":[\"A\u00e7\u00f5es Policiais\"],\"inLanguage\":\"pt-BR\"},{\"@type\":\"WebPage\",\"@id\":\"https:\/\/www.pm.pb.gov.br\/portal\/2014\/03\/13\/policia_recupera_veiculos_roubados_e_prende_quatro_suspeitos\/\",\"url\":\"https:\/\/www.pm.pb.gov.br\/portal\/2014\/03\/13\/policia_recupera_veiculos_roubados_e_prende_quatro_suspeitos\/\",\"name\":\"Pol\u00edcia recupera ve\u00edculos roubados e prende quatro suspeitos - Pol\u00edcia Militar da Para\u00edba\",\"isPartOf\":{\"@id\":\"https:\/\/www.pm.pb.gov.br\/portal\/#website\"},\"datePublished\":\"2014-03-13T13:03:31+00:00\",\"dateModified\":\"2014-03-13T13:03:31+00:00\",\"breadcrumb\":{\"@id\":\"https:\/\/www.pm.pb.gov.br\/portal\/2014\/03\/13\/policia_recupera_veiculos_roubados_e_prende_quatro_suspeitos\/#breadcrumb\"},\"inLanguage\":\"pt-BR\",\"potentialAction\":[{\"@type\":\"ReadAction\",\"target\":[\"https:\/\/www.pm.pb.gov.br\/portal\/2014\/03\/13\/policia_recupera_veiculos_roubados_e_prende_quatro_suspeitos\/\"]}]},{\"@type\":\"BreadcrumbList\",\"@id\":\"https:\/\/www.pm.pb.gov.br\/portal\/2014\/03\/13\/policia_recupera_veiculos_roubados_e_prende_quatro_suspeitos\/#breadcrumb\",\"itemListElement\":[{\"@type\":\"ListItem\",\"position\":1,\"name\":\"In\u00edcio\",\"item\":\"https:\/\/www.pm.pb.gov.br\/portal\/\"},{\"@type\":\"ListItem\",\"position\":2,\"name\":\"Pol\u00edcia recupera ve\u00edculos roubados e prende quatro suspeitos\"}]},{\"@type\":\"WebSite\",\"@id\":\"https:\/\/www.pm.pb.gov.br\/portal\/#website\",\"url\":\"https:\/\/www.pm.pb.gov.br\/portal\/\",\"name\":\"Pol\u00edcia Militar da Para\u00edba\",\"description\":\"\",\"publisher\":{\"@id\":\"https:\/\/www.pm.pb.gov.br\/portal\/#organization\"},\"potentialAction\":[{\"@type\":\"SearchAction\",\"target\":{\"@type\":\"EntryPoint\",\"urlTemplate\":\"https:\/\/www.pm.pb.gov.br\/portal\/?s={search_term_string}\"},\"query-input\":\"required name=search_term_string\"}],\"inLanguage\":\"pt-BR\"},{\"@type\":\"Organization\",\"@id\":\"https:\/\/www.pm.pb.gov.br\/portal\/#organization\",\"name\":\"Pol\u00edcia Militar da Para\u00edba\",\"url\":\"https:\/\/www.pm.pb.gov.br\/portal\/\",\"logo\":{\"@type\":\"ImageObject\",\"inLanguage\":\"pt-BR\",\"@id\":\"https:\/\/www.pm.pb.gov.br\/portal\/#\/schema\/logo\/image\/\",\"url\":\"https:\/\/www.pm.pb.gov.br\/portal\/wp-content\/uploads\/2025\/03\/cropped-logo-site-mag2-1.png\",\"contentUrl\":\"https:\/\/www.pm.pb.gov.br\/portal\/wp-content\/uploads\/2025\/03\/cropped-logo-site-mag2-1.png\",\"width\":320,\"height\":90,\"caption\":\"Pol\u00edcia Militar da Para\u00edba\"},\"image\":{\"@id\":\"https:\/\/www.pm.pb.gov.br\/portal\/#\/schema\/logo\/image\/\"}},{\"@type\":\"Person\",\"@id\":\"https:\/\/www.pm.pb.gov.br\/portal\/#\/schema\/person\/e8454f46651c3ecf0e1ba3c1666d9947\",\"name\":\"Assessoria de Imprensa da PMPB\",\"image\":{\"@type\":\"ImageObject\",\"inLanguage\":\"pt-BR\",\"@id\":\"https:\/\/www.pm.pb.gov.br\/portal\/#\/schema\/person\/image\/\",\"url\":\"https:\/\/secure.gravatar.com\/avatar\/2efe197438265d1e90bd98c4c8e1acf8?s=96&d=mm&r=g\",\"contentUrl\":\"https:\/\/secure.gravatar.com\/avatar\/2efe197438265d1e90bd98c4c8e1acf8?s=96&d=mm&r=g\",\"caption\":\"Assessoria de Imprensa da PMPB\"},\"url\":\"https:\/\/www.pm.pb.gov.br\/portal\/author\/assessoria\/\"}]}<\/script>\n<!-- \/ Yoast SEO plugin. -->","yoast_head_json":{"title":"Pol\u00edcia recupera ve\u00edculos roubados e prende quatro suspeitos - Pol\u00edcia Militar da Para\u00edba","robots":{"index":"index","follow":"follow","max-snippet":"max-snippet:-1","max-image-preview":"max-image-preview:large","max-video-preview":"max-video-preview:-1"},"canonical":"https:\/\/www.pm.pb.gov.br\/portal\/2014\/03\/13\/policia_recupera_veiculos_roubados_e_prende_quatro_suspeitos\/","og_locale":"pt_BR","og_type":"article","og_title":"Pol\u00edcia recupera ve\u00edculos roubados e prende quatro suspeitos - Pol\u00edcia Militar da Para\u00edba","og_description":"A Pol\u00edcia Militar da Para\u00edba (PMPB) conseguiu recuperar, durante as a\u00e7\u00f5es nesta quarta-feira (12), tr\u00eas ve\u00edculos com registro de roubo","og_url":"https:\/\/www.pm.pb.gov.br\/portal\/2014\/03\/13\/policia_recupera_veiculos_roubados_e_prende_quatro_suspeitos\/","og_site_name":"Pol\u00edcia Militar da Para\u00edba","article_published_time":"2014-03-13T13:03:31+00:00","og_image":[{"width":500,"height":280,"url":"https:\/\/www.pm.pb.gov.br\/portal\/wp-content\/uploads\/2014\/03\/9164_12487.jpg","type":"image\/jpeg"}],"author":"Assessoria de Imprensa da PMPB","twitter_card":"summary_large_image","twitter_misc":{"Escrito por":"Assessoria de Imprensa da PMPB","Est. tempo de leitura":"1 minuto"},"schema":{"@context":"https:\/\/schema.org","@graph":[{"@type":"Article","@id":"https:\/\/www.pm.pb.gov.br\/portal\/2014\/03\/13\/policia_recupera_veiculos_roubados_e_prende_quatro_suspeitos\/#article","isPartOf":{"@id":"https:\/\/www.pm.pb.gov.br\/portal\/2014\/03\/13\/policia_recupera_veiculos_roubados_e_prende_quatro_suspeitos\/"},"author":{"name":"Assessoria de Imprensa da PMPB","@id":"https:\/\/www.pm.pb.gov.br\/portal\/#\/schema\/person\/e8454f46651c3ecf0e1ba3c1666d9947"},"headline":"Pol\u00edcia recupera ve\u00edculos roubados e prende quatro suspeitos","datePublished":"2014-03-13T13:03:31+00:00","dateModified":"2014-03-13T13:03:31+00:00","mainEntityOfPage":{"@id":"https:\/\/www.pm.pb.gov.br\/portal\/2014\/03\/13\/policia_recupera_veiculos_roubados_e_prende_quatro_suspeitos\/"},"wordCount":289,"publisher":{"@id":"https:\/\/www.pm.pb.gov.br\/portal\/#organization"},"articleSection":["A\u00e7\u00f5es Policiais"],"inLanguage":"pt-BR"},{"@type":"WebPage","@id":"https:\/\/www.pm.pb.gov.br\/portal\/2014\/03\/13\/policia_recupera_veiculos_roubados_e_prende_quatro_suspeitos\/","url":"https:\/\/www.pm.pb.gov.br\/portal\/2014\/03\/13\/policia_recupera_veiculos_roubados_e_prende_quatro_suspeitos\/","name":"Pol\u00edcia recupera ve\u00edculos roubados e prende quatro suspeitos - Pol\u00edcia Militar da Para\u00edba","isPartOf":{"@id":"https:\/\/www.pm.pb.gov.br\/portal\/#website"},"datePublished":"2014-03-13T13:03:31+00:00","dateModified":"2014-03-13T13:03:31+00:00","breadcrumb":{"@id":"https:\/\/www.pm.pb.gov.br\/portal\/2014\/03\/13\/policia_recupera_veiculos_roubados_e_prende_quatro_suspeitos\/#breadcrumb"},"inLanguage":"pt-BR","potentialAction":[{"@type":"ReadAction","target":["https:\/\/www.pm.pb.gov.br\/portal\/2014\/03\/13\/policia_recupera_veiculos_roubados_e_prende_quatro_suspeitos\/"]}]},{"@type":"BreadcrumbList","@id":"https:\/\/www.pm.pb.gov.br\/portal\/2014\/03\/13\/policia_recupera_veiculos_roubados_e_prende_quatro_suspeitos\/#breadcrumb","itemListElement":[{"@type":"ListItem","position":1,"name":"In\u00edcio","item":"https:\/\/www.pm.pb.gov.br\/portal\/"},{"@type":"ListItem","position":2,"name":"Pol\u00edcia recupera ve\u00edculos roubados e prende quatro suspeitos"}]},{"@type":"WebSite","@id":"https:\/\/www.pm.pb.gov.br\/portal\/#website","url":"https:\/\/www.pm.pb.gov.br\/portal\/","name":"Pol\u00edcia Militar da Para\u00edba","description":"","publisher":{"@id":"https:\/\/www.pm.pb.gov.br\/portal\/#organization"},"potentialAction":[{"@type":"SearchAction","target":{"@type":"EntryPoint","urlTemplate":"https:\/\/www.pm.pb.gov.br\/portal\/?s={search_term_string}"},"query-input":"required name=search_term_string"}],"inLanguage":"pt-BR"},{"@type":"Organization","@id":"https:\/\/www.pm.pb.gov.br\/portal\/#organization","name":"Pol\u00edcia Militar da Para\u00edba","url":"https:\/\/www.pm.pb.gov.br\/portal\/","logo":{"@type":"ImageObject","inLanguage":"pt-BR","@id":"https:\/\/www.pm.pb.gov.br\/portal\/#\/schema\/logo\/image\/","url":"https:\/\/www.pm.pb.gov.br\/portal\/wp-content\/uploads\/2025\/03\/cropped-logo-site-mag2-1.png","contentUrl":"https:\/\/www.pm.pb.gov.br\/portal\/wp-content\/uploads\/2025\/03\/cropped-logo-site-mag2-1.png","width":320,"height":90,"caption":"Pol\u00edcia Militar da Para\u00edba"},"image":{"@id":"https:\/\/www.pm.pb.gov.br\/portal\/#\/schema\/logo\/image\/"}},{"@type":"Person","@id":"https:\/\/www.pm.pb.gov.br\/portal\/#\/schema\/person\/e8454f46651c3ecf0e1ba3c1666d9947","name":"Assessoria de Imprensa da PMPB","image":{"@type":"ImageObject","inLanguage":"pt-BR","@id":"https:\/\/www.pm.pb.gov.br\/portal\/#\/schema\/person\/image\/","url":"https:\/\/secure.gravatar.com\/avatar\/2efe197438265d1e90bd98c4c8e1acf8?s=96&d=mm&r=g","contentUrl":"https:\/\/secure.gravatar.com\/avatar\/2efe197438265d1e90bd98c4c8e1acf8?s=96&d=mm&r=g","caption":"Assessoria de Imprensa da PMPB"},"url":"https:\/\/www.pm.pb.gov.br\/portal\/author\/assessoria\/"}]}},"_links":{"self":[{"href":"https:\/\/www.pm.pb.gov.br\/portal\/wp-json\/wp\/v2\/posts\/9164"}],"collection":[{"href":"https:\/\/www.pm.pb.gov.br\/portal\/wp-json\/wp\/v2\/posts"}],"about":[{"href":"https:\/\/www.pm.pb.gov.br\/portal\/wp-json\/wp\/v2\/types\/post"}],"author":[{"embeddable":true,"href":"https:\/\/www.pm.pb.gov.br\/portal\/wp-json\/wp\/v2\/users\/5"}],"replies":[{"embeddable":true,"href":"https:\/\/www.pm.pb.gov.br\/portal\/wp-json\/wp\/v2\/comments?post=9164"}],"version-history":[{"count":0,"href":"https:\/\/www.pm.pb.gov.br\/portal\/wp-json\/wp\/v2\/posts\/9164\/revisions"}],"wp:featuredmedia":[{"embeddable":true,"href":"https:\/\/www.pm.pb.gov.br\/portal\/wp-json\/wp\/v2\/media\/12487"}],"wp:attachment":[{"href":"https:\/\/www.pm.pb.gov.br\/portal\/wp-json\/wp\/v2\/media?parent=9164"}],"wp:term":[{"taxonomy":"category","embeddable":true,"href":"https:\/\/www.pm.pb.gov.br\/portal\/wp-json\/wp\/v2\/categories?post=9164"},{"taxonomy":"post_tag","embeddable":true,"href":"https:\/\/www.pm.pb.gov.br\/portal\/wp-json\/wp\/v2\/tags?post=9164"}],"curies":[{"name":"wp","href":"https:\/\/api.w.org\/{rel}","templated":true}]}}