{"id":916282,"date":"2023-04-16T11:58:43","date_gmt":"2023-04-16T14:58:43","guid":{"rendered":"https:\/\/www.pm.pb.gov.br\/portal\/?p=916282"},"modified":"2023-04-16T11:58:46","modified_gmt":"2023-04-16T14:58:46","slug":"policia-militar-prende-suspeito-com-arma-durante-reforco-das-rondas-em-campina-grande","status":"publish","type":"post","link":"https:\/\/www.pm.pb.gov.br\/portal\/2023\/04\/16\/policia-militar-prende-suspeito-com-arma-durante-reforco-das-rondas-em-campina-grande\/","title":{"rendered":"Pol\u00edcia Militar prende suspeito com arma durante refor\u00e7o das rondas em Campina Grande"},"content":{"rendered":"\n<p>A Pol\u00edcia Militar prendeu um homem de 36 anos com uma pistola calibre 9 mil\u00edmetros, nesse s\u00e1bado (15), durante as atividades de refor\u00e7o da seguran\u00e7a na cidade de Campina Grande. Ele foi abordado quando passava de carro, no bairro de Catol\u00e9, ap\u00f3s os policiais do 10\u00ba Batalh\u00e3o receberem a informa\u00e7\u00e3o de que tinha uma pessoa armada circulando em uma caminhonete, na regi\u00e3o. <br><br>A arma estava com um carregador com sete muni\u00e7\u00f5es intactas. Ele foi apresentado na Delegacia de Pol\u00edcia, em Campina Grande.<br><\/p>\n","protected":false},"excerpt":{"rendered":"<p>A Pol\u00edcia Militar prendeu um homem de 36 anos com uma pistola calibre 9 mil\u00edmetros, nesse s\u00e1bado (15), durante as<\/p>\n","protected":false},"author":5,"featured_media":916288,"comment_status":"closed","ping_status":"closed","sticky":false,"template":"","format":"standard","meta":{"_exactmetrics_skip_tracking":false,"_exactmetrics_sitenote_active":false,"_exactmetrics_sitenote_note":"","_exactmetrics_sitenote_category":0,"footnotes":""},"categories":[4],"tags":[],"yoast_head":"<!-- This site is optimized with the Yoast SEO plugin v22.0 - https:\/\/yoast.com\/wordpress\/plugins\/seo\/ -->\n<title>Pol\u00edcia Militar prende suspeito com arma durante refor\u00e7o das rondas em Campina Grande - Pol\u00edcia Militar da Para\u00edba<\/title>\n<meta name=\"robots\" content=\"index, follow, max-snippet:-1, max-image-preview:large, max-video-preview:-1\" \/>\n<link rel=\"canonical\" href=\"https:\/\/www.pm.pb.gov.br\/portal\/2023\/04\/16\/policia-militar-prende-suspeito-com-arma-durante-reforco-das-rondas-em-campina-grande\/\" \/>\n<meta property=\"og:locale\" content=\"pt_BR\" \/>\n<meta property=\"og:type\" content=\"article\" \/>\n<meta property=\"og:title\" content=\"Pol\u00edcia Militar prende suspeito com arma durante refor\u00e7o das rondas em Campina Grande - Pol\u00edcia Militar da Para\u00edba\" \/>\n<meta property=\"og:description\" content=\"A Pol\u00edcia Militar prendeu um homem de 36 anos com uma pistola calibre 9 mil\u00edmetros, nesse s\u00e1bado (15), durante as\" \/>\n<meta property=\"og:url\" content=\"https:\/\/www.pm.pb.gov.br\/portal\/2023\/04\/16\/policia-militar-prende-suspeito-com-arma-durante-reforco-das-rondas-em-campina-grande\/\" \/>\n<meta property=\"og:site_name\" content=\"Pol\u00edcia Militar da Para\u00edba\" \/>\n<meta property=\"article:published_time\" content=\"2023-04-16T14:58:43+00:00\" \/>\n<meta property=\"article:modified_time\" content=\"2023-04-16T14:58:46+00:00\" \/>\n<meta property=\"og:image\" content=\"http:\/\/www.pm.pb.gov.br\/portal\/wp-content\/uploads\/2023\/04\/WhatsApp-Image-2023-04-15-at-8.26.44-PM.jpeg\" \/>\n\t<meta property=\"og:image:width\" content=\"1037\" \/>\n\t<meta property=\"og:image:height\" content=\"1215\" \/>\n\t<meta property=\"og:image:type\" content=\"image\/jpeg\" \/>\n<meta name=\"author\" content=\"Assessoria de Imprensa da PMPB\" \/>\n<meta name=\"twitter:card\" content=\"summary_large_image\" \/>\n<meta name=\"twitter:label1\" content=\"Escrito por\" \/>\n\t<meta name=\"twitter:data1\" content=\"Assessoria de Imprensa da PMPB\" \/>\n\t<meta name=\"twitter:label2\" content=\"Est. tempo de leitura\" \/>\n\t<meta name=\"twitter:data2\" content=\"1 minuto\" \/>\n<script type=\"application\/ld+json\" class=\"yoast-schema-graph\">{\"@context\":\"https:\/\/schema.org\",\"@graph\":[{\"@type\":\"Article\",\"@id\":\"https:\/\/www.pm.pb.gov.br\/portal\/2023\/04\/16\/policia-militar-prende-suspeito-com-arma-durante-reforco-das-rondas-em-campina-grande\/#article\",\"isPartOf\":{\"@id\":\"https:\/\/www.pm.pb.gov.br\/portal\/2023\/04\/16\/policia-militar-prende-suspeito-com-arma-durante-reforco-das-rondas-em-campina-grande\/\"},\"author\":{\"name\":\"Assessoria de Imprensa da PMPB\",\"@id\":\"https:\/\/www.pm.pb.gov.br\/portal\/#\/schema\/person\/e8454f46651c3ecf0e1ba3c1666d9947\"},\"headline\":\"Pol\u00edcia Militar prende suspeito com arma durante refor\u00e7o das rondas em Campina Grande\",\"datePublished\":\"2023-04-16T14:58:43+00:00\",\"dateModified\":\"2023-04-16T14:58:46+00:00\",\"mainEntityOfPage\":{\"@id\":\"https:\/\/www.pm.pb.gov.br\/portal\/2023\/04\/16\/policia-militar-prende-suspeito-com-arma-durante-reforco-das-rondas-em-campina-grande\/\"},\"wordCount\":104,\"publisher\":{\"@id\":\"https:\/\/www.pm.pb.gov.br\/portal\/#organization\"},\"articleSection\":[\"A\u00e7\u00f5es Policiais\"],\"inLanguage\":\"pt-BR\"},{\"@type\":\"WebPage\",\"@id\":\"https:\/\/www.pm.pb.gov.br\/portal\/2023\/04\/16\/policia-militar-prende-suspeito-com-arma-durante-reforco-das-rondas-em-campina-grande\/\",\"url\":\"https:\/\/www.pm.pb.gov.br\/portal\/2023\/04\/16\/policia-militar-prende-suspeito-com-arma-durante-reforco-das-rondas-em-campina-grande\/\",\"name\":\"Pol\u00edcia Militar prende suspeito com arma durante refor\u00e7o das rondas em Campina Grande - Pol\u00edcia Militar da Para\u00edba\",\"isPartOf\":{\"@id\":\"https:\/\/www.pm.pb.gov.br\/portal\/#website\"},\"datePublished\":\"2023-04-16T14:58:43+00:00\",\"dateModified\":\"2023-04-16T14:58:46+00:00\",\"breadcrumb\":{\"@id\":\"https:\/\/www.pm.pb.gov.br\/portal\/2023\/04\/16\/policia-militar-prende-suspeito-com-arma-durante-reforco-das-rondas-em-campina-grande\/#breadcrumb\"},\"inLanguage\":\"pt-BR\",\"potentialAction\":[{\"@type\":\"ReadAction\",\"target\":[\"https:\/\/www.pm.pb.gov.br\/portal\/2023\/04\/16\/policia-militar-prende-suspeito-com-arma-durante-reforco-das-rondas-em-campina-grande\/\"]}]},{\"@type\":\"BreadcrumbList\",\"@id\":\"https:\/\/www.pm.pb.gov.br\/portal\/2023\/04\/16\/policia-militar-prende-suspeito-com-arma-durante-reforco-das-rondas-em-campina-grande\/#breadcrumb\",\"itemListElement\":[{\"@type\":\"ListItem\",\"position\":1,\"name\":\"In\u00edcio\",\"item\":\"https:\/\/www.pm.pb.gov.br\/portal\/\"},{\"@type\":\"ListItem\",\"position\":2,\"name\":\"Pol\u00edcia Militar prende suspeito com arma durante refor\u00e7o das rondas em Campina Grande\"}]},{\"@type\":\"WebSite\",\"@id\":\"https:\/\/www.pm.pb.gov.br\/portal\/#website\",\"url\":\"https:\/\/www.pm.pb.gov.br\/portal\/\",\"name\":\"Pol\u00edcia Militar da Para\u00edba\",\"description\":\"\",\"publisher\":{\"@id\":\"https:\/\/www.pm.pb.gov.br\/portal\/#organization\"},\"potentialAction\":[{\"@type\":\"SearchAction\",\"target\":{\"@type\":\"EntryPoint\",\"urlTemplate\":\"https:\/\/www.pm.pb.gov.br\/portal\/?s={search_term_string}\"},\"query-input\":\"required name=search_term_string\"}],\"inLanguage\":\"pt-BR\"},{\"@type\":\"Organization\",\"@id\":\"https:\/\/www.pm.pb.gov.br\/portal\/#organization\",\"name\":\"Pol\u00edcia Militar da Para\u00edba\",\"url\":\"https:\/\/www.pm.pb.gov.br\/portal\/\",\"logo\":{\"@type\":\"ImageObject\",\"inLanguage\":\"pt-BR\",\"@id\":\"https:\/\/www.pm.pb.gov.br\/portal\/#\/schema\/logo\/image\/\",\"url\":\"https:\/\/www.pm.pb.gov.br\/portal\/wp-content\/uploads\/2025\/03\/cropped-logo-site-mag2-1.png\",\"contentUrl\":\"https:\/\/www.pm.pb.gov.br\/portal\/wp-content\/uploads\/2025\/03\/cropped-logo-site-mag2-1.png\",\"width\":320,\"height\":90,\"caption\":\"Pol\u00edcia Militar da Para\u00edba\"},\"image\":{\"@id\":\"https:\/\/www.pm.pb.gov.br\/portal\/#\/schema\/logo\/image\/\"}},{\"@type\":\"Person\",\"@id\":\"https:\/\/www.pm.pb.gov.br\/portal\/#\/schema\/person\/e8454f46651c3ecf0e1ba3c1666d9947\",\"name\":\"Assessoria de Imprensa da PMPB\",\"image\":{\"@type\":\"ImageObject\",\"inLanguage\":\"pt-BR\",\"@id\":\"https:\/\/www.pm.pb.gov.br\/portal\/#\/schema\/person\/image\/\",\"url\":\"https:\/\/secure.gravatar.com\/avatar\/2efe197438265d1e90bd98c4c8e1acf8?s=96&d=mm&r=g\",\"contentUrl\":\"https:\/\/secure.gravatar.com\/avatar\/2efe197438265d1e90bd98c4c8e1acf8?s=96&d=mm&r=g\",\"caption\":\"Assessoria de Imprensa da PMPB\"},\"url\":\"https:\/\/www.pm.pb.gov.br\/portal\/author\/assessoria\/\"}]}<\/script>\n<!-- \/ Yoast SEO plugin. -->","yoast_head_json":{"title":"Pol\u00edcia Militar prende suspeito com arma durante refor\u00e7o das rondas em Campina Grande - Pol\u00edcia Militar da Para\u00edba","robots":{"index":"index","follow":"follow","max-snippet":"max-snippet:-1","max-image-preview":"max-image-preview:large","max-video-preview":"max-video-preview:-1"},"canonical":"https:\/\/www.pm.pb.gov.br\/portal\/2023\/04\/16\/policia-militar-prende-suspeito-com-arma-durante-reforco-das-rondas-em-campina-grande\/","og_locale":"pt_BR","og_type":"article","og_title":"Pol\u00edcia Militar prende suspeito com arma durante refor\u00e7o das rondas em Campina Grande - Pol\u00edcia Militar da Para\u00edba","og_description":"A Pol\u00edcia Militar prendeu um homem de 36 anos com uma pistola calibre 9 mil\u00edmetros, nesse s\u00e1bado (15), durante as","og_url":"https:\/\/www.pm.pb.gov.br\/portal\/2023\/04\/16\/policia-militar-prende-suspeito-com-arma-durante-reforco-das-rondas-em-campina-grande\/","og_site_name":"Pol\u00edcia Militar da Para\u00edba","article_published_time":"2023-04-16T14:58:43+00:00","article_modified_time":"2023-04-16T14:58:46+00:00","og_image":[{"width":1037,"height":1215,"url":"http:\/\/www.pm.pb.gov.br\/portal\/wp-content\/uploads\/2023\/04\/WhatsApp-Image-2023-04-15-at-8.26.44-PM.jpeg","type":"image\/jpeg"}],"author":"Assessoria de Imprensa da PMPB","twitter_card":"summary_large_image","twitter_misc":{"Escrito por":"Assessoria de Imprensa da PMPB","Est. tempo de leitura":"1 minuto"},"schema":{"@context":"https:\/\/schema.org","@graph":[{"@type":"Article","@id":"https:\/\/www.pm.pb.gov.br\/portal\/2023\/04\/16\/policia-militar-prende-suspeito-com-arma-durante-reforco-das-rondas-em-campina-grande\/#article","isPartOf":{"@id":"https:\/\/www.pm.pb.gov.br\/portal\/2023\/04\/16\/policia-militar-prende-suspeito-com-arma-durante-reforco-das-rondas-em-campina-grande\/"},"author":{"name":"Assessoria de Imprensa da PMPB","@id":"https:\/\/www.pm.pb.gov.br\/portal\/#\/schema\/person\/e8454f46651c3ecf0e1ba3c1666d9947"},"headline":"Pol\u00edcia Militar prende suspeito com arma durante refor\u00e7o das rondas em Campina Grande","datePublished":"2023-04-16T14:58:43+00:00","dateModified":"2023-04-16T14:58:46+00:00","mainEntityOfPage":{"@id":"https:\/\/www.pm.pb.gov.br\/portal\/2023\/04\/16\/policia-militar-prende-suspeito-com-arma-durante-reforco-das-rondas-em-campina-grande\/"},"wordCount":104,"publisher":{"@id":"https:\/\/www.pm.pb.gov.br\/portal\/#organization"},"articleSection":["A\u00e7\u00f5es Policiais"],"inLanguage":"pt-BR"},{"@type":"WebPage","@id":"https:\/\/www.pm.pb.gov.br\/portal\/2023\/04\/16\/policia-militar-prende-suspeito-com-arma-durante-reforco-das-rondas-em-campina-grande\/","url":"https:\/\/www.pm.pb.gov.br\/portal\/2023\/04\/16\/policia-militar-prende-suspeito-com-arma-durante-reforco-das-rondas-em-campina-grande\/","name":"Pol\u00edcia Militar prende suspeito com arma durante refor\u00e7o das rondas em Campina Grande - Pol\u00edcia Militar da Para\u00edba","isPartOf":{"@id":"https:\/\/www.pm.pb.gov.br\/portal\/#website"},"datePublished":"2023-04-16T14:58:43+00:00","dateModified":"2023-04-16T14:58:46+00:00","breadcrumb":{"@id":"https:\/\/www.pm.pb.gov.br\/portal\/2023\/04\/16\/policia-militar-prende-suspeito-com-arma-durante-reforco-das-rondas-em-campina-grande\/#breadcrumb"},"inLanguage":"pt-BR","potentialAction":[{"@type":"ReadAction","target":["https:\/\/www.pm.pb.gov.br\/portal\/2023\/04\/16\/policia-militar-prende-suspeito-com-arma-durante-reforco-das-rondas-em-campina-grande\/"]}]},{"@type":"BreadcrumbList","@id":"https:\/\/www.pm.pb.gov.br\/portal\/2023\/04\/16\/policia-militar-prende-suspeito-com-arma-durante-reforco-das-rondas-em-campina-grande\/#breadcrumb","itemListElement":[{"@type":"ListItem","position":1,"name":"In\u00edcio","item":"https:\/\/www.pm.pb.gov.br\/portal\/"},{"@type":"ListItem","position":2,"name":"Pol\u00edcia Militar prende suspeito com arma durante refor\u00e7o das rondas em Campina Grande"}]},{"@type":"WebSite","@id":"https:\/\/www.pm.pb.gov.br\/portal\/#website","url":"https:\/\/www.pm.pb.gov.br\/portal\/","name":"Pol\u00edcia Militar da Para\u00edba","description":"","publisher":{"@id":"https:\/\/www.pm.pb.gov.br\/portal\/#organization"},"potentialAction":[{"@type":"SearchAction","target":{"@type":"EntryPoint","urlTemplate":"https:\/\/www.pm.pb.gov.br\/portal\/?s={search_term_string}"},"query-input":"required name=search_term_string"}],"inLanguage":"pt-BR"},{"@type":"Organization","@id":"https:\/\/www.pm.pb.gov.br\/portal\/#organization","name":"Pol\u00edcia Militar da Para\u00edba","url":"https:\/\/www.pm.pb.gov.br\/portal\/","logo":{"@type":"ImageObject","inLanguage":"pt-BR","@id":"https:\/\/www.pm.pb.gov.br\/portal\/#\/schema\/logo\/image\/","url":"https:\/\/www.pm.pb.gov.br\/portal\/wp-content\/uploads\/2025\/03\/cropped-logo-site-mag2-1.png","contentUrl":"https:\/\/www.pm.pb.gov.br\/portal\/wp-content\/uploads\/2025\/03\/cropped-logo-site-mag2-1.png","width":320,"height":90,"caption":"Pol\u00edcia Militar da Para\u00edba"},"image":{"@id":"https:\/\/www.pm.pb.gov.br\/portal\/#\/schema\/logo\/image\/"}},{"@type":"Person","@id":"https:\/\/www.pm.pb.gov.br\/portal\/#\/schema\/person\/e8454f46651c3ecf0e1ba3c1666d9947","name":"Assessoria de Imprensa da PMPB","image":{"@type":"ImageObject","inLanguage":"pt-BR","@id":"https:\/\/www.pm.pb.gov.br\/portal\/#\/schema\/person\/image\/","url":"https:\/\/secure.gravatar.com\/avatar\/2efe197438265d1e90bd98c4c8e1acf8?s=96&d=mm&r=g","contentUrl":"https:\/\/secure.gravatar.com\/avatar\/2efe197438265d1e90bd98c4c8e1acf8?s=96&d=mm&r=g","caption":"Assessoria de Imprensa da PMPB"},"url":"https:\/\/www.pm.pb.gov.br\/portal\/author\/assessoria\/"}]}},"_links":{"self":[{"href":"https:\/\/www.pm.pb.gov.br\/portal\/wp-json\/wp\/v2\/posts\/916282"}],"collection":[{"href":"https:\/\/www.pm.pb.gov.br\/portal\/wp-json\/wp\/v2\/posts"}],"about":[{"href":"https:\/\/www.pm.pb.gov.br\/portal\/wp-json\/wp\/v2\/types\/post"}],"author":[{"embeddable":true,"href":"https:\/\/www.pm.pb.gov.br\/portal\/wp-json\/wp\/v2\/users\/5"}],"replies":[{"embeddable":true,"href":"https:\/\/www.pm.pb.gov.br\/portal\/wp-json\/wp\/v2\/comments?post=916282"}],"version-history":[{"count":2,"href":"https:\/\/www.pm.pb.gov.br\/portal\/wp-json\/wp\/v2\/posts\/916282\/revisions"}],"predecessor-version":[{"id":916289,"href":"https:\/\/www.pm.pb.gov.br\/portal\/wp-json\/wp\/v2\/posts\/916282\/revisions\/916289"}],"wp:featuredmedia":[{"embeddable":true,"href":"https:\/\/www.pm.pb.gov.br\/portal\/wp-json\/wp\/v2\/media\/916288"}],"wp:attachment":[{"href":"https:\/\/www.pm.pb.gov.br\/portal\/wp-json\/wp\/v2\/media?parent=916282"}],"wp:term":[{"taxonomy":"category","embeddable":true,"href":"https:\/\/www.pm.pb.gov.br\/portal\/wp-json\/wp\/v2\/categories?post=916282"},{"taxonomy":"post_tag","embeddable":true,"href":"https:\/\/www.pm.pb.gov.br\/portal\/wp-json\/wp\/v2\/tags?post=916282"}],"curies":[{"name":"wp","href":"https:\/\/api.w.org\/{rel}","templated":true}]}}