{"id":916273,"date":"2023-04-15T17:31:52","date_gmt":"2023-04-15T20:31:52","guid":{"rendered":"https:\/\/www.pm.pb.gov.br\/portal\/?p=916273"},"modified":"2023-04-15T17:33:23","modified_gmt":"2023-04-15T20:33:23","slug":"policia-militar-prende-suspeita-de-atuar-no-trafico-em-comunidade-do-bairro-do-altiplano","status":"publish","type":"post","link":"https:\/\/www.pm.pb.gov.br\/portal\/2023\/04\/15\/policia-militar-prende-suspeita-de-atuar-no-trafico-em-comunidade-do-bairro-do-altiplano\/","title":{"rendered":"Pol\u00edcia Militar prende suspeita de atuar no tr\u00e1fico em comunidade do bairro do Altiplano"},"content":{"rendered":"\n<p>Uma mulher de 22 anos foi presa em flagrante, neste s\u00e1bado (15), durante a\u00e7\u00e3o de combate ao tr\u00e1fico de drogas, realizada na comunidade S\u00e3o Domingos, no bairro do Altiplano, em Jo\u00e3o Pessoa.<br><br>A pris\u00e3o foi realizada pelas equipes do Especializado em Policiamento Tur\u00edstico (BEPTur), que encontraram com a acusada 27 embalagens de maconha, 13 de coca\u00edna e 3 de pedras de crack prontas para a venda, al\u00e9m de 400 reais em dinheiro.<br><br>Ela foi apresentada na Central de Pol\u00edcia, no Geisel.<\/p>\n","protected":false},"excerpt":{"rendered":"<p>Uma mulher de 22 anos foi presa em flagrante, neste s\u00e1bado (15), durante a\u00e7\u00e3o de combate ao tr\u00e1fico de drogas,<\/p>\n","protected":false},"author":5,"featured_media":916280,"comment_status":"closed","ping_status":"closed","sticky":false,"template":"","format":"standard","meta":{"_exactmetrics_skip_tracking":false,"_exactmetrics_sitenote_active":false,"_exactmetrics_sitenote_note":"","_exactmetrics_sitenote_category":0,"footnotes":""},"categories":[4],"tags":[],"yoast_head":"<!-- This site is optimized with the Yoast SEO plugin v22.0 - https:\/\/yoast.com\/wordpress\/plugins\/seo\/ -->\n<title>Pol\u00edcia Militar prende suspeita de atuar no tr\u00e1fico em comunidade do bairro do Altiplano - Pol\u00edcia Militar da Para\u00edba<\/title>\n<meta name=\"robots\" content=\"index, follow, max-snippet:-1, max-image-preview:large, max-video-preview:-1\" \/>\n<link rel=\"canonical\" href=\"https:\/\/www.pm.pb.gov.br\/portal\/2023\/04\/15\/policia-militar-prende-suspeita-de-atuar-no-trafico-em-comunidade-do-bairro-do-altiplano\/\" \/>\n<meta property=\"og:locale\" content=\"pt_BR\" \/>\n<meta property=\"og:type\" content=\"article\" \/>\n<meta property=\"og:title\" content=\"Pol\u00edcia Militar prende suspeita de atuar no tr\u00e1fico em comunidade do bairro do Altiplano - Pol\u00edcia Militar da Para\u00edba\" \/>\n<meta property=\"og:description\" content=\"Uma mulher de 22 anos foi presa em flagrante, neste s\u00e1bado (15), durante a\u00e7\u00e3o de combate ao tr\u00e1fico de drogas,\" \/>\n<meta property=\"og:url\" content=\"https:\/\/www.pm.pb.gov.br\/portal\/2023\/04\/15\/policia-militar-prende-suspeita-de-atuar-no-trafico-em-comunidade-do-bairro-do-altiplano\/\" \/>\n<meta property=\"og:site_name\" content=\"Pol\u00edcia Militar da Para\u00edba\" \/>\n<meta property=\"article:published_time\" content=\"2023-04-15T20:31:52+00:00\" \/>\n<meta property=\"article:modified_time\" content=\"2023-04-15T20:33:23+00:00\" \/>\n<meta property=\"og:image\" content=\"http:\/\/www.pm.pb.gov.br\/portal\/wp-content\/uploads\/2023\/04\/WhatsApp-Image-2023-04-15-at-5.50.04-PM.jpeg\" \/>\n\t<meta property=\"og:image:width\" content=\"895\" \/>\n\t<meta property=\"og:image:height\" content=\"749\" \/>\n\t<meta property=\"og:image:type\" content=\"image\/jpeg\" \/>\n<meta name=\"author\" content=\"Assessoria de Imprensa da PMPB\" \/>\n<meta name=\"twitter:card\" content=\"summary_large_image\" \/>\n<meta name=\"twitter:label1\" content=\"Escrito por\" \/>\n\t<meta name=\"twitter:data1\" content=\"Assessoria de Imprensa da PMPB\" \/>\n\t<meta name=\"twitter:label2\" content=\"Est. tempo de leitura\" \/>\n\t<meta name=\"twitter:data2\" content=\"1 minuto\" \/>\n<script type=\"application\/ld+json\" class=\"yoast-schema-graph\">{\"@context\":\"https:\/\/schema.org\",\"@graph\":[{\"@type\":\"Article\",\"@id\":\"https:\/\/www.pm.pb.gov.br\/portal\/2023\/04\/15\/policia-militar-prende-suspeita-de-atuar-no-trafico-em-comunidade-do-bairro-do-altiplano\/#article\",\"isPartOf\":{\"@id\":\"https:\/\/www.pm.pb.gov.br\/portal\/2023\/04\/15\/policia-militar-prende-suspeita-de-atuar-no-trafico-em-comunidade-do-bairro-do-altiplano\/\"},\"author\":{\"name\":\"Assessoria de Imprensa da PMPB\",\"@id\":\"https:\/\/www.pm.pb.gov.br\/portal\/#\/schema\/person\/e8454f46651c3ecf0e1ba3c1666d9947\"},\"headline\":\"Pol\u00edcia Militar prende suspeita de atuar no tr\u00e1fico em comunidade do bairro do Altiplano\",\"datePublished\":\"2023-04-15T20:31:52+00:00\",\"dateModified\":\"2023-04-15T20:33:23+00:00\",\"mainEntityOfPage\":{\"@id\":\"https:\/\/www.pm.pb.gov.br\/portal\/2023\/04\/15\/policia-militar-prende-suspeita-de-atuar-no-trafico-em-comunidade-do-bairro-do-altiplano\/\"},\"wordCount\":101,\"publisher\":{\"@id\":\"https:\/\/www.pm.pb.gov.br\/portal\/#organization\"},\"articleSection\":[\"A\u00e7\u00f5es Policiais\"],\"inLanguage\":\"pt-BR\"},{\"@type\":\"WebPage\",\"@id\":\"https:\/\/www.pm.pb.gov.br\/portal\/2023\/04\/15\/policia-militar-prende-suspeita-de-atuar-no-trafico-em-comunidade-do-bairro-do-altiplano\/\",\"url\":\"https:\/\/www.pm.pb.gov.br\/portal\/2023\/04\/15\/policia-militar-prende-suspeita-de-atuar-no-trafico-em-comunidade-do-bairro-do-altiplano\/\",\"name\":\"Pol\u00edcia Militar prende suspeita de atuar no tr\u00e1fico em comunidade do bairro do Altiplano - Pol\u00edcia Militar da Para\u00edba\",\"isPartOf\":{\"@id\":\"https:\/\/www.pm.pb.gov.br\/portal\/#website\"},\"datePublished\":\"2023-04-15T20:31:52+00:00\",\"dateModified\":\"2023-04-15T20:33:23+00:00\",\"breadcrumb\":{\"@id\":\"https:\/\/www.pm.pb.gov.br\/portal\/2023\/04\/15\/policia-militar-prende-suspeita-de-atuar-no-trafico-em-comunidade-do-bairro-do-altiplano\/#breadcrumb\"},\"inLanguage\":\"pt-BR\",\"potentialAction\":[{\"@type\":\"ReadAction\",\"target\":[\"https:\/\/www.pm.pb.gov.br\/portal\/2023\/04\/15\/policia-militar-prende-suspeita-de-atuar-no-trafico-em-comunidade-do-bairro-do-altiplano\/\"]}]},{\"@type\":\"BreadcrumbList\",\"@id\":\"https:\/\/www.pm.pb.gov.br\/portal\/2023\/04\/15\/policia-militar-prende-suspeita-de-atuar-no-trafico-em-comunidade-do-bairro-do-altiplano\/#breadcrumb\",\"itemListElement\":[{\"@type\":\"ListItem\",\"position\":1,\"name\":\"In\u00edcio\",\"item\":\"https:\/\/www.pm.pb.gov.br\/portal\/\"},{\"@type\":\"ListItem\",\"position\":2,\"name\":\"Pol\u00edcia Militar prende suspeita de atuar no tr\u00e1fico em comunidade do bairro do Altiplano\"}]},{\"@type\":\"WebSite\",\"@id\":\"https:\/\/www.pm.pb.gov.br\/portal\/#website\",\"url\":\"https:\/\/www.pm.pb.gov.br\/portal\/\",\"name\":\"Pol\u00edcia Militar da Para\u00edba\",\"description\":\"\",\"publisher\":{\"@id\":\"https:\/\/www.pm.pb.gov.br\/portal\/#organization\"},\"potentialAction\":[{\"@type\":\"SearchAction\",\"target\":{\"@type\":\"EntryPoint\",\"urlTemplate\":\"https:\/\/www.pm.pb.gov.br\/portal\/?s={search_term_string}\"},\"query-input\":\"required name=search_term_string\"}],\"inLanguage\":\"pt-BR\"},{\"@type\":\"Organization\",\"@id\":\"https:\/\/www.pm.pb.gov.br\/portal\/#organization\",\"name\":\"Pol\u00edcia Militar da Para\u00edba\",\"url\":\"https:\/\/www.pm.pb.gov.br\/portal\/\",\"logo\":{\"@type\":\"ImageObject\",\"inLanguage\":\"pt-BR\",\"@id\":\"https:\/\/www.pm.pb.gov.br\/portal\/#\/schema\/logo\/image\/\",\"url\":\"https:\/\/www.pm.pb.gov.br\/portal\/wp-content\/uploads\/2025\/03\/cropped-logo-site-mag2-1.png\",\"contentUrl\":\"https:\/\/www.pm.pb.gov.br\/portal\/wp-content\/uploads\/2025\/03\/cropped-logo-site-mag2-1.png\",\"width\":320,\"height\":90,\"caption\":\"Pol\u00edcia Militar da Para\u00edba\"},\"image\":{\"@id\":\"https:\/\/www.pm.pb.gov.br\/portal\/#\/schema\/logo\/image\/\"}},{\"@type\":\"Person\",\"@id\":\"https:\/\/www.pm.pb.gov.br\/portal\/#\/schema\/person\/e8454f46651c3ecf0e1ba3c1666d9947\",\"name\":\"Assessoria de Imprensa da PMPB\",\"image\":{\"@type\":\"ImageObject\",\"inLanguage\":\"pt-BR\",\"@id\":\"https:\/\/www.pm.pb.gov.br\/portal\/#\/schema\/person\/image\/\",\"url\":\"https:\/\/secure.gravatar.com\/avatar\/2efe197438265d1e90bd98c4c8e1acf8?s=96&d=mm&r=g\",\"contentUrl\":\"https:\/\/secure.gravatar.com\/avatar\/2efe197438265d1e90bd98c4c8e1acf8?s=96&d=mm&r=g\",\"caption\":\"Assessoria de Imprensa da PMPB\"},\"url\":\"https:\/\/www.pm.pb.gov.br\/portal\/author\/assessoria\/\"}]}<\/script>\n<!-- \/ Yoast SEO plugin. -->","yoast_head_json":{"title":"Pol\u00edcia Militar prende suspeita de atuar no tr\u00e1fico em comunidade do bairro do Altiplano - Pol\u00edcia Militar da Para\u00edba","robots":{"index":"index","follow":"follow","max-snippet":"max-snippet:-1","max-image-preview":"max-image-preview:large","max-video-preview":"max-video-preview:-1"},"canonical":"https:\/\/www.pm.pb.gov.br\/portal\/2023\/04\/15\/policia-militar-prende-suspeita-de-atuar-no-trafico-em-comunidade-do-bairro-do-altiplano\/","og_locale":"pt_BR","og_type":"article","og_title":"Pol\u00edcia Militar prende suspeita de atuar no tr\u00e1fico em comunidade do bairro do Altiplano - Pol\u00edcia Militar da Para\u00edba","og_description":"Uma mulher de 22 anos foi presa em flagrante, neste s\u00e1bado (15), durante a\u00e7\u00e3o de combate ao tr\u00e1fico de drogas,","og_url":"https:\/\/www.pm.pb.gov.br\/portal\/2023\/04\/15\/policia-militar-prende-suspeita-de-atuar-no-trafico-em-comunidade-do-bairro-do-altiplano\/","og_site_name":"Pol\u00edcia Militar da Para\u00edba","article_published_time":"2023-04-15T20:31:52+00:00","article_modified_time":"2023-04-15T20:33:23+00:00","og_image":[{"width":895,"height":749,"url":"http:\/\/www.pm.pb.gov.br\/portal\/wp-content\/uploads\/2023\/04\/WhatsApp-Image-2023-04-15-at-5.50.04-PM.jpeg","type":"image\/jpeg"}],"author":"Assessoria de Imprensa da PMPB","twitter_card":"summary_large_image","twitter_misc":{"Escrito por":"Assessoria de Imprensa da PMPB","Est. tempo de leitura":"1 minuto"},"schema":{"@context":"https:\/\/schema.org","@graph":[{"@type":"Article","@id":"https:\/\/www.pm.pb.gov.br\/portal\/2023\/04\/15\/policia-militar-prende-suspeita-de-atuar-no-trafico-em-comunidade-do-bairro-do-altiplano\/#article","isPartOf":{"@id":"https:\/\/www.pm.pb.gov.br\/portal\/2023\/04\/15\/policia-militar-prende-suspeita-de-atuar-no-trafico-em-comunidade-do-bairro-do-altiplano\/"},"author":{"name":"Assessoria de Imprensa da PMPB","@id":"https:\/\/www.pm.pb.gov.br\/portal\/#\/schema\/person\/e8454f46651c3ecf0e1ba3c1666d9947"},"headline":"Pol\u00edcia Militar prende suspeita de atuar no tr\u00e1fico em comunidade do bairro do Altiplano","datePublished":"2023-04-15T20:31:52+00:00","dateModified":"2023-04-15T20:33:23+00:00","mainEntityOfPage":{"@id":"https:\/\/www.pm.pb.gov.br\/portal\/2023\/04\/15\/policia-militar-prende-suspeita-de-atuar-no-trafico-em-comunidade-do-bairro-do-altiplano\/"},"wordCount":101,"publisher":{"@id":"https:\/\/www.pm.pb.gov.br\/portal\/#organization"},"articleSection":["A\u00e7\u00f5es Policiais"],"inLanguage":"pt-BR"},{"@type":"WebPage","@id":"https:\/\/www.pm.pb.gov.br\/portal\/2023\/04\/15\/policia-militar-prende-suspeita-de-atuar-no-trafico-em-comunidade-do-bairro-do-altiplano\/","url":"https:\/\/www.pm.pb.gov.br\/portal\/2023\/04\/15\/policia-militar-prende-suspeita-de-atuar-no-trafico-em-comunidade-do-bairro-do-altiplano\/","name":"Pol\u00edcia Militar prende suspeita de atuar no tr\u00e1fico em comunidade do bairro do Altiplano - Pol\u00edcia Militar da Para\u00edba","isPartOf":{"@id":"https:\/\/www.pm.pb.gov.br\/portal\/#website"},"datePublished":"2023-04-15T20:31:52+00:00","dateModified":"2023-04-15T20:33:23+00:00","breadcrumb":{"@id":"https:\/\/www.pm.pb.gov.br\/portal\/2023\/04\/15\/policia-militar-prende-suspeita-de-atuar-no-trafico-em-comunidade-do-bairro-do-altiplano\/#breadcrumb"},"inLanguage":"pt-BR","potentialAction":[{"@type":"ReadAction","target":["https:\/\/www.pm.pb.gov.br\/portal\/2023\/04\/15\/policia-militar-prende-suspeita-de-atuar-no-trafico-em-comunidade-do-bairro-do-altiplano\/"]}]},{"@type":"BreadcrumbList","@id":"https:\/\/www.pm.pb.gov.br\/portal\/2023\/04\/15\/policia-militar-prende-suspeita-de-atuar-no-trafico-em-comunidade-do-bairro-do-altiplano\/#breadcrumb","itemListElement":[{"@type":"ListItem","position":1,"name":"In\u00edcio","item":"https:\/\/www.pm.pb.gov.br\/portal\/"},{"@type":"ListItem","position":2,"name":"Pol\u00edcia Militar prende suspeita de atuar no tr\u00e1fico em comunidade do bairro do Altiplano"}]},{"@type":"WebSite","@id":"https:\/\/www.pm.pb.gov.br\/portal\/#website","url":"https:\/\/www.pm.pb.gov.br\/portal\/","name":"Pol\u00edcia Militar da Para\u00edba","description":"","publisher":{"@id":"https:\/\/www.pm.pb.gov.br\/portal\/#organization"},"potentialAction":[{"@type":"SearchAction","target":{"@type":"EntryPoint","urlTemplate":"https:\/\/www.pm.pb.gov.br\/portal\/?s={search_term_string}"},"query-input":"required name=search_term_string"}],"inLanguage":"pt-BR"},{"@type":"Organization","@id":"https:\/\/www.pm.pb.gov.br\/portal\/#organization","name":"Pol\u00edcia Militar da Para\u00edba","url":"https:\/\/www.pm.pb.gov.br\/portal\/","logo":{"@type":"ImageObject","inLanguage":"pt-BR","@id":"https:\/\/www.pm.pb.gov.br\/portal\/#\/schema\/logo\/image\/","url":"https:\/\/www.pm.pb.gov.br\/portal\/wp-content\/uploads\/2025\/03\/cropped-logo-site-mag2-1.png","contentUrl":"https:\/\/www.pm.pb.gov.br\/portal\/wp-content\/uploads\/2025\/03\/cropped-logo-site-mag2-1.png","width":320,"height":90,"caption":"Pol\u00edcia Militar da Para\u00edba"},"image":{"@id":"https:\/\/www.pm.pb.gov.br\/portal\/#\/schema\/logo\/image\/"}},{"@type":"Person","@id":"https:\/\/www.pm.pb.gov.br\/portal\/#\/schema\/person\/e8454f46651c3ecf0e1ba3c1666d9947","name":"Assessoria de Imprensa da PMPB","image":{"@type":"ImageObject","inLanguage":"pt-BR","@id":"https:\/\/www.pm.pb.gov.br\/portal\/#\/schema\/person\/image\/","url":"https:\/\/secure.gravatar.com\/avatar\/2efe197438265d1e90bd98c4c8e1acf8?s=96&d=mm&r=g","contentUrl":"https:\/\/secure.gravatar.com\/avatar\/2efe197438265d1e90bd98c4c8e1acf8?s=96&d=mm&r=g","caption":"Assessoria de Imprensa da PMPB"},"url":"https:\/\/www.pm.pb.gov.br\/portal\/author\/assessoria\/"}]}},"_links":{"self":[{"href":"https:\/\/www.pm.pb.gov.br\/portal\/wp-json\/wp\/v2\/posts\/916273"}],"collection":[{"href":"https:\/\/www.pm.pb.gov.br\/portal\/wp-json\/wp\/v2\/posts"}],"about":[{"href":"https:\/\/www.pm.pb.gov.br\/portal\/wp-json\/wp\/v2\/types\/post"}],"author":[{"embeddable":true,"href":"https:\/\/www.pm.pb.gov.br\/portal\/wp-json\/wp\/v2\/users\/5"}],"replies":[{"embeddable":true,"href":"https:\/\/www.pm.pb.gov.br\/portal\/wp-json\/wp\/v2\/comments?post=916273"}],"version-history":[{"count":2,"href":"https:\/\/www.pm.pb.gov.br\/portal\/wp-json\/wp\/v2\/posts\/916273\/revisions"}],"predecessor-version":[{"id":916279,"href":"https:\/\/www.pm.pb.gov.br\/portal\/wp-json\/wp\/v2\/posts\/916273\/revisions\/916279"}],"wp:featuredmedia":[{"embeddable":true,"href":"https:\/\/www.pm.pb.gov.br\/portal\/wp-json\/wp\/v2\/media\/916280"}],"wp:attachment":[{"href":"https:\/\/www.pm.pb.gov.br\/portal\/wp-json\/wp\/v2\/media?parent=916273"}],"wp:term":[{"taxonomy":"category","embeddable":true,"href":"https:\/\/www.pm.pb.gov.br\/portal\/wp-json\/wp\/v2\/categories?post=916273"},{"taxonomy":"post_tag","embeddable":true,"href":"https:\/\/www.pm.pb.gov.br\/portal\/wp-json\/wp\/v2\/tags?post=916273"}],"curies":[{"name":"wp","href":"https:\/\/api.w.org\/{rel}","templated":true}]}}