{"id":916264,"date":"2023-04-10T17:17:36","date_gmt":"2023-04-10T20:17:36","guid":{"rendered":"https:\/\/www.pm.pb.gov.br\/portal\/?p=916264"},"modified":"2023-04-10T17:19:41","modified_gmt":"2023-04-10T20:19:41","slug":"paraiba-tem-reducao-de-67-dos-homicidios-na-semana-santa-e-menor-numero-de-assassinatos-desde-2017","status":"publish","type":"post","link":"https:\/\/www.pm.pb.gov.br\/portal\/2023\/04\/10\/paraiba-tem-reducao-de-67-dos-homicidios-na-semana-santa-e-menor-numero-de-assassinatos-desde-2017\/","title":{"rendered":"<strong>Para\u00edba tem redu\u00e7\u00e3o de 67% dos homic\u00eddios na Semana Santa e menor n\u00famero de assassinatos desde 2017<\/strong>"},"content":{"rendered":"\n<p>O empenho das for\u00e7as de seguran\u00e7a para garantir a tranquilidade no Estado durante a Semana Santa teve como resultado a redu\u00e7\u00e3o de 67% dos crimes contra a vida no per\u00edodo, que foi de 6 a 9 de abril deste ano (foto acima ilustrativa). Nos quatro dias de feriado, foram registrados cinco Crimes Violentos Letais Intencionais \u2013 homic\u00eddios dolosos ou qualquer crime doloso que resulte em morte, enquanto em 2022 foram 15 casos.<\/p>\n<p>\u201c\u00c9 a melhor Semana Santa da s\u00e9rie hist\u00f3rica registrada desde 2017, quando aconteceram oito registros de CVLI. Importante ressaltar que trabalhamos com opera\u00e7\u00f5es de preven\u00e7\u00e3o e repress\u00e3o qualificadas antes e durante o feriad\u00e3o, a exemplo de uma a\u00e7\u00e3o integrada com o Gaeco, realizada na quarta-feira, quando foram cumpridos 60 mandados de pris\u00e3o. Tamb\u00e9m permanecemos na Semana Santa dando continuidade a esses cumprimentos. Ent\u00e3o, o n\u00famero positivo de 2023 refor\u00e7a que a integra\u00e7\u00e3o entre os \u00f3rg\u00e3os do sistema de seguran\u00e7a, o planejamento antecipado, o uso de tecnologia e intelig\u00eancia policial trazem resultados efetivos\u201d, frisou o secret\u00e1rio da Seguran\u00e7a e da Defesa Social, Jean Nunes.<br \/><br \/>Este ano, mais de 5 mil agentes de Seguran\u00e7a P\u00fablica da Pol\u00edcia Militar, Pol\u00edcia Civil, do Corpo Bombeiros Militar e do Departamento de Tr\u00e2nsito da Para\u00edba atuaram no estado durante o feriad\u00e3o, executando trabalhos de preven\u00e7\u00e3o e repress\u00e3o qualificadas em todo o per\u00edodo de feriado prolongado no Estado.<\/p>\n<p><em>Fonte: Secom.<\/em><\/p>\n","protected":false},"excerpt":{"rendered":"<p>O empenho das for\u00e7as de seguran\u00e7a para garantir a tranquilidade no Estado durante a Semana Santa teve como resultado a<\/p>\n","protected":false},"author":12,"featured_media":915683,"comment_status":"closed","ping_status":"closed","sticky":false,"template":"","format":"standard","meta":{"_exactmetrics_skip_tracking":false,"_exactmetrics_sitenote_active":false,"_exactmetrics_sitenote_note":"","_exactmetrics_sitenote_category":0,"footnotes":""},"categories":[4],"tags":[],"yoast_head":"<!-- This site is optimized with the Yoast SEO plugin v22.0 - https:\/\/yoast.com\/wordpress\/plugins\/seo\/ -->\n<title>Para\u00edba tem redu\u00e7\u00e3o de 67% dos homic\u00eddios na Semana Santa e menor n\u00famero de assassinatos desde 2017 - Pol\u00edcia Militar da Para\u00edba<\/title>\n<meta name=\"robots\" content=\"index, follow, max-snippet:-1, max-image-preview:large, max-video-preview:-1\" \/>\n<link rel=\"canonical\" href=\"https:\/\/www.pm.pb.gov.br\/portal\/2023\/04\/10\/paraiba-tem-reducao-de-67-dos-homicidios-na-semana-santa-e-menor-numero-de-assassinatos-desde-2017\/\" \/>\n<meta property=\"og:locale\" content=\"pt_BR\" \/>\n<meta property=\"og:type\" content=\"article\" \/>\n<meta property=\"og:title\" content=\"Para\u00edba tem redu\u00e7\u00e3o de 67% dos homic\u00eddios na Semana Santa e menor n\u00famero de assassinatos desde 2017 - Pol\u00edcia Militar da Para\u00edba\" \/>\n<meta property=\"og:description\" content=\"O empenho das for\u00e7as de seguran\u00e7a para garantir a tranquilidade no Estado durante a Semana Santa teve como resultado a\" \/>\n<meta property=\"og:url\" content=\"https:\/\/www.pm.pb.gov.br\/portal\/2023\/04\/10\/paraiba-tem-reducao-de-67-dos-homicidios-na-semana-santa-e-menor-numero-de-assassinatos-desde-2017\/\" \/>\n<meta property=\"og:site_name\" content=\"Pol\u00edcia Militar da Para\u00edba\" \/>\n<meta property=\"article:published_time\" content=\"2023-04-10T20:17:36+00:00\" \/>\n<meta property=\"article:modified_time\" content=\"2023-04-10T20:19:41+00:00\" \/>\n<meta property=\"og:image\" content=\"http:\/\/www.pm.pb.gov.br\/portal\/wp-content\/uploads\/2023\/02\/ilustrativa.jpeg\" \/>\n\t<meta property=\"og:image:width\" content=\"800\" \/>\n\t<meta property=\"og:image:height\" content=\"445\" \/>\n\t<meta property=\"og:image:type\" content=\"image\/jpeg\" \/>\n<meta name=\"author\" content=\"Tarcisio Oliveira\" \/>\n<meta name=\"twitter:card\" content=\"summary_large_image\" \/>\n<meta name=\"twitter:label1\" content=\"Escrito por\" \/>\n\t<meta name=\"twitter:data1\" content=\"Tarcisio Oliveira\" \/>\n\t<meta name=\"twitter:label2\" content=\"Est. tempo de leitura\" \/>\n\t<meta name=\"twitter:data2\" content=\"2 minutos\" \/>\n<script type=\"application\/ld+json\" class=\"yoast-schema-graph\">{\"@context\":\"https:\/\/schema.org\",\"@graph\":[{\"@type\":\"Article\",\"@id\":\"https:\/\/www.pm.pb.gov.br\/portal\/2023\/04\/10\/paraiba-tem-reducao-de-67-dos-homicidios-na-semana-santa-e-menor-numero-de-assassinatos-desde-2017\/#article\",\"isPartOf\":{\"@id\":\"https:\/\/www.pm.pb.gov.br\/portal\/2023\/04\/10\/paraiba-tem-reducao-de-67-dos-homicidios-na-semana-santa-e-menor-numero-de-assassinatos-desde-2017\/\"},\"author\":{\"name\":\"Tarcisio Oliveira\",\"@id\":\"https:\/\/www.pm.pb.gov.br\/portal\/#\/schema\/person\/f84f56dcc78ce4357054da888b8247fd\"},\"headline\":\"Para\u00edba tem redu\u00e7\u00e3o de 67% dos homic\u00eddios na Semana Santa e menor n\u00famero de assassinatos desde 2017\",\"datePublished\":\"2023-04-10T20:17:36+00:00\",\"dateModified\":\"2023-04-10T20:19:41+00:00\",\"mainEntityOfPage\":{\"@id\":\"https:\/\/www.pm.pb.gov.br\/portal\/2023\/04\/10\/paraiba-tem-reducao-de-67-dos-homicidios-na-semana-santa-e-menor-numero-de-assassinatos-desde-2017\/\"},\"wordCount\":266,\"publisher\":{\"@id\":\"https:\/\/www.pm.pb.gov.br\/portal\/#organization\"},\"articleSection\":[\"A\u00e7\u00f5es Policiais\"],\"inLanguage\":\"pt-BR\"},{\"@type\":\"WebPage\",\"@id\":\"https:\/\/www.pm.pb.gov.br\/portal\/2023\/04\/10\/paraiba-tem-reducao-de-67-dos-homicidios-na-semana-santa-e-menor-numero-de-assassinatos-desde-2017\/\",\"url\":\"https:\/\/www.pm.pb.gov.br\/portal\/2023\/04\/10\/paraiba-tem-reducao-de-67-dos-homicidios-na-semana-santa-e-menor-numero-de-assassinatos-desde-2017\/\",\"name\":\"Para\u00edba tem redu\u00e7\u00e3o de 67% dos homic\u00eddios na Semana Santa e menor n\u00famero de assassinatos desde 2017 - Pol\u00edcia Militar da Para\u00edba\",\"isPartOf\":{\"@id\":\"https:\/\/www.pm.pb.gov.br\/portal\/#website\"},\"datePublished\":\"2023-04-10T20:17:36+00:00\",\"dateModified\":\"2023-04-10T20:19:41+00:00\",\"breadcrumb\":{\"@id\":\"https:\/\/www.pm.pb.gov.br\/portal\/2023\/04\/10\/paraiba-tem-reducao-de-67-dos-homicidios-na-semana-santa-e-menor-numero-de-assassinatos-desde-2017\/#breadcrumb\"},\"inLanguage\":\"pt-BR\",\"potentialAction\":[{\"@type\":\"ReadAction\",\"target\":[\"https:\/\/www.pm.pb.gov.br\/portal\/2023\/04\/10\/paraiba-tem-reducao-de-67-dos-homicidios-na-semana-santa-e-menor-numero-de-assassinatos-desde-2017\/\"]}]},{\"@type\":\"BreadcrumbList\",\"@id\":\"https:\/\/www.pm.pb.gov.br\/portal\/2023\/04\/10\/paraiba-tem-reducao-de-67-dos-homicidios-na-semana-santa-e-menor-numero-de-assassinatos-desde-2017\/#breadcrumb\",\"itemListElement\":[{\"@type\":\"ListItem\",\"position\":1,\"name\":\"In\u00edcio\",\"item\":\"https:\/\/www.pm.pb.gov.br\/portal\/\"},{\"@type\":\"ListItem\",\"position\":2,\"name\":\"Para\u00edba tem redu\u00e7\u00e3o de 67% dos homic\u00eddios na Semana Santa e menor n\u00famero de assassinatos desde 2017\"}]},{\"@type\":\"WebSite\",\"@id\":\"https:\/\/www.pm.pb.gov.br\/portal\/#website\",\"url\":\"https:\/\/www.pm.pb.gov.br\/portal\/\",\"name\":\"Pol\u00edcia Militar da Para\u00edba\",\"description\":\"\",\"publisher\":{\"@id\":\"https:\/\/www.pm.pb.gov.br\/portal\/#organization\"},\"potentialAction\":[{\"@type\":\"SearchAction\",\"target\":{\"@type\":\"EntryPoint\",\"urlTemplate\":\"https:\/\/www.pm.pb.gov.br\/portal\/?s={search_term_string}\"},\"query-input\":\"required name=search_term_string\"}],\"inLanguage\":\"pt-BR\"},{\"@type\":\"Organization\",\"@id\":\"https:\/\/www.pm.pb.gov.br\/portal\/#organization\",\"name\":\"Pol\u00edcia Militar da Para\u00edba\",\"url\":\"https:\/\/www.pm.pb.gov.br\/portal\/\",\"logo\":{\"@type\":\"ImageObject\",\"inLanguage\":\"pt-BR\",\"@id\":\"https:\/\/www.pm.pb.gov.br\/portal\/#\/schema\/logo\/image\/\",\"url\":\"https:\/\/www.pm.pb.gov.br\/portal\/wp-content\/uploads\/2025\/03\/cropped-logo-site-mag2-1.png\",\"contentUrl\":\"https:\/\/www.pm.pb.gov.br\/portal\/wp-content\/uploads\/2025\/03\/cropped-logo-site-mag2-1.png\",\"width\":320,\"height\":90,\"caption\":\"Pol\u00edcia Militar da Para\u00edba\"},\"image\":{\"@id\":\"https:\/\/www.pm.pb.gov.br\/portal\/#\/schema\/logo\/image\/\"}},{\"@type\":\"Person\",\"@id\":\"https:\/\/www.pm.pb.gov.br\/portal\/#\/schema\/person\/f84f56dcc78ce4357054da888b8247fd\",\"name\":\"Tarcisio Oliveira\",\"image\":{\"@type\":\"ImageObject\",\"inLanguage\":\"pt-BR\",\"@id\":\"https:\/\/www.pm.pb.gov.br\/portal\/#\/schema\/person\/image\/\",\"url\":\"https:\/\/secure.gravatar.com\/avatar\/72917b630b69d31cd0297507f34bac97?s=96&d=mm&r=g\",\"contentUrl\":\"https:\/\/secure.gravatar.com\/avatar\/72917b630b69d31cd0297507f34bac97?s=96&d=mm&r=g\",\"caption\":\"Tarcisio Oliveira\"},\"url\":\"https:\/\/www.pm.pb.gov.br\/portal\/author\/tarcisio\/\"}]}<\/script>\n<!-- \/ Yoast SEO plugin. -->","yoast_head_json":{"title":"Para\u00edba tem redu\u00e7\u00e3o de 67% dos homic\u00eddios na Semana Santa e menor n\u00famero de assassinatos desde 2017 - Pol\u00edcia Militar da Para\u00edba","robots":{"index":"index","follow":"follow","max-snippet":"max-snippet:-1","max-image-preview":"max-image-preview:large","max-video-preview":"max-video-preview:-1"},"canonical":"https:\/\/www.pm.pb.gov.br\/portal\/2023\/04\/10\/paraiba-tem-reducao-de-67-dos-homicidios-na-semana-santa-e-menor-numero-de-assassinatos-desde-2017\/","og_locale":"pt_BR","og_type":"article","og_title":"Para\u00edba tem redu\u00e7\u00e3o de 67% dos homic\u00eddios na Semana Santa e menor n\u00famero de assassinatos desde 2017 - Pol\u00edcia Militar da Para\u00edba","og_description":"O empenho das for\u00e7as de seguran\u00e7a para garantir a tranquilidade no Estado durante a Semana Santa teve como resultado a","og_url":"https:\/\/www.pm.pb.gov.br\/portal\/2023\/04\/10\/paraiba-tem-reducao-de-67-dos-homicidios-na-semana-santa-e-menor-numero-de-assassinatos-desde-2017\/","og_site_name":"Pol\u00edcia Militar da Para\u00edba","article_published_time":"2023-04-10T20:17:36+00:00","article_modified_time":"2023-04-10T20:19:41+00:00","og_image":[{"width":800,"height":445,"url":"http:\/\/www.pm.pb.gov.br\/portal\/wp-content\/uploads\/2023\/02\/ilustrativa.jpeg","type":"image\/jpeg"}],"author":"Tarcisio Oliveira","twitter_card":"summary_large_image","twitter_misc":{"Escrito por":"Tarcisio Oliveira","Est. tempo de leitura":"2 minutos"},"schema":{"@context":"https:\/\/schema.org","@graph":[{"@type":"Article","@id":"https:\/\/www.pm.pb.gov.br\/portal\/2023\/04\/10\/paraiba-tem-reducao-de-67-dos-homicidios-na-semana-santa-e-menor-numero-de-assassinatos-desde-2017\/#article","isPartOf":{"@id":"https:\/\/www.pm.pb.gov.br\/portal\/2023\/04\/10\/paraiba-tem-reducao-de-67-dos-homicidios-na-semana-santa-e-menor-numero-de-assassinatos-desde-2017\/"},"author":{"name":"Tarcisio Oliveira","@id":"https:\/\/www.pm.pb.gov.br\/portal\/#\/schema\/person\/f84f56dcc78ce4357054da888b8247fd"},"headline":"Para\u00edba tem redu\u00e7\u00e3o de 67% dos homic\u00eddios na Semana Santa e menor n\u00famero de assassinatos desde 2017","datePublished":"2023-04-10T20:17:36+00:00","dateModified":"2023-04-10T20:19:41+00:00","mainEntityOfPage":{"@id":"https:\/\/www.pm.pb.gov.br\/portal\/2023\/04\/10\/paraiba-tem-reducao-de-67-dos-homicidios-na-semana-santa-e-menor-numero-de-assassinatos-desde-2017\/"},"wordCount":266,"publisher":{"@id":"https:\/\/www.pm.pb.gov.br\/portal\/#organization"},"articleSection":["A\u00e7\u00f5es Policiais"],"inLanguage":"pt-BR"},{"@type":"WebPage","@id":"https:\/\/www.pm.pb.gov.br\/portal\/2023\/04\/10\/paraiba-tem-reducao-de-67-dos-homicidios-na-semana-santa-e-menor-numero-de-assassinatos-desde-2017\/","url":"https:\/\/www.pm.pb.gov.br\/portal\/2023\/04\/10\/paraiba-tem-reducao-de-67-dos-homicidios-na-semana-santa-e-menor-numero-de-assassinatos-desde-2017\/","name":"Para\u00edba tem redu\u00e7\u00e3o de 67% dos homic\u00eddios na Semana Santa e menor n\u00famero de assassinatos desde 2017 - Pol\u00edcia Militar da Para\u00edba","isPartOf":{"@id":"https:\/\/www.pm.pb.gov.br\/portal\/#website"},"datePublished":"2023-04-10T20:17:36+00:00","dateModified":"2023-04-10T20:19:41+00:00","breadcrumb":{"@id":"https:\/\/www.pm.pb.gov.br\/portal\/2023\/04\/10\/paraiba-tem-reducao-de-67-dos-homicidios-na-semana-santa-e-menor-numero-de-assassinatos-desde-2017\/#breadcrumb"},"inLanguage":"pt-BR","potentialAction":[{"@type":"ReadAction","target":["https:\/\/www.pm.pb.gov.br\/portal\/2023\/04\/10\/paraiba-tem-reducao-de-67-dos-homicidios-na-semana-santa-e-menor-numero-de-assassinatos-desde-2017\/"]}]},{"@type":"BreadcrumbList","@id":"https:\/\/www.pm.pb.gov.br\/portal\/2023\/04\/10\/paraiba-tem-reducao-de-67-dos-homicidios-na-semana-santa-e-menor-numero-de-assassinatos-desde-2017\/#breadcrumb","itemListElement":[{"@type":"ListItem","position":1,"name":"In\u00edcio","item":"https:\/\/www.pm.pb.gov.br\/portal\/"},{"@type":"ListItem","position":2,"name":"Para\u00edba tem redu\u00e7\u00e3o de 67% dos homic\u00eddios na Semana Santa e menor n\u00famero de assassinatos desde 2017"}]},{"@type":"WebSite","@id":"https:\/\/www.pm.pb.gov.br\/portal\/#website","url":"https:\/\/www.pm.pb.gov.br\/portal\/","name":"Pol\u00edcia Militar da Para\u00edba","description":"","publisher":{"@id":"https:\/\/www.pm.pb.gov.br\/portal\/#organization"},"potentialAction":[{"@type":"SearchAction","target":{"@type":"EntryPoint","urlTemplate":"https:\/\/www.pm.pb.gov.br\/portal\/?s={search_term_string}"},"query-input":"required name=search_term_string"}],"inLanguage":"pt-BR"},{"@type":"Organization","@id":"https:\/\/www.pm.pb.gov.br\/portal\/#organization","name":"Pol\u00edcia Militar da Para\u00edba","url":"https:\/\/www.pm.pb.gov.br\/portal\/","logo":{"@type":"ImageObject","inLanguage":"pt-BR","@id":"https:\/\/www.pm.pb.gov.br\/portal\/#\/schema\/logo\/image\/","url":"https:\/\/www.pm.pb.gov.br\/portal\/wp-content\/uploads\/2025\/03\/cropped-logo-site-mag2-1.png","contentUrl":"https:\/\/www.pm.pb.gov.br\/portal\/wp-content\/uploads\/2025\/03\/cropped-logo-site-mag2-1.png","width":320,"height":90,"caption":"Pol\u00edcia Militar da Para\u00edba"},"image":{"@id":"https:\/\/www.pm.pb.gov.br\/portal\/#\/schema\/logo\/image\/"}},{"@type":"Person","@id":"https:\/\/www.pm.pb.gov.br\/portal\/#\/schema\/person\/f84f56dcc78ce4357054da888b8247fd","name":"Tarcisio Oliveira","image":{"@type":"ImageObject","inLanguage":"pt-BR","@id":"https:\/\/www.pm.pb.gov.br\/portal\/#\/schema\/person\/image\/","url":"https:\/\/secure.gravatar.com\/avatar\/72917b630b69d31cd0297507f34bac97?s=96&d=mm&r=g","contentUrl":"https:\/\/secure.gravatar.com\/avatar\/72917b630b69d31cd0297507f34bac97?s=96&d=mm&r=g","caption":"Tarcisio Oliveira"},"url":"https:\/\/www.pm.pb.gov.br\/portal\/author\/tarcisio\/"}]}},"_links":{"self":[{"href":"https:\/\/www.pm.pb.gov.br\/portal\/wp-json\/wp\/v2\/posts\/916264"}],"collection":[{"href":"https:\/\/www.pm.pb.gov.br\/portal\/wp-json\/wp\/v2\/posts"}],"about":[{"href":"https:\/\/www.pm.pb.gov.br\/portal\/wp-json\/wp\/v2\/types\/post"}],"author":[{"embeddable":true,"href":"https:\/\/www.pm.pb.gov.br\/portal\/wp-json\/wp\/v2\/users\/12"}],"replies":[{"embeddable":true,"href":"https:\/\/www.pm.pb.gov.br\/portal\/wp-json\/wp\/v2\/comments?post=916264"}],"version-history":[{"count":2,"href":"https:\/\/www.pm.pb.gov.br\/portal\/wp-json\/wp\/v2\/posts\/916264\/revisions"}],"predecessor-version":[{"id":916266,"href":"https:\/\/www.pm.pb.gov.br\/portal\/wp-json\/wp\/v2\/posts\/916264\/revisions\/916266"}],"wp:featuredmedia":[{"embeddable":true,"href":"https:\/\/www.pm.pb.gov.br\/portal\/wp-json\/wp\/v2\/media\/915683"}],"wp:attachment":[{"href":"https:\/\/www.pm.pb.gov.br\/portal\/wp-json\/wp\/v2\/media?parent=916264"}],"wp:term":[{"taxonomy":"category","embeddable":true,"href":"https:\/\/www.pm.pb.gov.br\/portal\/wp-json\/wp\/v2\/categories?post=916264"},{"taxonomy":"post_tag","embeddable":true,"href":"https:\/\/www.pm.pb.gov.br\/portal\/wp-json\/wp\/v2\/tags?post=916264"}],"curies":[{"name":"wp","href":"https:\/\/api.w.org\/{rel}","templated":true}]}}