{"id":916251,"date":"2023-04-08T10:55:35","date_gmt":"2023-04-08T13:55:35","guid":{"rendered":"https:\/\/www.pm.pb.gov.br\/portal\/?p=916251"},"modified":"2023-04-08T10:55:38","modified_gmt":"2023-04-08T13:55:38","slug":"policia-militar-prende-homem-com-dois-mandados-de-prisao-e-recupera-motocicleta-roubada-na-capital","status":"publish","type":"post","link":"https:\/\/www.pm.pb.gov.br\/portal\/2023\/04\/08\/policia-militar-prende-homem-com-dois-mandados-de-prisao-e-recupera-motocicleta-roubada-na-capital\/","title":{"rendered":"<strong>Pol\u00edcia Militar prende homem com dois mandados de pris\u00e3o e recupera motocicleta roubada na Capital<\/strong>"},"content":{"rendered":"\n\n\n<p style=\"font-weight: 400;\">Na noite dessa sexta-feira (07), policiais militares da For\u00e7a Regional da Pol\u00edcia Militar prenderam um homem com dois mandados de pris\u00e3o em aberto, al\u00e9m de apreender drogas e uma motocicleta roubada.<\/p>\n<p style=\"font-weight: 400;\">Policiais da For\u00e7a Regional estavam em rondas no bairro Cruz das Armas quando visualizaram um homem em uma motocicleta sem placa. Na abordagem, foram encontradas tr\u00eas por\u00e7\u00f5es de maconha e, em consulta dos dados pessoais junto ao CIOP, constatou-se que se tratava de um foragido da justi\u00e7a com dois mandados de pris\u00e3o em aberto por processos distintos.<\/p>\n<p style=\"font-weight: 400;\">O acusado, de 26 anos, foi conduzido \u00e0 Central de Flagrantes para os procedimentos cab\u00edveis.\u00a0<\/p>\n","protected":false},"excerpt":{"rendered":"<p>Na noite dessa sexta-feira (07), policiais militares da For\u00e7a Regional da Pol\u00edcia Militar prenderam um homem com dois mandados de<\/p>\n","protected":false},"author":5,"featured_media":900619,"comment_status":"closed","ping_status":"closed","sticky":false,"template":"","format":"standard","meta":{"_exactmetrics_skip_tracking":false,"_exactmetrics_sitenote_active":false,"_exactmetrics_sitenote_note":"","_exactmetrics_sitenote_category":0,"footnotes":""},"categories":[4],"tags":[],"yoast_head":"<!-- This site is optimized with the Yoast SEO plugin v22.0 - https:\/\/yoast.com\/wordpress\/plugins\/seo\/ -->\n<title>Pol\u00edcia Militar prende homem com dois mandados de pris\u00e3o e recupera motocicleta roubada na Capital - Pol\u00edcia Militar da Para\u00edba<\/title>\n<meta name=\"robots\" content=\"index, follow, max-snippet:-1, max-image-preview:large, max-video-preview:-1\" \/>\n<link rel=\"canonical\" href=\"https:\/\/www.pm.pb.gov.br\/portal\/2023\/04\/08\/policia-militar-prende-homem-com-dois-mandados-de-prisao-e-recupera-motocicleta-roubada-na-capital\/\" \/>\n<meta property=\"og:locale\" content=\"pt_BR\" \/>\n<meta property=\"og:type\" content=\"article\" \/>\n<meta property=\"og:title\" content=\"Pol\u00edcia Militar prende homem com dois mandados de pris\u00e3o e recupera motocicleta roubada na Capital - Pol\u00edcia Militar da Para\u00edba\" \/>\n<meta property=\"og:description\" content=\"Na noite dessa sexta-feira (07), policiais militares da For\u00e7a Regional da Pol\u00edcia Militar prenderam um homem com dois mandados de\" \/>\n<meta property=\"og:url\" content=\"https:\/\/www.pm.pb.gov.br\/portal\/2023\/04\/08\/policia-militar-prende-homem-com-dois-mandados-de-prisao-e-recupera-motocicleta-roubada-na-capital\/\" \/>\n<meta property=\"og:site_name\" content=\"Pol\u00edcia Militar da Para\u00edba\" \/>\n<meta property=\"article:published_time\" content=\"2023-04-08T13:55:35+00:00\" \/>\n<meta property=\"article:modified_time\" content=\"2023-04-08T13:55:38+00:00\" \/>\n<meta property=\"og:image\" content=\"http:\/\/www.pm.pb.gov.br\/portal\/wp-content\/uploads\/2019\/05\/1bpm.jpg\" \/>\n\t<meta property=\"og:image:width\" content=\"800\" \/>\n\t<meta property=\"og:image:height\" content=\"445\" \/>\n\t<meta property=\"og:image:type\" content=\"image\/jpeg\" \/>\n<meta name=\"author\" content=\"Assessoria de Imprensa da PMPB\" \/>\n<meta name=\"twitter:card\" content=\"summary_large_image\" \/>\n<meta name=\"twitter:label1\" content=\"Escrito por\" \/>\n\t<meta name=\"twitter:data1\" content=\"Assessoria de Imprensa da PMPB\" \/>\n\t<meta name=\"twitter:label2\" content=\"Est. tempo de leitura\" \/>\n\t<meta name=\"twitter:data2\" content=\"1 minuto\" \/>\n<script type=\"application\/ld+json\" class=\"yoast-schema-graph\">{\"@context\":\"https:\/\/schema.org\",\"@graph\":[{\"@type\":\"Article\",\"@id\":\"https:\/\/www.pm.pb.gov.br\/portal\/2023\/04\/08\/policia-militar-prende-homem-com-dois-mandados-de-prisao-e-recupera-motocicleta-roubada-na-capital\/#article\",\"isPartOf\":{\"@id\":\"https:\/\/www.pm.pb.gov.br\/portal\/2023\/04\/08\/policia-militar-prende-homem-com-dois-mandados-de-prisao-e-recupera-motocicleta-roubada-na-capital\/\"},\"author\":{\"name\":\"Assessoria de Imprensa da PMPB\",\"@id\":\"https:\/\/www.pm.pb.gov.br\/portal\/#\/schema\/person\/e8454f46651c3ecf0e1ba3c1666d9947\"},\"headline\":\"Pol\u00edcia Militar prende homem com dois mandados de pris\u00e3o e recupera motocicleta roubada na Capital\",\"datePublished\":\"2023-04-08T13:55:35+00:00\",\"dateModified\":\"2023-04-08T13:55:38+00:00\",\"mainEntityOfPage\":{\"@id\":\"https:\/\/www.pm.pb.gov.br\/portal\/2023\/04\/08\/policia-militar-prende-homem-com-dois-mandados-de-prisao-e-recupera-motocicleta-roubada-na-capital\/\"},\"wordCount\":127,\"publisher\":{\"@id\":\"https:\/\/www.pm.pb.gov.br\/portal\/#organization\"},\"articleSection\":[\"A\u00e7\u00f5es Policiais\"],\"inLanguage\":\"pt-BR\"},{\"@type\":\"WebPage\",\"@id\":\"https:\/\/www.pm.pb.gov.br\/portal\/2023\/04\/08\/policia-militar-prende-homem-com-dois-mandados-de-prisao-e-recupera-motocicleta-roubada-na-capital\/\",\"url\":\"https:\/\/www.pm.pb.gov.br\/portal\/2023\/04\/08\/policia-militar-prende-homem-com-dois-mandados-de-prisao-e-recupera-motocicleta-roubada-na-capital\/\",\"name\":\"Pol\u00edcia Militar prende homem com dois mandados de pris\u00e3o e recupera motocicleta roubada na Capital - Pol\u00edcia Militar da Para\u00edba\",\"isPartOf\":{\"@id\":\"https:\/\/www.pm.pb.gov.br\/portal\/#website\"},\"datePublished\":\"2023-04-08T13:55:35+00:00\",\"dateModified\":\"2023-04-08T13:55:38+00:00\",\"breadcrumb\":{\"@id\":\"https:\/\/www.pm.pb.gov.br\/portal\/2023\/04\/08\/policia-militar-prende-homem-com-dois-mandados-de-prisao-e-recupera-motocicleta-roubada-na-capital\/#breadcrumb\"},\"inLanguage\":\"pt-BR\",\"potentialAction\":[{\"@type\":\"ReadAction\",\"target\":[\"https:\/\/www.pm.pb.gov.br\/portal\/2023\/04\/08\/policia-militar-prende-homem-com-dois-mandados-de-prisao-e-recupera-motocicleta-roubada-na-capital\/\"]}]},{\"@type\":\"BreadcrumbList\",\"@id\":\"https:\/\/www.pm.pb.gov.br\/portal\/2023\/04\/08\/policia-militar-prende-homem-com-dois-mandados-de-prisao-e-recupera-motocicleta-roubada-na-capital\/#breadcrumb\",\"itemListElement\":[{\"@type\":\"ListItem\",\"position\":1,\"name\":\"In\u00edcio\",\"item\":\"https:\/\/www.pm.pb.gov.br\/portal\/\"},{\"@type\":\"ListItem\",\"position\":2,\"name\":\"Pol\u00edcia Militar prende homem com dois mandados de pris\u00e3o e recupera motocicleta roubada na Capital\"}]},{\"@type\":\"WebSite\",\"@id\":\"https:\/\/www.pm.pb.gov.br\/portal\/#website\",\"url\":\"https:\/\/www.pm.pb.gov.br\/portal\/\",\"name\":\"Pol\u00edcia Militar da Para\u00edba\",\"description\":\"\",\"publisher\":{\"@id\":\"https:\/\/www.pm.pb.gov.br\/portal\/#organization\"},\"potentialAction\":[{\"@type\":\"SearchAction\",\"target\":{\"@type\":\"EntryPoint\",\"urlTemplate\":\"https:\/\/www.pm.pb.gov.br\/portal\/?s={search_term_string}\"},\"query-input\":\"required name=search_term_string\"}],\"inLanguage\":\"pt-BR\"},{\"@type\":\"Organization\",\"@id\":\"https:\/\/www.pm.pb.gov.br\/portal\/#organization\",\"name\":\"Pol\u00edcia Militar da Para\u00edba\",\"url\":\"https:\/\/www.pm.pb.gov.br\/portal\/\",\"logo\":{\"@type\":\"ImageObject\",\"inLanguage\":\"pt-BR\",\"@id\":\"https:\/\/www.pm.pb.gov.br\/portal\/#\/schema\/logo\/image\/\",\"url\":\"https:\/\/www.pm.pb.gov.br\/portal\/wp-content\/uploads\/2025\/03\/cropped-logo-site-mag2-1.png\",\"contentUrl\":\"https:\/\/www.pm.pb.gov.br\/portal\/wp-content\/uploads\/2025\/03\/cropped-logo-site-mag2-1.png\",\"width\":320,\"height\":90,\"caption\":\"Pol\u00edcia Militar da Para\u00edba\"},\"image\":{\"@id\":\"https:\/\/www.pm.pb.gov.br\/portal\/#\/schema\/logo\/image\/\"}},{\"@type\":\"Person\",\"@id\":\"https:\/\/www.pm.pb.gov.br\/portal\/#\/schema\/person\/e8454f46651c3ecf0e1ba3c1666d9947\",\"name\":\"Assessoria de Imprensa da PMPB\",\"image\":{\"@type\":\"ImageObject\",\"inLanguage\":\"pt-BR\",\"@id\":\"https:\/\/www.pm.pb.gov.br\/portal\/#\/schema\/person\/image\/\",\"url\":\"https:\/\/secure.gravatar.com\/avatar\/2efe197438265d1e90bd98c4c8e1acf8?s=96&d=mm&r=g\",\"contentUrl\":\"https:\/\/secure.gravatar.com\/avatar\/2efe197438265d1e90bd98c4c8e1acf8?s=96&d=mm&r=g\",\"caption\":\"Assessoria de Imprensa da PMPB\"},\"url\":\"https:\/\/www.pm.pb.gov.br\/portal\/author\/assessoria\/\"}]}<\/script>\n<!-- \/ Yoast SEO plugin. -->","yoast_head_json":{"title":"Pol\u00edcia Militar prende homem com dois mandados de pris\u00e3o e recupera motocicleta roubada na Capital - Pol\u00edcia Militar da Para\u00edba","robots":{"index":"index","follow":"follow","max-snippet":"max-snippet:-1","max-image-preview":"max-image-preview:large","max-video-preview":"max-video-preview:-1"},"canonical":"https:\/\/www.pm.pb.gov.br\/portal\/2023\/04\/08\/policia-militar-prende-homem-com-dois-mandados-de-prisao-e-recupera-motocicleta-roubada-na-capital\/","og_locale":"pt_BR","og_type":"article","og_title":"Pol\u00edcia Militar prende homem com dois mandados de pris\u00e3o e recupera motocicleta roubada na Capital - Pol\u00edcia Militar da Para\u00edba","og_description":"Na noite dessa sexta-feira (07), policiais militares da For\u00e7a Regional da Pol\u00edcia Militar prenderam um homem com dois mandados de","og_url":"https:\/\/www.pm.pb.gov.br\/portal\/2023\/04\/08\/policia-militar-prende-homem-com-dois-mandados-de-prisao-e-recupera-motocicleta-roubada-na-capital\/","og_site_name":"Pol\u00edcia Militar da Para\u00edba","article_published_time":"2023-04-08T13:55:35+00:00","article_modified_time":"2023-04-08T13:55:38+00:00","og_image":[{"width":800,"height":445,"url":"http:\/\/www.pm.pb.gov.br\/portal\/wp-content\/uploads\/2019\/05\/1bpm.jpg","type":"image\/jpeg"}],"author":"Assessoria de Imprensa da PMPB","twitter_card":"summary_large_image","twitter_misc":{"Escrito por":"Assessoria de Imprensa da PMPB","Est. tempo de leitura":"1 minuto"},"schema":{"@context":"https:\/\/schema.org","@graph":[{"@type":"Article","@id":"https:\/\/www.pm.pb.gov.br\/portal\/2023\/04\/08\/policia-militar-prende-homem-com-dois-mandados-de-prisao-e-recupera-motocicleta-roubada-na-capital\/#article","isPartOf":{"@id":"https:\/\/www.pm.pb.gov.br\/portal\/2023\/04\/08\/policia-militar-prende-homem-com-dois-mandados-de-prisao-e-recupera-motocicleta-roubada-na-capital\/"},"author":{"name":"Assessoria de Imprensa da PMPB","@id":"https:\/\/www.pm.pb.gov.br\/portal\/#\/schema\/person\/e8454f46651c3ecf0e1ba3c1666d9947"},"headline":"Pol\u00edcia Militar prende homem com dois mandados de pris\u00e3o e recupera motocicleta roubada na Capital","datePublished":"2023-04-08T13:55:35+00:00","dateModified":"2023-04-08T13:55:38+00:00","mainEntityOfPage":{"@id":"https:\/\/www.pm.pb.gov.br\/portal\/2023\/04\/08\/policia-militar-prende-homem-com-dois-mandados-de-prisao-e-recupera-motocicleta-roubada-na-capital\/"},"wordCount":127,"publisher":{"@id":"https:\/\/www.pm.pb.gov.br\/portal\/#organization"},"articleSection":["A\u00e7\u00f5es Policiais"],"inLanguage":"pt-BR"},{"@type":"WebPage","@id":"https:\/\/www.pm.pb.gov.br\/portal\/2023\/04\/08\/policia-militar-prende-homem-com-dois-mandados-de-prisao-e-recupera-motocicleta-roubada-na-capital\/","url":"https:\/\/www.pm.pb.gov.br\/portal\/2023\/04\/08\/policia-militar-prende-homem-com-dois-mandados-de-prisao-e-recupera-motocicleta-roubada-na-capital\/","name":"Pol\u00edcia Militar prende homem com dois mandados de pris\u00e3o e recupera motocicleta roubada na Capital - Pol\u00edcia Militar da Para\u00edba","isPartOf":{"@id":"https:\/\/www.pm.pb.gov.br\/portal\/#website"},"datePublished":"2023-04-08T13:55:35+00:00","dateModified":"2023-04-08T13:55:38+00:00","breadcrumb":{"@id":"https:\/\/www.pm.pb.gov.br\/portal\/2023\/04\/08\/policia-militar-prende-homem-com-dois-mandados-de-prisao-e-recupera-motocicleta-roubada-na-capital\/#breadcrumb"},"inLanguage":"pt-BR","potentialAction":[{"@type":"ReadAction","target":["https:\/\/www.pm.pb.gov.br\/portal\/2023\/04\/08\/policia-militar-prende-homem-com-dois-mandados-de-prisao-e-recupera-motocicleta-roubada-na-capital\/"]}]},{"@type":"BreadcrumbList","@id":"https:\/\/www.pm.pb.gov.br\/portal\/2023\/04\/08\/policia-militar-prende-homem-com-dois-mandados-de-prisao-e-recupera-motocicleta-roubada-na-capital\/#breadcrumb","itemListElement":[{"@type":"ListItem","position":1,"name":"In\u00edcio","item":"https:\/\/www.pm.pb.gov.br\/portal\/"},{"@type":"ListItem","position":2,"name":"Pol\u00edcia Militar prende homem com dois mandados de pris\u00e3o e recupera motocicleta roubada na Capital"}]},{"@type":"WebSite","@id":"https:\/\/www.pm.pb.gov.br\/portal\/#website","url":"https:\/\/www.pm.pb.gov.br\/portal\/","name":"Pol\u00edcia Militar da Para\u00edba","description":"","publisher":{"@id":"https:\/\/www.pm.pb.gov.br\/portal\/#organization"},"potentialAction":[{"@type":"SearchAction","target":{"@type":"EntryPoint","urlTemplate":"https:\/\/www.pm.pb.gov.br\/portal\/?s={search_term_string}"},"query-input":"required name=search_term_string"}],"inLanguage":"pt-BR"},{"@type":"Organization","@id":"https:\/\/www.pm.pb.gov.br\/portal\/#organization","name":"Pol\u00edcia Militar da Para\u00edba","url":"https:\/\/www.pm.pb.gov.br\/portal\/","logo":{"@type":"ImageObject","inLanguage":"pt-BR","@id":"https:\/\/www.pm.pb.gov.br\/portal\/#\/schema\/logo\/image\/","url":"https:\/\/www.pm.pb.gov.br\/portal\/wp-content\/uploads\/2025\/03\/cropped-logo-site-mag2-1.png","contentUrl":"https:\/\/www.pm.pb.gov.br\/portal\/wp-content\/uploads\/2025\/03\/cropped-logo-site-mag2-1.png","width":320,"height":90,"caption":"Pol\u00edcia Militar da Para\u00edba"},"image":{"@id":"https:\/\/www.pm.pb.gov.br\/portal\/#\/schema\/logo\/image\/"}},{"@type":"Person","@id":"https:\/\/www.pm.pb.gov.br\/portal\/#\/schema\/person\/e8454f46651c3ecf0e1ba3c1666d9947","name":"Assessoria de Imprensa da PMPB","image":{"@type":"ImageObject","inLanguage":"pt-BR","@id":"https:\/\/www.pm.pb.gov.br\/portal\/#\/schema\/person\/image\/","url":"https:\/\/secure.gravatar.com\/avatar\/2efe197438265d1e90bd98c4c8e1acf8?s=96&d=mm&r=g","contentUrl":"https:\/\/secure.gravatar.com\/avatar\/2efe197438265d1e90bd98c4c8e1acf8?s=96&d=mm&r=g","caption":"Assessoria de Imprensa da PMPB"},"url":"https:\/\/www.pm.pb.gov.br\/portal\/author\/assessoria\/"}]}},"_links":{"self":[{"href":"https:\/\/www.pm.pb.gov.br\/portal\/wp-json\/wp\/v2\/posts\/916251"}],"collection":[{"href":"https:\/\/www.pm.pb.gov.br\/portal\/wp-json\/wp\/v2\/posts"}],"about":[{"href":"https:\/\/www.pm.pb.gov.br\/portal\/wp-json\/wp\/v2\/types\/post"}],"author":[{"embeddable":true,"href":"https:\/\/www.pm.pb.gov.br\/portal\/wp-json\/wp\/v2\/users\/5"}],"replies":[{"embeddable":true,"href":"https:\/\/www.pm.pb.gov.br\/portal\/wp-json\/wp\/v2\/comments?post=916251"}],"version-history":[{"count":1,"href":"https:\/\/www.pm.pb.gov.br\/portal\/wp-json\/wp\/v2\/posts\/916251\/revisions"}],"predecessor-version":[{"id":916252,"href":"https:\/\/www.pm.pb.gov.br\/portal\/wp-json\/wp\/v2\/posts\/916251\/revisions\/916252"}],"wp:featuredmedia":[{"embeddable":true,"href":"https:\/\/www.pm.pb.gov.br\/portal\/wp-json\/wp\/v2\/media\/900619"}],"wp:attachment":[{"href":"https:\/\/www.pm.pb.gov.br\/portal\/wp-json\/wp\/v2\/media?parent=916251"}],"wp:term":[{"taxonomy":"category","embeddable":true,"href":"https:\/\/www.pm.pb.gov.br\/portal\/wp-json\/wp\/v2\/categories?post=916251"},{"taxonomy":"post_tag","embeddable":true,"href":"https:\/\/www.pm.pb.gov.br\/portal\/wp-json\/wp\/v2\/tags?post=916251"}],"curies":[{"name":"wp","href":"https:\/\/api.w.org\/{rel}","templated":true}]}}