{"id":916243,"date":"2023-04-08T10:43:40","date_gmt":"2023-04-08T13:43:40","guid":{"rendered":"https:\/\/www.pm.pb.gov.br\/portal\/?p=916243"},"modified":"2023-04-08T10:43:44","modified_gmt":"2023-04-08T13:43:44","slug":"policia-militar-apreende-armas-de-fogo-e-motocicleta-roubada-apos-confronto-em-sao-bento","status":"publish","type":"post","link":"https:\/\/www.pm.pb.gov.br\/portal\/2023\/04\/08\/policia-militar-apreende-armas-de-fogo-e-motocicleta-roubada-apos-confronto-em-sao-bento\/","title":{"rendered":"Pol\u00edcia Militar apreende armas de fogo e motocicleta roubada, ap\u00f3s confronto em S\u00e3o Bento"},"content":{"rendered":"\n\n\n<p style=\"font-weight: 400;\">Na noite dessa sexta-feira (07), policiais militares do 12\u00ba BPM apreenderam uma moto roubada e dois rev\u00f3lveres, calibre 38, com seis muni\u00e7\u00f5es deflagradas e cinco intactas, na rodovia que liga as cidades de S\u00e3o Bento-PB e Brejo do Cruz-PB.<\/p>\n<p style=\"font-weight: 400;\">A Pol\u00edcia Militar deparou-se com dois suspeitos transitando em uma motocicleta vermelha, com restri\u00e7\u00e3o por roubo. As equipes policiais tentaram abordar os suspeitos, que reagiram efetuando disparos contra os policiais, que prontamente tiveram que revidar \u00e0 injusta agress\u00e3o. Na a\u00e7\u00e3o, os dois indiv\u00edduos foram alvejados, sendo socorridos para o hospital de S\u00e3o Bento, onde vieram a \u00f3bito.<\/p>\n<p style=\"font-weight: 400;\">As armas e a motocicleta roubada foram apreendidas e encaminhadas \u00e0 Delegacia de Pol\u00edcia Civil da cidade de S\u00e3o Bento.<\/p>\n","protected":false},"excerpt":{"rendered":"<p>Na noite dessa sexta-feira (07), policiais militares do 12\u00ba BPM apreenderam uma moto roubada e dois rev\u00f3lveres, calibre 38, com<\/p>\n","protected":false},"author":5,"featured_media":916239,"comment_status":"closed","ping_status":"closed","sticky":false,"template":"","format":"standard","meta":{"_exactmetrics_skip_tracking":false,"_exactmetrics_sitenote_active":false,"_exactmetrics_sitenote_note":"","_exactmetrics_sitenote_category":0,"footnotes":""},"categories":[4],"tags":[],"yoast_head":"<!-- This site is optimized with the Yoast SEO plugin v22.0 - https:\/\/yoast.com\/wordpress\/plugins\/seo\/ -->\n<title>Pol\u00edcia Militar apreende armas de fogo e motocicleta roubada, ap\u00f3s confronto em S\u00e3o Bento - Pol\u00edcia Militar da Para\u00edba<\/title>\n<meta name=\"robots\" content=\"index, follow, max-snippet:-1, max-image-preview:large, max-video-preview:-1\" \/>\n<link rel=\"canonical\" href=\"https:\/\/www.pm.pb.gov.br\/portal\/2023\/04\/08\/policia-militar-apreende-armas-de-fogo-e-motocicleta-roubada-apos-confronto-em-sao-bento\/\" \/>\n<meta property=\"og:locale\" content=\"pt_BR\" \/>\n<meta property=\"og:type\" content=\"article\" \/>\n<meta property=\"og:title\" content=\"Pol\u00edcia Militar apreende armas de fogo e motocicleta roubada, ap\u00f3s confronto em S\u00e3o Bento - Pol\u00edcia Militar da Para\u00edba\" \/>\n<meta property=\"og:description\" content=\"Na noite dessa sexta-feira (07), policiais militares do 12\u00ba BPM apreenderam uma moto roubada e dois rev\u00f3lveres, calibre 38, com\" \/>\n<meta property=\"og:url\" content=\"https:\/\/www.pm.pb.gov.br\/portal\/2023\/04\/08\/policia-militar-apreende-armas-de-fogo-e-motocicleta-roubada-apos-confronto-em-sao-bento\/\" \/>\n<meta property=\"og:site_name\" content=\"Pol\u00edcia Militar da Para\u00edba\" \/>\n<meta property=\"article:published_time\" content=\"2023-04-08T13:43:40+00:00\" \/>\n<meta property=\"article:modified_time\" content=\"2023-04-08T13:43:44+00:00\" \/>\n<meta property=\"og:image\" content=\"http:\/\/www.pm.pb.gov.br\/portal\/wp-content\/uploads\/2023\/04\/WhatsApp-Image-2023-04-08-at-06.52.17.jpeg\" \/>\n\t<meta property=\"og:image:width\" content=\"1612\" \/>\n\t<meta property=\"og:image:height\" content=\"896\" \/>\n\t<meta property=\"og:image:type\" content=\"image\/jpeg\" \/>\n<meta name=\"author\" content=\"Assessoria de Imprensa da PMPB\" \/>\n<meta name=\"twitter:card\" content=\"summary_large_image\" \/>\n<meta name=\"twitter:label1\" content=\"Escrito por\" \/>\n\t<meta name=\"twitter:data1\" content=\"Assessoria de Imprensa da PMPB\" \/>\n\t<meta name=\"twitter:label2\" content=\"Est. tempo de leitura\" \/>\n\t<meta name=\"twitter:data2\" content=\"1 minuto\" \/>\n<script type=\"application\/ld+json\" class=\"yoast-schema-graph\">{\"@context\":\"https:\/\/schema.org\",\"@graph\":[{\"@type\":\"Article\",\"@id\":\"https:\/\/www.pm.pb.gov.br\/portal\/2023\/04\/08\/policia-militar-apreende-armas-de-fogo-e-motocicleta-roubada-apos-confronto-em-sao-bento\/#article\",\"isPartOf\":{\"@id\":\"https:\/\/www.pm.pb.gov.br\/portal\/2023\/04\/08\/policia-militar-apreende-armas-de-fogo-e-motocicleta-roubada-apos-confronto-em-sao-bento\/\"},\"author\":{\"name\":\"Assessoria de Imprensa da PMPB\",\"@id\":\"https:\/\/www.pm.pb.gov.br\/portal\/#\/schema\/person\/e8454f46651c3ecf0e1ba3c1666d9947\"},\"headline\":\"Pol\u00edcia Militar apreende armas de fogo e motocicleta roubada, ap\u00f3s confronto em S\u00e3o Bento\",\"datePublished\":\"2023-04-08T13:43:40+00:00\",\"dateModified\":\"2023-04-08T13:43:44+00:00\",\"mainEntityOfPage\":{\"@id\":\"https:\/\/www.pm.pb.gov.br\/portal\/2023\/04\/08\/policia-militar-apreende-armas-de-fogo-e-motocicleta-roubada-apos-confronto-em-sao-bento\/\"},\"wordCount\":139,\"publisher\":{\"@id\":\"https:\/\/www.pm.pb.gov.br\/portal\/#organization\"},\"articleSection\":[\"A\u00e7\u00f5es Policiais\"],\"inLanguage\":\"pt-BR\"},{\"@type\":\"WebPage\",\"@id\":\"https:\/\/www.pm.pb.gov.br\/portal\/2023\/04\/08\/policia-militar-apreende-armas-de-fogo-e-motocicleta-roubada-apos-confronto-em-sao-bento\/\",\"url\":\"https:\/\/www.pm.pb.gov.br\/portal\/2023\/04\/08\/policia-militar-apreende-armas-de-fogo-e-motocicleta-roubada-apos-confronto-em-sao-bento\/\",\"name\":\"Pol\u00edcia Militar apreende armas de fogo e motocicleta roubada, ap\u00f3s confronto em S\u00e3o Bento - Pol\u00edcia Militar da Para\u00edba\",\"isPartOf\":{\"@id\":\"https:\/\/www.pm.pb.gov.br\/portal\/#website\"},\"datePublished\":\"2023-04-08T13:43:40+00:00\",\"dateModified\":\"2023-04-08T13:43:44+00:00\",\"breadcrumb\":{\"@id\":\"https:\/\/www.pm.pb.gov.br\/portal\/2023\/04\/08\/policia-militar-apreende-armas-de-fogo-e-motocicleta-roubada-apos-confronto-em-sao-bento\/#breadcrumb\"},\"inLanguage\":\"pt-BR\",\"potentialAction\":[{\"@type\":\"ReadAction\",\"target\":[\"https:\/\/www.pm.pb.gov.br\/portal\/2023\/04\/08\/policia-militar-apreende-armas-de-fogo-e-motocicleta-roubada-apos-confronto-em-sao-bento\/\"]}]},{\"@type\":\"BreadcrumbList\",\"@id\":\"https:\/\/www.pm.pb.gov.br\/portal\/2023\/04\/08\/policia-militar-apreende-armas-de-fogo-e-motocicleta-roubada-apos-confronto-em-sao-bento\/#breadcrumb\",\"itemListElement\":[{\"@type\":\"ListItem\",\"position\":1,\"name\":\"In\u00edcio\",\"item\":\"https:\/\/www.pm.pb.gov.br\/portal\/\"},{\"@type\":\"ListItem\",\"position\":2,\"name\":\"Pol\u00edcia Militar apreende armas de fogo e motocicleta roubada, ap\u00f3s confronto em S\u00e3o Bento\"}]},{\"@type\":\"WebSite\",\"@id\":\"https:\/\/www.pm.pb.gov.br\/portal\/#website\",\"url\":\"https:\/\/www.pm.pb.gov.br\/portal\/\",\"name\":\"Pol\u00edcia Militar da Para\u00edba\",\"description\":\"\",\"publisher\":{\"@id\":\"https:\/\/www.pm.pb.gov.br\/portal\/#organization\"},\"potentialAction\":[{\"@type\":\"SearchAction\",\"target\":{\"@type\":\"EntryPoint\",\"urlTemplate\":\"https:\/\/www.pm.pb.gov.br\/portal\/?s={search_term_string}\"},\"query-input\":\"required name=search_term_string\"}],\"inLanguage\":\"pt-BR\"},{\"@type\":\"Organization\",\"@id\":\"https:\/\/www.pm.pb.gov.br\/portal\/#organization\",\"name\":\"Pol\u00edcia Militar da Para\u00edba\",\"url\":\"https:\/\/www.pm.pb.gov.br\/portal\/\",\"logo\":{\"@type\":\"ImageObject\",\"inLanguage\":\"pt-BR\",\"@id\":\"https:\/\/www.pm.pb.gov.br\/portal\/#\/schema\/logo\/image\/\",\"url\":\"https:\/\/www.pm.pb.gov.br\/portal\/wp-content\/uploads\/2025\/03\/cropped-logo-site-mag2-1.png\",\"contentUrl\":\"https:\/\/www.pm.pb.gov.br\/portal\/wp-content\/uploads\/2025\/03\/cropped-logo-site-mag2-1.png\",\"width\":320,\"height\":90,\"caption\":\"Pol\u00edcia Militar da Para\u00edba\"},\"image\":{\"@id\":\"https:\/\/www.pm.pb.gov.br\/portal\/#\/schema\/logo\/image\/\"}},{\"@type\":\"Person\",\"@id\":\"https:\/\/www.pm.pb.gov.br\/portal\/#\/schema\/person\/e8454f46651c3ecf0e1ba3c1666d9947\",\"name\":\"Assessoria de Imprensa da PMPB\",\"image\":{\"@type\":\"ImageObject\",\"inLanguage\":\"pt-BR\",\"@id\":\"https:\/\/www.pm.pb.gov.br\/portal\/#\/schema\/person\/image\/\",\"url\":\"https:\/\/secure.gravatar.com\/avatar\/2efe197438265d1e90bd98c4c8e1acf8?s=96&d=mm&r=g\",\"contentUrl\":\"https:\/\/secure.gravatar.com\/avatar\/2efe197438265d1e90bd98c4c8e1acf8?s=96&d=mm&r=g\",\"caption\":\"Assessoria de Imprensa da PMPB\"},\"url\":\"https:\/\/www.pm.pb.gov.br\/portal\/author\/assessoria\/\"}]}<\/script>\n<!-- \/ Yoast SEO plugin. -->","yoast_head_json":{"title":"Pol\u00edcia Militar apreende armas de fogo e motocicleta roubada, ap\u00f3s confronto em S\u00e3o Bento - Pol\u00edcia Militar da Para\u00edba","robots":{"index":"index","follow":"follow","max-snippet":"max-snippet:-1","max-image-preview":"max-image-preview:large","max-video-preview":"max-video-preview:-1"},"canonical":"https:\/\/www.pm.pb.gov.br\/portal\/2023\/04\/08\/policia-militar-apreende-armas-de-fogo-e-motocicleta-roubada-apos-confronto-em-sao-bento\/","og_locale":"pt_BR","og_type":"article","og_title":"Pol\u00edcia Militar apreende armas de fogo e motocicleta roubada, ap\u00f3s confronto em S\u00e3o Bento - Pol\u00edcia Militar da Para\u00edba","og_description":"Na noite dessa sexta-feira (07), policiais militares do 12\u00ba BPM apreenderam uma moto roubada e dois rev\u00f3lveres, calibre 38, com","og_url":"https:\/\/www.pm.pb.gov.br\/portal\/2023\/04\/08\/policia-militar-apreende-armas-de-fogo-e-motocicleta-roubada-apos-confronto-em-sao-bento\/","og_site_name":"Pol\u00edcia Militar da Para\u00edba","article_published_time":"2023-04-08T13:43:40+00:00","article_modified_time":"2023-04-08T13:43:44+00:00","og_image":[{"width":1612,"height":896,"url":"http:\/\/www.pm.pb.gov.br\/portal\/wp-content\/uploads\/2023\/04\/WhatsApp-Image-2023-04-08-at-06.52.17.jpeg","type":"image\/jpeg"}],"author":"Assessoria de Imprensa da PMPB","twitter_card":"summary_large_image","twitter_misc":{"Escrito por":"Assessoria de Imprensa da PMPB","Est. tempo de leitura":"1 minuto"},"schema":{"@context":"https:\/\/schema.org","@graph":[{"@type":"Article","@id":"https:\/\/www.pm.pb.gov.br\/portal\/2023\/04\/08\/policia-militar-apreende-armas-de-fogo-e-motocicleta-roubada-apos-confronto-em-sao-bento\/#article","isPartOf":{"@id":"https:\/\/www.pm.pb.gov.br\/portal\/2023\/04\/08\/policia-militar-apreende-armas-de-fogo-e-motocicleta-roubada-apos-confronto-em-sao-bento\/"},"author":{"name":"Assessoria de Imprensa da PMPB","@id":"https:\/\/www.pm.pb.gov.br\/portal\/#\/schema\/person\/e8454f46651c3ecf0e1ba3c1666d9947"},"headline":"Pol\u00edcia Militar apreende armas de fogo e motocicleta roubada, ap\u00f3s confronto em S\u00e3o Bento","datePublished":"2023-04-08T13:43:40+00:00","dateModified":"2023-04-08T13:43:44+00:00","mainEntityOfPage":{"@id":"https:\/\/www.pm.pb.gov.br\/portal\/2023\/04\/08\/policia-militar-apreende-armas-de-fogo-e-motocicleta-roubada-apos-confronto-em-sao-bento\/"},"wordCount":139,"publisher":{"@id":"https:\/\/www.pm.pb.gov.br\/portal\/#organization"},"articleSection":["A\u00e7\u00f5es Policiais"],"inLanguage":"pt-BR"},{"@type":"WebPage","@id":"https:\/\/www.pm.pb.gov.br\/portal\/2023\/04\/08\/policia-militar-apreende-armas-de-fogo-e-motocicleta-roubada-apos-confronto-em-sao-bento\/","url":"https:\/\/www.pm.pb.gov.br\/portal\/2023\/04\/08\/policia-militar-apreende-armas-de-fogo-e-motocicleta-roubada-apos-confronto-em-sao-bento\/","name":"Pol\u00edcia Militar apreende armas de fogo e motocicleta roubada, ap\u00f3s confronto em S\u00e3o Bento - Pol\u00edcia Militar da Para\u00edba","isPartOf":{"@id":"https:\/\/www.pm.pb.gov.br\/portal\/#website"},"datePublished":"2023-04-08T13:43:40+00:00","dateModified":"2023-04-08T13:43:44+00:00","breadcrumb":{"@id":"https:\/\/www.pm.pb.gov.br\/portal\/2023\/04\/08\/policia-militar-apreende-armas-de-fogo-e-motocicleta-roubada-apos-confronto-em-sao-bento\/#breadcrumb"},"inLanguage":"pt-BR","potentialAction":[{"@type":"ReadAction","target":["https:\/\/www.pm.pb.gov.br\/portal\/2023\/04\/08\/policia-militar-apreende-armas-de-fogo-e-motocicleta-roubada-apos-confronto-em-sao-bento\/"]}]},{"@type":"BreadcrumbList","@id":"https:\/\/www.pm.pb.gov.br\/portal\/2023\/04\/08\/policia-militar-apreende-armas-de-fogo-e-motocicleta-roubada-apos-confronto-em-sao-bento\/#breadcrumb","itemListElement":[{"@type":"ListItem","position":1,"name":"In\u00edcio","item":"https:\/\/www.pm.pb.gov.br\/portal\/"},{"@type":"ListItem","position":2,"name":"Pol\u00edcia Militar apreende armas de fogo e motocicleta roubada, ap\u00f3s confronto em S\u00e3o Bento"}]},{"@type":"WebSite","@id":"https:\/\/www.pm.pb.gov.br\/portal\/#website","url":"https:\/\/www.pm.pb.gov.br\/portal\/","name":"Pol\u00edcia Militar da Para\u00edba","description":"","publisher":{"@id":"https:\/\/www.pm.pb.gov.br\/portal\/#organization"},"potentialAction":[{"@type":"SearchAction","target":{"@type":"EntryPoint","urlTemplate":"https:\/\/www.pm.pb.gov.br\/portal\/?s={search_term_string}"},"query-input":"required name=search_term_string"}],"inLanguage":"pt-BR"},{"@type":"Organization","@id":"https:\/\/www.pm.pb.gov.br\/portal\/#organization","name":"Pol\u00edcia Militar da Para\u00edba","url":"https:\/\/www.pm.pb.gov.br\/portal\/","logo":{"@type":"ImageObject","inLanguage":"pt-BR","@id":"https:\/\/www.pm.pb.gov.br\/portal\/#\/schema\/logo\/image\/","url":"https:\/\/www.pm.pb.gov.br\/portal\/wp-content\/uploads\/2025\/03\/cropped-logo-site-mag2-1.png","contentUrl":"https:\/\/www.pm.pb.gov.br\/portal\/wp-content\/uploads\/2025\/03\/cropped-logo-site-mag2-1.png","width":320,"height":90,"caption":"Pol\u00edcia Militar da Para\u00edba"},"image":{"@id":"https:\/\/www.pm.pb.gov.br\/portal\/#\/schema\/logo\/image\/"}},{"@type":"Person","@id":"https:\/\/www.pm.pb.gov.br\/portal\/#\/schema\/person\/e8454f46651c3ecf0e1ba3c1666d9947","name":"Assessoria de Imprensa da PMPB","image":{"@type":"ImageObject","inLanguage":"pt-BR","@id":"https:\/\/www.pm.pb.gov.br\/portal\/#\/schema\/person\/image\/","url":"https:\/\/secure.gravatar.com\/avatar\/2efe197438265d1e90bd98c4c8e1acf8?s=96&d=mm&r=g","contentUrl":"https:\/\/secure.gravatar.com\/avatar\/2efe197438265d1e90bd98c4c8e1acf8?s=96&d=mm&r=g","caption":"Assessoria de Imprensa da PMPB"},"url":"https:\/\/www.pm.pb.gov.br\/portal\/author\/assessoria\/"}]}},"_links":{"self":[{"href":"https:\/\/www.pm.pb.gov.br\/portal\/wp-json\/wp\/v2\/posts\/916243"}],"collection":[{"href":"https:\/\/www.pm.pb.gov.br\/portal\/wp-json\/wp\/v2\/posts"}],"about":[{"href":"https:\/\/www.pm.pb.gov.br\/portal\/wp-json\/wp\/v2\/types\/post"}],"author":[{"embeddable":true,"href":"https:\/\/www.pm.pb.gov.br\/portal\/wp-json\/wp\/v2\/users\/5"}],"replies":[{"embeddable":true,"href":"https:\/\/www.pm.pb.gov.br\/portal\/wp-json\/wp\/v2\/comments?post=916243"}],"version-history":[{"count":1,"href":"https:\/\/www.pm.pb.gov.br\/portal\/wp-json\/wp\/v2\/posts\/916243\/revisions"}],"predecessor-version":[{"id":916244,"href":"https:\/\/www.pm.pb.gov.br\/portal\/wp-json\/wp\/v2\/posts\/916243\/revisions\/916244"}],"wp:featuredmedia":[{"embeddable":true,"href":"https:\/\/www.pm.pb.gov.br\/portal\/wp-json\/wp\/v2\/media\/916239"}],"wp:attachment":[{"href":"https:\/\/www.pm.pb.gov.br\/portal\/wp-json\/wp\/v2\/media?parent=916243"}],"wp:term":[{"taxonomy":"category","embeddable":true,"href":"https:\/\/www.pm.pb.gov.br\/portal\/wp-json\/wp\/v2\/categories?post=916243"},{"taxonomy":"post_tag","embeddable":true,"href":"https:\/\/www.pm.pb.gov.br\/portal\/wp-json\/wp\/v2\/tags?post=916243"}],"curies":[{"name":"wp","href":"https:\/\/api.w.org\/{rel}","templated":true}]}}