{"id":916233,"date":"2023-04-05T16:17:59","date_gmt":"2023-04-05T19:17:59","guid":{"rendered":"https:\/\/www.pm.pb.gov.br\/portal\/?p=916233"},"modified":"2023-04-05T16:18:02","modified_gmt":"2023-04-05T19:18:02","slug":"paraiba-tem-reducao-de-10-dos-assassinatos-no-primeiro-trimestre-de-2023","status":"publish","type":"post","link":"https:\/\/www.pm.pb.gov.br\/portal\/2023\/04\/05\/paraiba-tem-reducao-de-10-dos-assassinatos-no-primeiro-trimestre-de-2023\/","title":{"rendered":"<strong>Para\u00edba tem redu\u00e7\u00e3o de 10% dos assassinatos no primeiro trimestre de 2023<\/strong>"},"content":{"rendered":"\n\n\n<p>O primeiro trimestre de 2023 teve 10% de redu\u00e7\u00e3o no n\u00famero de assassinatos em rela\u00e7\u00e3o ao ano passado. \u00c9 o que aponta a Secretaria da Seguran\u00e7a e da Defesa Social (Sesds), com base no relat\u00f3rio de seu N\u00facleo de An\u00e1lise Criminal e Estat\u00edstica (Nace). Nos tr\u00eas primeiros meses deste ano, foram contabilizados 265 casos de Crimes Violentos Letais Intencionais \u2013 homic\u00eddios dolosos ou qualquer outro crime doloso que resulte em morte, enquanto em 2022 foram 294 registros. Em mar\u00e7o, tamb\u00e9m houve redu\u00e7\u00e3o de 10% comparando os meses dos dois anos (84 e 93 casos, respectivamente).\u00a0<br \/>\u00a0<br \/>Outro dado da Sesds \u00e9 que das 24 \u00c1reas Integradas de Seguran\u00e7a P\u00fablica, 17 est\u00e3o com redu\u00e7\u00e3o de crimes contra a vida de janeiro a mar\u00e7o, sendo destaque a zona sul de Jo\u00e3o Pessoa e Patos com 18 ocorr\u00eancias a menos, e Santa Rita com 15 ocorr\u00eancias a menos (foto acima ilustrativa).\u00a0<br \/>\u00a0<br \/>\u201cIniciamos o ano com um janeiro com mais ocorr\u00eancias, contudo nossas a\u00e7\u00f5es pautadas em an\u00e1lise criminal, Intelig\u00eancia policial, preven\u00e7\u00e3o e repress\u00e3o qualificadas, mostram o resultado de redu\u00e7\u00e3o dos assassinatos de 22% em fevereiro, 10% em mar\u00e7o, totalizando 10% ao final do primeiro trimestre, seguindo a tend\u00eancia de queda que a Para\u00edba apresenta ano a ano\u201d, refor\u00e7ou Jean Nunes, secret\u00e1rio da Seguran\u00e7a e da Defesa Social.<br \/>\u00a0<br \/>Somente no ano de 2022, a redu\u00e7\u00e3o foi de 6%, saindo de 1.161 crimes em 2011 para 1.090 no ano passado. Em rela\u00e7\u00e3o \u00e0 taxa de CVLI por 100 mil habitantes (27), \u00e9 a 2\u00aa menor dos \u00faltimos 14 anos, e tamb\u00e9m menor que a taxa m\u00e9dia de todos os estados do Nordeste, seguindo em constante decl\u00ednio. J\u00e1 em rela\u00e7\u00e3o aos feminic\u00eddios, os n\u00fameros sa\u00edram de 32 casos em 2021 para 25 no ano passado. A redu\u00e7\u00e3o desde 2019 \u00e9 de 30%.<\/p>\n<p><em>Fonte: Secom.<\/em><\/p>\n","protected":false},"excerpt":{"rendered":"<p>O primeiro trimestre de 2023 teve 10% de redu\u00e7\u00e3o no n\u00famero de assassinatos em rela\u00e7\u00e3o ao ano passado. \u00c9 o<\/p>\n","protected":false},"author":12,"featured_media":911810,"comment_status":"closed","ping_status":"closed","sticky":false,"template":"","format":"standard","meta":{"_exactmetrics_skip_tracking":false,"_exactmetrics_sitenote_active":false,"_exactmetrics_sitenote_note":"","_exactmetrics_sitenote_category":0,"footnotes":""},"categories":[4],"tags":[],"yoast_head":"<!-- This site is optimized with the Yoast SEO plugin v22.0 - https:\/\/yoast.com\/wordpress\/plugins\/seo\/ -->\n<title>Para\u00edba tem redu\u00e7\u00e3o de 10% dos assassinatos no primeiro trimestre de 2023 - Pol\u00edcia Militar da Para\u00edba<\/title>\n<meta name=\"robots\" content=\"index, follow, max-snippet:-1, max-image-preview:large, max-video-preview:-1\" \/>\n<link rel=\"canonical\" href=\"https:\/\/www.pm.pb.gov.br\/portal\/2023\/04\/05\/paraiba-tem-reducao-de-10-dos-assassinatos-no-primeiro-trimestre-de-2023\/\" \/>\n<meta property=\"og:locale\" content=\"pt_BR\" \/>\n<meta property=\"og:type\" content=\"article\" \/>\n<meta property=\"og:title\" content=\"Para\u00edba tem redu\u00e7\u00e3o de 10% dos assassinatos no primeiro trimestre de 2023 - Pol\u00edcia Militar da Para\u00edba\" \/>\n<meta property=\"og:description\" content=\"O primeiro trimestre de 2023 teve 10% de redu\u00e7\u00e3o no n\u00famero de assassinatos em rela\u00e7\u00e3o ao ano passado. \u00c9 o\" \/>\n<meta property=\"og:url\" content=\"https:\/\/www.pm.pb.gov.br\/portal\/2023\/04\/05\/paraiba-tem-reducao-de-10-dos-assassinatos-no-primeiro-trimestre-de-2023\/\" \/>\n<meta property=\"og:site_name\" content=\"Pol\u00edcia Militar da Para\u00edba\" \/>\n<meta property=\"article:published_time\" content=\"2023-04-05T19:17:59+00:00\" \/>\n<meta property=\"article:modified_time\" content=\"2023-04-05T19:18:02+00:00\" \/>\n<meta property=\"og:image\" content=\"http:\/\/www.pm.pb.gov.br\/portal\/wp-content\/uploads\/2021\/07\/ilustrativa.jpg\" \/>\n\t<meta property=\"og:image:width\" content=\"800\" \/>\n\t<meta property=\"og:image:height\" content=\"445\" \/>\n\t<meta property=\"og:image:type\" content=\"image\/jpeg\" \/>\n<meta name=\"author\" content=\"Tarcisio Oliveira\" \/>\n<meta name=\"twitter:card\" content=\"summary_large_image\" \/>\n<meta name=\"twitter:label1\" content=\"Escrito por\" \/>\n\t<meta name=\"twitter:data1\" content=\"Tarcisio Oliveira\" \/>\n\t<meta name=\"twitter:label2\" content=\"Est. tempo de leitura\" \/>\n\t<meta name=\"twitter:data2\" content=\"2 minutos\" \/>\n<script type=\"application\/ld+json\" class=\"yoast-schema-graph\">{\"@context\":\"https:\/\/schema.org\",\"@graph\":[{\"@type\":\"Article\",\"@id\":\"https:\/\/www.pm.pb.gov.br\/portal\/2023\/04\/05\/paraiba-tem-reducao-de-10-dos-assassinatos-no-primeiro-trimestre-de-2023\/#article\",\"isPartOf\":{\"@id\":\"https:\/\/www.pm.pb.gov.br\/portal\/2023\/04\/05\/paraiba-tem-reducao-de-10-dos-assassinatos-no-primeiro-trimestre-de-2023\/\"},\"author\":{\"name\":\"Tarcisio Oliveira\",\"@id\":\"https:\/\/www.pm.pb.gov.br\/portal\/#\/schema\/person\/f84f56dcc78ce4357054da888b8247fd\"},\"headline\":\"Para\u00edba tem redu\u00e7\u00e3o de 10% dos assassinatos no primeiro trimestre de 2023\",\"datePublished\":\"2023-04-05T19:17:59+00:00\",\"dateModified\":\"2023-04-05T19:18:02+00:00\",\"mainEntityOfPage\":{\"@id\":\"https:\/\/www.pm.pb.gov.br\/portal\/2023\/04\/05\/paraiba-tem-reducao-de-10-dos-assassinatos-no-primeiro-trimestre-de-2023\/\"},\"wordCount\":317,\"publisher\":{\"@id\":\"https:\/\/www.pm.pb.gov.br\/portal\/#organization\"},\"articleSection\":[\"A\u00e7\u00f5es Policiais\"],\"inLanguage\":\"pt-BR\"},{\"@type\":\"WebPage\",\"@id\":\"https:\/\/www.pm.pb.gov.br\/portal\/2023\/04\/05\/paraiba-tem-reducao-de-10-dos-assassinatos-no-primeiro-trimestre-de-2023\/\",\"url\":\"https:\/\/www.pm.pb.gov.br\/portal\/2023\/04\/05\/paraiba-tem-reducao-de-10-dos-assassinatos-no-primeiro-trimestre-de-2023\/\",\"name\":\"Para\u00edba tem redu\u00e7\u00e3o de 10% dos assassinatos no primeiro trimestre de 2023 - Pol\u00edcia Militar da Para\u00edba\",\"isPartOf\":{\"@id\":\"https:\/\/www.pm.pb.gov.br\/portal\/#website\"},\"datePublished\":\"2023-04-05T19:17:59+00:00\",\"dateModified\":\"2023-04-05T19:18:02+00:00\",\"breadcrumb\":{\"@id\":\"https:\/\/www.pm.pb.gov.br\/portal\/2023\/04\/05\/paraiba-tem-reducao-de-10-dos-assassinatos-no-primeiro-trimestre-de-2023\/#breadcrumb\"},\"inLanguage\":\"pt-BR\",\"potentialAction\":[{\"@type\":\"ReadAction\",\"target\":[\"https:\/\/www.pm.pb.gov.br\/portal\/2023\/04\/05\/paraiba-tem-reducao-de-10-dos-assassinatos-no-primeiro-trimestre-de-2023\/\"]}]},{\"@type\":\"BreadcrumbList\",\"@id\":\"https:\/\/www.pm.pb.gov.br\/portal\/2023\/04\/05\/paraiba-tem-reducao-de-10-dos-assassinatos-no-primeiro-trimestre-de-2023\/#breadcrumb\",\"itemListElement\":[{\"@type\":\"ListItem\",\"position\":1,\"name\":\"In\u00edcio\",\"item\":\"https:\/\/www.pm.pb.gov.br\/portal\/\"},{\"@type\":\"ListItem\",\"position\":2,\"name\":\"Para\u00edba tem redu\u00e7\u00e3o de 10% dos assassinatos no primeiro trimestre de 2023\"}]},{\"@type\":\"WebSite\",\"@id\":\"https:\/\/www.pm.pb.gov.br\/portal\/#website\",\"url\":\"https:\/\/www.pm.pb.gov.br\/portal\/\",\"name\":\"Pol\u00edcia Militar da Para\u00edba\",\"description\":\"\",\"publisher\":{\"@id\":\"https:\/\/www.pm.pb.gov.br\/portal\/#organization\"},\"potentialAction\":[{\"@type\":\"SearchAction\",\"target\":{\"@type\":\"EntryPoint\",\"urlTemplate\":\"https:\/\/www.pm.pb.gov.br\/portal\/?s={search_term_string}\"},\"query-input\":\"required name=search_term_string\"}],\"inLanguage\":\"pt-BR\"},{\"@type\":\"Organization\",\"@id\":\"https:\/\/www.pm.pb.gov.br\/portal\/#organization\",\"name\":\"Pol\u00edcia Militar da Para\u00edba\",\"url\":\"https:\/\/www.pm.pb.gov.br\/portal\/\",\"logo\":{\"@type\":\"ImageObject\",\"inLanguage\":\"pt-BR\",\"@id\":\"https:\/\/www.pm.pb.gov.br\/portal\/#\/schema\/logo\/image\/\",\"url\":\"https:\/\/www.pm.pb.gov.br\/portal\/wp-content\/uploads\/2025\/03\/cropped-logo-site-mag2-1.png\",\"contentUrl\":\"https:\/\/www.pm.pb.gov.br\/portal\/wp-content\/uploads\/2025\/03\/cropped-logo-site-mag2-1.png\",\"width\":320,\"height\":90,\"caption\":\"Pol\u00edcia Militar da Para\u00edba\"},\"image\":{\"@id\":\"https:\/\/www.pm.pb.gov.br\/portal\/#\/schema\/logo\/image\/\"}},{\"@type\":\"Person\",\"@id\":\"https:\/\/www.pm.pb.gov.br\/portal\/#\/schema\/person\/f84f56dcc78ce4357054da888b8247fd\",\"name\":\"Tarcisio Oliveira\",\"image\":{\"@type\":\"ImageObject\",\"inLanguage\":\"pt-BR\",\"@id\":\"https:\/\/www.pm.pb.gov.br\/portal\/#\/schema\/person\/image\/\",\"url\":\"https:\/\/secure.gravatar.com\/avatar\/72917b630b69d31cd0297507f34bac97?s=96&d=mm&r=g\",\"contentUrl\":\"https:\/\/secure.gravatar.com\/avatar\/72917b630b69d31cd0297507f34bac97?s=96&d=mm&r=g\",\"caption\":\"Tarcisio Oliveira\"},\"url\":\"https:\/\/www.pm.pb.gov.br\/portal\/author\/tarcisio\/\"}]}<\/script>\n<!-- \/ Yoast SEO plugin. -->","yoast_head_json":{"title":"Para\u00edba tem redu\u00e7\u00e3o de 10% dos assassinatos no primeiro trimestre de 2023 - Pol\u00edcia Militar da Para\u00edba","robots":{"index":"index","follow":"follow","max-snippet":"max-snippet:-1","max-image-preview":"max-image-preview:large","max-video-preview":"max-video-preview:-1"},"canonical":"https:\/\/www.pm.pb.gov.br\/portal\/2023\/04\/05\/paraiba-tem-reducao-de-10-dos-assassinatos-no-primeiro-trimestre-de-2023\/","og_locale":"pt_BR","og_type":"article","og_title":"Para\u00edba tem redu\u00e7\u00e3o de 10% dos assassinatos no primeiro trimestre de 2023 - Pol\u00edcia Militar da Para\u00edba","og_description":"O primeiro trimestre de 2023 teve 10% de redu\u00e7\u00e3o no n\u00famero de assassinatos em rela\u00e7\u00e3o ao ano passado. \u00c9 o","og_url":"https:\/\/www.pm.pb.gov.br\/portal\/2023\/04\/05\/paraiba-tem-reducao-de-10-dos-assassinatos-no-primeiro-trimestre-de-2023\/","og_site_name":"Pol\u00edcia Militar da Para\u00edba","article_published_time":"2023-04-05T19:17:59+00:00","article_modified_time":"2023-04-05T19:18:02+00:00","og_image":[{"width":800,"height":445,"url":"http:\/\/www.pm.pb.gov.br\/portal\/wp-content\/uploads\/2021\/07\/ilustrativa.jpg","type":"image\/jpeg"}],"author":"Tarcisio Oliveira","twitter_card":"summary_large_image","twitter_misc":{"Escrito por":"Tarcisio Oliveira","Est. tempo de leitura":"2 minutos"},"schema":{"@context":"https:\/\/schema.org","@graph":[{"@type":"Article","@id":"https:\/\/www.pm.pb.gov.br\/portal\/2023\/04\/05\/paraiba-tem-reducao-de-10-dos-assassinatos-no-primeiro-trimestre-de-2023\/#article","isPartOf":{"@id":"https:\/\/www.pm.pb.gov.br\/portal\/2023\/04\/05\/paraiba-tem-reducao-de-10-dos-assassinatos-no-primeiro-trimestre-de-2023\/"},"author":{"name":"Tarcisio Oliveira","@id":"https:\/\/www.pm.pb.gov.br\/portal\/#\/schema\/person\/f84f56dcc78ce4357054da888b8247fd"},"headline":"Para\u00edba tem redu\u00e7\u00e3o de 10% dos assassinatos no primeiro trimestre de 2023","datePublished":"2023-04-05T19:17:59+00:00","dateModified":"2023-04-05T19:18:02+00:00","mainEntityOfPage":{"@id":"https:\/\/www.pm.pb.gov.br\/portal\/2023\/04\/05\/paraiba-tem-reducao-de-10-dos-assassinatos-no-primeiro-trimestre-de-2023\/"},"wordCount":317,"publisher":{"@id":"https:\/\/www.pm.pb.gov.br\/portal\/#organization"},"articleSection":["A\u00e7\u00f5es Policiais"],"inLanguage":"pt-BR"},{"@type":"WebPage","@id":"https:\/\/www.pm.pb.gov.br\/portal\/2023\/04\/05\/paraiba-tem-reducao-de-10-dos-assassinatos-no-primeiro-trimestre-de-2023\/","url":"https:\/\/www.pm.pb.gov.br\/portal\/2023\/04\/05\/paraiba-tem-reducao-de-10-dos-assassinatos-no-primeiro-trimestre-de-2023\/","name":"Para\u00edba tem redu\u00e7\u00e3o de 10% dos assassinatos no primeiro trimestre de 2023 - Pol\u00edcia Militar da Para\u00edba","isPartOf":{"@id":"https:\/\/www.pm.pb.gov.br\/portal\/#website"},"datePublished":"2023-04-05T19:17:59+00:00","dateModified":"2023-04-05T19:18:02+00:00","breadcrumb":{"@id":"https:\/\/www.pm.pb.gov.br\/portal\/2023\/04\/05\/paraiba-tem-reducao-de-10-dos-assassinatos-no-primeiro-trimestre-de-2023\/#breadcrumb"},"inLanguage":"pt-BR","potentialAction":[{"@type":"ReadAction","target":["https:\/\/www.pm.pb.gov.br\/portal\/2023\/04\/05\/paraiba-tem-reducao-de-10-dos-assassinatos-no-primeiro-trimestre-de-2023\/"]}]},{"@type":"BreadcrumbList","@id":"https:\/\/www.pm.pb.gov.br\/portal\/2023\/04\/05\/paraiba-tem-reducao-de-10-dos-assassinatos-no-primeiro-trimestre-de-2023\/#breadcrumb","itemListElement":[{"@type":"ListItem","position":1,"name":"In\u00edcio","item":"https:\/\/www.pm.pb.gov.br\/portal\/"},{"@type":"ListItem","position":2,"name":"Para\u00edba tem redu\u00e7\u00e3o de 10% dos assassinatos no primeiro trimestre de 2023"}]},{"@type":"WebSite","@id":"https:\/\/www.pm.pb.gov.br\/portal\/#website","url":"https:\/\/www.pm.pb.gov.br\/portal\/","name":"Pol\u00edcia Militar da Para\u00edba","description":"","publisher":{"@id":"https:\/\/www.pm.pb.gov.br\/portal\/#organization"},"potentialAction":[{"@type":"SearchAction","target":{"@type":"EntryPoint","urlTemplate":"https:\/\/www.pm.pb.gov.br\/portal\/?s={search_term_string}"},"query-input":"required name=search_term_string"}],"inLanguage":"pt-BR"},{"@type":"Organization","@id":"https:\/\/www.pm.pb.gov.br\/portal\/#organization","name":"Pol\u00edcia Militar da Para\u00edba","url":"https:\/\/www.pm.pb.gov.br\/portal\/","logo":{"@type":"ImageObject","inLanguage":"pt-BR","@id":"https:\/\/www.pm.pb.gov.br\/portal\/#\/schema\/logo\/image\/","url":"https:\/\/www.pm.pb.gov.br\/portal\/wp-content\/uploads\/2025\/03\/cropped-logo-site-mag2-1.png","contentUrl":"https:\/\/www.pm.pb.gov.br\/portal\/wp-content\/uploads\/2025\/03\/cropped-logo-site-mag2-1.png","width":320,"height":90,"caption":"Pol\u00edcia Militar da Para\u00edba"},"image":{"@id":"https:\/\/www.pm.pb.gov.br\/portal\/#\/schema\/logo\/image\/"}},{"@type":"Person","@id":"https:\/\/www.pm.pb.gov.br\/portal\/#\/schema\/person\/f84f56dcc78ce4357054da888b8247fd","name":"Tarcisio Oliveira","image":{"@type":"ImageObject","inLanguage":"pt-BR","@id":"https:\/\/www.pm.pb.gov.br\/portal\/#\/schema\/person\/image\/","url":"https:\/\/secure.gravatar.com\/avatar\/72917b630b69d31cd0297507f34bac97?s=96&d=mm&r=g","contentUrl":"https:\/\/secure.gravatar.com\/avatar\/72917b630b69d31cd0297507f34bac97?s=96&d=mm&r=g","caption":"Tarcisio Oliveira"},"url":"https:\/\/www.pm.pb.gov.br\/portal\/author\/tarcisio\/"}]}},"_links":{"self":[{"href":"https:\/\/www.pm.pb.gov.br\/portal\/wp-json\/wp\/v2\/posts\/916233"}],"collection":[{"href":"https:\/\/www.pm.pb.gov.br\/portal\/wp-json\/wp\/v2\/posts"}],"about":[{"href":"https:\/\/www.pm.pb.gov.br\/portal\/wp-json\/wp\/v2\/types\/post"}],"author":[{"embeddable":true,"href":"https:\/\/www.pm.pb.gov.br\/portal\/wp-json\/wp\/v2\/users\/12"}],"replies":[{"embeddable":true,"href":"https:\/\/www.pm.pb.gov.br\/portal\/wp-json\/wp\/v2\/comments?post=916233"}],"version-history":[{"count":1,"href":"https:\/\/www.pm.pb.gov.br\/portal\/wp-json\/wp\/v2\/posts\/916233\/revisions"}],"predecessor-version":[{"id":916234,"href":"https:\/\/www.pm.pb.gov.br\/portal\/wp-json\/wp\/v2\/posts\/916233\/revisions\/916234"}],"wp:featuredmedia":[{"embeddable":true,"href":"https:\/\/www.pm.pb.gov.br\/portal\/wp-json\/wp\/v2\/media\/911810"}],"wp:attachment":[{"href":"https:\/\/www.pm.pb.gov.br\/portal\/wp-json\/wp\/v2\/media?parent=916233"}],"wp:term":[{"taxonomy":"category","embeddable":true,"href":"https:\/\/www.pm.pb.gov.br\/portal\/wp-json\/wp\/v2\/categories?post=916233"},{"taxonomy":"post_tag","embeddable":true,"href":"https:\/\/www.pm.pb.gov.br\/portal\/wp-json\/wp\/v2\/tags?post=916233"}],"curies":[{"name":"wp","href":"https:\/\/api.w.org\/{rel}","templated":true}]}}