{"id":916223,"date":"2023-04-05T12:05:11","date_gmt":"2023-04-05T15:05:11","guid":{"rendered":"https:\/\/www.pm.pb.gov.br\/portal\/?p=916223"},"modified":"2023-04-05T12:05:15","modified_gmt":"2023-04-05T15:05:15","slug":"forcas-de-seguranca-da-paraiba-reforcam-acoes-durante-operacao-semana-santa","status":"publish","type":"post","link":"https:\/\/www.pm.pb.gov.br\/portal\/2023\/04\/05\/forcas-de-seguranca-da-paraiba-reforcam-acoes-durante-operacao-semana-santa\/","title":{"rendered":"<strong>For\u00e7as de Seguran\u00e7a da Para\u00edba refor\u00e7am a\u00e7\u00f5es durante \u201cOpera\u00e7\u00e3o Semana Santa\u201d<\/strong>"},"content":{"rendered":"\n\n\n<p>A Secretaria de Estado da Seguran\u00e7a P\u00fablica e Defesa Social lan\u00e7ou, nesta quarta-feira (5), em Jo\u00e3o Pessoa, a Opera\u00e7\u00e3o Semana Santa. Os trabalhos envolvem a Pol\u00edcia Civil, Pol\u00edcia Militar, Corpo de Bombeiros Militar e o Departamento Estadual de Tr\u00e2nsito (Detran). A a\u00e7\u00e3o vai refor\u00e7ar o emprego dos efetivos at\u00e9 o domingo de P\u00e1scoa (9), em todo o estado, com 5 mil homens e mulheres atuando com preven\u00e7\u00e3o e repress\u00e3o qualificadas durante o per\u00edodo de feriado prolongado. O trabalho tamb\u00e9m conta com a participa\u00e7\u00e3o da Secretaria de Administra\u00e7\u00e3o Penitenci\u00e1ria.<\/p>\n<p>De acordo com o secret\u00e1rio Jean Nunes, o dia come\u00e7ou com uma a\u00e7\u00e3o integrada com o Grupo de Atua\u00e7\u00e3o Especial de Repress\u00e3o ao Crime Organizado (Gaeco), al\u00e9m do pr\u00f3prio lan\u00e7amento da Opera\u00e7\u00e3o Semana Santa. \u201cAmanhecemos com cumprimento de v\u00e1rios mandados de pris\u00e3o contra v\u00e1rios criminosos acusados de crimes contra o patrim\u00f4nio, homic\u00eddios, tr\u00e1fico de drogas, entre outros, com mais de 40 presos, e al\u00e9m dessa a\u00e7\u00e3o fazemos o lan\u00e7amento da Opera\u00e7\u00e3o Semana Santa para garantir seguran\u00e7a nos eventos religiosos, mais de 100 em todo estado. Al\u00e9m disso, refor\u00e7amos a atua\u00e7\u00e3o dos nossos \u00f3rg\u00e3os operativos por conta do fluxo de pessoas que aumenta no estado durante o feriad\u00e3o\u201d, frisou.<\/p>\n<figure id=\"attachment_916228\" aria-describedby=\"caption-attachment-916228\" style=\"width: 627px\" class=\"wp-caption aligncenter\"><img loading=\"lazy\" decoding=\"async\" class=\"wp-image-916228\" src=\"http:\/\/www.pm.pb.gov.br\/portal\/wp-content\/uploads\/2023\/04\/unnamed-14-668x445.jpg\" alt=\"\" width=\"627\" height=\"418\" srcset=\"https:\/\/www.pm.pb.gov.br\/portal\/wp-content\/uploads\/2023\/04\/unnamed-14-668x445.jpg 668w, https:\/\/www.pm.pb.gov.br\/portal\/wp-content\/uploads\/2023\/04\/unnamed-14-856x570.jpg 856w, https:\/\/www.pm.pb.gov.br\/portal\/wp-content\/uploads\/2023\/04\/unnamed-14-768x512.jpg 768w, https:\/\/www.pm.pb.gov.br\/portal\/wp-content\/uploads\/2023\/04\/unnamed-14-1536x1023.jpg 1536w, https:\/\/www.pm.pb.gov.br\/portal\/wp-content\/uploads\/2023\/04\/unnamed-14-272x182.jpg 272w, https:\/\/www.pm.pb.gov.br\/portal\/wp-content\/uploads\/2023\/04\/unnamed-14.jpg 1600w\" sizes=\"(max-width: 627px) 100vw, 627px\" \/><figcaption id=\"caption-attachment-916228\" class=\"wp-caption-text\">Comandante-geral da PM, coronel S\u00e9rgio Fonseca participou da deflagra\u00e7\u00e3o da Opera\u00e7\u00e3o<\/figcaption><\/figure>\n<p><strong>Pol\u00edcia Militar &#8211;\u00a0<\/strong>A corpora\u00e7\u00e3o vai utilizar um efetivo 2.744 agentes de seguran\u00e7a e 1.036 viaturas, que ser\u00e3o dispostos principalmente na regi\u00e3o metropolitana da capital, Campina Grande, Patos e demais cidades polos do Sert\u00e3o. Ser\u00e3o cobertos 100 eventos religiosos e intensificados os trabalhos de abordagens a pessoas e ve\u00edculos, blitzen, checkpoints, em locais prop\u00edcios \u00e0 situa\u00e7\u00e3o de vulnerabilidade social. A escolha dos chamados \u2018pontos quentes\u2019 \u00e9 definida com base em um estudo de geoprocessamento realizado pelo N\u00facleo de An\u00e1lise Criminal e Estat\u00edstica (Nace) da Assessoria de A\u00e7\u00f5es Estrat\u00e9gicas da Sesds.<\/p>\n<p><img loading=\"lazy\" decoding=\"async\" class=\" wp-image-916227 aligncenter\" src=\"http:\/\/www.pm.pb.gov.br\/portal\/wp-content\/uploads\/2023\/04\/unnamed-15-668x445.jpg\" alt=\"\" width=\"614\" height=\"409\" srcset=\"https:\/\/www.pm.pb.gov.br\/portal\/wp-content\/uploads\/2023\/04\/unnamed-15-668x445.jpg 668w, https:\/\/www.pm.pb.gov.br\/portal\/wp-content\/uploads\/2023\/04\/unnamed-15-856x570.jpg 856w, https:\/\/www.pm.pb.gov.br\/portal\/wp-content\/uploads\/2023\/04\/unnamed-15-768x512.jpg 768w, https:\/\/www.pm.pb.gov.br\/portal\/wp-content\/uploads\/2023\/04\/unnamed-15-1536x1023.jpg 1536w, https:\/\/www.pm.pb.gov.br\/portal\/wp-content\/uploads\/2023\/04\/unnamed-15-272x182.jpg 272w, https:\/\/www.pm.pb.gov.br\/portal\/wp-content\/uploads\/2023\/04\/unnamed-15.jpg 1600w\" sizes=\"(max-width: 614px) 100vw, 614px\" \/><\/p>\n<p>Durante o feriado prolongado, a PM ainda vai utilizar todas as modalidades de policiamento: a p\u00e9, motorizado, canil, choque, policiais do Batalh\u00e3o Ambiental, Ciclo Patrulha, R\u00e1dio Patrulha, Grupo de A\u00e7\u00f5es T\u00e1ticas Especiais (Gate), Cavalaria, Batalh\u00e3o Especializado de Atendimento ao Turista (BPtur), entre outras.<\/p>\n<p><strong>Pol\u00edcia Civil &#8211;\u00a0<\/strong>Respons\u00e1vel pelo trabalho investigativo, a Pol\u00edcia Civil trabalhar\u00e1 com 1.080 homens e mulheres em delegacias no estado, incluindo delegados, agentes de investiga\u00e7\u00e3o, escriv\u00e3es de pol\u00edcia, agentes operacionais, servidores do Instituto de Pol\u00edcia Cient\u00edfica (IPC), e viaturas.<\/p>\n<p><img loading=\"lazy\" decoding=\"async\" class=\" wp-image-916229 aligncenter\" src=\"http:\/\/www.pm.pb.gov.br\/portal\/wp-content\/uploads\/2023\/04\/unnamed-19-668x445.jpg\" alt=\"\" width=\"605\" height=\"403\" srcset=\"https:\/\/www.pm.pb.gov.br\/portal\/wp-content\/uploads\/2023\/04\/unnamed-19-668x445.jpg 668w, https:\/\/www.pm.pb.gov.br\/portal\/wp-content\/uploads\/2023\/04\/unnamed-19-856x570.jpg 856w, https:\/\/www.pm.pb.gov.br\/portal\/wp-content\/uploads\/2023\/04\/unnamed-19-768x512.jpg 768w, https:\/\/www.pm.pb.gov.br\/portal\/wp-content\/uploads\/2023\/04\/unnamed-19-1536x1023.jpg 1536w, https:\/\/www.pm.pb.gov.br\/portal\/wp-content\/uploads\/2023\/04\/unnamed-19-272x182.jpg 272w, https:\/\/www.pm.pb.gov.br\/portal\/wp-content\/uploads\/2023\/04\/unnamed-19.jpg 1600w\" sizes=\"(max-width: 605px) 100vw, 605px\" \/><\/p>\n<p><strong>Corpo de Bombeiros &#8211;\u00a0<\/strong>O Corpo de Bombeiros Militar, por sua vez, vai empregar um efetivo de 890 homens e mulheres durante toda opera\u00e7\u00e3o, com aux\u00edlio de 328 viaturas operacionais e administrativas. Do litoral norte ao litoral sul, ser\u00e3o ativados postos de guarda-vidas com o apoio de embarca\u00e7\u00f5es itinerantes.<\/p>\n<p><img loading=\"lazy\" decoding=\"async\" class=\" wp-image-916224 aligncenter\" src=\"http:\/\/www.pm.pb.gov.br\/portal\/wp-content\/uploads\/2023\/04\/unnamed-16-668x445.jpg\" alt=\"\" width=\"611\" height=\"407\" srcset=\"https:\/\/www.pm.pb.gov.br\/portal\/wp-content\/uploads\/2023\/04\/unnamed-16-668x445.jpg 668w, https:\/\/www.pm.pb.gov.br\/portal\/wp-content\/uploads\/2023\/04\/unnamed-16-856x570.jpg 856w, https:\/\/www.pm.pb.gov.br\/portal\/wp-content\/uploads\/2023\/04\/unnamed-16-768x512.jpg 768w, https:\/\/www.pm.pb.gov.br\/portal\/wp-content\/uploads\/2023\/04\/unnamed-16-1536x1023.jpg 1536w, https:\/\/www.pm.pb.gov.br\/portal\/wp-content\/uploads\/2023\/04\/unnamed-16-272x182.jpg 272w, https:\/\/www.pm.pb.gov.br\/portal\/wp-content\/uploads\/2023\/04\/unnamed-16.jpg 1600w\" sizes=\"(max-width: 611px) 100vw, 611px\" \/><\/p>\n<p>A atua\u00e7\u00e3o ocorrer\u00e1 nos principais polos do estado, abrangendo toda regi\u00e3o metropolitana, Campina Grande, Guarabira, Patos, Cajazeiras e Sousa, entre outras cidades, bem como em grandes eventos da Semana Santa, com a\u00e7\u00f5es preventivas, de acordo com direcionamento das Dioceses e Par\u00f3quias das regi\u00f5es.<\/p>\n<p>Ser\u00e3o realizadas ainda blitzen preventivas e educativas, a fim de orientar a popula\u00e7\u00e3o quanto aos principais riscos durante o feriado prolongado, e aos banhistas que desejarem utilizar os ambientes aqu\u00e1ticos. A institui\u00e7\u00e3o tamb\u00e9m atuar\u00e1 em pontos base nas principais rotas de circula\u00e7\u00e3o de ve\u00edculos, com o objetivo de reduzir o tempo resposta nos atendimentos \u00e0s ocorr\u00eancias, e vai realizar per\u00edcias, vistorias t\u00e9cnicas e inspe\u00e7\u00f5es nos locais onde ocorrer\u00e3o os principais eventos religiosos da Semana Santa.<\/p>\n<p><strong>Refor\u00e7o a\u00e9reo &#8211;\u00a0<\/strong>Um refor\u00e7o importante durante a Opera\u00e7\u00e3o Semana Santa 2023 \u00e9 o trabalho executado pelo Grupamento T\u00e1tico A\u00e9reo (GTA) da Sesds com o uso da aeronave Acau\u00e3.<\/p>\n<p>At\u00e9 o domingo de P\u00e1scoa, o GTA estar\u00e1 a postos para um r\u00e1pido atendimento das ocorr\u00eancias, tanto de resgaste quanto de natureza policial. A atua\u00e7\u00e3o tem como objetivo dar mais agilidade aos atendimentos realizados nas regi\u00f5es litor\u00e2neas do estado e as rodovias que cortam a Para\u00edba.<\/p>\n<p><img loading=\"lazy\" decoding=\"async\" class=\" wp-image-916226 aligncenter\" src=\"http:\/\/www.pm.pb.gov.br\/portal\/wp-content\/uploads\/2023\/04\/unnamed-18-668x445.jpg\" alt=\"\" width=\"618\" height=\"412\" srcset=\"https:\/\/www.pm.pb.gov.br\/portal\/wp-content\/uploads\/2023\/04\/unnamed-18-668x445.jpg 668w, https:\/\/www.pm.pb.gov.br\/portal\/wp-content\/uploads\/2023\/04\/unnamed-18-856x570.jpg 856w, https:\/\/www.pm.pb.gov.br\/portal\/wp-content\/uploads\/2023\/04\/unnamed-18-768x512.jpg 768w, https:\/\/www.pm.pb.gov.br\/portal\/wp-content\/uploads\/2023\/04\/unnamed-18-1536x1023.jpg 1536w, https:\/\/www.pm.pb.gov.br\/portal\/wp-content\/uploads\/2023\/04\/unnamed-18-272x182.jpg 272w, https:\/\/www.pm.pb.gov.br\/portal\/wp-content\/uploads\/2023\/04\/unnamed-18.jpg 1600w\" sizes=\"(max-width: 618px) 100vw, 618px\" \/><\/p>\n<p>\u00a0<\/p>\n<p><strong>Fiscaliza\u00e7\u00e3o de Tr\u00e2nsito &#8211; <\/strong>O Departamento Estadual de Tr\u00e2nsito (Detran), por meio da Coordena\u00e7\u00e3o de Policiamento e Fiscaliza\u00e7\u00e3o de Tr\u00e2nsito, intensificar\u00e1 as a\u00e7\u00f5es da Opera\u00e7\u00e3o Lei Seca durante a Opera\u00e7\u00e3o Semana Santa 2023, com fiscaliza\u00e7\u00f5es que visam coibir os abusos praticados por condutores que desobedecerem \u00e0s leis de tr\u00e2nsito, principalmente com infra\u00e7\u00f5es relacionadas \u00e0 embriaguez ao volante.<\/p>\n<p>Para isso, o Detran contar\u00e1 com um efetivo de 20 agentes de tr\u00e2nsito e uso de equipamentos espec\u00edficos, como talon\u00e1rios eletr\u00f4nicos com impressoras, etil\u00f4metros (baf\u00f4metros) e cones sinalizadores com implanta\u00e7\u00e3o de redutores m\u00f3veis para conten\u00e7\u00e3o de velocidade. Ser\u00e3o utilizadas sete viaturas operacionais.<\/p>\n<p>As a\u00e7\u00f5es da Lei Seca v\u00e3o acontecer tamb\u00e9m em conjunto com os demais \u00f3rg\u00e3os de seguran\u00e7a do Estado e dos munic\u00edpios, adotando pontos de abordagem em locais pr\u00f3ximos \u00e0s \u00e1reas de eventos, nos principais corredores de tr\u00e1fego de ve\u00edculos, no sentido de agir preventivamente e tamb\u00e9m repressivamente nos casos de flagrante.<\/p>\n<p><img loading=\"lazy\" decoding=\"async\" class=\" wp-image-916225 aligncenter\" src=\"http:\/\/www.pm.pb.gov.br\/portal\/wp-content\/uploads\/2023\/04\/unnamed-17-668x445.jpg\" alt=\"\" width=\"623\" height=\"415\" srcset=\"https:\/\/www.pm.pb.gov.br\/portal\/wp-content\/uploads\/2023\/04\/unnamed-17-668x445.jpg 668w, https:\/\/www.pm.pb.gov.br\/portal\/wp-content\/uploads\/2023\/04\/unnamed-17-856x570.jpg 856w, https:\/\/www.pm.pb.gov.br\/portal\/wp-content\/uploads\/2023\/04\/unnamed-17-768x512.jpg 768w, https:\/\/www.pm.pb.gov.br\/portal\/wp-content\/uploads\/2023\/04\/unnamed-17-1536x1023.jpg 1536w, https:\/\/www.pm.pb.gov.br\/portal\/wp-content\/uploads\/2023\/04\/unnamed-17-272x182.jpg 272w, https:\/\/www.pm.pb.gov.br\/portal\/wp-content\/uploads\/2023\/04\/unnamed-17.jpg 1600w\" sizes=\"(max-width: 623px) 100vw, 623px\" \/><\/p>\n<p><strong>190, 193, 197 e Delegacia On-line &#8211;<\/strong>\u00a0Como outros canais de atendimento ao cidad\u00e3o, a Secretaria da Seguran\u00e7a e da Defesa Social da Para\u00edba disponibiliza o n\u00famero 190, para comunicar qualquer tipo de ocorr\u00eancia \u00e0 Pol\u00edcia Militar; o 193, que atende situa\u00e7\u00f5es de resgates, acidentes, colis\u00f5es, inc\u00eandios e outras emerg\u00eancias relacionadas \u00e0 vida; e o Disque Den\u00fancia (197), que recebe da popula\u00e7\u00e3o den\u00fancias an\u00f4nimas, com total sigilo e de forma gratuita. Nos casos de ocorr\u00eancias simples, sem viol\u00eancia, a popula\u00e7\u00e3o pode contar com o servi\u00e7o da Delegacia On-line (<a href=\"http:\/\/www.delegaciaonline.pb.gov.br\/\" target=\"_blank\" rel=\"noopener\" data-saferedirecturl=\"https:\/\/www.google.com\/url?q=http:\/\/www.delegaciaonline.pb.gov.br&amp;source=gmail&amp;ust=1680793218639000&amp;usg=AOvVaw2ckQnEY92jCddiIMLdB5H7\">www.delegaciaonline.pb.gov.br<\/a><wbr \/>).<\/p>\n<p><em>Fonte: Secom-PB<\/em><\/p>\n","protected":false},"excerpt":{"rendered":"<p>A Secretaria de Estado da Seguran\u00e7a P\u00fablica e Defesa Social lan\u00e7ou, nesta quarta-feira (5), em Jo\u00e3o Pessoa, a Opera\u00e7\u00e3o Semana<\/p>\n","protected":false},"author":12,"featured_media":916231,"comment_status":"closed","ping_status":"closed","sticky":false,"template":"","format":"standard","meta":{"_exactmetrics_skip_tracking":false,"_exactmetrics_sitenote_active":false,"_exactmetrics_sitenote_note":"","_exactmetrics_sitenote_category":0,"footnotes":""},"categories":[4],"tags":[],"yoast_head":"<!-- This site is optimized with the Yoast SEO plugin v22.0 - https:\/\/yoast.com\/wordpress\/plugins\/seo\/ -->\n<title>For\u00e7as de Seguran\u00e7a da Para\u00edba refor\u00e7am a\u00e7\u00f5es durante \u201cOpera\u00e7\u00e3o Semana Santa\u201d - Pol\u00edcia Militar da Para\u00edba<\/title>\n<meta name=\"robots\" content=\"index, follow, max-snippet:-1, max-image-preview:large, max-video-preview:-1\" \/>\n<link rel=\"canonical\" href=\"https:\/\/www.pm.pb.gov.br\/portal\/2023\/04\/05\/forcas-de-seguranca-da-paraiba-reforcam-acoes-durante-operacao-semana-santa\/\" \/>\n<meta property=\"og:locale\" content=\"pt_BR\" \/>\n<meta property=\"og:type\" content=\"article\" \/>\n<meta property=\"og:title\" content=\"For\u00e7as de Seguran\u00e7a da Para\u00edba refor\u00e7am a\u00e7\u00f5es durante \u201cOpera\u00e7\u00e3o Semana Santa\u201d - Pol\u00edcia Militar da Para\u00edba\" \/>\n<meta property=\"og:description\" content=\"A Secretaria de Estado da Seguran\u00e7a P\u00fablica e Defesa Social lan\u00e7ou, nesta quarta-feira (5), em Jo\u00e3o Pessoa, a Opera\u00e7\u00e3o Semana\" \/>\n<meta property=\"og:url\" content=\"https:\/\/www.pm.pb.gov.br\/portal\/2023\/04\/05\/forcas-de-seguranca-da-paraiba-reforcam-acoes-durante-operacao-semana-santa\/\" \/>\n<meta property=\"og:site_name\" content=\"Pol\u00edcia Militar da Para\u00edba\" \/>\n<meta property=\"article:published_time\" content=\"2023-04-05T15:05:11+00:00\" \/>\n<meta property=\"article:modified_time\" content=\"2023-04-05T15:05:15+00:00\" \/>\n<meta property=\"og:image\" content=\"http:\/\/www.pm.pb.gov.br\/portal\/wp-content\/uploads\/2023\/04\/semanasanta.jpg\" \/>\n\t<meta property=\"og:image:width\" content=\"800\" \/>\n\t<meta property=\"og:image:height\" content=\"445\" \/>\n\t<meta property=\"og:image:type\" content=\"image\/jpeg\" \/>\n<meta name=\"author\" content=\"Tarcisio Oliveira\" \/>\n<meta name=\"twitter:card\" content=\"summary_large_image\" \/>\n<meta name=\"twitter:label1\" content=\"Escrito por\" \/>\n\t<meta name=\"twitter:data1\" content=\"Tarcisio Oliveira\" \/>\n\t<meta name=\"twitter:label2\" content=\"Est. tempo de leitura\" \/>\n\t<meta name=\"twitter:data2\" content=\"6 minutos\" \/>\n<script type=\"application\/ld+json\" class=\"yoast-schema-graph\">{\"@context\":\"https:\/\/schema.org\",\"@graph\":[{\"@type\":\"Article\",\"@id\":\"https:\/\/www.pm.pb.gov.br\/portal\/2023\/04\/05\/forcas-de-seguranca-da-paraiba-reforcam-acoes-durante-operacao-semana-santa\/#article\",\"isPartOf\":{\"@id\":\"https:\/\/www.pm.pb.gov.br\/portal\/2023\/04\/05\/forcas-de-seguranca-da-paraiba-reforcam-acoes-durante-operacao-semana-santa\/\"},\"author\":{\"name\":\"Tarcisio Oliveira\",\"@id\":\"https:\/\/www.pm.pb.gov.br\/portal\/#\/schema\/person\/f84f56dcc78ce4357054da888b8247fd\"},\"headline\":\"For\u00e7as de Seguran\u00e7a da Para\u00edba refor\u00e7am a\u00e7\u00f5es durante \u201cOpera\u00e7\u00e3o Semana Santa\u201d\",\"datePublished\":\"2023-04-05T15:05:11+00:00\",\"dateModified\":\"2023-04-05T15:05:15+00:00\",\"mainEntityOfPage\":{\"@id\":\"https:\/\/www.pm.pb.gov.br\/portal\/2023\/04\/05\/forcas-de-seguranca-da-paraiba-reforcam-acoes-durante-operacao-semana-santa\/\"},\"wordCount\":1022,\"publisher\":{\"@id\":\"https:\/\/www.pm.pb.gov.br\/portal\/#organization\"},\"articleSection\":[\"A\u00e7\u00f5es Policiais\"],\"inLanguage\":\"pt-BR\"},{\"@type\":\"WebPage\",\"@id\":\"https:\/\/www.pm.pb.gov.br\/portal\/2023\/04\/05\/forcas-de-seguranca-da-paraiba-reforcam-acoes-durante-operacao-semana-santa\/\",\"url\":\"https:\/\/www.pm.pb.gov.br\/portal\/2023\/04\/05\/forcas-de-seguranca-da-paraiba-reforcam-acoes-durante-operacao-semana-santa\/\",\"name\":\"For\u00e7as de Seguran\u00e7a da Para\u00edba refor\u00e7am a\u00e7\u00f5es durante \u201cOpera\u00e7\u00e3o Semana Santa\u201d - Pol\u00edcia Militar da Para\u00edba\",\"isPartOf\":{\"@id\":\"https:\/\/www.pm.pb.gov.br\/portal\/#website\"},\"datePublished\":\"2023-04-05T15:05:11+00:00\",\"dateModified\":\"2023-04-05T15:05:15+00:00\",\"breadcrumb\":{\"@id\":\"https:\/\/www.pm.pb.gov.br\/portal\/2023\/04\/05\/forcas-de-seguranca-da-paraiba-reforcam-acoes-durante-operacao-semana-santa\/#breadcrumb\"},\"inLanguage\":\"pt-BR\",\"potentialAction\":[{\"@type\":\"ReadAction\",\"target\":[\"https:\/\/www.pm.pb.gov.br\/portal\/2023\/04\/05\/forcas-de-seguranca-da-paraiba-reforcam-acoes-durante-operacao-semana-santa\/\"]}]},{\"@type\":\"BreadcrumbList\",\"@id\":\"https:\/\/www.pm.pb.gov.br\/portal\/2023\/04\/05\/forcas-de-seguranca-da-paraiba-reforcam-acoes-durante-operacao-semana-santa\/#breadcrumb\",\"itemListElement\":[{\"@type\":\"ListItem\",\"position\":1,\"name\":\"In\u00edcio\",\"item\":\"https:\/\/www.pm.pb.gov.br\/portal\/\"},{\"@type\":\"ListItem\",\"position\":2,\"name\":\"For\u00e7as de Seguran\u00e7a da Para\u00edba refor\u00e7am a\u00e7\u00f5es durante \u201cOpera\u00e7\u00e3o Semana Santa\u201d\"}]},{\"@type\":\"WebSite\",\"@id\":\"https:\/\/www.pm.pb.gov.br\/portal\/#website\",\"url\":\"https:\/\/www.pm.pb.gov.br\/portal\/\",\"name\":\"Pol\u00edcia Militar da Para\u00edba\",\"description\":\"\",\"publisher\":{\"@id\":\"https:\/\/www.pm.pb.gov.br\/portal\/#organization\"},\"potentialAction\":[{\"@type\":\"SearchAction\",\"target\":{\"@type\":\"EntryPoint\",\"urlTemplate\":\"https:\/\/www.pm.pb.gov.br\/portal\/?s={search_term_string}\"},\"query-input\":\"required name=search_term_string\"}],\"inLanguage\":\"pt-BR\"},{\"@type\":\"Organization\",\"@id\":\"https:\/\/www.pm.pb.gov.br\/portal\/#organization\",\"name\":\"Pol\u00edcia Militar da Para\u00edba\",\"url\":\"https:\/\/www.pm.pb.gov.br\/portal\/\",\"logo\":{\"@type\":\"ImageObject\",\"inLanguage\":\"pt-BR\",\"@id\":\"https:\/\/www.pm.pb.gov.br\/portal\/#\/schema\/logo\/image\/\",\"url\":\"https:\/\/www.pm.pb.gov.br\/portal\/wp-content\/uploads\/2025\/03\/cropped-logo-site-mag2-1.png\",\"contentUrl\":\"https:\/\/www.pm.pb.gov.br\/portal\/wp-content\/uploads\/2025\/03\/cropped-logo-site-mag2-1.png\",\"width\":320,\"height\":90,\"caption\":\"Pol\u00edcia Militar da Para\u00edba\"},\"image\":{\"@id\":\"https:\/\/www.pm.pb.gov.br\/portal\/#\/schema\/logo\/image\/\"}},{\"@type\":\"Person\",\"@id\":\"https:\/\/www.pm.pb.gov.br\/portal\/#\/schema\/person\/f84f56dcc78ce4357054da888b8247fd\",\"name\":\"Tarcisio Oliveira\",\"image\":{\"@type\":\"ImageObject\",\"inLanguage\":\"pt-BR\",\"@id\":\"https:\/\/www.pm.pb.gov.br\/portal\/#\/schema\/person\/image\/\",\"url\":\"https:\/\/secure.gravatar.com\/avatar\/72917b630b69d31cd0297507f34bac97?s=96&d=mm&r=g\",\"contentUrl\":\"https:\/\/secure.gravatar.com\/avatar\/72917b630b69d31cd0297507f34bac97?s=96&d=mm&r=g\",\"caption\":\"Tarcisio Oliveira\"},\"url\":\"https:\/\/www.pm.pb.gov.br\/portal\/author\/tarcisio\/\"}]}<\/script>\n<!-- \/ Yoast SEO plugin. -->","yoast_head_json":{"title":"For\u00e7as de Seguran\u00e7a da Para\u00edba refor\u00e7am a\u00e7\u00f5es durante \u201cOpera\u00e7\u00e3o Semana Santa\u201d - Pol\u00edcia Militar da Para\u00edba","robots":{"index":"index","follow":"follow","max-snippet":"max-snippet:-1","max-image-preview":"max-image-preview:large","max-video-preview":"max-video-preview:-1"},"canonical":"https:\/\/www.pm.pb.gov.br\/portal\/2023\/04\/05\/forcas-de-seguranca-da-paraiba-reforcam-acoes-durante-operacao-semana-santa\/","og_locale":"pt_BR","og_type":"article","og_title":"For\u00e7as de Seguran\u00e7a da Para\u00edba refor\u00e7am a\u00e7\u00f5es durante \u201cOpera\u00e7\u00e3o Semana Santa\u201d - Pol\u00edcia Militar da Para\u00edba","og_description":"A Secretaria de Estado da Seguran\u00e7a P\u00fablica e Defesa Social lan\u00e7ou, nesta quarta-feira (5), em Jo\u00e3o Pessoa, a Opera\u00e7\u00e3o Semana","og_url":"https:\/\/www.pm.pb.gov.br\/portal\/2023\/04\/05\/forcas-de-seguranca-da-paraiba-reforcam-acoes-durante-operacao-semana-santa\/","og_site_name":"Pol\u00edcia Militar da Para\u00edba","article_published_time":"2023-04-05T15:05:11+00:00","article_modified_time":"2023-04-05T15:05:15+00:00","og_image":[{"width":800,"height":445,"url":"http:\/\/www.pm.pb.gov.br\/portal\/wp-content\/uploads\/2023\/04\/semanasanta.jpg","type":"image\/jpeg"}],"author":"Tarcisio Oliveira","twitter_card":"summary_large_image","twitter_misc":{"Escrito por":"Tarcisio Oliveira","Est. tempo de leitura":"6 minutos"},"schema":{"@context":"https:\/\/schema.org","@graph":[{"@type":"Article","@id":"https:\/\/www.pm.pb.gov.br\/portal\/2023\/04\/05\/forcas-de-seguranca-da-paraiba-reforcam-acoes-durante-operacao-semana-santa\/#article","isPartOf":{"@id":"https:\/\/www.pm.pb.gov.br\/portal\/2023\/04\/05\/forcas-de-seguranca-da-paraiba-reforcam-acoes-durante-operacao-semana-santa\/"},"author":{"name":"Tarcisio Oliveira","@id":"https:\/\/www.pm.pb.gov.br\/portal\/#\/schema\/person\/f84f56dcc78ce4357054da888b8247fd"},"headline":"For\u00e7as de Seguran\u00e7a da Para\u00edba refor\u00e7am a\u00e7\u00f5es durante \u201cOpera\u00e7\u00e3o Semana Santa\u201d","datePublished":"2023-04-05T15:05:11+00:00","dateModified":"2023-04-05T15:05:15+00:00","mainEntityOfPage":{"@id":"https:\/\/www.pm.pb.gov.br\/portal\/2023\/04\/05\/forcas-de-seguranca-da-paraiba-reforcam-acoes-durante-operacao-semana-santa\/"},"wordCount":1022,"publisher":{"@id":"https:\/\/www.pm.pb.gov.br\/portal\/#organization"},"articleSection":["A\u00e7\u00f5es Policiais"],"inLanguage":"pt-BR"},{"@type":"WebPage","@id":"https:\/\/www.pm.pb.gov.br\/portal\/2023\/04\/05\/forcas-de-seguranca-da-paraiba-reforcam-acoes-durante-operacao-semana-santa\/","url":"https:\/\/www.pm.pb.gov.br\/portal\/2023\/04\/05\/forcas-de-seguranca-da-paraiba-reforcam-acoes-durante-operacao-semana-santa\/","name":"For\u00e7as de Seguran\u00e7a da Para\u00edba refor\u00e7am a\u00e7\u00f5es durante \u201cOpera\u00e7\u00e3o Semana Santa\u201d - Pol\u00edcia Militar da Para\u00edba","isPartOf":{"@id":"https:\/\/www.pm.pb.gov.br\/portal\/#website"},"datePublished":"2023-04-05T15:05:11+00:00","dateModified":"2023-04-05T15:05:15+00:00","breadcrumb":{"@id":"https:\/\/www.pm.pb.gov.br\/portal\/2023\/04\/05\/forcas-de-seguranca-da-paraiba-reforcam-acoes-durante-operacao-semana-santa\/#breadcrumb"},"inLanguage":"pt-BR","potentialAction":[{"@type":"ReadAction","target":["https:\/\/www.pm.pb.gov.br\/portal\/2023\/04\/05\/forcas-de-seguranca-da-paraiba-reforcam-acoes-durante-operacao-semana-santa\/"]}]},{"@type":"BreadcrumbList","@id":"https:\/\/www.pm.pb.gov.br\/portal\/2023\/04\/05\/forcas-de-seguranca-da-paraiba-reforcam-acoes-durante-operacao-semana-santa\/#breadcrumb","itemListElement":[{"@type":"ListItem","position":1,"name":"In\u00edcio","item":"https:\/\/www.pm.pb.gov.br\/portal\/"},{"@type":"ListItem","position":2,"name":"For\u00e7as de Seguran\u00e7a da Para\u00edba refor\u00e7am a\u00e7\u00f5es durante \u201cOpera\u00e7\u00e3o Semana Santa\u201d"}]},{"@type":"WebSite","@id":"https:\/\/www.pm.pb.gov.br\/portal\/#website","url":"https:\/\/www.pm.pb.gov.br\/portal\/","name":"Pol\u00edcia Militar da Para\u00edba","description":"","publisher":{"@id":"https:\/\/www.pm.pb.gov.br\/portal\/#organization"},"potentialAction":[{"@type":"SearchAction","target":{"@type":"EntryPoint","urlTemplate":"https:\/\/www.pm.pb.gov.br\/portal\/?s={search_term_string}"},"query-input":"required name=search_term_string"}],"inLanguage":"pt-BR"},{"@type":"Organization","@id":"https:\/\/www.pm.pb.gov.br\/portal\/#organization","name":"Pol\u00edcia Militar da Para\u00edba","url":"https:\/\/www.pm.pb.gov.br\/portal\/","logo":{"@type":"ImageObject","inLanguage":"pt-BR","@id":"https:\/\/www.pm.pb.gov.br\/portal\/#\/schema\/logo\/image\/","url":"https:\/\/www.pm.pb.gov.br\/portal\/wp-content\/uploads\/2025\/03\/cropped-logo-site-mag2-1.png","contentUrl":"https:\/\/www.pm.pb.gov.br\/portal\/wp-content\/uploads\/2025\/03\/cropped-logo-site-mag2-1.png","width":320,"height":90,"caption":"Pol\u00edcia Militar da Para\u00edba"},"image":{"@id":"https:\/\/www.pm.pb.gov.br\/portal\/#\/schema\/logo\/image\/"}},{"@type":"Person","@id":"https:\/\/www.pm.pb.gov.br\/portal\/#\/schema\/person\/f84f56dcc78ce4357054da888b8247fd","name":"Tarcisio Oliveira","image":{"@type":"ImageObject","inLanguage":"pt-BR","@id":"https:\/\/www.pm.pb.gov.br\/portal\/#\/schema\/person\/image\/","url":"https:\/\/secure.gravatar.com\/avatar\/72917b630b69d31cd0297507f34bac97?s=96&d=mm&r=g","contentUrl":"https:\/\/secure.gravatar.com\/avatar\/72917b630b69d31cd0297507f34bac97?s=96&d=mm&r=g","caption":"Tarcisio Oliveira"},"url":"https:\/\/www.pm.pb.gov.br\/portal\/author\/tarcisio\/"}]}},"_links":{"self":[{"href":"https:\/\/www.pm.pb.gov.br\/portal\/wp-json\/wp\/v2\/posts\/916223"}],"collection":[{"href":"https:\/\/www.pm.pb.gov.br\/portal\/wp-json\/wp\/v2\/posts"}],"about":[{"href":"https:\/\/www.pm.pb.gov.br\/portal\/wp-json\/wp\/v2\/types\/post"}],"author":[{"embeddable":true,"href":"https:\/\/www.pm.pb.gov.br\/portal\/wp-json\/wp\/v2\/users\/12"}],"replies":[{"embeddable":true,"href":"https:\/\/www.pm.pb.gov.br\/portal\/wp-json\/wp\/v2\/comments?post=916223"}],"version-history":[{"count":2,"href":"https:\/\/www.pm.pb.gov.br\/portal\/wp-json\/wp\/v2\/posts\/916223\/revisions"}],"predecessor-version":[{"id":916232,"href":"https:\/\/www.pm.pb.gov.br\/portal\/wp-json\/wp\/v2\/posts\/916223\/revisions\/916232"}],"wp:featuredmedia":[{"embeddable":true,"href":"https:\/\/www.pm.pb.gov.br\/portal\/wp-json\/wp\/v2\/media\/916231"}],"wp:attachment":[{"href":"https:\/\/www.pm.pb.gov.br\/portal\/wp-json\/wp\/v2\/media?parent=916223"}],"wp:term":[{"taxonomy":"category","embeddable":true,"href":"https:\/\/www.pm.pb.gov.br\/portal\/wp-json\/wp\/v2\/categories?post=916223"},{"taxonomy":"post_tag","embeddable":true,"href":"https:\/\/www.pm.pb.gov.br\/portal\/wp-json\/wp\/v2\/tags?post=916223"}],"curies":[{"name":"wp","href":"https:\/\/api.w.org\/{rel}","templated":true}]}}