{"id":916217,"date":"2023-04-03T17:00:44","date_gmt":"2023-04-03T20:00:44","guid":{"rendered":"https:\/\/www.pm.pb.gov.br\/portal\/?p=916217"},"modified":"2023-04-03T17:00:47","modified_gmt":"2023-04-03T20:00:47","slug":"no-cariri-policia-militar-captura-foragido-da-justica-condenado-a-11-anos-de-prisao","status":"publish","type":"post","link":"https:\/\/www.pm.pb.gov.br\/portal\/2023\/04\/03\/no-cariri-policia-militar-captura-foragido-da-justica-condenado-a-11-anos-de-prisao\/","title":{"rendered":"<strong>NO CARIRI: Pol\u00edcia Militar captura foragido da Justi\u00e7a condenado a 11 anos de pris\u00e3o<\/strong>"},"content":{"rendered":"\n\n\n<p>A Pol\u00edcia Militar capturou, nas \u00faltimas horas da manh\u00e3 desta segunda-feira (03), um foragido da Justi\u00e7a condenado a 11 anos de pris\u00e3o pelos crimes do Sistema Nacional de Armas, como porte e posse ilegal de arma de fogo de uso restrito. A pris\u00e3o do acusado, de 49 anos de idade, aconteceu no cariri paraibano na cidade de Monteiro (foto acima ilustrativa).<\/p>\n<p>O homem preso j\u00e1 respondia pelo crime e estava em medidas cautelares quando fugiu. Ele j\u00e1 foi alvo de opera\u00e7\u00e3o da Pol\u00edcia Federal pela poss\u00edvel participa\u00e7\u00e3o no roubo ao Banco Central de Fortaleza, no Cear\u00e1, em 2005. Ele tamb\u00e9m era apontado pela tentativa de entrada de aparelhos celulares na cadeia de Monteiro. A pris\u00e3o desta segunda-feira aconteceu quando policiais do 11\u00ba Batalh\u00e3o cumpriram o mandado expedido pela Vara \u00danica de Sum\u00e9.<\/p>\n<p>O acusado preso foi apresentado na delegacia em Monteiro para os procedimentos cab\u00edveis e o devido cumprimento da pena.<\/p>\n","protected":false},"excerpt":{"rendered":"<p>A Pol\u00edcia Militar capturou, nas \u00faltimas horas da manh\u00e3 desta segunda-feira (03), um foragido da Justi\u00e7a condenado a 11 anos<\/p>\n","protected":false},"author":12,"featured_media":905891,"comment_status":"closed","ping_status":"closed","sticky":false,"template":"","format":"standard","meta":{"_exactmetrics_skip_tracking":false,"_exactmetrics_sitenote_active":false,"_exactmetrics_sitenote_note":"","_exactmetrics_sitenote_category":0,"footnotes":""},"categories":[4],"tags":[],"yoast_head":"<!-- This site is optimized with the Yoast SEO plugin v22.0 - https:\/\/yoast.com\/wordpress\/plugins\/seo\/ -->\n<title>NO CARIRI: Pol\u00edcia Militar captura foragido da Justi\u00e7a condenado a 11 anos de pris\u00e3o - Pol\u00edcia Militar da Para\u00edba<\/title>\n<meta name=\"robots\" content=\"index, follow, max-snippet:-1, max-image-preview:large, max-video-preview:-1\" \/>\n<link rel=\"canonical\" href=\"https:\/\/www.pm.pb.gov.br\/portal\/2023\/04\/03\/no-cariri-policia-militar-captura-foragido-da-justica-condenado-a-11-anos-de-prisao\/\" \/>\n<meta property=\"og:locale\" content=\"pt_BR\" \/>\n<meta property=\"og:type\" content=\"article\" \/>\n<meta property=\"og:title\" content=\"NO CARIRI: Pol\u00edcia Militar captura foragido da Justi\u00e7a condenado a 11 anos de pris\u00e3o - Pol\u00edcia Militar da Para\u00edba\" \/>\n<meta property=\"og:description\" content=\"A Pol\u00edcia Militar capturou, nas \u00faltimas horas da manh\u00e3 desta segunda-feira (03), um foragido da Justi\u00e7a condenado a 11 anos\" \/>\n<meta property=\"og:url\" content=\"https:\/\/www.pm.pb.gov.br\/portal\/2023\/04\/03\/no-cariri-policia-militar-captura-foragido-da-justica-condenado-a-11-anos-de-prisao\/\" \/>\n<meta property=\"og:site_name\" content=\"Pol\u00edcia Militar da Para\u00edba\" \/>\n<meta property=\"article:published_time\" content=\"2023-04-03T20:00:44+00:00\" \/>\n<meta property=\"article:modified_time\" content=\"2023-04-03T20:00:47+00:00\" \/>\n<meta property=\"og:image\" content=\"http:\/\/www.pm.pb.gov.br\/portal\/wp-content\/uploads\/2020\/06\/11bpm_monteiro.jpeg\" \/>\n\t<meta property=\"og:image:width\" content=\"800\" \/>\n\t<meta property=\"og:image:height\" content=\"445\" \/>\n\t<meta property=\"og:image:type\" content=\"image\/jpeg\" \/>\n<meta name=\"author\" content=\"Tarcisio Oliveira\" \/>\n<meta name=\"twitter:card\" content=\"summary_large_image\" \/>\n<meta name=\"twitter:label1\" content=\"Escrito por\" \/>\n\t<meta name=\"twitter:data1\" content=\"Tarcisio Oliveira\" \/>\n\t<meta name=\"twitter:label2\" content=\"Est. tempo de leitura\" \/>\n\t<meta name=\"twitter:data2\" content=\"1 minuto\" \/>\n<script type=\"application\/ld+json\" class=\"yoast-schema-graph\">{\"@context\":\"https:\/\/schema.org\",\"@graph\":[{\"@type\":\"Article\",\"@id\":\"https:\/\/www.pm.pb.gov.br\/portal\/2023\/04\/03\/no-cariri-policia-militar-captura-foragido-da-justica-condenado-a-11-anos-de-prisao\/#article\",\"isPartOf\":{\"@id\":\"https:\/\/www.pm.pb.gov.br\/portal\/2023\/04\/03\/no-cariri-policia-militar-captura-foragido-da-justica-condenado-a-11-anos-de-prisao\/\"},\"author\":{\"name\":\"Tarcisio Oliveira\",\"@id\":\"https:\/\/www.pm.pb.gov.br\/portal\/#\/schema\/person\/f84f56dcc78ce4357054da888b8247fd\"},\"headline\":\"NO CARIRI: Pol\u00edcia Militar captura foragido da Justi\u00e7a condenado a 11 anos de pris\u00e3o\",\"datePublished\":\"2023-04-03T20:00:44+00:00\",\"dateModified\":\"2023-04-03T20:00:47+00:00\",\"mainEntityOfPage\":{\"@id\":\"https:\/\/www.pm.pb.gov.br\/portal\/2023\/04\/03\/no-cariri-policia-militar-captura-foragido-da-justica-condenado-a-11-anos-de-prisao\/\"},\"wordCount\":174,\"publisher\":{\"@id\":\"https:\/\/www.pm.pb.gov.br\/portal\/#organization\"},\"articleSection\":[\"A\u00e7\u00f5es Policiais\"],\"inLanguage\":\"pt-BR\"},{\"@type\":\"WebPage\",\"@id\":\"https:\/\/www.pm.pb.gov.br\/portal\/2023\/04\/03\/no-cariri-policia-militar-captura-foragido-da-justica-condenado-a-11-anos-de-prisao\/\",\"url\":\"https:\/\/www.pm.pb.gov.br\/portal\/2023\/04\/03\/no-cariri-policia-militar-captura-foragido-da-justica-condenado-a-11-anos-de-prisao\/\",\"name\":\"NO CARIRI: Pol\u00edcia Militar captura foragido da Justi\u00e7a condenado a 11 anos de pris\u00e3o - Pol\u00edcia Militar da Para\u00edba\",\"isPartOf\":{\"@id\":\"https:\/\/www.pm.pb.gov.br\/portal\/#website\"},\"datePublished\":\"2023-04-03T20:00:44+00:00\",\"dateModified\":\"2023-04-03T20:00:47+00:00\",\"breadcrumb\":{\"@id\":\"https:\/\/www.pm.pb.gov.br\/portal\/2023\/04\/03\/no-cariri-policia-militar-captura-foragido-da-justica-condenado-a-11-anos-de-prisao\/#breadcrumb\"},\"inLanguage\":\"pt-BR\",\"potentialAction\":[{\"@type\":\"ReadAction\",\"target\":[\"https:\/\/www.pm.pb.gov.br\/portal\/2023\/04\/03\/no-cariri-policia-militar-captura-foragido-da-justica-condenado-a-11-anos-de-prisao\/\"]}]},{\"@type\":\"BreadcrumbList\",\"@id\":\"https:\/\/www.pm.pb.gov.br\/portal\/2023\/04\/03\/no-cariri-policia-militar-captura-foragido-da-justica-condenado-a-11-anos-de-prisao\/#breadcrumb\",\"itemListElement\":[{\"@type\":\"ListItem\",\"position\":1,\"name\":\"In\u00edcio\",\"item\":\"https:\/\/www.pm.pb.gov.br\/portal\/\"},{\"@type\":\"ListItem\",\"position\":2,\"name\":\"NO CARIRI: Pol\u00edcia Militar captura foragido da Justi\u00e7a condenado a 11 anos de pris\u00e3o\"}]},{\"@type\":\"WebSite\",\"@id\":\"https:\/\/www.pm.pb.gov.br\/portal\/#website\",\"url\":\"https:\/\/www.pm.pb.gov.br\/portal\/\",\"name\":\"Pol\u00edcia Militar da Para\u00edba\",\"description\":\"\",\"publisher\":{\"@id\":\"https:\/\/www.pm.pb.gov.br\/portal\/#organization\"},\"potentialAction\":[{\"@type\":\"SearchAction\",\"target\":{\"@type\":\"EntryPoint\",\"urlTemplate\":\"https:\/\/www.pm.pb.gov.br\/portal\/?s={search_term_string}\"},\"query-input\":\"required name=search_term_string\"}],\"inLanguage\":\"pt-BR\"},{\"@type\":\"Organization\",\"@id\":\"https:\/\/www.pm.pb.gov.br\/portal\/#organization\",\"name\":\"Pol\u00edcia Militar da Para\u00edba\",\"url\":\"https:\/\/www.pm.pb.gov.br\/portal\/\",\"logo\":{\"@type\":\"ImageObject\",\"inLanguage\":\"pt-BR\",\"@id\":\"https:\/\/www.pm.pb.gov.br\/portal\/#\/schema\/logo\/image\/\",\"url\":\"https:\/\/www.pm.pb.gov.br\/portal\/wp-content\/uploads\/2025\/03\/cropped-logo-site-mag2-1.png\",\"contentUrl\":\"https:\/\/www.pm.pb.gov.br\/portal\/wp-content\/uploads\/2025\/03\/cropped-logo-site-mag2-1.png\",\"width\":320,\"height\":90,\"caption\":\"Pol\u00edcia Militar da Para\u00edba\"},\"image\":{\"@id\":\"https:\/\/www.pm.pb.gov.br\/portal\/#\/schema\/logo\/image\/\"}},{\"@type\":\"Person\",\"@id\":\"https:\/\/www.pm.pb.gov.br\/portal\/#\/schema\/person\/f84f56dcc78ce4357054da888b8247fd\",\"name\":\"Tarcisio Oliveira\",\"image\":{\"@type\":\"ImageObject\",\"inLanguage\":\"pt-BR\",\"@id\":\"https:\/\/www.pm.pb.gov.br\/portal\/#\/schema\/person\/image\/\",\"url\":\"https:\/\/secure.gravatar.com\/avatar\/72917b630b69d31cd0297507f34bac97?s=96&d=mm&r=g\",\"contentUrl\":\"https:\/\/secure.gravatar.com\/avatar\/72917b630b69d31cd0297507f34bac97?s=96&d=mm&r=g\",\"caption\":\"Tarcisio Oliveira\"},\"url\":\"https:\/\/www.pm.pb.gov.br\/portal\/author\/tarcisio\/\"}]}<\/script>\n<!-- \/ Yoast SEO plugin. -->","yoast_head_json":{"title":"NO CARIRI: Pol\u00edcia Militar captura foragido da Justi\u00e7a condenado a 11 anos de pris\u00e3o - Pol\u00edcia Militar da Para\u00edba","robots":{"index":"index","follow":"follow","max-snippet":"max-snippet:-1","max-image-preview":"max-image-preview:large","max-video-preview":"max-video-preview:-1"},"canonical":"https:\/\/www.pm.pb.gov.br\/portal\/2023\/04\/03\/no-cariri-policia-militar-captura-foragido-da-justica-condenado-a-11-anos-de-prisao\/","og_locale":"pt_BR","og_type":"article","og_title":"NO CARIRI: Pol\u00edcia Militar captura foragido da Justi\u00e7a condenado a 11 anos de pris\u00e3o - Pol\u00edcia Militar da Para\u00edba","og_description":"A Pol\u00edcia Militar capturou, nas \u00faltimas horas da manh\u00e3 desta segunda-feira (03), um foragido da Justi\u00e7a condenado a 11 anos","og_url":"https:\/\/www.pm.pb.gov.br\/portal\/2023\/04\/03\/no-cariri-policia-militar-captura-foragido-da-justica-condenado-a-11-anos-de-prisao\/","og_site_name":"Pol\u00edcia Militar da Para\u00edba","article_published_time":"2023-04-03T20:00:44+00:00","article_modified_time":"2023-04-03T20:00:47+00:00","og_image":[{"width":800,"height":445,"url":"http:\/\/www.pm.pb.gov.br\/portal\/wp-content\/uploads\/2020\/06\/11bpm_monteiro.jpeg","type":"image\/jpeg"}],"author":"Tarcisio Oliveira","twitter_card":"summary_large_image","twitter_misc":{"Escrito por":"Tarcisio Oliveira","Est. tempo de leitura":"1 minuto"},"schema":{"@context":"https:\/\/schema.org","@graph":[{"@type":"Article","@id":"https:\/\/www.pm.pb.gov.br\/portal\/2023\/04\/03\/no-cariri-policia-militar-captura-foragido-da-justica-condenado-a-11-anos-de-prisao\/#article","isPartOf":{"@id":"https:\/\/www.pm.pb.gov.br\/portal\/2023\/04\/03\/no-cariri-policia-militar-captura-foragido-da-justica-condenado-a-11-anos-de-prisao\/"},"author":{"name":"Tarcisio Oliveira","@id":"https:\/\/www.pm.pb.gov.br\/portal\/#\/schema\/person\/f84f56dcc78ce4357054da888b8247fd"},"headline":"NO CARIRI: Pol\u00edcia Militar captura foragido da Justi\u00e7a condenado a 11 anos de pris\u00e3o","datePublished":"2023-04-03T20:00:44+00:00","dateModified":"2023-04-03T20:00:47+00:00","mainEntityOfPage":{"@id":"https:\/\/www.pm.pb.gov.br\/portal\/2023\/04\/03\/no-cariri-policia-militar-captura-foragido-da-justica-condenado-a-11-anos-de-prisao\/"},"wordCount":174,"publisher":{"@id":"https:\/\/www.pm.pb.gov.br\/portal\/#organization"},"articleSection":["A\u00e7\u00f5es Policiais"],"inLanguage":"pt-BR"},{"@type":"WebPage","@id":"https:\/\/www.pm.pb.gov.br\/portal\/2023\/04\/03\/no-cariri-policia-militar-captura-foragido-da-justica-condenado-a-11-anos-de-prisao\/","url":"https:\/\/www.pm.pb.gov.br\/portal\/2023\/04\/03\/no-cariri-policia-militar-captura-foragido-da-justica-condenado-a-11-anos-de-prisao\/","name":"NO CARIRI: Pol\u00edcia Militar captura foragido da Justi\u00e7a condenado a 11 anos de pris\u00e3o - Pol\u00edcia Militar da Para\u00edba","isPartOf":{"@id":"https:\/\/www.pm.pb.gov.br\/portal\/#website"},"datePublished":"2023-04-03T20:00:44+00:00","dateModified":"2023-04-03T20:00:47+00:00","breadcrumb":{"@id":"https:\/\/www.pm.pb.gov.br\/portal\/2023\/04\/03\/no-cariri-policia-militar-captura-foragido-da-justica-condenado-a-11-anos-de-prisao\/#breadcrumb"},"inLanguage":"pt-BR","potentialAction":[{"@type":"ReadAction","target":["https:\/\/www.pm.pb.gov.br\/portal\/2023\/04\/03\/no-cariri-policia-militar-captura-foragido-da-justica-condenado-a-11-anos-de-prisao\/"]}]},{"@type":"BreadcrumbList","@id":"https:\/\/www.pm.pb.gov.br\/portal\/2023\/04\/03\/no-cariri-policia-militar-captura-foragido-da-justica-condenado-a-11-anos-de-prisao\/#breadcrumb","itemListElement":[{"@type":"ListItem","position":1,"name":"In\u00edcio","item":"https:\/\/www.pm.pb.gov.br\/portal\/"},{"@type":"ListItem","position":2,"name":"NO CARIRI: Pol\u00edcia Militar captura foragido da Justi\u00e7a condenado a 11 anos de pris\u00e3o"}]},{"@type":"WebSite","@id":"https:\/\/www.pm.pb.gov.br\/portal\/#website","url":"https:\/\/www.pm.pb.gov.br\/portal\/","name":"Pol\u00edcia Militar da Para\u00edba","description":"","publisher":{"@id":"https:\/\/www.pm.pb.gov.br\/portal\/#organization"},"potentialAction":[{"@type":"SearchAction","target":{"@type":"EntryPoint","urlTemplate":"https:\/\/www.pm.pb.gov.br\/portal\/?s={search_term_string}"},"query-input":"required name=search_term_string"}],"inLanguage":"pt-BR"},{"@type":"Organization","@id":"https:\/\/www.pm.pb.gov.br\/portal\/#organization","name":"Pol\u00edcia Militar da Para\u00edba","url":"https:\/\/www.pm.pb.gov.br\/portal\/","logo":{"@type":"ImageObject","inLanguage":"pt-BR","@id":"https:\/\/www.pm.pb.gov.br\/portal\/#\/schema\/logo\/image\/","url":"https:\/\/www.pm.pb.gov.br\/portal\/wp-content\/uploads\/2025\/03\/cropped-logo-site-mag2-1.png","contentUrl":"https:\/\/www.pm.pb.gov.br\/portal\/wp-content\/uploads\/2025\/03\/cropped-logo-site-mag2-1.png","width":320,"height":90,"caption":"Pol\u00edcia Militar da Para\u00edba"},"image":{"@id":"https:\/\/www.pm.pb.gov.br\/portal\/#\/schema\/logo\/image\/"}},{"@type":"Person","@id":"https:\/\/www.pm.pb.gov.br\/portal\/#\/schema\/person\/f84f56dcc78ce4357054da888b8247fd","name":"Tarcisio Oliveira","image":{"@type":"ImageObject","inLanguage":"pt-BR","@id":"https:\/\/www.pm.pb.gov.br\/portal\/#\/schema\/person\/image\/","url":"https:\/\/secure.gravatar.com\/avatar\/72917b630b69d31cd0297507f34bac97?s=96&d=mm&r=g","contentUrl":"https:\/\/secure.gravatar.com\/avatar\/72917b630b69d31cd0297507f34bac97?s=96&d=mm&r=g","caption":"Tarcisio Oliveira"},"url":"https:\/\/www.pm.pb.gov.br\/portal\/author\/tarcisio\/"}]}},"_links":{"self":[{"href":"https:\/\/www.pm.pb.gov.br\/portal\/wp-json\/wp\/v2\/posts\/916217"}],"collection":[{"href":"https:\/\/www.pm.pb.gov.br\/portal\/wp-json\/wp\/v2\/posts"}],"about":[{"href":"https:\/\/www.pm.pb.gov.br\/portal\/wp-json\/wp\/v2\/types\/post"}],"author":[{"embeddable":true,"href":"https:\/\/www.pm.pb.gov.br\/portal\/wp-json\/wp\/v2\/users\/12"}],"replies":[{"embeddable":true,"href":"https:\/\/www.pm.pb.gov.br\/portal\/wp-json\/wp\/v2\/comments?post=916217"}],"version-history":[{"count":1,"href":"https:\/\/www.pm.pb.gov.br\/portal\/wp-json\/wp\/v2\/posts\/916217\/revisions"}],"predecessor-version":[{"id":916218,"href":"https:\/\/www.pm.pb.gov.br\/portal\/wp-json\/wp\/v2\/posts\/916217\/revisions\/916218"}],"wp:featuredmedia":[{"embeddable":true,"href":"https:\/\/www.pm.pb.gov.br\/portal\/wp-json\/wp\/v2\/media\/905891"}],"wp:attachment":[{"href":"https:\/\/www.pm.pb.gov.br\/portal\/wp-json\/wp\/v2\/media?parent=916217"}],"wp:term":[{"taxonomy":"category","embeddable":true,"href":"https:\/\/www.pm.pb.gov.br\/portal\/wp-json\/wp\/v2\/categories?post=916217"},{"taxonomy":"post_tag","embeddable":true,"href":"https:\/\/www.pm.pb.gov.br\/portal\/wp-json\/wp\/v2\/tags?post=916217"}],"curies":[{"name":"wp","href":"https:\/\/api.w.org\/{rel}","templated":true}]}}