{"id":916121,"date":"2023-03-24T17:51:00","date_gmt":"2023-03-24T20:51:00","guid":{"rendered":"https:\/\/www.pm.pb.gov.br\/portal\/?p=916121"},"modified":"2023-03-27T14:41:57","modified_gmt":"2023-03-27T17:41:57","slug":"policia-militar-conclui-1o-curso-de-analise-de-riscos-de-seguranca-publica","status":"publish","type":"post","link":"https:\/\/www.pm.pb.gov.br\/portal\/2023\/03\/24\/policia-militar-conclui-1o-curso-de-analise-de-riscos-de-seguranca-publica\/","title":{"rendered":"Pol\u00edcia Militar conclu\u00ed 1\u00ba Curso de An\u00e1lise de Riscos de Seguran\u00e7a P\u00fablica"},"content":{"rendered":"\n\n\n<p>A Pol\u00edcia Militar da Para\u00edba concluiu, na tarde da \u00faltima sexta-feira (24), a 1\u00aa edi\u00e7\u00e3o do Curso de An\u00e1lise de Riscos de Seguran\u00e7a P\u00fablica (CARSP). O objetivo da atividade, que aconteceu durante toda a semana, foi de capacitar membros das For\u00e7as de Seguran\u00e7a, institui\u00e7\u00f5es parceiras e secretariais estaduais para a metodologia de an\u00e1lise de riscos, capacitando os profissionais para identificar, acompanhar e avaliar amea\u00e7as \u00e0 seguran\u00e7a.<\/p>\n<p>O 1\u00aa CARSP foi promovido pela PMPB atrav\u00e9s da Coordenadoria de Intelig\u00eancia (COInt) e o Centro de Educa\u00e7\u00e3o. A solenidade de sexta, que encerrou oficialmente as atividades do Curso, foi acompanhada por alunos e autoridades da seguran\u00e7a p\u00fablica, bem como o alto comando da PMPB. O pr\u00f3prio comandante-geral da PM, coronel S\u00e9rgio Fonseca, presidiu a solenidade, parabenizando os alunos e as institui\u00e7\u00f5es pela atua\u00e7\u00e3o na seguran\u00e7a p\u00fablica e manuten\u00e7\u00e3o da ordem na Para\u00edba (foto abaixo).<\/p>\n<p><img loading=\"lazy\" decoding=\"async\" class=\" wp-image-916123 aligncenter\" src=\"http:\/\/www.pm.pb.gov.br\/portal\/wp-content\/uploads\/2023\/03\/carsp2-668x445.jpg\" alt=\"\" width=\"573\" height=\"382\" srcset=\"https:\/\/www.pm.pb.gov.br\/portal\/wp-content\/uploads\/2023\/03\/carsp2-668x445.jpg 668w, https:\/\/www.pm.pb.gov.br\/portal\/wp-content\/uploads\/2023\/03\/carsp2-768x512.jpg 768w, https:\/\/www.pm.pb.gov.br\/portal\/wp-content\/uploads\/2023\/03\/carsp2-272x182.jpg 272w, https:\/\/www.pm.pb.gov.br\/portal\/wp-content\/uploads\/2023\/03\/carsp2.jpg 800w\" sizes=\"(max-width: 573px) 100vw, 573px\" \/><\/p>\n\n\n","protected":false},"excerpt":{"rendered":"<p>A Pol\u00edcia Militar da Para\u00edba concluiu, na tarde da \u00faltima sexta-feira (24), a 1\u00aa edi\u00e7\u00e3o do Curso de An\u00e1lise de<\/p>\n","protected":false},"author":12,"featured_media":916122,"comment_status":"closed","ping_status":"closed","sticky":false,"template":"","format":"standard","meta":{"_exactmetrics_skip_tracking":false,"_exactmetrics_sitenote_active":false,"_exactmetrics_sitenote_note":"","_exactmetrics_sitenote_category":0,"footnotes":""},"categories":[6],"tags":[],"yoast_head":"<!-- This site is optimized with the Yoast SEO plugin v22.0 - https:\/\/yoast.com\/wordpress\/plugins\/seo\/ -->\n<title>Pol\u00edcia Militar conclu\u00ed 1\u00ba Curso de An\u00e1lise de Riscos de Seguran\u00e7a P\u00fablica - Pol\u00edcia Militar da Para\u00edba<\/title>\n<meta name=\"robots\" content=\"index, follow, max-snippet:-1, max-image-preview:large, max-video-preview:-1\" \/>\n<link rel=\"canonical\" href=\"https:\/\/www.pm.pb.gov.br\/portal\/2023\/03\/24\/policia-militar-conclui-1o-curso-de-analise-de-riscos-de-seguranca-publica\/\" \/>\n<meta property=\"og:locale\" content=\"pt_BR\" \/>\n<meta property=\"og:type\" content=\"article\" \/>\n<meta property=\"og:title\" content=\"Pol\u00edcia Militar conclu\u00ed 1\u00ba Curso de An\u00e1lise de Riscos de Seguran\u00e7a P\u00fablica - Pol\u00edcia Militar da Para\u00edba\" \/>\n<meta property=\"og:description\" content=\"A Pol\u00edcia Militar da Para\u00edba concluiu, na tarde da \u00faltima sexta-feira (24), a 1\u00aa edi\u00e7\u00e3o do Curso de An\u00e1lise de\" \/>\n<meta property=\"og:url\" content=\"https:\/\/www.pm.pb.gov.br\/portal\/2023\/03\/24\/policia-militar-conclui-1o-curso-de-analise-de-riscos-de-seguranca-publica\/\" \/>\n<meta property=\"og:site_name\" content=\"Pol\u00edcia Militar da Para\u00edba\" \/>\n<meta property=\"article:published_time\" content=\"2023-03-24T20:51:00+00:00\" \/>\n<meta property=\"article:modified_time\" content=\"2023-03-27T17:41:57+00:00\" \/>\n<meta property=\"og:image\" content=\"http:\/\/www.pm.pb.gov.br\/portal\/wp-content\/uploads\/2023\/03\/carsp.jpg\" \/>\n\t<meta property=\"og:image:width\" content=\"800\" \/>\n\t<meta property=\"og:image:height\" content=\"445\" \/>\n\t<meta property=\"og:image:type\" content=\"image\/jpeg\" \/>\n<meta name=\"author\" content=\"Tarcisio Oliveira\" \/>\n<meta name=\"twitter:card\" content=\"summary_large_image\" \/>\n<meta name=\"twitter:label1\" content=\"Escrito por\" \/>\n\t<meta name=\"twitter:data1\" content=\"Tarcisio Oliveira\" \/>\n\t<meta name=\"twitter:label2\" content=\"Est. tempo de leitura\" \/>\n\t<meta name=\"twitter:data2\" content=\"1 minuto\" \/>\n<script type=\"application\/ld+json\" class=\"yoast-schema-graph\">{\"@context\":\"https:\/\/schema.org\",\"@graph\":[{\"@type\":\"Article\",\"@id\":\"https:\/\/www.pm.pb.gov.br\/portal\/2023\/03\/24\/policia-militar-conclui-1o-curso-de-analise-de-riscos-de-seguranca-publica\/#article\",\"isPartOf\":{\"@id\":\"https:\/\/www.pm.pb.gov.br\/portal\/2023\/03\/24\/policia-militar-conclui-1o-curso-de-analise-de-riscos-de-seguranca-publica\/\"},\"author\":{\"name\":\"Tarcisio Oliveira\",\"@id\":\"https:\/\/www.pm.pb.gov.br\/portal\/#\/schema\/person\/f84f56dcc78ce4357054da888b8247fd\"},\"headline\":\"Pol\u00edcia Militar conclu\u00ed 1\u00ba Curso de An\u00e1lise de Riscos de Seguran\u00e7a P\u00fablica\",\"datePublished\":\"2023-03-24T20:51:00+00:00\",\"dateModified\":\"2023-03-27T17:41:57+00:00\",\"mainEntityOfPage\":{\"@id\":\"https:\/\/www.pm.pb.gov.br\/portal\/2023\/03\/24\/policia-militar-conclui-1o-curso-de-analise-de-riscos-de-seguranca-publica\/\"},\"wordCount\":177,\"publisher\":{\"@id\":\"https:\/\/www.pm.pb.gov.br\/portal\/#organization\"},\"articleSection\":[\"Cursos\"],\"inLanguage\":\"pt-BR\"},{\"@type\":\"WebPage\",\"@id\":\"https:\/\/www.pm.pb.gov.br\/portal\/2023\/03\/24\/policia-militar-conclui-1o-curso-de-analise-de-riscos-de-seguranca-publica\/\",\"url\":\"https:\/\/www.pm.pb.gov.br\/portal\/2023\/03\/24\/policia-militar-conclui-1o-curso-de-analise-de-riscos-de-seguranca-publica\/\",\"name\":\"Pol\u00edcia Militar conclu\u00ed 1\u00ba Curso de An\u00e1lise de Riscos de Seguran\u00e7a P\u00fablica - Pol\u00edcia Militar da Para\u00edba\",\"isPartOf\":{\"@id\":\"https:\/\/www.pm.pb.gov.br\/portal\/#website\"},\"datePublished\":\"2023-03-24T20:51:00+00:00\",\"dateModified\":\"2023-03-27T17:41:57+00:00\",\"breadcrumb\":{\"@id\":\"https:\/\/www.pm.pb.gov.br\/portal\/2023\/03\/24\/policia-militar-conclui-1o-curso-de-analise-de-riscos-de-seguranca-publica\/#breadcrumb\"},\"inLanguage\":\"pt-BR\",\"potentialAction\":[{\"@type\":\"ReadAction\",\"target\":[\"https:\/\/www.pm.pb.gov.br\/portal\/2023\/03\/24\/policia-militar-conclui-1o-curso-de-analise-de-riscos-de-seguranca-publica\/\"]}]},{\"@type\":\"BreadcrumbList\",\"@id\":\"https:\/\/www.pm.pb.gov.br\/portal\/2023\/03\/24\/policia-militar-conclui-1o-curso-de-analise-de-riscos-de-seguranca-publica\/#breadcrumb\",\"itemListElement\":[{\"@type\":\"ListItem\",\"position\":1,\"name\":\"In\u00edcio\",\"item\":\"https:\/\/www.pm.pb.gov.br\/portal\/\"},{\"@type\":\"ListItem\",\"position\":2,\"name\":\"Pol\u00edcia Militar conclu\u00ed 1\u00ba Curso de An\u00e1lise de Riscos de Seguran\u00e7a P\u00fablica\"}]},{\"@type\":\"WebSite\",\"@id\":\"https:\/\/www.pm.pb.gov.br\/portal\/#website\",\"url\":\"https:\/\/www.pm.pb.gov.br\/portal\/\",\"name\":\"Pol\u00edcia Militar da Para\u00edba\",\"description\":\"\",\"publisher\":{\"@id\":\"https:\/\/www.pm.pb.gov.br\/portal\/#organization\"},\"potentialAction\":[{\"@type\":\"SearchAction\",\"target\":{\"@type\":\"EntryPoint\",\"urlTemplate\":\"https:\/\/www.pm.pb.gov.br\/portal\/?s={search_term_string}\"},\"query-input\":\"required name=search_term_string\"}],\"inLanguage\":\"pt-BR\"},{\"@type\":\"Organization\",\"@id\":\"https:\/\/www.pm.pb.gov.br\/portal\/#organization\",\"name\":\"Pol\u00edcia Militar da Para\u00edba\",\"url\":\"https:\/\/www.pm.pb.gov.br\/portal\/\",\"logo\":{\"@type\":\"ImageObject\",\"inLanguage\":\"pt-BR\",\"@id\":\"https:\/\/www.pm.pb.gov.br\/portal\/#\/schema\/logo\/image\/\",\"url\":\"https:\/\/www.pm.pb.gov.br\/portal\/wp-content\/uploads\/2025\/03\/cropped-logo-site-mag2-1.png\",\"contentUrl\":\"https:\/\/www.pm.pb.gov.br\/portal\/wp-content\/uploads\/2025\/03\/cropped-logo-site-mag2-1.png\",\"width\":320,\"height\":90,\"caption\":\"Pol\u00edcia Militar da Para\u00edba\"},\"image\":{\"@id\":\"https:\/\/www.pm.pb.gov.br\/portal\/#\/schema\/logo\/image\/\"}},{\"@type\":\"Person\",\"@id\":\"https:\/\/www.pm.pb.gov.br\/portal\/#\/schema\/person\/f84f56dcc78ce4357054da888b8247fd\",\"name\":\"Tarcisio Oliveira\",\"image\":{\"@type\":\"ImageObject\",\"inLanguage\":\"pt-BR\",\"@id\":\"https:\/\/www.pm.pb.gov.br\/portal\/#\/schema\/person\/image\/\",\"url\":\"https:\/\/secure.gravatar.com\/avatar\/72917b630b69d31cd0297507f34bac97?s=96&d=mm&r=g\",\"contentUrl\":\"https:\/\/secure.gravatar.com\/avatar\/72917b630b69d31cd0297507f34bac97?s=96&d=mm&r=g\",\"caption\":\"Tarcisio Oliveira\"},\"url\":\"https:\/\/www.pm.pb.gov.br\/portal\/author\/tarcisio\/\"}]}<\/script>\n<!-- \/ Yoast SEO plugin. -->","yoast_head_json":{"title":"Pol\u00edcia Militar conclu\u00ed 1\u00ba Curso de An\u00e1lise de Riscos de Seguran\u00e7a P\u00fablica - Pol\u00edcia Militar da Para\u00edba","robots":{"index":"index","follow":"follow","max-snippet":"max-snippet:-1","max-image-preview":"max-image-preview:large","max-video-preview":"max-video-preview:-1"},"canonical":"https:\/\/www.pm.pb.gov.br\/portal\/2023\/03\/24\/policia-militar-conclui-1o-curso-de-analise-de-riscos-de-seguranca-publica\/","og_locale":"pt_BR","og_type":"article","og_title":"Pol\u00edcia Militar conclu\u00ed 1\u00ba Curso de An\u00e1lise de Riscos de Seguran\u00e7a P\u00fablica - Pol\u00edcia Militar da Para\u00edba","og_description":"A Pol\u00edcia Militar da Para\u00edba concluiu, na tarde da \u00faltima sexta-feira (24), a 1\u00aa edi\u00e7\u00e3o do Curso de An\u00e1lise de","og_url":"https:\/\/www.pm.pb.gov.br\/portal\/2023\/03\/24\/policia-militar-conclui-1o-curso-de-analise-de-riscos-de-seguranca-publica\/","og_site_name":"Pol\u00edcia Militar da Para\u00edba","article_published_time":"2023-03-24T20:51:00+00:00","article_modified_time":"2023-03-27T17:41:57+00:00","og_image":[{"width":800,"height":445,"url":"http:\/\/www.pm.pb.gov.br\/portal\/wp-content\/uploads\/2023\/03\/carsp.jpg","type":"image\/jpeg"}],"author":"Tarcisio Oliveira","twitter_card":"summary_large_image","twitter_misc":{"Escrito por":"Tarcisio Oliveira","Est. tempo de leitura":"1 minuto"},"schema":{"@context":"https:\/\/schema.org","@graph":[{"@type":"Article","@id":"https:\/\/www.pm.pb.gov.br\/portal\/2023\/03\/24\/policia-militar-conclui-1o-curso-de-analise-de-riscos-de-seguranca-publica\/#article","isPartOf":{"@id":"https:\/\/www.pm.pb.gov.br\/portal\/2023\/03\/24\/policia-militar-conclui-1o-curso-de-analise-de-riscos-de-seguranca-publica\/"},"author":{"name":"Tarcisio Oliveira","@id":"https:\/\/www.pm.pb.gov.br\/portal\/#\/schema\/person\/f84f56dcc78ce4357054da888b8247fd"},"headline":"Pol\u00edcia Militar conclu\u00ed 1\u00ba Curso de An\u00e1lise de Riscos de Seguran\u00e7a P\u00fablica","datePublished":"2023-03-24T20:51:00+00:00","dateModified":"2023-03-27T17:41:57+00:00","mainEntityOfPage":{"@id":"https:\/\/www.pm.pb.gov.br\/portal\/2023\/03\/24\/policia-militar-conclui-1o-curso-de-analise-de-riscos-de-seguranca-publica\/"},"wordCount":177,"publisher":{"@id":"https:\/\/www.pm.pb.gov.br\/portal\/#organization"},"articleSection":["Cursos"],"inLanguage":"pt-BR"},{"@type":"WebPage","@id":"https:\/\/www.pm.pb.gov.br\/portal\/2023\/03\/24\/policia-militar-conclui-1o-curso-de-analise-de-riscos-de-seguranca-publica\/","url":"https:\/\/www.pm.pb.gov.br\/portal\/2023\/03\/24\/policia-militar-conclui-1o-curso-de-analise-de-riscos-de-seguranca-publica\/","name":"Pol\u00edcia Militar conclu\u00ed 1\u00ba Curso de An\u00e1lise de Riscos de Seguran\u00e7a P\u00fablica - Pol\u00edcia Militar da Para\u00edba","isPartOf":{"@id":"https:\/\/www.pm.pb.gov.br\/portal\/#website"},"datePublished":"2023-03-24T20:51:00+00:00","dateModified":"2023-03-27T17:41:57+00:00","breadcrumb":{"@id":"https:\/\/www.pm.pb.gov.br\/portal\/2023\/03\/24\/policia-militar-conclui-1o-curso-de-analise-de-riscos-de-seguranca-publica\/#breadcrumb"},"inLanguage":"pt-BR","potentialAction":[{"@type":"ReadAction","target":["https:\/\/www.pm.pb.gov.br\/portal\/2023\/03\/24\/policia-militar-conclui-1o-curso-de-analise-de-riscos-de-seguranca-publica\/"]}]},{"@type":"BreadcrumbList","@id":"https:\/\/www.pm.pb.gov.br\/portal\/2023\/03\/24\/policia-militar-conclui-1o-curso-de-analise-de-riscos-de-seguranca-publica\/#breadcrumb","itemListElement":[{"@type":"ListItem","position":1,"name":"In\u00edcio","item":"https:\/\/www.pm.pb.gov.br\/portal\/"},{"@type":"ListItem","position":2,"name":"Pol\u00edcia Militar conclu\u00ed 1\u00ba Curso de An\u00e1lise de Riscos de Seguran\u00e7a P\u00fablica"}]},{"@type":"WebSite","@id":"https:\/\/www.pm.pb.gov.br\/portal\/#website","url":"https:\/\/www.pm.pb.gov.br\/portal\/","name":"Pol\u00edcia Militar da Para\u00edba","description":"","publisher":{"@id":"https:\/\/www.pm.pb.gov.br\/portal\/#organization"},"potentialAction":[{"@type":"SearchAction","target":{"@type":"EntryPoint","urlTemplate":"https:\/\/www.pm.pb.gov.br\/portal\/?s={search_term_string}"},"query-input":"required name=search_term_string"}],"inLanguage":"pt-BR"},{"@type":"Organization","@id":"https:\/\/www.pm.pb.gov.br\/portal\/#organization","name":"Pol\u00edcia Militar da Para\u00edba","url":"https:\/\/www.pm.pb.gov.br\/portal\/","logo":{"@type":"ImageObject","inLanguage":"pt-BR","@id":"https:\/\/www.pm.pb.gov.br\/portal\/#\/schema\/logo\/image\/","url":"https:\/\/www.pm.pb.gov.br\/portal\/wp-content\/uploads\/2025\/03\/cropped-logo-site-mag2-1.png","contentUrl":"https:\/\/www.pm.pb.gov.br\/portal\/wp-content\/uploads\/2025\/03\/cropped-logo-site-mag2-1.png","width":320,"height":90,"caption":"Pol\u00edcia Militar da Para\u00edba"},"image":{"@id":"https:\/\/www.pm.pb.gov.br\/portal\/#\/schema\/logo\/image\/"}},{"@type":"Person","@id":"https:\/\/www.pm.pb.gov.br\/portal\/#\/schema\/person\/f84f56dcc78ce4357054da888b8247fd","name":"Tarcisio Oliveira","image":{"@type":"ImageObject","inLanguage":"pt-BR","@id":"https:\/\/www.pm.pb.gov.br\/portal\/#\/schema\/person\/image\/","url":"https:\/\/secure.gravatar.com\/avatar\/72917b630b69d31cd0297507f34bac97?s=96&d=mm&r=g","contentUrl":"https:\/\/secure.gravatar.com\/avatar\/72917b630b69d31cd0297507f34bac97?s=96&d=mm&r=g","caption":"Tarcisio Oliveira"},"url":"https:\/\/www.pm.pb.gov.br\/portal\/author\/tarcisio\/"}]}},"_links":{"self":[{"href":"https:\/\/www.pm.pb.gov.br\/portal\/wp-json\/wp\/v2\/posts\/916121"}],"collection":[{"href":"https:\/\/www.pm.pb.gov.br\/portal\/wp-json\/wp\/v2\/posts"}],"about":[{"href":"https:\/\/www.pm.pb.gov.br\/portal\/wp-json\/wp\/v2\/types\/post"}],"author":[{"embeddable":true,"href":"https:\/\/www.pm.pb.gov.br\/portal\/wp-json\/wp\/v2\/users\/12"}],"replies":[{"embeddable":true,"href":"https:\/\/www.pm.pb.gov.br\/portal\/wp-json\/wp\/v2\/comments?post=916121"}],"version-history":[{"count":1,"href":"https:\/\/www.pm.pb.gov.br\/portal\/wp-json\/wp\/v2\/posts\/916121\/revisions"}],"predecessor-version":[{"id":916124,"href":"https:\/\/www.pm.pb.gov.br\/portal\/wp-json\/wp\/v2\/posts\/916121\/revisions\/916124"}],"wp:featuredmedia":[{"embeddable":true,"href":"https:\/\/www.pm.pb.gov.br\/portal\/wp-json\/wp\/v2\/media\/916122"}],"wp:attachment":[{"href":"https:\/\/www.pm.pb.gov.br\/portal\/wp-json\/wp\/v2\/media?parent=916121"}],"wp:term":[{"taxonomy":"category","embeddable":true,"href":"https:\/\/www.pm.pb.gov.br\/portal\/wp-json\/wp\/v2\/categories?post=916121"},{"taxonomy":"post_tag","embeddable":true,"href":"https:\/\/www.pm.pb.gov.br\/portal\/wp-json\/wp\/v2\/tags?post=916121"}],"curies":[{"name":"wp","href":"https:\/\/api.w.org\/{rel}","templated":true}]}}