{"id":916056,"date":"2023-03-19T21:57:44","date_gmt":"2023-03-20T00:57:44","guid":{"rendered":"https:\/\/www.pm.pb.gov.br\/portal\/?p=916056"},"modified":"2023-03-19T21:57:47","modified_gmt":"2023-03-20T00:57:47","slug":"operacao-voo-livre-combate-o-trafico-de-aves-silvestres-em-feira-de-joao-pessoa","status":"publish","type":"post","link":"https:\/\/www.pm.pb.gov.br\/portal\/2023\/03\/19\/operacao-voo-livre-combate-o-trafico-de-aves-silvestres-em-feira-de-joao-pessoa\/","title":{"rendered":"Opera\u00e7\u00e3o Voo Livre combate o tr\u00e1fico de aves silvestres em feira de Jo\u00e3o Pessoa"},"content":{"rendered":"\n<p>Dois suspeitos foram presos e multados, na manh\u00e3 deste domingo (19), na Opera\u00e7\u00e3o Voo Livre, deflagrada para combater o com\u00e9rcio ilegal de aves silvestre, na feira de Oitizeiro, em Jo\u00e3o Pessoa. No local, equipes do Batalh\u00e3o de Pol\u00edcia Ambiental (BPAmb) e resgataram 59 aves silvestres de v\u00e1rias esp\u00e9cies da fauna brasileira.<br \/><br \/>No total, foi aplicado 3 mil reais em multa aos presos. Eles foram apresentados na Central de Pol\u00edcia, no Geisel. As aves resgatadas foram levadas para o Centro de Triagem de Animais Silvestres do IBAMA (CETAS), em Cabedelo, onde v\u00e3o passar por tratamentos antes de serem soltas em seu habitat natural.<br \/><br \/>O comando do Batalh\u00e3o de Pol\u00edcia Ambiental disse que a Opera\u00e7\u00e3o Voo Livre faz parte de uma s\u00e9rie de iniciativas da PM para combater o tr\u00e1fico de animais silvestres.<\/p>\n<p><img loading=\"lazy\" decoding=\"async\" class=\" wp-image-916076 aligncenter\" src=\"http:\/\/www.pm.pb.gov.br\/portal\/wp-content\/uploads\/2023\/03\/WhatsApp-Image-2023-03-19-at-15.51.29-250x445.jpeg\" alt=\"\" width=\"277\" height=\"493\" srcset=\"https:\/\/www.pm.pb.gov.br\/portal\/wp-content\/uploads\/2023\/03\/WhatsApp-Image-2023-03-19-at-15.51.29-250x445.jpeg 250w, https:\/\/www.pm.pb.gov.br\/portal\/wp-content\/uploads\/2023\/03\/WhatsApp-Image-2023-03-19-at-15.51.29-320x570.jpeg 320w, https:\/\/www.pm.pb.gov.br\/portal\/wp-content\/uploads\/2023\/03\/WhatsApp-Image-2023-03-19-at-15.51.29-768x1366.jpeg 768w, https:\/\/www.pm.pb.gov.br\/portal\/wp-content\/uploads\/2023\/03\/WhatsApp-Image-2023-03-19-at-15.51.29-864x1536.jpeg 864w, https:\/\/www.pm.pb.gov.br\/portal\/wp-content\/uploads\/2023\/03\/WhatsApp-Image-2023-03-19-at-15.51.29.jpeg 899w\" sizes=\"(max-width: 277px) 100vw, 277px\" \/><\/p>\n","protected":false},"excerpt":{"rendered":"<p>Dois suspeitos foram presos e multados, na manh\u00e3 deste domingo (19), na Opera\u00e7\u00e3o Voo Livre, deflagrada para combater o com\u00e9rcio<\/p>\n","protected":false},"author":10,"featured_media":916074,"comment_status":"closed","ping_status":"closed","sticky":false,"template":"","format":"standard","meta":{"_exactmetrics_skip_tracking":false,"_exactmetrics_sitenote_active":false,"_exactmetrics_sitenote_note":"","_exactmetrics_sitenote_category":0,"footnotes":""},"categories":[4],"tags":[],"yoast_head":"<!-- This site is optimized with the Yoast SEO plugin v22.0 - https:\/\/yoast.com\/wordpress\/plugins\/seo\/ -->\n<title>Opera\u00e7\u00e3o Voo Livre combate o tr\u00e1fico de aves silvestres em feira de Jo\u00e3o Pessoa - Pol\u00edcia Militar da Para\u00edba<\/title>\n<meta name=\"robots\" content=\"index, follow, max-snippet:-1, max-image-preview:large, max-video-preview:-1\" \/>\n<link rel=\"canonical\" href=\"https:\/\/www.pm.pb.gov.br\/portal\/2023\/03\/19\/operacao-voo-livre-combate-o-trafico-de-aves-silvestres-em-feira-de-joao-pessoa\/\" \/>\n<meta property=\"og:locale\" content=\"pt_BR\" \/>\n<meta property=\"og:type\" content=\"article\" \/>\n<meta property=\"og:title\" content=\"Opera\u00e7\u00e3o Voo Livre combate o tr\u00e1fico de aves silvestres em feira de Jo\u00e3o Pessoa - Pol\u00edcia Militar da Para\u00edba\" \/>\n<meta property=\"og:description\" content=\"Dois suspeitos foram presos e multados, na manh\u00e3 deste domingo (19), na Opera\u00e7\u00e3o Voo Livre, deflagrada para combater o com\u00e9rcio\" \/>\n<meta property=\"og:url\" content=\"https:\/\/www.pm.pb.gov.br\/portal\/2023\/03\/19\/operacao-voo-livre-combate-o-trafico-de-aves-silvestres-em-feira-de-joao-pessoa\/\" \/>\n<meta property=\"og:site_name\" content=\"Pol\u00edcia Militar da Para\u00edba\" \/>\n<meta property=\"article:published_time\" content=\"2023-03-20T00:57:44+00:00\" \/>\n<meta property=\"article:modified_time\" content=\"2023-03-20T00:57:47+00:00\" \/>\n<meta property=\"og:image\" content=\"http:\/\/www.pm.pb.gov.br\/portal\/wp-content\/uploads\/2023\/03\/bpamb.jpeg\" \/>\n\t<meta property=\"og:image:width\" content=\"800\" \/>\n\t<meta property=\"og:image:height\" content=\"445\" \/>\n\t<meta property=\"og:image:type\" content=\"image\/jpeg\" \/>\n<meta name=\"author\" content=\"WAGNER HENRIQUE VARELA DA SILVA\" \/>\n<meta name=\"twitter:card\" content=\"summary_large_image\" \/>\n<meta name=\"twitter:label1\" content=\"Escrito por\" \/>\n\t<meta name=\"twitter:data1\" content=\"WAGNER HENRIQUE VARELA DA SILVA\" \/>\n\t<meta name=\"twitter:label2\" content=\"Est. tempo de leitura\" \/>\n\t<meta name=\"twitter:data2\" content=\"1 minuto\" \/>\n<script type=\"application\/ld+json\" class=\"yoast-schema-graph\">{\"@context\":\"https:\/\/schema.org\",\"@graph\":[{\"@type\":\"Article\",\"@id\":\"https:\/\/www.pm.pb.gov.br\/portal\/2023\/03\/19\/operacao-voo-livre-combate-o-trafico-de-aves-silvestres-em-feira-de-joao-pessoa\/#article\",\"isPartOf\":{\"@id\":\"https:\/\/www.pm.pb.gov.br\/portal\/2023\/03\/19\/operacao-voo-livre-combate-o-trafico-de-aves-silvestres-em-feira-de-joao-pessoa\/\"},\"author\":{\"name\":\"WAGNER HENRIQUE VARELA DA SILVA\",\"@id\":\"https:\/\/www.pm.pb.gov.br\/portal\/#\/schema\/person\/b169b297b8494dea236e315ed1a201d1\"},\"headline\":\"Opera\u00e7\u00e3o Voo Livre combate o tr\u00e1fico de aves silvestres em feira de Jo\u00e3o Pessoa\",\"datePublished\":\"2023-03-20T00:57:44+00:00\",\"dateModified\":\"2023-03-20T00:57:47+00:00\",\"mainEntityOfPage\":{\"@id\":\"https:\/\/www.pm.pb.gov.br\/portal\/2023\/03\/19\/operacao-voo-livre-combate-o-trafico-de-aves-silvestres-em-feira-de-joao-pessoa\/\"},\"wordCount\":159,\"publisher\":{\"@id\":\"https:\/\/www.pm.pb.gov.br\/portal\/#organization\"},\"articleSection\":[\"A\u00e7\u00f5es Policiais\"],\"inLanguage\":\"pt-BR\"},{\"@type\":\"WebPage\",\"@id\":\"https:\/\/www.pm.pb.gov.br\/portal\/2023\/03\/19\/operacao-voo-livre-combate-o-trafico-de-aves-silvestres-em-feira-de-joao-pessoa\/\",\"url\":\"https:\/\/www.pm.pb.gov.br\/portal\/2023\/03\/19\/operacao-voo-livre-combate-o-trafico-de-aves-silvestres-em-feira-de-joao-pessoa\/\",\"name\":\"Opera\u00e7\u00e3o Voo Livre combate o tr\u00e1fico de aves silvestres em feira de Jo\u00e3o Pessoa - Pol\u00edcia Militar da Para\u00edba\",\"isPartOf\":{\"@id\":\"https:\/\/www.pm.pb.gov.br\/portal\/#website\"},\"datePublished\":\"2023-03-20T00:57:44+00:00\",\"dateModified\":\"2023-03-20T00:57:47+00:00\",\"breadcrumb\":{\"@id\":\"https:\/\/www.pm.pb.gov.br\/portal\/2023\/03\/19\/operacao-voo-livre-combate-o-trafico-de-aves-silvestres-em-feira-de-joao-pessoa\/#breadcrumb\"},\"inLanguage\":\"pt-BR\",\"potentialAction\":[{\"@type\":\"ReadAction\",\"target\":[\"https:\/\/www.pm.pb.gov.br\/portal\/2023\/03\/19\/operacao-voo-livre-combate-o-trafico-de-aves-silvestres-em-feira-de-joao-pessoa\/\"]}]},{\"@type\":\"BreadcrumbList\",\"@id\":\"https:\/\/www.pm.pb.gov.br\/portal\/2023\/03\/19\/operacao-voo-livre-combate-o-trafico-de-aves-silvestres-em-feira-de-joao-pessoa\/#breadcrumb\",\"itemListElement\":[{\"@type\":\"ListItem\",\"position\":1,\"name\":\"In\u00edcio\",\"item\":\"https:\/\/www.pm.pb.gov.br\/portal\/\"},{\"@type\":\"ListItem\",\"position\":2,\"name\":\"Opera\u00e7\u00e3o Voo Livre combate o tr\u00e1fico de aves silvestres em feira de Jo\u00e3o Pessoa\"}]},{\"@type\":\"WebSite\",\"@id\":\"https:\/\/www.pm.pb.gov.br\/portal\/#website\",\"url\":\"https:\/\/www.pm.pb.gov.br\/portal\/\",\"name\":\"Pol\u00edcia Militar da Para\u00edba\",\"description\":\"\",\"publisher\":{\"@id\":\"https:\/\/www.pm.pb.gov.br\/portal\/#organization\"},\"potentialAction\":[{\"@type\":\"SearchAction\",\"target\":{\"@type\":\"EntryPoint\",\"urlTemplate\":\"https:\/\/www.pm.pb.gov.br\/portal\/?s={search_term_string}\"},\"query-input\":\"required name=search_term_string\"}],\"inLanguage\":\"pt-BR\"},{\"@type\":\"Organization\",\"@id\":\"https:\/\/www.pm.pb.gov.br\/portal\/#organization\",\"name\":\"Pol\u00edcia Militar da Para\u00edba\",\"url\":\"https:\/\/www.pm.pb.gov.br\/portal\/\",\"logo\":{\"@type\":\"ImageObject\",\"inLanguage\":\"pt-BR\",\"@id\":\"https:\/\/www.pm.pb.gov.br\/portal\/#\/schema\/logo\/image\/\",\"url\":\"https:\/\/www.pm.pb.gov.br\/portal\/wp-content\/uploads\/2025\/03\/cropped-logo-site-mag2-1.png\",\"contentUrl\":\"https:\/\/www.pm.pb.gov.br\/portal\/wp-content\/uploads\/2025\/03\/cropped-logo-site-mag2-1.png\",\"width\":320,\"height\":90,\"caption\":\"Pol\u00edcia Militar da Para\u00edba\"},\"image\":{\"@id\":\"https:\/\/www.pm.pb.gov.br\/portal\/#\/schema\/logo\/image\/\"}},{\"@type\":\"Person\",\"@id\":\"https:\/\/www.pm.pb.gov.br\/portal\/#\/schema\/person\/b169b297b8494dea236e315ed1a201d1\",\"name\":\"WAGNER HENRIQUE VARELA DA SILVA\",\"image\":{\"@type\":\"ImageObject\",\"inLanguage\":\"pt-BR\",\"@id\":\"https:\/\/www.pm.pb.gov.br\/portal\/#\/schema\/person\/image\/\",\"url\":\"https:\/\/secure.gravatar.com\/avatar\/e08af53176a66730df5c0706c6c31fd6?s=96&d=mm&r=g\",\"contentUrl\":\"https:\/\/secure.gravatar.com\/avatar\/e08af53176a66730df5c0706c6c31fd6?s=96&d=mm&r=g\",\"caption\":\"WAGNER HENRIQUE VARELA DA SILVA\"},\"url\":\"https:\/\/www.pm.pb.gov.br\/portal\/author\/varela\/\"}]}<\/script>\n<!-- \/ Yoast SEO plugin. -->","yoast_head_json":{"title":"Opera\u00e7\u00e3o Voo Livre combate o tr\u00e1fico de aves silvestres em feira de Jo\u00e3o Pessoa - Pol\u00edcia Militar da Para\u00edba","robots":{"index":"index","follow":"follow","max-snippet":"max-snippet:-1","max-image-preview":"max-image-preview:large","max-video-preview":"max-video-preview:-1"},"canonical":"https:\/\/www.pm.pb.gov.br\/portal\/2023\/03\/19\/operacao-voo-livre-combate-o-trafico-de-aves-silvestres-em-feira-de-joao-pessoa\/","og_locale":"pt_BR","og_type":"article","og_title":"Opera\u00e7\u00e3o Voo Livre combate o tr\u00e1fico de aves silvestres em feira de Jo\u00e3o Pessoa - Pol\u00edcia Militar da Para\u00edba","og_description":"Dois suspeitos foram presos e multados, na manh\u00e3 deste domingo (19), na Opera\u00e7\u00e3o Voo Livre, deflagrada para combater o com\u00e9rcio","og_url":"https:\/\/www.pm.pb.gov.br\/portal\/2023\/03\/19\/operacao-voo-livre-combate-o-trafico-de-aves-silvestres-em-feira-de-joao-pessoa\/","og_site_name":"Pol\u00edcia Militar da Para\u00edba","article_published_time":"2023-03-20T00:57:44+00:00","article_modified_time":"2023-03-20T00:57:47+00:00","og_image":[{"width":800,"height":445,"url":"http:\/\/www.pm.pb.gov.br\/portal\/wp-content\/uploads\/2023\/03\/bpamb.jpeg","type":"image\/jpeg"}],"author":"WAGNER HENRIQUE VARELA DA SILVA","twitter_card":"summary_large_image","twitter_misc":{"Escrito por":"WAGNER HENRIQUE VARELA DA SILVA","Est. tempo de leitura":"1 minuto"},"schema":{"@context":"https:\/\/schema.org","@graph":[{"@type":"Article","@id":"https:\/\/www.pm.pb.gov.br\/portal\/2023\/03\/19\/operacao-voo-livre-combate-o-trafico-de-aves-silvestres-em-feira-de-joao-pessoa\/#article","isPartOf":{"@id":"https:\/\/www.pm.pb.gov.br\/portal\/2023\/03\/19\/operacao-voo-livre-combate-o-trafico-de-aves-silvestres-em-feira-de-joao-pessoa\/"},"author":{"name":"WAGNER HENRIQUE VARELA DA SILVA","@id":"https:\/\/www.pm.pb.gov.br\/portal\/#\/schema\/person\/b169b297b8494dea236e315ed1a201d1"},"headline":"Opera\u00e7\u00e3o Voo Livre combate o tr\u00e1fico de aves silvestres em feira de Jo\u00e3o Pessoa","datePublished":"2023-03-20T00:57:44+00:00","dateModified":"2023-03-20T00:57:47+00:00","mainEntityOfPage":{"@id":"https:\/\/www.pm.pb.gov.br\/portal\/2023\/03\/19\/operacao-voo-livre-combate-o-trafico-de-aves-silvestres-em-feira-de-joao-pessoa\/"},"wordCount":159,"publisher":{"@id":"https:\/\/www.pm.pb.gov.br\/portal\/#organization"},"articleSection":["A\u00e7\u00f5es Policiais"],"inLanguage":"pt-BR"},{"@type":"WebPage","@id":"https:\/\/www.pm.pb.gov.br\/portal\/2023\/03\/19\/operacao-voo-livre-combate-o-trafico-de-aves-silvestres-em-feira-de-joao-pessoa\/","url":"https:\/\/www.pm.pb.gov.br\/portal\/2023\/03\/19\/operacao-voo-livre-combate-o-trafico-de-aves-silvestres-em-feira-de-joao-pessoa\/","name":"Opera\u00e7\u00e3o Voo Livre combate o tr\u00e1fico de aves silvestres em feira de Jo\u00e3o Pessoa - Pol\u00edcia Militar da Para\u00edba","isPartOf":{"@id":"https:\/\/www.pm.pb.gov.br\/portal\/#website"},"datePublished":"2023-03-20T00:57:44+00:00","dateModified":"2023-03-20T00:57:47+00:00","breadcrumb":{"@id":"https:\/\/www.pm.pb.gov.br\/portal\/2023\/03\/19\/operacao-voo-livre-combate-o-trafico-de-aves-silvestres-em-feira-de-joao-pessoa\/#breadcrumb"},"inLanguage":"pt-BR","potentialAction":[{"@type":"ReadAction","target":["https:\/\/www.pm.pb.gov.br\/portal\/2023\/03\/19\/operacao-voo-livre-combate-o-trafico-de-aves-silvestres-em-feira-de-joao-pessoa\/"]}]},{"@type":"BreadcrumbList","@id":"https:\/\/www.pm.pb.gov.br\/portal\/2023\/03\/19\/operacao-voo-livre-combate-o-trafico-de-aves-silvestres-em-feira-de-joao-pessoa\/#breadcrumb","itemListElement":[{"@type":"ListItem","position":1,"name":"In\u00edcio","item":"https:\/\/www.pm.pb.gov.br\/portal\/"},{"@type":"ListItem","position":2,"name":"Opera\u00e7\u00e3o Voo Livre combate o tr\u00e1fico de aves silvestres em feira de Jo\u00e3o Pessoa"}]},{"@type":"WebSite","@id":"https:\/\/www.pm.pb.gov.br\/portal\/#website","url":"https:\/\/www.pm.pb.gov.br\/portal\/","name":"Pol\u00edcia Militar da Para\u00edba","description":"","publisher":{"@id":"https:\/\/www.pm.pb.gov.br\/portal\/#organization"},"potentialAction":[{"@type":"SearchAction","target":{"@type":"EntryPoint","urlTemplate":"https:\/\/www.pm.pb.gov.br\/portal\/?s={search_term_string}"},"query-input":"required name=search_term_string"}],"inLanguage":"pt-BR"},{"@type":"Organization","@id":"https:\/\/www.pm.pb.gov.br\/portal\/#organization","name":"Pol\u00edcia Militar da Para\u00edba","url":"https:\/\/www.pm.pb.gov.br\/portal\/","logo":{"@type":"ImageObject","inLanguage":"pt-BR","@id":"https:\/\/www.pm.pb.gov.br\/portal\/#\/schema\/logo\/image\/","url":"https:\/\/www.pm.pb.gov.br\/portal\/wp-content\/uploads\/2025\/03\/cropped-logo-site-mag2-1.png","contentUrl":"https:\/\/www.pm.pb.gov.br\/portal\/wp-content\/uploads\/2025\/03\/cropped-logo-site-mag2-1.png","width":320,"height":90,"caption":"Pol\u00edcia Militar da Para\u00edba"},"image":{"@id":"https:\/\/www.pm.pb.gov.br\/portal\/#\/schema\/logo\/image\/"}},{"@type":"Person","@id":"https:\/\/www.pm.pb.gov.br\/portal\/#\/schema\/person\/b169b297b8494dea236e315ed1a201d1","name":"WAGNER HENRIQUE VARELA DA SILVA","image":{"@type":"ImageObject","inLanguage":"pt-BR","@id":"https:\/\/www.pm.pb.gov.br\/portal\/#\/schema\/person\/image\/","url":"https:\/\/secure.gravatar.com\/avatar\/e08af53176a66730df5c0706c6c31fd6?s=96&d=mm&r=g","contentUrl":"https:\/\/secure.gravatar.com\/avatar\/e08af53176a66730df5c0706c6c31fd6?s=96&d=mm&r=g","caption":"WAGNER HENRIQUE VARELA DA SILVA"},"url":"https:\/\/www.pm.pb.gov.br\/portal\/author\/varela\/"}]}},"_links":{"self":[{"href":"https:\/\/www.pm.pb.gov.br\/portal\/wp-json\/wp\/v2\/posts\/916056"}],"collection":[{"href":"https:\/\/www.pm.pb.gov.br\/portal\/wp-json\/wp\/v2\/posts"}],"about":[{"href":"https:\/\/www.pm.pb.gov.br\/portal\/wp-json\/wp\/v2\/types\/post"}],"author":[{"embeddable":true,"href":"https:\/\/www.pm.pb.gov.br\/portal\/wp-json\/wp\/v2\/users\/10"}],"replies":[{"embeddable":true,"href":"https:\/\/www.pm.pb.gov.br\/portal\/wp-json\/wp\/v2\/comments?post=916056"}],"version-history":[{"count":2,"href":"https:\/\/www.pm.pb.gov.br\/portal\/wp-json\/wp\/v2\/posts\/916056\/revisions"}],"predecessor-version":[{"id":916077,"href":"https:\/\/www.pm.pb.gov.br\/portal\/wp-json\/wp\/v2\/posts\/916056\/revisions\/916077"}],"wp:featuredmedia":[{"embeddable":true,"href":"https:\/\/www.pm.pb.gov.br\/portal\/wp-json\/wp\/v2\/media\/916074"}],"wp:attachment":[{"href":"https:\/\/www.pm.pb.gov.br\/portal\/wp-json\/wp\/v2\/media?parent=916056"}],"wp:term":[{"taxonomy":"category","embeddable":true,"href":"https:\/\/www.pm.pb.gov.br\/portal\/wp-json\/wp\/v2\/categories?post=916056"},{"taxonomy":"post_tag","embeddable":true,"href":"https:\/\/www.pm.pb.gov.br\/portal\/wp-json\/wp\/v2\/tags?post=916056"}],"curies":[{"name":"wp","href":"https:\/\/api.w.org\/{rel}","templated":true}]}}