{"id":916054,"date":"2023-03-19T21:53:32","date_gmt":"2023-03-20T00:53:32","guid":{"rendered":"https:\/\/www.pm.pb.gov.br\/portal\/?p=916054"},"modified":"2023-03-19T21:53:36","modified_gmt":"2023-03-20T00:53:36","slug":"policia-militar-cumpre-13-mandados-de-prisao-contra-procurados-da-justica-neste-fim-de-semana","status":"publish","type":"post","link":"https:\/\/www.pm.pb.gov.br\/portal\/2023\/03\/19\/policia-militar-cumpre-13-mandados-de-prisao-contra-procurados-da-justica-neste-fim-de-semana\/","title":{"rendered":"Pol\u00edcia Militar cumpre 13 mandados de pris\u00e3o contra procurados da justi\u00e7a neste fim de semana"},"content":{"rendered":"\n<p>Treze procurados da justi\u00e7a foram localizados e presos, neste fim de semana, nas a\u00e7\u00f5es e opera\u00e7\u00f5es da Pol\u00edcia Militar. Eles estavam com mandados de pris\u00e3o em aberto por roubos e homic\u00eddios, principalmente.<br><br>As pris\u00f5es aconteceram nas cidades de Jo\u00e3o Pessoa, Campina Grande, Serra Redonda, Alagoinha, Cruz do Esp\u00edrito Santo, Duas Estrada, Patos, Queimadas, Areia, Itapororoca e Cabedelo.<br><br>Em um dos casos, na Capital, o acusado estava com uma moto roubada e drogas (foto acima). Os presos foram apresentados nas delegacias de Pol\u00edcia Civil.<\/p>\n","protected":false},"excerpt":{"rendered":"<p>Treze procurados da justi\u00e7a foram localizados e presos, neste fim de semana, nas a\u00e7\u00f5es e opera\u00e7\u00f5es da Pol\u00edcia Militar. Eles<\/p>\n","protected":false},"author":10,"featured_media":916072,"comment_status":"closed","ping_status":"closed","sticky":false,"template":"","format":"standard","meta":{"_exactmetrics_skip_tracking":false,"_exactmetrics_sitenote_active":false,"_exactmetrics_sitenote_note":"","_exactmetrics_sitenote_category":0,"footnotes":""},"categories":[4],"tags":[],"yoast_head":"<!-- This site is optimized with the Yoast SEO plugin v22.0 - https:\/\/yoast.com\/wordpress\/plugins\/seo\/ -->\n<title>Pol\u00edcia Militar cumpre 13 mandados de pris\u00e3o contra procurados da justi\u00e7a neste fim de semana - Pol\u00edcia Militar da Para\u00edba<\/title>\n<meta name=\"robots\" content=\"index, follow, max-snippet:-1, max-image-preview:large, max-video-preview:-1\" \/>\n<link rel=\"canonical\" href=\"https:\/\/www.pm.pb.gov.br\/portal\/2023\/03\/19\/policia-militar-cumpre-13-mandados-de-prisao-contra-procurados-da-justica-neste-fim-de-semana\/\" \/>\n<meta property=\"og:locale\" content=\"pt_BR\" \/>\n<meta property=\"og:type\" content=\"article\" \/>\n<meta property=\"og:title\" content=\"Pol\u00edcia Militar cumpre 13 mandados de pris\u00e3o contra procurados da justi\u00e7a neste fim de semana - Pol\u00edcia Militar da Para\u00edba\" \/>\n<meta property=\"og:description\" content=\"Treze procurados da justi\u00e7a foram localizados e presos, neste fim de semana, nas a\u00e7\u00f5es e opera\u00e7\u00f5es da Pol\u00edcia Militar. Eles\" \/>\n<meta property=\"og:url\" content=\"https:\/\/www.pm.pb.gov.br\/portal\/2023\/03\/19\/policia-militar-cumpre-13-mandados-de-prisao-contra-procurados-da-justica-neste-fim-de-semana\/\" \/>\n<meta property=\"og:site_name\" content=\"Pol\u00edcia Militar da Para\u00edba\" \/>\n<meta property=\"article:published_time\" content=\"2023-03-20T00:53:32+00:00\" \/>\n<meta property=\"article:modified_time\" content=\"2023-03-20T00:53:36+00:00\" \/>\n<meta property=\"og:image\" content=\"http:\/\/www.pm.pb.gov.br\/portal\/wp-content\/uploads\/2023\/03\/mandados.jpg\" \/>\n\t<meta property=\"og:image:width\" content=\"800\" \/>\n\t<meta property=\"og:image:height\" content=\"445\" \/>\n\t<meta property=\"og:image:type\" content=\"image\/jpeg\" \/>\n<meta name=\"author\" content=\"WAGNER HENRIQUE VARELA DA SILVA\" \/>\n<meta name=\"twitter:card\" content=\"summary_large_image\" \/>\n<meta name=\"twitter:label1\" content=\"Escrito por\" \/>\n\t<meta name=\"twitter:data1\" content=\"WAGNER HENRIQUE VARELA DA SILVA\" \/>\n\t<meta name=\"twitter:label2\" content=\"Est. tempo de leitura\" \/>\n\t<meta name=\"twitter:data2\" content=\"1 minuto\" \/>\n<script type=\"application\/ld+json\" class=\"yoast-schema-graph\">{\"@context\":\"https:\/\/schema.org\",\"@graph\":[{\"@type\":\"Article\",\"@id\":\"https:\/\/www.pm.pb.gov.br\/portal\/2023\/03\/19\/policia-militar-cumpre-13-mandados-de-prisao-contra-procurados-da-justica-neste-fim-de-semana\/#article\",\"isPartOf\":{\"@id\":\"https:\/\/www.pm.pb.gov.br\/portal\/2023\/03\/19\/policia-militar-cumpre-13-mandados-de-prisao-contra-procurados-da-justica-neste-fim-de-semana\/\"},\"author\":{\"name\":\"WAGNER HENRIQUE VARELA DA SILVA\",\"@id\":\"https:\/\/www.pm.pb.gov.br\/portal\/#\/schema\/person\/b169b297b8494dea236e315ed1a201d1\"},\"headline\":\"Pol\u00edcia Militar cumpre 13 mandados de pris\u00e3o contra procurados da justi\u00e7a neste fim de semana\",\"datePublished\":\"2023-03-20T00:53:32+00:00\",\"dateModified\":\"2023-03-20T00:53:36+00:00\",\"mainEntityOfPage\":{\"@id\":\"https:\/\/www.pm.pb.gov.br\/portal\/2023\/03\/19\/policia-militar-cumpre-13-mandados-de-prisao-contra-procurados-da-justica-neste-fim-de-semana\/\"},\"wordCount\":110,\"publisher\":{\"@id\":\"https:\/\/www.pm.pb.gov.br\/portal\/#organization\"},\"articleSection\":[\"A\u00e7\u00f5es Policiais\"],\"inLanguage\":\"pt-BR\"},{\"@type\":\"WebPage\",\"@id\":\"https:\/\/www.pm.pb.gov.br\/portal\/2023\/03\/19\/policia-militar-cumpre-13-mandados-de-prisao-contra-procurados-da-justica-neste-fim-de-semana\/\",\"url\":\"https:\/\/www.pm.pb.gov.br\/portal\/2023\/03\/19\/policia-militar-cumpre-13-mandados-de-prisao-contra-procurados-da-justica-neste-fim-de-semana\/\",\"name\":\"Pol\u00edcia Militar cumpre 13 mandados de pris\u00e3o contra procurados da justi\u00e7a neste fim de semana - Pol\u00edcia Militar da Para\u00edba\",\"isPartOf\":{\"@id\":\"https:\/\/www.pm.pb.gov.br\/portal\/#website\"},\"datePublished\":\"2023-03-20T00:53:32+00:00\",\"dateModified\":\"2023-03-20T00:53:36+00:00\",\"breadcrumb\":{\"@id\":\"https:\/\/www.pm.pb.gov.br\/portal\/2023\/03\/19\/policia-militar-cumpre-13-mandados-de-prisao-contra-procurados-da-justica-neste-fim-de-semana\/#breadcrumb\"},\"inLanguage\":\"pt-BR\",\"potentialAction\":[{\"@type\":\"ReadAction\",\"target\":[\"https:\/\/www.pm.pb.gov.br\/portal\/2023\/03\/19\/policia-militar-cumpre-13-mandados-de-prisao-contra-procurados-da-justica-neste-fim-de-semana\/\"]}]},{\"@type\":\"BreadcrumbList\",\"@id\":\"https:\/\/www.pm.pb.gov.br\/portal\/2023\/03\/19\/policia-militar-cumpre-13-mandados-de-prisao-contra-procurados-da-justica-neste-fim-de-semana\/#breadcrumb\",\"itemListElement\":[{\"@type\":\"ListItem\",\"position\":1,\"name\":\"In\u00edcio\",\"item\":\"https:\/\/www.pm.pb.gov.br\/portal\/\"},{\"@type\":\"ListItem\",\"position\":2,\"name\":\"Pol\u00edcia Militar cumpre 13 mandados de pris\u00e3o contra procurados da justi\u00e7a neste fim de semana\"}]},{\"@type\":\"WebSite\",\"@id\":\"https:\/\/www.pm.pb.gov.br\/portal\/#website\",\"url\":\"https:\/\/www.pm.pb.gov.br\/portal\/\",\"name\":\"Pol\u00edcia Militar da Para\u00edba\",\"description\":\"\",\"publisher\":{\"@id\":\"https:\/\/www.pm.pb.gov.br\/portal\/#organization\"},\"potentialAction\":[{\"@type\":\"SearchAction\",\"target\":{\"@type\":\"EntryPoint\",\"urlTemplate\":\"https:\/\/www.pm.pb.gov.br\/portal\/?s={search_term_string}\"},\"query-input\":\"required name=search_term_string\"}],\"inLanguage\":\"pt-BR\"},{\"@type\":\"Organization\",\"@id\":\"https:\/\/www.pm.pb.gov.br\/portal\/#organization\",\"name\":\"Pol\u00edcia Militar da Para\u00edba\",\"url\":\"https:\/\/www.pm.pb.gov.br\/portal\/\",\"logo\":{\"@type\":\"ImageObject\",\"inLanguage\":\"pt-BR\",\"@id\":\"https:\/\/www.pm.pb.gov.br\/portal\/#\/schema\/logo\/image\/\",\"url\":\"https:\/\/www.pm.pb.gov.br\/portal\/wp-content\/uploads\/2025\/03\/cropped-logo-site-mag2-1.png\",\"contentUrl\":\"https:\/\/www.pm.pb.gov.br\/portal\/wp-content\/uploads\/2025\/03\/cropped-logo-site-mag2-1.png\",\"width\":320,\"height\":90,\"caption\":\"Pol\u00edcia Militar da Para\u00edba\"},\"image\":{\"@id\":\"https:\/\/www.pm.pb.gov.br\/portal\/#\/schema\/logo\/image\/\"}},{\"@type\":\"Person\",\"@id\":\"https:\/\/www.pm.pb.gov.br\/portal\/#\/schema\/person\/b169b297b8494dea236e315ed1a201d1\",\"name\":\"WAGNER HENRIQUE VARELA DA SILVA\",\"image\":{\"@type\":\"ImageObject\",\"inLanguage\":\"pt-BR\",\"@id\":\"https:\/\/www.pm.pb.gov.br\/portal\/#\/schema\/person\/image\/\",\"url\":\"https:\/\/secure.gravatar.com\/avatar\/e08af53176a66730df5c0706c6c31fd6?s=96&d=mm&r=g\",\"contentUrl\":\"https:\/\/secure.gravatar.com\/avatar\/e08af53176a66730df5c0706c6c31fd6?s=96&d=mm&r=g\",\"caption\":\"WAGNER HENRIQUE VARELA DA SILVA\"},\"url\":\"https:\/\/www.pm.pb.gov.br\/portal\/author\/varela\/\"}]}<\/script>\n<!-- \/ Yoast SEO plugin. -->","yoast_head_json":{"title":"Pol\u00edcia Militar cumpre 13 mandados de pris\u00e3o contra procurados da justi\u00e7a neste fim de semana - Pol\u00edcia Militar da Para\u00edba","robots":{"index":"index","follow":"follow","max-snippet":"max-snippet:-1","max-image-preview":"max-image-preview:large","max-video-preview":"max-video-preview:-1"},"canonical":"https:\/\/www.pm.pb.gov.br\/portal\/2023\/03\/19\/policia-militar-cumpre-13-mandados-de-prisao-contra-procurados-da-justica-neste-fim-de-semana\/","og_locale":"pt_BR","og_type":"article","og_title":"Pol\u00edcia Militar cumpre 13 mandados de pris\u00e3o contra procurados da justi\u00e7a neste fim de semana - Pol\u00edcia Militar da Para\u00edba","og_description":"Treze procurados da justi\u00e7a foram localizados e presos, neste fim de semana, nas a\u00e7\u00f5es e opera\u00e7\u00f5es da Pol\u00edcia Militar. Eles","og_url":"https:\/\/www.pm.pb.gov.br\/portal\/2023\/03\/19\/policia-militar-cumpre-13-mandados-de-prisao-contra-procurados-da-justica-neste-fim-de-semana\/","og_site_name":"Pol\u00edcia Militar da Para\u00edba","article_published_time":"2023-03-20T00:53:32+00:00","article_modified_time":"2023-03-20T00:53:36+00:00","og_image":[{"width":800,"height":445,"url":"http:\/\/www.pm.pb.gov.br\/portal\/wp-content\/uploads\/2023\/03\/mandados.jpg","type":"image\/jpeg"}],"author":"WAGNER HENRIQUE VARELA DA SILVA","twitter_card":"summary_large_image","twitter_misc":{"Escrito por":"WAGNER HENRIQUE VARELA DA SILVA","Est. tempo de leitura":"1 minuto"},"schema":{"@context":"https:\/\/schema.org","@graph":[{"@type":"Article","@id":"https:\/\/www.pm.pb.gov.br\/portal\/2023\/03\/19\/policia-militar-cumpre-13-mandados-de-prisao-contra-procurados-da-justica-neste-fim-de-semana\/#article","isPartOf":{"@id":"https:\/\/www.pm.pb.gov.br\/portal\/2023\/03\/19\/policia-militar-cumpre-13-mandados-de-prisao-contra-procurados-da-justica-neste-fim-de-semana\/"},"author":{"name":"WAGNER HENRIQUE VARELA DA SILVA","@id":"https:\/\/www.pm.pb.gov.br\/portal\/#\/schema\/person\/b169b297b8494dea236e315ed1a201d1"},"headline":"Pol\u00edcia Militar cumpre 13 mandados de pris\u00e3o contra procurados da justi\u00e7a neste fim de semana","datePublished":"2023-03-20T00:53:32+00:00","dateModified":"2023-03-20T00:53:36+00:00","mainEntityOfPage":{"@id":"https:\/\/www.pm.pb.gov.br\/portal\/2023\/03\/19\/policia-militar-cumpre-13-mandados-de-prisao-contra-procurados-da-justica-neste-fim-de-semana\/"},"wordCount":110,"publisher":{"@id":"https:\/\/www.pm.pb.gov.br\/portal\/#organization"},"articleSection":["A\u00e7\u00f5es Policiais"],"inLanguage":"pt-BR"},{"@type":"WebPage","@id":"https:\/\/www.pm.pb.gov.br\/portal\/2023\/03\/19\/policia-militar-cumpre-13-mandados-de-prisao-contra-procurados-da-justica-neste-fim-de-semana\/","url":"https:\/\/www.pm.pb.gov.br\/portal\/2023\/03\/19\/policia-militar-cumpre-13-mandados-de-prisao-contra-procurados-da-justica-neste-fim-de-semana\/","name":"Pol\u00edcia Militar cumpre 13 mandados de pris\u00e3o contra procurados da justi\u00e7a neste fim de semana - Pol\u00edcia Militar da Para\u00edba","isPartOf":{"@id":"https:\/\/www.pm.pb.gov.br\/portal\/#website"},"datePublished":"2023-03-20T00:53:32+00:00","dateModified":"2023-03-20T00:53:36+00:00","breadcrumb":{"@id":"https:\/\/www.pm.pb.gov.br\/portal\/2023\/03\/19\/policia-militar-cumpre-13-mandados-de-prisao-contra-procurados-da-justica-neste-fim-de-semana\/#breadcrumb"},"inLanguage":"pt-BR","potentialAction":[{"@type":"ReadAction","target":["https:\/\/www.pm.pb.gov.br\/portal\/2023\/03\/19\/policia-militar-cumpre-13-mandados-de-prisao-contra-procurados-da-justica-neste-fim-de-semana\/"]}]},{"@type":"BreadcrumbList","@id":"https:\/\/www.pm.pb.gov.br\/portal\/2023\/03\/19\/policia-militar-cumpre-13-mandados-de-prisao-contra-procurados-da-justica-neste-fim-de-semana\/#breadcrumb","itemListElement":[{"@type":"ListItem","position":1,"name":"In\u00edcio","item":"https:\/\/www.pm.pb.gov.br\/portal\/"},{"@type":"ListItem","position":2,"name":"Pol\u00edcia Militar cumpre 13 mandados de pris\u00e3o contra procurados da justi\u00e7a neste fim de semana"}]},{"@type":"WebSite","@id":"https:\/\/www.pm.pb.gov.br\/portal\/#website","url":"https:\/\/www.pm.pb.gov.br\/portal\/","name":"Pol\u00edcia Militar da Para\u00edba","description":"","publisher":{"@id":"https:\/\/www.pm.pb.gov.br\/portal\/#organization"},"potentialAction":[{"@type":"SearchAction","target":{"@type":"EntryPoint","urlTemplate":"https:\/\/www.pm.pb.gov.br\/portal\/?s={search_term_string}"},"query-input":"required name=search_term_string"}],"inLanguage":"pt-BR"},{"@type":"Organization","@id":"https:\/\/www.pm.pb.gov.br\/portal\/#organization","name":"Pol\u00edcia Militar da Para\u00edba","url":"https:\/\/www.pm.pb.gov.br\/portal\/","logo":{"@type":"ImageObject","inLanguage":"pt-BR","@id":"https:\/\/www.pm.pb.gov.br\/portal\/#\/schema\/logo\/image\/","url":"https:\/\/www.pm.pb.gov.br\/portal\/wp-content\/uploads\/2025\/03\/cropped-logo-site-mag2-1.png","contentUrl":"https:\/\/www.pm.pb.gov.br\/portal\/wp-content\/uploads\/2025\/03\/cropped-logo-site-mag2-1.png","width":320,"height":90,"caption":"Pol\u00edcia Militar da Para\u00edba"},"image":{"@id":"https:\/\/www.pm.pb.gov.br\/portal\/#\/schema\/logo\/image\/"}},{"@type":"Person","@id":"https:\/\/www.pm.pb.gov.br\/portal\/#\/schema\/person\/b169b297b8494dea236e315ed1a201d1","name":"WAGNER HENRIQUE VARELA DA SILVA","image":{"@type":"ImageObject","inLanguage":"pt-BR","@id":"https:\/\/www.pm.pb.gov.br\/portal\/#\/schema\/person\/image\/","url":"https:\/\/secure.gravatar.com\/avatar\/e08af53176a66730df5c0706c6c31fd6?s=96&d=mm&r=g","contentUrl":"https:\/\/secure.gravatar.com\/avatar\/e08af53176a66730df5c0706c6c31fd6?s=96&d=mm&r=g","caption":"WAGNER HENRIQUE VARELA DA SILVA"},"url":"https:\/\/www.pm.pb.gov.br\/portal\/author\/varela\/"}]}},"_links":{"self":[{"href":"https:\/\/www.pm.pb.gov.br\/portal\/wp-json\/wp\/v2\/posts\/916054"}],"collection":[{"href":"https:\/\/www.pm.pb.gov.br\/portal\/wp-json\/wp\/v2\/posts"}],"about":[{"href":"https:\/\/www.pm.pb.gov.br\/portal\/wp-json\/wp\/v2\/types\/post"}],"author":[{"embeddable":true,"href":"https:\/\/www.pm.pb.gov.br\/portal\/wp-json\/wp\/v2\/users\/10"}],"replies":[{"embeddable":true,"href":"https:\/\/www.pm.pb.gov.br\/portal\/wp-json\/wp\/v2\/comments?post=916054"}],"version-history":[{"count":2,"href":"https:\/\/www.pm.pb.gov.br\/portal\/wp-json\/wp\/v2\/posts\/916054\/revisions"}],"predecessor-version":[{"id":916073,"href":"https:\/\/www.pm.pb.gov.br\/portal\/wp-json\/wp\/v2\/posts\/916054\/revisions\/916073"}],"wp:featuredmedia":[{"embeddable":true,"href":"https:\/\/www.pm.pb.gov.br\/portal\/wp-json\/wp\/v2\/media\/916072"}],"wp:attachment":[{"href":"https:\/\/www.pm.pb.gov.br\/portal\/wp-json\/wp\/v2\/media?parent=916054"}],"wp:term":[{"taxonomy":"category","embeddable":true,"href":"https:\/\/www.pm.pb.gov.br\/portal\/wp-json\/wp\/v2\/categories?post=916054"},{"taxonomy":"post_tag","embeddable":true,"href":"https:\/\/www.pm.pb.gov.br\/portal\/wp-json\/wp\/v2\/tags?post=916054"}],"curies":[{"name":"wp","href":"https:\/\/api.w.org\/{rel}","templated":true}]}}