{"id":916020,"date":"2023-03-19T21:41:42","date_gmt":"2023-03-20T00:41:42","guid":{"rendered":"https:\/\/www.pm.pb.gov.br\/portal\/?p=916020"},"modified":"2023-03-19T21:41:45","modified_gmt":"2023-03-20T00:41:45","slug":"policia-militar-prende-funcionarios-de-empresa-furtando-fios-de-cobre-na-cidade-de-bayeux","status":"publish","type":"post","link":"https:\/\/www.pm.pb.gov.br\/portal\/2023\/03\/19\/policia-militar-prende-funcionarios-de-empresa-furtando-fios-de-cobre-na-cidade-de-bayeux\/","title":{"rendered":"Pol\u00edcia Militar prende funcion\u00e1rios de empresa furtando fios de cobre na cidade de Bayeux"},"content":{"rendered":"\n<p><img loading=\"lazy\" decoding=\"async\" class=\" wp-image-916064 alignright\" src=\"http:\/\/www.pm.pb.gov.br\/portal\/wp-content\/uploads\/2023\/03\/WhatsApp-Image-2023-03-19-at-14.17.42-250x445.jpeg\" alt=\"\" width=\"284\" height=\"506\" srcset=\"https:\/\/www.pm.pb.gov.br\/portal\/wp-content\/uploads\/2023\/03\/WhatsApp-Image-2023-03-19-at-14.17.42-250x445.jpeg 250w, https:\/\/www.pm.pb.gov.br\/portal\/wp-content\/uploads\/2023\/03\/WhatsApp-Image-2023-03-19-at-14.17.42-320x570.jpeg 320w, https:\/\/www.pm.pb.gov.br\/portal\/wp-content\/uploads\/2023\/03\/WhatsApp-Image-2023-03-19-at-14.17.42-768x1366.jpeg 768w, https:\/\/www.pm.pb.gov.br\/portal\/wp-content\/uploads\/2023\/03\/WhatsApp-Image-2023-03-19-at-14.17.42-864x1536.jpeg 864w, https:\/\/www.pm.pb.gov.br\/portal\/wp-content\/uploads\/2023\/03\/WhatsApp-Image-2023-03-19-at-14.17.42.jpeg 899w\" sizes=\"(max-width: 284px) 100vw, 284px\" \/>V\u00e1rios metros de fios de cobre foram recuperados, nesse s\u00e1bado (18), na cidade de Bayeux, ap\u00f3s a Pol\u00edcia Militar receber den\u00fancia de que funcion\u00e1rios de uma empresa de telefonia estavam retirando dos postes os fios de uma empresa concorrente (foto acima ilustrativa).<br \/><br \/>Os acusados, de 58 e 41 anos, foram localizados e abordados em um carro, com adesivos da empresa. Dentro do ve\u00edculo, estavam os fios (foto ao lado). Os policiais da 4\u00aa Companhia Independente da PM (4\u00aa CIPM) fizeram consultas e constataram que a dupla n\u00e3o tinha nenhuma autoriza\u00e7\u00e3o para retirar os fios, nem da empresa que trabalham e nem da empresa propriet\u00e1ria do material, resultado em crime de furto.<br \/><br \/>Os dois receberam voz de pris\u00e3o e foram levados para a 6\u00aa Delegacia Distrital, em Santa Rita. <\/p>\n","protected":false},"excerpt":{"rendered":"<p>V\u00e1rios metros de fios de cobre foram recuperados, nesse s\u00e1bado (18), na cidade de Bayeux, ap\u00f3s a Pol\u00edcia Militar receber<\/p>\n","protected":false},"author":5,"featured_media":913089,"comment_status":"closed","ping_status":"closed","sticky":false,"template":"","format":"standard","meta":{"_exactmetrics_skip_tracking":false,"_exactmetrics_sitenote_active":false,"_exactmetrics_sitenote_note":"","_exactmetrics_sitenote_category":0,"footnotes":""},"categories":[4],"tags":[],"yoast_head":"<!-- This site is optimized with the Yoast SEO plugin v22.0 - https:\/\/yoast.com\/wordpress\/plugins\/seo\/ -->\n<title>Pol\u00edcia Militar prende funcion\u00e1rios de empresa furtando fios de cobre na cidade de Bayeux - Pol\u00edcia Militar da Para\u00edba<\/title>\n<meta name=\"robots\" content=\"index, follow, max-snippet:-1, max-image-preview:large, max-video-preview:-1\" \/>\n<link rel=\"canonical\" href=\"https:\/\/www.pm.pb.gov.br\/portal\/2023\/03\/19\/policia-militar-prende-funcionarios-de-empresa-furtando-fios-de-cobre-na-cidade-de-bayeux\/\" \/>\n<meta property=\"og:locale\" content=\"pt_BR\" \/>\n<meta property=\"og:type\" content=\"article\" \/>\n<meta property=\"og:title\" content=\"Pol\u00edcia Militar prende funcion\u00e1rios de empresa furtando fios de cobre na cidade de Bayeux - Pol\u00edcia Militar da Para\u00edba\" \/>\n<meta property=\"og:description\" content=\"V\u00e1rios metros de fios de cobre foram recuperados, nesse s\u00e1bado (18), na cidade de Bayeux, ap\u00f3s a Pol\u00edcia Militar receber\" \/>\n<meta property=\"og:url\" content=\"https:\/\/www.pm.pb.gov.br\/portal\/2023\/03\/19\/policia-militar-prende-funcionarios-de-empresa-furtando-fios-de-cobre-na-cidade-de-bayeux\/\" \/>\n<meta property=\"og:site_name\" content=\"Pol\u00edcia Militar da Para\u00edba\" \/>\n<meta property=\"article:published_time\" content=\"2023-03-20T00:41:42+00:00\" \/>\n<meta property=\"article:modified_time\" content=\"2023-03-20T00:41:45+00:00\" \/>\n<meta property=\"og:image\" content=\"http:\/\/www.pm.pb.gov.br\/portal\/wp-content\/uploads\/2021\/11\/4cipm.jpeg\" \/>\n\t<meta property=\"og:image:width\" content=\"800\" \/>\n\t<meta property=\"og:image:height\" content=\"445\" \/>\n\t<meta property=\"og:image:type\" content=\"image\/jpeg\" \/>\n<meta name=\"author\" content=\"Assessoria de Imprensa da PMPB\" \/>\n<meta name=\"twitter:card\" content=\"summary_large_image\" \/>\n<meta name=\"twitter:label1\" content=\"Escrito por\" \/>\n\t<meta name=\"twitter:data1\" content=\"Assessoria de Imprensa da PMPB\" \/>\n\t<meta name=\"twitter:label2\" content=\"Est. tempo de leitura\" \/>\n\t<meta name=\"twitter:data2\" content=\"1 minuto\" \/>\n<script type=\"application\/ld+json\" class=\"yoast-schema-graph\">{\"@context\":\"https:\/\/schema.org\",\"@graph\":[{\"@type\":\"Article\",\"@id\":\"https:\/\/www.pm.pb.gov.br\/portal\/2023\/03\/19\/policia-militar-prende-funcionarios-de-empresa-furtando-fios-de-cobre-na-cidade-de-bayeux\/#article\",\"isPartOf\":{\"@id\":\"https:\/\/www.pm.pb.gov.br\/portal\/2023\/03\/19\/policia-militar-prende-funcionarios-de-empresa-furtando-fios-de-cobre-na-cidade-de-bayeux\/\"},\"author\":{\"name\":\"Assessoria de Imprensa da PMPB\",\"@id\":\"https:\/\/www.pm.pb.gov.br\/portal\/#\/schema\/person\/e8454f46651c3ecf0e1ba3c1666d9947\"},\"headline\":\"Pol\u00edcia Militar prende funcion\u00e1rios de empresa furtando fios de cobre na cidade de Bayeux\",\"datePublished\":\"2023-03-20T00:41:42+00:00\",\"dateModified\":\"2023-03-20T00:41:45+00:00\",\"mainEntityOfPage\":{\"@id\":\"https:\/\/www.pm.pb.gov.br\/portal\/2023\/03\/19\/policia-militar-prende-funcionarios-de-empresa-furtando-fios-de-cobre-na-cidade-de-bayeux\/\"},\"wordCount\":149,\"publisher\":{\"@id\":\"https:\/\/www.pm.pb.gov.br\/portal\/#organization\"},\"articleSection\":[\"A\u00e7\u00f5es Policiais\"],\"inLanguage\":\"pt-BR\"},{\"@type\":\"WebPage\",\"@id\":\"https:\/\/www.pm.pb.gov.br\/portal\/2023\/03\/19\/policia-militar-prende-funcionarios-de-empresa-furtando-fios-de-cobre-na-cidade-de-bayeux\/\",\"url\":\"https:\/\/www.pm.pb.gov.br\/portal\/2023\/03\/19\/policia-militar-prende-funcionarios-de-empresa-furtando-fios-de-cobre-na-cidade-de-bayeux\/\",\"name\":\"Pol\u00edcia Militar prende funcion\u00e1rios de empresa furtando fios de cobre na cidade de Bayeux - Pol\u00edcia Militar da Para\u00edba\",\"isPartOf\":{\"@id\":\"https:\/\/www.pm.pb.gov.br\/portal\/#website\"},\"datePublished\":\"2023-03-20T00:41:42+00:00\",\"dateModified\":\"2023-03-20T00:41:45+00:00\",\"breadcrumb\":{\"@id\":\"https:\/\/www.pm.pb.gov.br\/portal\/2023\/03\/19\/policia-militar-prende-funcionarios-de-empresa-furtando-fios-de-cobre-na-cidade-de-bayeux\/#breadcrumb\"},\"inLanguage\":\"pt-BR\",\"potentialAction\":[{\"@type\":\"ReadAction\",\"target\":[\"https:\/\/www.pm.pb.gov.br\/portal\/2023\/03\/19\/policia-militar-prende-funcionarios-de-empresa-furtando-fios-de-cobre-na-cidade-de-bayeux\/\"]}]},{\"@type\":\"BreadcrumbList\",\"@id\":\"https:\/\/www.pm.pb.gov.br\/portal\/2023\/03\/19\/policia-militar-prende-funcionarios-de-empresa-furtando-fios-de-cobre-na-cidade-de-bayeux\/#breadcrumb\",\"itemListElement\":[{\"@type\":\"ListItem\",\"position\":1,\"name\":\"In\u00edcio\",\"item\":\"https:\/\/www.pm.pb.gov.br\/portal\/\"},{\"@type\":\"ListItem\",\"position\":2,\"name\":\"Pol\u00edcia Militar prende funcion\u00e1rios de empresa furtando fios de cobre na cidade de Bayeux\"}]},{\"@type\":\"WebSite\",\"@id\":\"https:\/\/www.pm.pb.gov.br\/portal\/#website\",\"url\":\"https:\/\/www.pm.pb.gov.br\/portal\/\",\"name\":\"Pol\u00edcia Militar da Para\u00edba\",\"description\":\"\",\"publisher\":{\"@id\":\"https:\/\/www.pm.pb.gov.br\/portal\/#organization\"},\"potentialAction\":[{\"@type\":\"SearchAction\",\"target\":{\"@type\":\"EntryPoint\",\"urlTemplate\":\"https:\/\/www.pm.pb.gov.br\/portal\/?s={search_term_string}\"},\"query-input\":\"required name=search_term_string\"}],\"inLanguage\":\"pt-BR\"},{\"@type\":\"Organization\",\"@id\":\"https:\/\/www.pm.pb.gov.br\/portal\/#organization\",\"name\":\"Pol\u00edcia Militar da Para\u00edba\",\"url\":\"https:\/\/www.pm.pb.gov.br\/portal\/\",\"logo\":{\"@type\":\"ImageObject\",\"inLanguage\":\"pt-BR\",\"@id\":\"https:\/\/www.pm.pb.gov.br\/portal\/#\/schema\/logo\/image\/\",\"url\":\"https:\/\/www.pm.pb.gov.br\/portal\/wp-content\/uploads\/2025\/03\/cropped-logo-site-mag2-1.png\",\"contentUrl\":\"https:\/\/www.pm.pb.gov.br\/portal\/wp-content\/uploads\/2025\/03\/cropped-logo-site-mag2-1.png\",\"width\":320,\"height\":90,\"caption\":\"Pol\u00edcia Militar da Para\u00edba\"},\"image\":{\"@id\":\"https:\/\/www.pm.pb.gov.br\/portal\/#\/schema\/logo\/image\/\"}},{\"@type\":\"Person\",\"@id\":\"https:\/\/www.pm.pb.gov.br\/portal\/#\/schema\/person\/e8454f46651c3ecf0e1ba3c1666d9947\",\"name\":\"Assessoria de Imprensa da PMPB\",\"image\":{\"@type\":\"ImageObject\",\"inLanguage\":\"pt-BR\",\"@id\":\"https:\/\/www.pm.pb.gov.br\/portal\/#\/schema\/person\/image\/\",\"url\":\"https:\/\/secure.gravatar.com\/avatar\/2efe197438265d1e90bd98c4c8e1acf8?s=96&d=mm&r=g\",\"contentUrl\":\"https:\/\/secure.gravatar.com\/avatar\/2efe197438265d1e90bd98c4c8e1acf8?s=96&d=mm&r=g\",\"caption\":\"Assessoria de Imprensa da PMPB\"},\"url\":\"https:\/\/www.pm.pb.gov.br\/portal\/author\/assessoria\/\"}]}<\/script>\n<!-- \/ Yoast SEO plugin. -->","yoast_head_json":{"title":"Pol\u00edcia Militar prende funcion\u00e1rios de empresa furtando fios de cobre na cidade de Bayeux - Pol\u00edcia Militar da Para\u00edba","robots":{"index":"index","follow":"follow","max-snippet":"max-snippet:-1","max-image-preview":"max-image-preview:large","max-video-preview":"max-video-preview:-1"},"canonical":"https:\/\/www.pm.pb.gov.br\/portal\/2023\/03\/19\/policia-militar-prende-funcionarios-de-empresa-furtando-fios-de-cobre-na-cidade-de-bayeux\/","og_locale":"pt_BR","og_type":"article","og_title":"Pol\u00edcia Militar prende funcion\u00e1rios de empresa furtando fios de cobre na cidade de Bayeux - Pol\u00edcia Militar da Para\u00edba","og_description":"V\u00e1rios metros de fios de cobre foram recuperados, nesse s\u00e1bado (18), na cidade de Bayeux, ap\u00f3s a Pol\u00edcia Militar receber","og_url":"https:\/\/www.pm.pb.gov.br\/portal\/2023\/03\/19\/policia-militar-prende-funcionarios-de-empresa-furtando-fios-de-cobre-na-cidade-de-bayeux\/","og_site_name":"Pol\u00edcia Militar da Para\u00edba","article_published_time":"2023-03-20T00:41:42+00:00","article_modified_time":"2023-03-20T00:41:45+00:00","og_image":[{"width":800,"height":445,"url":"http:\/\/www.pm.pb.gov.br\/portal\/wp-content\/uploads\/2021\/11\/4cipm.jpeg","type":"image\/jpeg"}],"author":"Assessoria de Imprensa da PMPB","twitter_card":"summary_large_image","twitter_misc":{"Escrito por":"Assessoria de Imprensa da PMPB","Est. tempo de leitura":"1 minuto"},"schema":{"@context":"https:\/\/schema.org","@graph":[{"@type":"Article","@id":"https:\/\/www.pm.pb.gov.br\/portal\/2023\/03\/19\/policia-militar-prende-funcionarios-de-empresa-furtando-fios-de-cobre-na-cidade-de-bayeux\/#article","isPartOf":{"@id":"https:\/\/www.pm.pb.gov.br\/portal\/2023\/03\/19\/policia-militar-prende-funcionarios-de-empresa-furtando-fios-de-cobre-na-cidade-de-bayeux\/"},"author":{"name":"Assessoria de Imprensa da PMPB","@id":"https:\/\/www.pm.pb.gov.br\/portal\/#\/schema\/person\/e8454f46651c3ecf0e1ba3c1666d9947"},"headline":"Pol\u00edcia Militar prende funcion\u00e1rios de empresa furtando fios de cobre na cidade de Bayeux","datePublished":"2023-03-20T00:41:42+00:00","dateModified":"2023-03-20T00:41:45+00:00","mainEntityOfPage":{"@id":"https:\/\/www.pm.pb.gov.br\/portal\/2023\/03\/19\/policia-militar-prende-funcionarios-de-empresa-furtando-fios-de-cobre-na-cidade-de-bayeux\/"},"wordCount":149,"publisher":{"@id":"https:\/\/www.pm.pb.gov.br\/portal\/#organization"},"articleSection":["A\u00e7\u00f5es Policiais"],"inLanguage":"pt-BR"},{"@type":"WebPage","@id":"https:\/\/www.pm.pb.gov.br\/portal\/2023\/03\/19\/policia-militar-prende-funcionarios-de-empresa-furtando-fios-de-cobre-na-cidade-de-bayeux\/","url":"https:\/\/www.pm.pb.gov.br\/portal\/2023\/03\/19\/policia-militar-prende-funcionarios-de-empresa-furtando-fios-de-cobre-na-cidade-de-bayeux\/","name":"Pol\u00edcia Militar prende funcion\u00e1rios de empresa furtando fios de cobre na cidade de Bayeux - Pol\u00edcia Militar da Para\u00edba","isPartOf":{"@id":"https:\/\/www.pm.pb.gov.br\/portal\/#website"},"datePublished":"2023-03-20T00:41:42+00:00","dateModified":"2023-03-20T00:41:45+00:00","breadcrumb":{"@id":"https:\/\/www.pm.pb.gov.br\/portal\/2023\/03\/19\/policia-militar-prende-funcionarios-de-empresa-furtando-fios-de-cobre-na-cidade-de-bayeux\/#breadcrumb"},"inLanguage":"pt-BR","potentialAction":[{"@type":"ReadAction","target":["https:\/\/www.pm.pb.gov.br\/portal\/2023\/03\/19\/policia-militar-prende-funcionarios-de-empresa-furtando-fios-de-cobre-na-cidade-de-bayeux\/"]}]},{"@type":"BreadcrumbList","@id":"https:\/\/www.pm.pb.gov.br\/portal\/2023\/03\/19\/policia-militar-prende-funcionarios-de-empresa-furtando-fios-de-cobre-na-cidade-de-bayeux\/#breadcrumb","itemListElement":[{"@type":"ListItem","position":1,"name":"In\u00edcio","item":"https:\/\/www.pm.pb.gov.br\/portal\/"},{"@type":"ListItem","position":2,"name":"Pol\u00edcia Militar prende funcion\u00e1rios de empresa furtando fios de cobre na cidade de Bayeux"}]},{"@type":"WebSite","@id":"https:\/\/www.pm.pb.gov.br\/portal\/#website","url":"https:\/\/www.pm.pb.gov.br\/portal\/","name":"Pol\u00edcia Militar da Para\u00edba","description":"","publisher":{"@id":"https:\/\/www.pm.pb.gov.br\/portal\/#organization"},"potentialAction":[{"@type":"SearchAction","target":{"@type":"EntryPoint","urlTemplate":"https:\/\/www.pm.pb.gov.br\/portal\/?s={search_term_string}"},"query-input":"required name=search_term_string"}],"inLanguage":"pt-BR"},{"@type":"Organization","@id":"https:\/\/www.pm.pb.gov.br\/portal\/#organization","name":"Pol\u00edcia Militar da Para\u00edba","url":"https:\/\/www.pm.pb.gov.br\/portal\/","logo":{"@type":"ImageObject","inLanguage":"pt-BR","@id":"https:\/\/www.pm.pb.gov.br\/portal\/#\/schema\/logo\/image\/","url":"https:\/\/www.pm.pb.gov.br\/portal\/wp-content\/uploads\/2025\/03\/cropped-logo-site-mag2-1.png","contentUrl":"https:\/\/www.pm.pb.gov.br\/portal\/wp-content\/uploads\/2025\/03\/cropped-logo-site-mag2-1.png","width":320,"height":90,"caption":"Pol\u00edcia Militar da Para\u00edba"},"image":{"@id":"https:\/\/www.pm.pb.gov.br\/portal\/#\/schema\/logo\/image\/"}},{"@type":"Person","@id":"https:\/\/www.pm.pb.gov.br\/portal\/#\/schema\/person\/e8454f46651c3ecf0e1ba3c1666d9947","name":"Assessoria de Imprensa da PMPB","image":{"@type":"ImageObject","inLanguage":"pt-BR","@id":"https:\/\/www.pm.pb.gov.br\/portal\/#\/schema\/person\/image\/","url":"https:\/\/secure.gravatar.com\/avatar\/2efe197438265d1e90bd98c4c8e1acf8?s=96&d=mm&r=g","contentUrl":"https:\/\/secure.gravatar.com\/avatar\/2efe197438265d1e90bd98c4c8e1acf8?s=96&d=mm&r=g","caption":"Assessoria de Imprensa da PMPB"},"url":"https:\/\/www.pm.pb.gov.br\/portal\/author\/assessoria\/"}]}},"_links":{"self":[{"href":"https:\/\/www.pm.pb.gov.br\/portal\/wp-json\/wp\/v2\/posts\/916020"}],"collection":[{"href":"https:\/\/www.pm.pb.gov.br\/portal\/wp-json\/wp\/v2\/posts"}],"about":[{"href":"https:\/\/www.pm.pb.gov.br\/portal\/wp-json\/wp\/v2\/types\/post"}],"author":[{"embeddable":true,"href":"https:\/\/www.pm.pb.gov.br\/portal\/wp-json\/wp\/v2\/users\/5"}],"replies":[{"embeddable":true,"href":"https:\/\/www.pm.pb.gov.br\/portal\/wp-json\/wp\/v2\/comments?post=916020"}],"version-history":[{"count":4,"href":"https:\/\/www.pm.pb.gov.br\/portal\/wp-json\/wp\/v2\/posts\/916020\/revisions"}],"predecessor-version":[{"id":916066,"href":"https:\/\/www.pm.pb.gov.br\/portal\/wp-json\/wp\/v2\/posts\/916020\/revisions\/916066"}],"wp:featuredmedia":[{"embeddable":true,"href":"https:\/\/www.pm.pb.gov.br\/portal\/wp-json\/wp\/v2\/media\/913089"}],"wp:attachment":[{"href":"https:\/\/www.pm.pb.gov.br\/portal\/wp-json\/wp\/v2\/media?parent=916020"}],"wp:term":[{"taxonomy":"category","embeddable":true,"href":"https:\/\/www.pm.pb.gov.br\/portal\/wp-json\/wp\/v2\/categories?post=916020"},{"taxonomy":"post_tag","embeddable":true,"href":"https:\/\/www.pm.pb.gov.br\/portal\/wp-json\/wp\/v2\/tags?post=916020"}],"curies":[{"name":"wp","href":"https:\/\/api.w.org\/{rel}","templated":true}]}}