{"id":915988,"date":"2023-03-13T13:44:00","date_gmt":"2023-03-13T16:44:00","guid":{"rendered":"https:\/\/www.pm.pb.gov.br\/portal\/?p=915988"},"modified":"2023-03-22T13:46:04","modified_gmt":"2023-03-22T16:46:04","slug":"policiais-da-radio-patrulha-sao-priorizados-em-capacitacao-oferecida-pelo-comando-da-pm","status":"publish","type":"post","link":"https:\/\/www.pm.pb.gov.br\/portal\/2023\/03\/13\/policiais-da-radio-patrulha-sao-priorizados-em-capacitacao-oferecida-pelo-comando-da-pm\/","title":{"rendered":"Policiais da R\u00e1dio Patrulha s\u00e3o priorizados em capacita\u00e7\u00e3o oferecida pelo Comando da PM"},"content":{"rendered":"\n<p>Primeiro os policiais da R\u00e1dio Patrulha. Essa foi a decis\u00e3o do comandante-geral da Pol\u00edcia Militar para oferecer a instru\u00e7\u00e3o de nivelamento de conhecimentos na corpora\u00e7\u00e3o, que acontece a partir deste m\u00eas de mar\u00e7o. Todos os policiais da RP passar\u00e3o pela capacita\u00e7\u00e3o INC RP\/2023 (foto acima ilustrativa).<\/p>\n<p>A prioridade faz parte do projeto de valoriza\u00e7\u00e3o que est\u00e1 sendo implementado pelo comandante-geral, coronel S\u00e9rgio Fonseca, que reconhece a import\u00e2ncia do trabalho da R\u00e1dio Patrulha. \u201c\u00c9 o cart\u00e3o de visita da nossa institui\u00e7\u00e3o e que tem grande import\u00e2ncia no trabalho ostensivo da seguran\u00e7a p\u00fablica da Para\u00edba. \u00c9 quem chega primeiro nas ocorr\u00eancias e que, sem d\u00favidas, tem e merece passar por um processo de valoriza\u00e7\u00e3o na institui\u00e7\u00e3o\u201d, destacou.<\/p>\n<p>A capacita\u00e7\u00e3o come\u00e7ou nesta segunda-feira (13), com policiais do 1\u00ba Batalh\u00e3o, e ter\u00e1 continuidade at\u00e9 chegar a todos os policiais dos Batalh\u00f5es e Companhias Independentes do Estado.<\/p>\n<p><strong>MARCO HIST\u00d3RICO \u2013<\/strong> No pr\u00f3ximo dia 15 de mar\u00e7o o servi\u00e7o de R\u00e1dio Patrulha da Pol\u00edcia Militar completa 50 anos e a data ser\u00e1 celebrada pela Pol\u00edcia Militar com uma solenidade para homenagear os pioneiros da RP e os atuais integrantes, no Teatro Paulo Pontes, \u00e0s 16h30, no Espa\u00e7o Cultural, em Jo\u00e3o Pessoa.<\/p>\n\n\n","protected":false},"excerpt":{"rendered":"<p>Primeiro os policiais da R\u00e1dio Patrulha. Essa foi a decis\u00e3o do comandante-geral da Pol\u00edcia Militar para oferecer a instru\u00e7\u00e3o de<\/p>\n","protected":false},"author":12,"featured_media":908730,"comment_status":"closed","ping_status":"closed","sticky":false,"template":"","format":"standard","meta":{"_exactmetrics_skip_tracking":false,"_exactmetrics_sitenote_active":false,"_exactmetrics_sitenote_note":"","_exactmetrics_sitenote_category":0,"footnotes":""},"categories":[4,6],"tags":[],"yoast_head":"<!-- This site is optimized with the Yoast SEO plugin v22.0 - https:\/\/yoast.com\/wordpress\/plugins\/seo\/ -->\n<title>Policiais da R\u00e1dio Patrulha s\u00e3o priorizados em capacita\u00e7\u00e3o oferecida pelo Comando da PM - Pol\u00edcia Militar da Para\u00edba<\/title>\n<meta name=\"robots\" content=\"index, follow, max-snippet:-1, max-image-preview:large, max-video-preview:-1\" \/>\n<link rel=\"canonical\" href=\"https:\/\/www.pm.pb.gov.br\/portal\/2023\/03\/13\/policiais-da-radio-patrulha-sao-priorizados-em-capacitacao-oferecida-pelo-comando-da-pm\/\" \/>\n<meta property=\"og:locale\" content=\"pt_BR\" \/>\n<meta property=\"og:type\" content=\"article\" \/>\n<meta property=\"og:title\" content=\"Policiais da R\u00e1dio Patrulha s\u00e3o priorizados em capacita\u00e7\u00e3o oferecida pelo Comando da PM - Pol\u00edcia Militar da Para\u00edba\" \/>\n<meta property=\"og:description\" content=\"Primeiro os policiais da R\u00e1dio Patrulha. Essa foi a decis\u00e3o do comandante-geral da Pol\u00edcia Militar para oferecer a instru\u00e7\u00e3o de\" \/>\n<meta property=\"og:url\" content=\"https:\/\/www.pm.pb.gov.br\/portal\/2023\/03\/13\/policiais-da-radio-patrulha-sao-priorizados-em-capacitacao-oferecida-pelo-comando-da-pm\/\" \/>\n<meta property=\"og:site_name\" content=\"Pol\u00edcia Militar da Para\u00edba\" \/>\n<meta property=\"article:published_time\" content=\"2023-03-13T16:44:00+00:00\" \/>\n<meta property=\"article:modified_time\" content=\"2023-03-22T16:46:04+00:00\" \/>\n<meta property=\"og:image\" content=\"http:\/\/www.pm.pb.gov.br\/portal\/wp-content\/uploads\/2020\/12\/1bpm.jpg\" \/>\n\t<meta property=\"og:image:width\" content=\"800\" \/>\n\t<meta property=\"og:image:height\" content=\"445\" \/>\n\t<meta property=\"og:image:type\" content=\"image\/jpeg\" \/>\n<meta name=\"author\" content=\"Tarcisio Oliveira\" \/>\n<meta name=\"twitter:card\" content=\"summary_large_image\" \/>\n<meta name=\"twitter:label1\" content=\"Escrito por\" \/>\n\t<meta name=\"twitter:data1\" content=\"Tarcisio Oliveira\" \/>\n\t<meta name=\"twitter:label2\" content=\"Est. tempo de leitura\" \/>\n\t<meta name=\"twitter:data2\" content=\"2 minutos\" \/>\n<script type=\"application\/ld+json\" class=\"yoast-schema-graph\">{\"@context\":\"https:\/\/schema.org\",\"@graph\":[{\"@type\":\"Article\",\"@id\":\"https:\/\/www.pm.pb.gov.br\/portal\/2023\/03\/13\/policiais-da-radio-patrulha-sao-priorizados-em-capacitacao-oferecida-pelo-comando-da-pm\/#article\",\"isPartOf\":{\"@id\":\"https:\/\/www.pm.pb.gov.br\/portal\/2023\/03\/13\/policiais-da-radio-patrulha-sao-priorizados-em-capacitacao-oferecida-pelo-comando-da-pm\/\"},\"author\":{\"name\":\"Tarcisio Oliveira\",\"@id\":\"https:\/\/www.pm.pb.gov.br\/portal\/#\/schema\/person\/f84f56dcc78ce4357054da888b8247fd\"},\"headline\":\"Policiais da R\u00e1dio Patrulha s\u00e3o priorizados em capacita\u00e7\u00e3o oferecida pelo Comando da PM\",\"datePublished\":\"2023-03-13T16:44:00+00:00\",\"dateModified\":\"2023-03-22T16:46:04+00:00\",\"mainEntityOfPage\":{\"@id\":\"https:\/\/www.pm.pb.gov.br\/portal\/2023\/03\/13\/policiais-da-radio-patrulha-sao-priorizados-em-capacitacao-oferecida-pelo-comando-da-pm\/\"},\"wordCount\":240,\"publisher\":{\"@id\":\"https:\/\/www.pm.pb.gov.br\/portal\/#organization\"},\"articleSection\":[\"A\u00e7\u00f5es Policiais\",\"Cursos\"],\"inLanguage\":\"pt-BR\"},{\"@type\":\"WebPage\",\"@id\":\"https:\/\/www.pm.pb.gov.br\/portal\/2023\/03\/13\/policiais-da-radio-patrulha-sao-priorizados-em-capacitacao-oferecida-pelo-comando-da-pm\/\",\"url\":\"https:\/\/www.pm.pb.gov.br\/portal\/2023\/03\/13\/policiais-da-radio-patrulha-sao-priorizados-em-capacitacao-oferecida-pelo-comando-da-pm\/\",\"name\":\"Policiais da R\u00e1dio Patrulha s\u00e3o priorizados em capacita\u00e7\u00e3o oferecida pelo Comando da PM - Pol\u00edcia Militar da Para\u00edba\",\"isPartOf\":{\"@id\":\"https:\/\/www.pm.pb.gov.br\/portal\/#website\"},\"datePublished\":\"2023-03-13T16:44:00+00:00\",\"dateModified\":\"2023-03-22T16:46:04+00:00\",\"breadcrumb\":{\"@id\":\"https:\/\/www.pm.pb.gov.br\/portal\/2023\/03\/13\/policiais-da-radio-patrulha-sao-priorizados-em-capacitacao-oferecida-pelo-comando-da-pm\/#breadcrumb\"},\"inLanguage\":\"pt-BR\",\"potentialAction\":[{\"@type\":\"ReadAction\",\"target\":[\"https:\/\/www.pm.pb.gov.br\/portal\/2023\/03\/13\/policiais-da-radio-patrulha-sao-priorizados-em-capacitacao-oferecida-pelo-comando-da-pm\/\"]}]},{\"@type\":\"BreadcrumbList\",\"@id\":\"https:\/\/www.pm.pb.gov.br\/portal\/2023\/03\/13\/policiais-da-radio-patrulha-sao-priorizados-em-capacitacao-oferecida-pelo-comando-da-pm\/#breadcrumb\",\"itemListElement\":[{\"@type\":\"ListItem\",\"position\":1,\"name\":\"In\u00edcio\",\"item\":\"https:\/\/www.pm.pb.gov.br\/portal\/\"},{\"@type\":\"ListItem\",\"position\":2,\"name\":\"Policiais da R\u00e1dio Patrulha s\u00e3o priorizados em capacita\u00e7\u00e3o oferecida pelo Comando da PM\"}]},{\"@type\":\"WebSite\",\"@id\":\"https:\/\/www.pm.pb.gov.br\/portal\/#website\",\"url\":\"https:\/\/www.pm.pb.gov.br\/portal\/\",\"name\":\"Pol\u00edcia Militar da Para\u00edba\",\"description\":\"\",\"publisher\":{\"@id\":\"https:\/\/www.pm.pb.gov.br\/portal\/#organization\"},\"potentialAction\":[{\"@type\":\"SearchAction\",\"target\":{\"@type\":\"EntryPoint\",\"urlTemplate\":\"https:\/\/www.pm.pb.gov.br\/portal\/?s={search_term_string}\"},\"query-input\":\"required name=search_term_string\"}],\"inLanguage\":\"pt-BR\"},{\"@type\":\"Organization\",\"@id\":\"https:\/\/www.pm.pb.gov.br\/portal\/#organization\",\"name\":\"Pol\u00edcia Militar da Para\u00edba\",\"url\":\"https:\/\/www.pm.pb.gov.br\/portal\/\",\"logo\":{\"@type\":\"ImageObject\",\"inLanguage\":\"pt-BR\",\"@id\":\"https:\/\/www.pm.pb.gov.br\/portal\/#\/schema\/logo\/image\/\",\"url\":\"https:\/\/www.pm.pb.gov.br\/portal\/wp-content\/uploads\/2025\/03\/cropped-logo-site-mag2-1.png\",\"contentUrl\":\"https:\/\/www.pm.pb.gov.br\/portal\/wp-content\/uploads\/2025\/03\/cropped-logo-site-mag2-1.png\",\"width\":320,\"height\":90,\"caption\":\"Pol\u00edcia Militar da Para\u00edba\"},\"image\":{\"@id\":\"https:\/\/www.pm.pb.gov.br\/portal\/#\/schema\/logo\/image\/\"}},{\"@type\":\"Person\",\"@id\":\"https:\/\/www.pm.pb.gov.br\/portal\/#\/schema\/person\/f84f56dcc78ce4357054da888b8247fd\",\"name\":\"Tarcisio Oliveira\",\"image\":{\"@type\":\"ImageObject\",\"inLanguage\":\"pt-BR\",\"@id\":\"https:\/\/www.pm.pb.gov.br\/portal\/#\/schema\/person\/image\/\",\"url\":\"https:\/\/secure.gravatar.com\/avatar\/72917b630b69d31cd0297507f34bac97?s=96&d=mm&r=g\",\"contentUrl\":\"https:\/\/secure.gravatar.com\/avatar\/72917b630b69d31cd0297507f34bac97?s=96&d=mm&r=g\",\"caption\":\"Tarcisio Oliveira\"},\"url\":\"https:\/\/www.pm.pb.gov.br\/portal\/author\/tarcisio\/\"}]}<\/script>\n<!-- \/ Yoast SEO plugin. -->","yoast_head_json":{"title":"Policiais da R\u00e1dio Patrulha s\u00e3o priorizados em capacita\u00e7\u00e3o oferecida pelo Comando da PM - Pol\u00edcia Militar da Para\u00edba","robots":{"index":"index","follow":"follow","max-snippet":"max-snippet:-1","max-image-preview":"max-image-preview:large","max-video-preview":"max-video-preview:-1"},"canonical":"https:\/\/www.pm.pb.gov.br\/portal\/2023\/03\/13\/policiais-da-radio-patrulha-sao-priorizados-em-capacitacao-oferecida-pelo-comando-da-pm\/","og_locale":"pt_BR","og_type":"article","og_title":"Policiais da R\u00e1dio Patrulha s\u00e3o priorizados em capacita\u00e7\u00e3o oferecida pelo Comando da PM - Pol\u00edcia Militar da Para\u00edba","og_description":"Primeiro os policiais da R\u00e1dio Patrulha. Essa foi a decis\u00e3o do comandante-geral da Pol\u00edcia Militar para oferecer a instru\u00e7\u00e3o de","og_url":"https:\/\/www.pm.pb.gov.br\/portal\/2023\/03\/13\/policiais-da-radio-patrulha-sao-priorizados-em-capacitacao-oferecida-pelo-comando-da-pm\/","og_site_name":"Pol\u00edcia Militar da Para\u00edba","article_published_time":"2023-03-13T16:44:00+00:00","article_modified_time":"2023-03-22T16:46:04+00:00","og_image":[{"width":800,"height":445,"url":"http:\/\/www.pm.pb.gov.br\/portal\/wp-content\/uploads\/2020\/12\/1bpm.jpg","type":"image\/jpeg"}],"author":"Tarcisio Oliveira","twitter_card":"summary_large_image","twitter_misc":{"Escrito por":"Tarcisio Oliveira","Est. tempo de leitura":"2 minutos"},"schema":{"@context":"https:\/\/schema.org","@graph":[{"@type":"Article","@id":"https:\/\/www.pm.pb.gov.br\/portal\/2023\/03\/13\/policiais-da-radio-patrulha-sao-priorizados-em-capacitacao-oferecida-pelo-comando-da-pm\/#article","isPartOf":{"@id":"https:\/\/www.pm.pb.gov.br\/portal\/2023\/03\/13\/policiais-da-radio-patrulha-sao-priorizados-em-capacitacao-oferecida-pelo-comando-da-pm\/"},"author":{"name":"Tarcisio Oliveira","@id":"https:\/\/www.pm.pb.gov.br\/portal\/#\/schema\/person\/f84f56dcc78ce4357054da888b8247fd"},"headline":"Policiais da R\u00e1dio Patrulha s\u00e3o priorizados em capacita\u00e7\u00e3o oferecida pelo Comando da PM","datePublished":"2023-03-13T16:44:00+00:00","dateModified":"2023-03-22T16:46:04+00:00","mainEntityOfPage":{"@id":"https:\/\/www.pm.pb.gov.br\/portal\/2023\/03\/13\/policiais-da-radio-patrulha-sao-priorizados-em-capacitacao-oferecida-pelo-comando-da-pm\/"},"wordCount":240,"publisher":{"@id":"https:\/\/www.pm.pb.gov.br\/portal\/#organization"},"articleSection":["A\u00e7\u00f5es Policiais","Cursos"],"inLanguage":"pt-BR"},{"@type":"WebPage","@id":"https:\/\/www.pm.pb.gov.br\/portal\/2023\/03\/13\/policiais-da-radio-patrulha-sao-priorizados-em-capacitacao-oferecida-pelo-comando-da-pm\/","url":"https:\/\/www.pm.pb.gov.br\/portal\/2023\/03\/13\/policiais-da-radio-patrulha-sao-priorizados-em-capacitacao-oferecida-pelo-comando-da-pm\/","name":"Policiais da R\u00e1dio Patrulha s\u00e3o priorizados em capacita\u00e7\u00e3o oferecida pelo Comando da PM - Pol\u00edcia Militar da Para\u00edba","isPartOf":{"@id":"https:\/\/www.pm.pb.gov.br\/portal\/#website"},"datePublished":"2023-03-13T16:44:00+00:00","dateModified":"2023-03-22T16:46:04+00:00","breadcrumb":{"@id":"https:\/\/www.pm.pb.gov.br\/portal\/2023\/03\/13\/policiais-da-radio-patrulha-sao-priorizados-em-capacitacao-oferecida-pelo-comando-da-pm\/#breadcrumb"},"inLanguage":"pt-BR","potentialAction":[{"@type":"ReadAction","target":["https:\/\/www.pm.pb.gov.br\/portal\/2023\/03\/13\/policiais-da-radio-patrulha-sao-priorizados-em-capacitacao-oferecida-pelo-comando-da-pm\/"]}]},{"@type":"BreadcrumbList","@id":"https:\/\/www.pm.pb.gov.br\/portal\/2023\/03\/13\/policiais-da-radio-patrulha-sao-priorizados-em-capacitacao-oferecida-pelo-comando-da-pm\/#breadcrumb","itemListElement":[{"@type":"ListItem","position":1,"name":"In\u00edcio","item":"https:\/\/www.pm.pb.gov.br\/portal\/"},{"@type":"ListItem","position":2,"name":"Policiais da R\u00e1dio Patrulha s\u00e3o priorizados em capacita\u00e7\u00e3o oferecida pelo Comando da PM"}]},{"@type":"WebSite","@id":"https:\/\/www.pm.pb.gov.br\/portal\/#website","url":"https:\/\/www.pm.pb.gov.br\/portal\/","name":"Pol\u00edcia Militar da Para\u00edba","description":"","publisher":{"@id":"https:\/\/www.pm.pb.gov.br\/portal\/#organization"},"potentialAction":[{"@type":"SearchAction","target":{"@type":"EntryPoint","urlTemplate":"https:\/\/www.pm.pb.gov.br\/portal\/?s={search_term_string}"},"query-input":"required name=search_term_string"}],"inLanguage":"pt-BR"},{"@type":"Organization","@id":"https:\/\/www.pm.pb.gov.br\/portal\/#organization","name":"Pol\u00edcia Militar da Para\u00edba","url":"https:\/\/www.pm.pb.gov.br\/portal\/","logo":{"@type":"ImageObject","inLanguage":"pt-BR","@id":"https:\/\/www.pm.pb.gov.br\/portal\/#\/schema\/logo\/image\/","url":"https:\/\/www.pm.pb.gov.br\/portal\/wp-content\/uploads\/2025\/03\/cropped-logo-site-mag2-1.png","contentUrl":"https:\/\/www.pm.pb.gov.br\/portal\/wp-content\/uploads\/2025\/03\/cropped-logo-site-mag2-1.png","width":320,"height":90,"caption":"Pol\u00edcia Militar da Para\u00edba"},"image":{"@id":"https:\/\/www.pm.pb.gov.br\/portal\/#\/schema\/logo\/image\/"}},{"@type":"Person","@id":"https:\/\/www.pm.pb.gov.br\/portal\/#\/schema\/person\/f84f56dcc78ce4357054da888b8247fd","name":"Tarcisio Oliveira","image":{"@type":"ImageObject","inLanguage":"pt-BR","@id":"https:\/\/www.pm.pb.gov.br\/portal\/#\/schema\/person\/image\/","url":"https:\/\/secure.gravatar.com\/avatar\/72917b630b69d31cd0297507f34bac97?s=96&d=mm&r=g","contentUrl":"https:\/\/secure.gravatar.com\/avatar\/72917b630b69d31cd0297507f34bac97?s=96&d=mm&r=g","caption":"Tarcisio Oliveira"},"url":"https:\/\/www.pm.pb.gov.br\/portal\/author\/tarcisio\/"}]}},"_links":{"self":[{"href":"https:\/\/www.pm.pb.gov.br\/portal\/wp-json\/wp\/v2\/posts\/915988"}],"collection":[{"href":"https:\/\/www.pm.pb.gov.br\/portal\/wp-json\/wp\/v2\/posts"}],"about":[{"href":"https:\/\/www.pm.pb.gov.br\/portal\/wp-json\/wp\/v2\/types\/post"}],"author":[{"embeddable":true,"href":"https:\/\/www.pm.pb.gov.br\/portal\/wp-json\/wp\/v2\/users\/12"}],"replies":[{"embeddable":true,"href":"https:\/\/www.pm.pb.gov.br\/portal\/wp-json\/wp\/v2\/comments?post=915988"}],"version-history":[{"count":2,"href":"https:\/\/www.pm.pb.gov.br\/portal\/wp-json\/wp\/v2\/posts\/915988\/revisions"}],"predecessor-version":[{"id":916100,"href":"https:\/\/www.pm.pb.gov.br\/portal\/wp-json\/wp\/v2\/posts\/915988\/revisions\/916100"}],"wp:featuredmedia":[{"embeddable":true,"href":"https:\/\/www.pm.pb.gov.br\/portal\/wp-json\/wp\/v2\/media\/908730"}],"wp:attachment":[{"href":"https:\/\/www.pm.pb.gov.br\/portal\/wp-json\/wp\/v2\/media?parent=915988"}],"wp:term":[{"taxonomy":"category","embeddable":true,"href":"https:\/\/www.pm.pb.gov.br\/portal\/wp-json\/wp\/v2\/categories?post=915988"},{"taxonomy":"post_tag","embeddable":true,"href":"https:\/\/www.pm.pb.gov.br\/portal\/wp-json\/wp\/v2\/tags?post=915988"}],"curies":[{"name":"wp","href":"https:\/\/api.w.org\/{rel}","templated":true}]}}