{"id":915985,"date":"2023-03-13T13:47:45","date_gmt":"2023-03-13T16:47:45","guid":{"rendered":"https:\/\/www.pm.pb.gov.br\/portal\/?p=915985"},"modified":"2023-03-13T13:47:49","modified_gmt":"2023-03-13T16:47:49","slug":"hospital-edson-ramalho-disponibiliza-atendimento-em-odontologia-e-fonoaudiologia-para-recem-nascidos","status":"publish","type":"post","link":"https:\/\/www.pm.pb.gov.br\/portal\/2023\/03\/13\/hospital-edson-ramalho-disponibiliza-atendimento-em-odontologia-e-fonoaudiologia-para-recem-nascidos\/","title":{"rendered":"<strong>Hospital Edson Ramalho disponibiliza atendimento em Odontologia e Fonoaudiologia para rec\u00e9m-nascidos<\/strong>"},"content":{"rendered":"\n<p>O Hospital da Pol\u00edcia Militar General Edson Ramalho, em Jo\u00e3o Pessoa, oferece atendimento de Fonoaudiologia e Odontologia\u00a0para os beb\u00eas que nascem na unidade. O servi\u00e7o, que tamb\u00e9m conta com o apoio de outras equipes assistenciais, busca contribuir para um bom desenvolvimento de algumas fun\u00e7\u00f5es, auxiliando ainda para uma alimenta\u00e7\u00e3o segura dos rec\u00e9m-nascidos.<br \/>\u00a0<br \/>O projeto \u2018L\u00edngua Solta\u2019, desenvolvido por meio das ger\u00eancias de Odontologia e Fonoaudiologia, \u00e9 destinado aos beb\u00eas nascidos na maternidade e diagnosticados com anquiloglossia, popularmente conhecido como l\u00edngua presa, por meio do \u201cteste da linguinha\u201d. Somente no ano de 2022, foram realizados 200 procedimentos e no primeiro bimestre deste ano, 34 rec\u00e9m-nascidos foram submetidos ao procedimento.\u00a0<br \/>\u00a0<br \/>O tenente-coronel Jales Meneses, gerente de Odontologia do hospital, ressalta que o projeto tem como objetivo ampliar as possibilidades para que os beb\u00eas possam, com mais facilidade, se alimentar no primeiro momento, bem como, auxiliar no desenvolvimento craniofacial ao longo crescimento.<br \/>\u00a0<br \/>A subgerente do Servi\u00e7o de Fonoaudiologia, Geovanna\u00a0Nacre, destacou a import\u00e2ncia dos profissionais da fonoaudiologia na assist\u00eancia aos rec\u00e9m-nascidos. \u201cA atua\u00e7\u00e3o do fonoaudi\u00f3logo consiste em proporcionar aten\u00e7\u00e3o integral, tanto \u00e0 m\u00e3e quanto ao beb\u00ea, com o objetivo de promover os aspectos de aleitamento e estimula\u00e7\u00f5es motoras-orais inseridas nas a\u00e7\u00f5es de promo\u00e7\u00e3o de sa\u00fade\u201d, pontuou.<br \/>\u00a0<br \/>Georgia Let\u00edcia, 23 anos, m\u00e3e do pequeno Itan Bernardo, comentou sobre a assist\u00eancia que recebeu na maternidade do Edson Ramalho. \u201c\u00c9 o meu segundo filho e todo esse suporte que estamos recebendo aqui \u00e9 bastante importante, algo muito pr\u00e1tico e seguro j\u00e1 que todos os testes s\u00e3o feitos aqui mesmo, n\u00e3o precisamos sair com o beb\u00ea rec\u00e9m-nascido e procurar outro hospital. Com os testes, a gente j\u00e1 pode ir se preparando caso seja detectado algo\u201d, enfatizou. Ap\u00f3s passar pelo teste da linguinha, o pequeno Itan Bernardo foi diagnosticado com a l\u00edngua presa e submetido ao procedimento de frenectomia.\u00a0<br \/>\u00a0<br \/>A unidade hospitalar ainda oferece outros servi\u00e7os destinados aos rec\u00e9m-nascidos, a exemplo da triagem auditiva neonatal, exames importantes para detectar poss\u00edveis altera\u00e7\u00f5es que possam prejudicar o desenvolvimento adequado. As m\u00e3es s\u00e3o encaminhadas para a realiza\u00e7\u00e3o dos procedimentos ainda na maternidade.\u00a0<\/p>\n<p><em>Fonte: Ascom HPM \/ Secom.<\/em><\/p>\n\n\n","protected":false},"excerpt":{"rendered":"<p>O Hospital da Pol\u00edcia Militar General Edson Ramalho, em Jo\u00e3o Pessoa, oferece atendimento de Fonoaudiologia e Odontologia\u00a0para os beb\u00eas que<\/p>\n","protected":false},"author":12,"featured_media":915986,"comment_status":"closed","ping_status":"closed","sticky":false,"template":"","format":"standard","meta":{"_exactmetrics_skip_tracking":false,"_exactmetrics_sitenote_active":false,"_exactmetrics_sitenote_note":"","_exactmetrics_sitenote_category":0,"footnotes":""},"categories":[24],"tags":[],"yoast_head":"<!-- This site is optimized with the Yoast SEO plugin v22.0 - https:\/\/yoast.com\/wordpress\/plugins\/seo\/ -->\n<title>Hospital Edson Ramalho disponibiliza atendimento em Odontologia e Fonoaudiologia para rec\u00e9m-nascidos - Pol\u00edcia Militar da Para\u00edba<\/title>\n<meta name=\"robots\" content=\"index, follow, max-snippet:-1, max-image-preview:large, max-video-preview:-1\" \/>\n<link rel=\"canonical\" href=\"https:\/\/www.pm.pb.gov.br\/portal\/2023\/03\/13\/hospital-edson-ramalho-disponibiliza-atendimento-em-odontologia-e-fonoaudiologia-para-recem-nascidos\/\" \/>\n<meta property=\"og:locale\" content=\"pt_BR\" \/>\n<meta property=\"og:type\" content=\"article\" \/>\n<meta property=\"og:title\" content=\"Hospital Edson Ramalho disponibiliza atendimento em Odontologia e Fonoaudiologia para rec\u00e9m-nascidos - Pol\u00edcia Militar da Para\u00edba\" \/>\n<meta property=\"og:description\" content=\"O Hospital da Pol\u00edcia Militar General Edson Ramalho, em Jo\u00e3o Pessoa, oferece atendimento de Fonoaudiologia e Odontologia\u00a0para os beb\u00eas que\" \/>\n<meta property=\"og:url\" content=\"https:\/\/www.pm.pb.gov.br\/portal\/2023\/03\/13\/hospital-edson-ramalho-disponibiliza-atendimento-em-odontologia-e-fonoaudiologia-para-recem-nascidos\/\" \/>\n<meta property=\"og:site_name\" content=\"Pol\u00edcia Militar da Para\u00edba\" \/>\n<meta property=\"article:published_time\" content=\"2023-03-13T16:47:45+00:00\" \/>\n<meta property=\"article:modified_time\" content=\"2023-03-13T16:47:49+00:00\" \/>\n<meta property=\"og:image\" content=\"http:\/\/www.pm.pb.gov.br\/portal\/wp-content\/uploads\/2023\/03\/hpm.jpg\" \/>\n\t<meta property=\"og:image:width\" content=\"800\" \/>\n\t<meta property=\"og:image:height\" content=\"445\" \/>\n\t<meta property=\"og:image:type\" content=\"image\/jpeg\" \/>\n<meta name=\"author\" content=\"Tarcisio Oliveira\" \/>\n<meta name=\"twitter:card\" content=\"summary_large_image\" \/>\n<meta name=\"twitter:label1\" content=\"Escrito por\" \/>\n\t<meta name=\"twitter:data1\" content=\"Tarcisio Oliveira\" \/>\n\t<meta name=\"twitter:label2\" content=\"Est. tempo de leitura\" \/>\n\t<meta name=\"twitter:data2\" content=\"2 minutos\" \/>\n<script type=\"application\/ld+json\" class=\"yoast-schema-graph\">{\"@context\":\"https:\/\/schema.org\",\"@graph\":[{\"@type\":\"Article\",\"@id\":\"https:\/\/www.pm.pb.gov.br\/portal\/2023\/03\/13\/hospital-edson-ramalho-disponibiliza-atendimento-em-odontologia-e-fonoaudiologia-para-recem-nascidos\/#article\",\"isPartOf\":{\"@id\":\"https:\/\/www.pm.pb.gov.br\/portal\/2023\/03\/13\/hospital-edson-ramalho-disponibiliza-atendimento-em-odontologia-e-fonoaudiologia-para-recem-nascidos\/\"},\"author\":{\"name\":\"Tarcisio Oliveira\",\"@id\":\"https:\/\/www.pm.pb.gov.br\/portal\/#\/schema\/person\/f84f56dcc78ce4357054da888b8247fd\"},\"headline\":\"Hospital Edson Ramalho disponibiliza atendimento em Odontologia e Fonoaudiologia para rec\u00e9m-nascidos\",\"datePublished\":\"2023-03-13T16:47:45+00:00\",\"dateModified\":\"2023-03-13T16:47:49+00:00\",\"mainEntityOfPage\":{\"@id\":\"https:\/\/www.pm.pb.gov.br\/portal\/2023\/03\/13\/hospital-edson-ramalho-disponibiliza-atendimento-em-odontologia-e-fonoaudiologia-para-recem-nascidos\/\"},\"wordCount\":392,\"publisher\":{\"@id\":\"https:\/\/www.pm.pb.gov.br\/portal\/#organization\"},\"articleSection\":[\"A\u00e7\u00f5es de Sa\u00fade\"],\"inLanguage\":\"pt-BR\"},{\"@type\":\"WebPage\",\"@id\":\"https:\/\/www.pm.pb.gov.br\/portal\/2023\/03\/13\/hospital-edson-ramalho-disponibiliza-atendimento-em-odontologia-e-fonoaudiologia-para-recem-nascidos\/\",\"url\":\"https:\/\/www.pm.pb.gov.br\/portal\/2023\/03\/13\/hospital-edson-ramalho-disponibiliza-atendimento-em-odontologia-e-fonoaudiologia-para-recem-nascidos\/\",\"name\":\"Hospital Edson Ramalho disponibiliza atendimento em Odontologia e Fonoaudiologia para rec\u00e9m-nascidos - Pol\u00edcia Militar da Para\u00edba\",\"isPartOf\":{\"@id\":\"https:\/\/www.pm.pb.gov.br\/portal\/#website\"},\"datePublished\":\"2023-03-13T16:47:45+00:00\",\"dateModified\":\"2023-03-13T16:47:49+00:00\",\"breadcrumb\":{\"@id\":\"https:\/\/www.pm.pb.gov.br\/portal\/2023\/03\/13\/hospital-edson-ramalho-disponibiliza-atendimento-em-odontologia-e-fonoaudiologia-para-recem-nascidos\/#breadcrumb\"},\"inLanguage\":\"pt-BR\",\"potentialAction\":[{\"@type\":\"ReadAction\",\"target\":[\"https:\/\/www.pm.pb.gov.br\/portal\/2023\/03\/13\/hospital-edson-ramalho-disponibiliza-atendimento-em-odontologia-e-fonoaudiologia-para-recem-nascidos\/\"]}]},{\"@type\":\"BreadcrumbList\",\"@id\":\"https:\/\/www.pm.pb.gov.br\/portal\/2023\/03\/13\/hospital-edson-ramalho-disponibiliza-atendimento-em-odontologia-e-fonoaudiologia-para-recem-nascidos\/#breadcrumb\",\"itemListElement\":[{\"@type\":\"ListItem\",\"position\":1,\"name\":\"In\u00edcio\",\"item\":\"https:\/\/www.pm.pb.gov.br\/portal\/\"},{\"@type\":\"ListItem\",\"position\":2,\"name\":\"Hospital Edson Ramalho disponibiliza atendimento em Odontologia e Fonoaudiologia para rec\u00e9m-nascidos\"}]},{\"@type\":\"WebSite\",\"@id\":\"https:\/\/www.pm.pb.gov.br\/portal\/#website\",\"url\":\"https:\/\/www.pm.pb.gov.br\/portal\/\",\"name\":\"Pol\u00edcia Militar da Para\u00edba\",\"description\":\"\",\"publisher\":{\"@id\":\"https:\/\/www.pm.pb.gov.br\/portal\/#organization\"},\"potentialAction\":[{\"@type\":\"SearchAction\",\"target\":{\"@type\":\"EntryPoint\",\"urlTemplate\":\"https:\/\/www.pm.pb.gov.br\/portal\/?s={search_term_string}\"},\"query-input\":\"required name=search_term_string\"}],\"inLanguage\":\"pt-BR\"},{\"@type\":\"Organization\",\"@id\":\"https:\/\/www.pm.pb.gov.br\/portal\/#organization\",\"name\":\"Pol\u00edcia Militar da Para\u00edba\",\"url\":\"https:\/\/www.pm.pb.gov.br\/portal\/\",\"logo\":{\"@type\":\"ImageObject\",\"inLanguage\":\"pt-BR\",\"@id\":\"https:\/\/www.pm.pb.gov.br\/portal\/#\/schema\/logo\/image\/\",\"url\":\"https:\/\/www.pm.pb.gov.br\/portal\/wp-content\/uploads\/2025\/03\/cropped-logo-site-mag2-1.png\",\"contentUrl\":\"https:\/\/www.pm.pb.gov.br\/portal\/wp-content\/uploads\/2025\/03\/cropped-logo-site-mag2-1.png\",\"width\":320,\"height\":90,\"caption\":\"Pol\u00edcia Militar da Para\u00edba\"},\"image\":{\"@id\":\"https:\/\/www.pm.pb.gov.br\/portal\/#\/schema\/logo\/image\/\"}},{\"@type\":\"Person\",\"@id\":\"https:\/\/www.pm.pb.gov.br\/portal\/#\/schema\/person\/f84f56dcc78ce4357054da888b8247fd\",\"name\":\"Tarcisio Oliveira\",\"image\":{\"@type\":\"ImageObject\",\"inLanguage\":\"pt-BR\",\"@id\":\"https:\/\/www.pm.pb.gov.br\/portal\/#\/schema\/person\/image\/\",\"url\":\"https:\/\/secure.gravatar.com\/avatar\/72917b630b69d31cd0297507f34bac97?s=96&d=mm&r=g\",\"contentUrl\":\"https:\/\/secure.gravatar.com\/avatar\/72917b630b69d31cd0297507f34bac97?s=96&d=mm&r=g\",\"caption\":\"Tarcisio Oliveira\"},\"url\":\"https:\/\/www.pm.pb.gov.br\/portal\/author\/tarcisio\/\"}]}<\/script>\n<!-- \/ Yoast SEO plugin. -->","yoast_head_json":{"title":"Hospital Edson Ramalho disponibiliza atendimento em Odontologia e Fonoaudiologia para rec\u00e9m-nascidos - Pol\u00edcia Militar da Para\u00edba","robots":{"index":"index","follow":"follow","max-snippet":"max-snippet:-1","max-image-preview":"max-image-preview:large","max-video-preview":"max-video-preview:-1"},"canonical":"https:\/\/www.pm.pb.gov.br\/portal\/2023\/03\/13\/hospital-edson-ramalho-disponibiliza-atendimento-em-odontologia-e-fonoaudiologia-para-recem-nascidos\/","og_locale":"pt_BR","og_type":"article","og_title":"Hospital Edson Ramalho disponibiliza atendimento em Odontologia e Fonoaudiologia para rec\u00e9m-nascidos - Pol\u00edcia Militar da Para\u00edba","og_description":"O Hospital da Pol\u00edcia Militar General Edson Ramalho, em Jo\u00e3o Pessoa, oferece atendimento de Fonoaudiologia e Odontologia\u00a0para os beb\u00eas que","og_url":"https:\/\/www.pm.pb.gov.br\/portal\/2023\/03\/13\/hospital-edson-ramalho-disponibiliza-atendimento-em-odontologia-e-fonoaudiologia-para-recem-nascidos\/","og_site_name":"Pol\u00edcia Militar da Para\u00edba","article_published_time":"2023-03-13T16:47:45+00:00","article_modified_time":"2023-03-13T16:47:49+00:00","og_image":[{"width":800,"height":445,"url":"http:\/\/www.pm.pb.gov.br\/portal\/wp-content\/uploads\/2023\/03\/hpm.jpg","type":"image\/jpeg"}],"author":"Tarcisio Oliveira","twitter_card":"summary_large_image","twitter_misc":{"Escrito por":"Tarcisio Oliveira","Est. tempo de leitura":"2 minutos"},"schema":{"@context":"https:\/\/schema.org","@graph":[{"@type":"Article","@id":"https:\/\/www.pm.pb.gov.br\/portal\/2023\/03\/13\/hospital-edson-ramalho-disponibiliza-atendimento-em-odontologia-e-fonoaudiologia-para-recem-nascidos\/#article","isPartOf":{"@id":"https:\/\/www.pm.pb.gov.br\/portal\/2023\/03\/13\/hospital-edson-ramalho-disponibiliza-atendimento-em-odontologia-e-fonoaudiologia-para-recem-nascidos\/"},"author":{"name":"Tarcisio Oliveira","@id":"https:\/\/www.pm.pb.gov.br\/portal\/#\/schema\/person\/f84f56dcc78ce4357054da888b8247fd"},"headline":"Hospital Edson Ramalho disponibiliza atendimento em Odontologia e Fonoaudiologia para rec\u00e9m-nascidos","datePublished":"2023-03-13T16:47:45+00:00","dateModified":"2023-03-13T16:47:49+00:00","mainEntityOfPage":{"@id":"https:\/\/www.pm.pb.gov.br\/portal\/2023\/03\/13\/hospital-edson-ramalho-disponibiliza-atendimento-em-odontologia-e-fonoaudiologia-para-recem-nascidos\/"},"wordCount":392,"publisher":{"@id":"https:\/\/www.pm.pb.gov.br\/portal\/#organization"},"articleSection":["A\u00e7\u00f5es de Sa\u00fade"],"inLanguage":"pt-BR"},{"@type":"WebPage","@id":"https:\/\/www.pm.pb.gov.br\/portal\/2023\/03\/13\/hospital-edson-ramalho-disponibiliza-atendimento-em-odontologia-e-fonoaudiologia-para-recem-nascidos\/","url":"https:\/\/www.pm.pb.gov.br\/portal\/2023\/03\/13\/hospital-edson-ramalho-disponibiliza-atendimento-em-odontologia-e-fonoaudiologia-para-recem-nascidos\/","name":"Hospital Edson Ramalho disponibiliza atendimento em Odontologia e Fonoaudiologia para rec\u00e9m-nascidos - Pol\u00edcia Militar da Para\u00edba","isPartOf":{"@id":"https:\/\/www.pm.pb.gov.br\/portal\/#website"},"datePublished":"2023-03-13T16:47:45+00:00","dateModified":"2023-03-13T16:47:49+00:00","breadcrumb":{"@id":"https:\/\/www.pm.pb.gov.br\/portal\/2023\/03\/13\/hospital-edson-ramalho-disponibiliza-atendimento-em-odontologia-e-fonoaudiologia-para-recem-nascidos\/#breadcrumb"},"inLanguage":"pt-BR","potentialAction":[{"@type":"ReadAction","target":["https:\/\/www.pm.pb.gov.br\/portal\/2023\/03\/13\/hospital-edson-ramalho-disponibiliza-atendimento-em-odontologia-e-fonoaudiologia-para-recem-nascidos\/"]}]},{"@type":"BreadcrumbList","@id":"https:\/\/www.pm.pb.gov.br\/portal\/2023\/03\/13\/hospital-edson-ramalho-disponibiliza-atendimento-em-odontologia-e-fonoaudiologia-para-recem-nascidos\/#breadcrumb","itemListElement":[{"@type":"ListItem","position":1,"name":"In\u00edcio","item":"https:\/\/www.pm.pb.gov.br\/portal\/"},{"@type":"ListItem","position":2,"name":"Hospital Edson Ramalho disponibiliza atendimento em Odontologia e Fonoaudiologia para rec\u00e9m-nascidos"}]},{"@type":"WebSite","@id":"https:\/\/www.pm.pb.gov.br\/portal\/#website","url":"https:\/\/www.pm.pb.gov.br\/portal\/","name":"Pol\u00edcia Militar da Para\u00edba","description":"","publisher":{"@id":"https:\/\/www.pm.pb.gov.br\/portal\/#organization"},"potentialAction":[{"@type":"SearchAction","target":{"@type":"EntryPoint","urlTemplate":"https:\/\/www.pm.pb.gov.br\/portal\/?s={search_term_string}"},"query-input":"required name=search_term_string"}],"inLanguage":"pt-BR"},{"@type":"Organization","@id":"https:\/\/www.pm.pb.gov.br\/portal\/#organization","name":"Pol\u00edcia Militar da Para\u00edba","url":"https:\/\/www.pm.pb.gov.br\/portal\/","logo":{"@type":"ImageObject","inLanguage":"pt-BR","@id":"https:\/\/www.pm.pb.gov.br\/portal\/#\/schema\/logo\/image\/","url":"https:\/\/www.pm.pb.gov.br\/portal\/wp-content\/uploads\/2025\/03\/cropped-logo-site-mag2-1.png","contentUrl":"https:\/\/www.pm.pb.gov.br\/portal\/wp-content\/uploads\/2025\/03\/cropped-logo-site-mag2-1.png","width":320,"height":90,"caption":"Pol\u00edcia Militar da Para\u00edba"},"image":{"@id":"https:\/\/www.pm.pb.gov.br\/portal\/#\/schema\/logo\/image\/"}},{"@type":"Person","@id":"https:\/\/www.pm.pb.gov.br\/portal\/#\/schema\/person\/f84f56dcc78ce4357054da888b8247fd","name":"Tarcisio Oliveira","image":{"@type":"ImageObject","inLanguage":"pt-BR","@id":"https:\/\/www.pm.pb.gov.br\/portal\/#\/schema\/person\/image\/","url":"https:\/\/secure.gravatar.com\/avatar\/72917b630b69d31cd0297507f34bac97?s=96&d=mm&r=g","contentUrl":"https:\/\/secure.gravatar.com\/avatar\/72917b630b69d31cd0297507f34bac97?s=96&d=mm&r=g","caption":"Tarcisio Oliveira"},"url":"https:\/\/www.pm.pb.gov.br\/portal\/author\/tarcisio\/"}]}},"_links":{"self":[{"href":"https:\/\/www.pm.pb.gov.br\/portal\/wp-json\/wp\/v2\/posts\/915985"}],"collection":[{"href":"https:\/\/www.pm.pb.gov.br\/portal\/wp-json\/wp\/v2\/posts"}],"about":[{"href":"https:\/\/www.pm.pb.gov.br\/portal\/wp-json\/wp\/v2\/types\/post"}],"author":[{"embeddable":true,"href":"https:\/\/www.pm.pb.gov.br\/portal\/wp-json\/wp\/v2\/users\/12"}],"replies":[{"embeddable":true,"href":"https:\/\/www.pm.pb.gov.br\/portal\/wp-json\/wp\/v2\/comments?post=915985"}],"version-history":[{"count":1,"href":"https:\/\/www.pm.pb.gov.br\/portal\/wp-json\/wp\/v2\/posts\/915985\/revisions"}],"predecessor-version":[{"id":915987,"href":"https:\/\/www.pm.pb.gov.br\/portal\/wp-json\/wp\/v2\/posts\/915985\/revisions\/915987"}],"wp:featuredmedia":[{"embeddable":true,"href":"https:\/\/www.pm.pb.gov.br\/portal\/wp-json\/wp\/v2\/media\/915986"}],"wp:attachment":[{"href":"https:\/\/www.pm.pb.gov.br\/portal\/wp-json\/wp\/v2\/media?parent=915985"}],"wp:term":[{"taxonomy":"category","embeddable":true,"href":"https:\/\/www.pm.pb.gov.br\/portal\/wp-json\/wp\/v2\/categories?post=915985"},{"taxonomy":"post_tag","embeddable":true,"href":"https:\/\/www.pm.pb.gov.br\/portal\/wp-json\/wp\/v2\/tags?post=915985"}],"curies":[{"name":"wp","href":"https:\/\/api.w.org\/{rel}","templated":true}]}}