{"id":915930,"date":"2023-03-10T06:07:00","date_gmt":"2023-03-10T09:07:00","guid":{"rendered":"https:\/\/www.pm.pb.gov.br\/portal\/?p=915930"},"modified":"2023-03-10T10:15:51","modified_gmt":"2023-03-10T13:15:51","slug":"sobe-para-dez-o-numero-de-presos-pela-policia-militar-pelo-crime-de-furtos-de-fios-na-capital","status":"publish","type":"post","link":"https:\/\/www.pm.pb.gov.br\/portal\/2023\/03\/10\/sobe-para-dez-o-numero-de-presos-pela-policia-militar-pelo-crime-de-furtos-de-fios-na-capital\/","title":{"rendered":"<strong>Sobe para dez o n\u00famero de presos pela Pol\u00edcia Militar pelo crime de furtos de fios na Capital<\/strong>"},"content":{"rendered":"\n\n\n<p><img loading=\"lazy\" decoding=\"async\" class=\"size-medium wp-image-915932 alignright\" src=\"http:\/\/www.pm.pb.gov.br\/portal\/wp-content\/uploads\/2023\/03\/WhatsApp-Image-2023-03-10-at-00.10.04-1-334x445.jpeg\" alt=\"\" width=\"334\" height=\"445\" srcset=\"https:\/\/www.pm.pb.gov.br\/portal\/wp-content\/uploads\/2023\/03\/WhatsApp-Image-2023-03-10-at-00.10.04-1-334x445.jpeg 334w, https:\/\/www.pm.pb.gov.br\/portal\/wp-content\/uploads\/2023\/03\/WhatsApp-Image-2023-03-10-at-00.10.04-1-428x570.jpeg 428w, https:\/\/www.pm.pb.gov.br\/portal\/wp-content\/uploads\/2023\/03\/WhatsApp-Image-2023-03-10-at-00.10.04-1-768x1024.jpeg 768w, https:\/\/www.pm.pb.gov.br\/portal\/wp-content\/uploads\/2023\/03\/WhatsApp-Image-2023-03-10-at-00.10.04-1-1152x1536.jpeg 1152w, https:\/\/www.pm.pb.gov.br\/portal\/wp-content\/uploads\/2023\/03\/WhatsApp-Image-2023-03-10-at-00.10.04-1.jpeg 1200w\" sizes=\"(max-width: 334px) 100vw, 334px\" \/>Subiu para dez o n\u00famero de pris\u00f5es realizadas pela Pol\u00edcia Militar contra suspeitos acusados de tentarem furtar fios de energia el\u00e9trica ou de telefonia, em postes de Jo\u00e3o Pessoa. As duas \u00faltimas pris\u00f5es foram registradas, nessa quinta-feira (9), no bairro dos Expedicion\u00e1rios. Na ocasi\u00e3o, foram recuperados cerca de 40 metros de fios de cobre e cabos de telefonia (fotos acima e ao lado).<\/p>\n<p>Dois homens foram presos em flagrante pelos policiais do 1\u00ba Batalh\u00e3o quando tentavam furtar fios de uma antena de telefonia. Os acusados t\u00eam 24 e 25 anos de idade e foram conduzidos para a Central de Flagrantes junto com os materiais recuperados. De acordo com o comando do 1\u00ba BPM, as ferramentas usadas para o delito como alicate e faca tamb\u00e9m foram apreendidas.<\/p>\n<p>Al\u00e9m dessas duas pris\u00f5es, outras oito j\u00e1 aconteceram em 2023 nos bairros de Tambauzinho (duas), Bessa (duas), Colinas do Sul (duas), Centro (uma), Miramar (um), e foram realizadas pela PMPB.<\/p>\n<p>\u00a0<\/p>\n","protected":false},"excerpt":{"rendered":"<p>Subiu para dez o n\u00famero de pris\u00f5es realizadas pela Pol\u00edcia Militar contra suspeitos acusados de tentarem furtar fios de energia<\/p>\n","protected":false},"author":12,"featured_media":915931,"comment_status":"closed","ping_status":"closed","sticky":false,"template":"","format":"standard","meta":{"_exactmetrics_skip_tracking":false,"_exactmetrics_sitenote_active":false,"_exactmetrics_sitenote_note":"","_exactmetrics_sitenote_category":0,"footnotes":""},"categories":[4],"tags":[],"yoast_head":"<!-- This site is optimized with the Yoast SEO plugin v22.0 - https:\/\/yoast.com\/wordpress\/plugins\/seo\/ -->\n<title>Sobe para dez o n\u00famero de presos pela Pol\u00edcia Militar pelo crime de furtos de fios na Capital - Pol\u00edcia Militar da Para\u00edba<\/title>\n<meta name=\"robots\" content=\"index, follow, max-snippet:-1, max-image-preview:large, max-video-preview:-1\" \/>\n<link rel=\"canonical\" href=\"https:\/\/www.pm.pb.gov.br\/portal\/2023\/03\/10\/sobe-para-dez-o-numero-de-presos-pela-policia-militar-pelo-crime-de-furtos-de-fios-na-capital\/\" \/>\n<meta property=\"og:locale\" content=\"pt_BR\" \/>\n<meta property=\"og:type\" content=\"article\" \/>\n<meta property=\"og:title\" content=\"Sobe para dez o n\u00famero de presos pela Pol\u00edcia Militar pelo crime de furtos de fios na Capital - Pol\u00edcia Militar da Para\u00edba\" \/>\n<meta property=\"og:description\" content=\"Subiu para dez o n\u00famero de pris\u00f5es realizadas pela Pol\u00edcia Militar contra suspeitos acusados de tentarem furtar fios de energia\" \/>\n<meta property=\"og:url\" content=\"https:\/\/www.pm.pb.gov.br\/portal\/2023\/03\/10\/sobe-para-dez-o-numero-de-presos-pela-policia-militar-pelo-crime-de-furtos-de-fios-na-capital\/\" \/>\n<meta property=\"og:site_name\" content=\"Pol\u00edcia Militar da Para\u00edba\" \/>\n<meta property=\"article:published_time\" content=\"2023-03-10T09:07:00+00:00\" \/>\n<meta property=\"article:modified_time\" content=\"2023-03-10T13:15:51+00:00\" \/>\n<meta property=\"og:image\" content=\"http:\/\/www.pm.pb.gov.br\/portal\/wp-content\/uploads\/2023\/03\/fios_recuperados1.jpeg\" \/>\n\t<meta property=\"og:image:width\" content=\"800\" \/>\n\t<meta property=\"og:image:height\" content=\"445\" \/>\n\t<meta property=\"og:image:type\" content=\"image\/jpeg\" \/>\n<meta name=\"author\" content=\"Tarcisio Oliveira\" \/>\n<meta name=\"twitter:card\" content=\"summary_large_image\" \/>\n<meta name=\"twitter:label1\" content=\"Escrito por\" \/>\n\t<meta name=\"twitter:data1\" content=\"Tarcisio Oliveira\" \/>\n\t<meta name=\"twitter:label2\" content=\"Est. tempo de leitura\" \/>\n\t<meta name=\"twitter:data2\" content=\"2 minutos\" \/>\n<script type=\"application\/ld+json\" class=\"yoast-schema-graph\">{\"@context\":\"https:\/\/schema.org\",\"@graph\":[{\"@type\":\"Article\",\"@id\":\"https:\/\/www.pm.pb.gov.br\/portal\/2023\/03\/10\/sobe-para-dez-o-numero-de-presos-pela-policia-militar-pelo-crime-de-furtos-de-fios-na-capital\/#article\",\"isPartOf\":{\"@id\":\"https:\/\/www.pm.pb.gov.br\/portal\/2023\/03\/10\/sobe-para-dez-o-numero-de-presos-pela-policia-militar-pelo-crime-de-furtos-de-fios-na-capital\/\"},\"author\":{\"name\":\"Tarcisio Oliveira\",\"@id\":\"https:\/\/www.pm.pb.gov.br\/portal\/#\/schema\/person\/f84f56dcc78ce4357054da888b8247fd\"},\"headline\":\"Sobe para dez o n\u00famero de presos pela Pol\u00edcia Militar pelo crime de furtos de fios na Capital\",\"datePublished\":\"2023-03-10T09:07:00+00:00\",\"dateModified\":\"2023-03-10T13:15:51+00:00\",\"mainEntityOfPage\":{\"@id\":\"https:\/\/www.pm.pb.gov.br\/portal\/2023\/03\/10\/sobe-para-dez-o-numero-de-presos-pela-policia-militar-pelo-crime-de-furtos-de-fios-na-capital\/\"},\"wordCount\":182,\"publisher\":{\"@id\":\"https:\/\/www.pm.pb.gov.br\/portal\/#organization\"},\"articleSection\":[\"A\u00e7\u00f5es Policiais\"],\"inLanguage\":\"pt-BR\"},{\"@type\":\"WebPage\",\"@id\":\"https:\/\/www.pm.pb.gov.br\/portal\/2023\/03\/10\/sobe-para-dez-o-numero-de-presos-pela-policia-militar-pelo-crime-de-furtos-de-fios-na-capital\/\",\"url\":\"https:\/\/www.pm.pb.gov.br\/portal\/2023\/03\/10\/sobe-para-dez-o-numero-de-presos-pela-policia-militar-pelo-crime-de-furtos-de-fios-na-capital\/\",\"name\":\"Sobe para dez o n\u00famero de presos pela Pol\u00edcia Militar pelo crime de furtos de fios na Capital - Pol\u00edcia Militar da Para\u00edba\",\"isPartOf\":{\"@id\":\"https:\/\/www.pm.pb.gov.br\/portal\/#website\"},\"datePublished\":\"2023-03-10T09:07:00+00:00\",\"dateModified\":\"2023-03-10T13:15:51+00:00\",\"breadcrumb\":{\"@id\":\"https:\/\/www.pm.pb.gov.br\/portal\/2023\/03\/10\/sobe-para-dez-o-numero-de-presos-pela-policia-militar-pelo-crime-de-furtos-de-fios-na-capital\/#breadcrumb\"},\"inLanguage\":\"pt-BR\",\"potentialAction\":[{\"@type\":\"ReadAction\",\"target\":[\"https:\/\/www.pm.pb.gov.br\/portal\/2023\/03\/10\/sobe-para-dez-o-numero-de-presos-pela-policia-militar-pelo-crime-de-furtos-de-fios-na-capital\/\"]}]},{\"@type\":\"BreadcrumbList\",\"@id\":\"https:\/\/www.pm.pb.gov.br\/portal\/2023\/03\/10\/sobe-para-dez-o-numero-de-presos-pela-policia-militar-pelo-crime-de-furtos-de-fios-na-capital\/#breadcrumb\",\"itemListElement\":[{\"@type\":\"ListItem\",\"position\":1,\"name\":\"In\u00edcio\",\"item\":\"https:\/\/www.pm.pb.gov.br\/portal\/\"},{\"@type\":\"ListItem\",\"position\":2,\"name\":\"Sobe para dez o n\u00famero de presos pela Pol\u00edcia Militar pelo crime de furtos de fios na Capital\"}]},{\"@type\":\"WebSite\",\"@id\":\"https:\/\/www.pm.pb.gov.br\/portal\/#website\",\"url\":\"https:\/\/www.pm.pb.gov.br\/portal\/\",\"name\":\"Pol\u00edcia Militar da Para\u00edba\",\"description\":\"\",\"publisher\":{\"@id\":\"https:\/\/www.pm.pb.gov.br\/portal\/#organization\"},\"potentialAction\":[{\"@type\":\"SearchAction\",\"target\":{\"@type\":\"EntryPoint\",\"urlTemplate\":\"https:\/\/www.pm.pb.gov.br\/portal\/?s={search_term_string}\"},\"query-input\":\"required name=search_term_string\"}],\"inLanguage\":\"pt-BR\"},{\"@type\":\"Organization\",\"@id\":\"https:\/\/www.pm.pb.gov.br\/portal\/#organization\",\"name\":\"Pol\u00edcia Militar da Para\u00edba\",\"url\":\"https:\/\/www.pm.pb.gov.br\/portal\/\",\"logo\":{\"@type\":\"ImageObject\",\"inLanguage\":\"pt-BR\",\"@id\":\"https:\/\/www.pm.pb.gov.br\/portal\/#\/schema\/logo\/image\/\",\"url\":\"https:\/\/www.pm.pb.gov.br\/portal\/wp-content\/uploads\/2025\/03\/cropped-logo-site-mag2-1.png\",\"contentUrl\":\"https:\/\/www.pm.pb.gov.br\/portal\/wp-content\/uploads\/2025\/03\/cropped-logo-site-mag2-1.png\",\"width\":320,\"height\":90,\"caption\":\"Pol\u00edcia Militar da Para\u00edba\"},\"image\":{\"@id\":\"https:\/\/www.pm.pb.gov.br\/portal\/#\/schema\/logo\/image\/\"}},{\"@type\":\"Person\",\"@id\":\"https:\/\/www.pm.pb.gov.br\/portal\/#\/schema\/person\/f84f56dcc78ce4357054da888b8247fd\",\"name\":\"Tarcisio Oliveira\",\"image\":{\"@type\":\"ImageObject\",\"inLanguage\":\"pt-BR\",\"@id\":\"https:\/\/www.pm.pb.gov.br\/portal\/#\/schema\/person\/image\/\",\"url\":\"https:\/\/secure.gravatar.com\/avatar\/72917b630b69d31cd0297507f34bac97?s=96&d=mm&r=g\",\"contentUrl\":\"https:\/\/secure.gravatar.com\/avatar\/72917b630b69d31cd0297507f34bac97?s=96&d=mm&r=g\",\"caption\":\"Tarcisio Oliveira\"},\"url\":\"https:\/\/www.pm.pb.gov.br\/portal\/author\/tarcisio\/\"}]}<\/script>\n<!-- \/ Yoast SEO plugin. -->","yoast_head_json":{"title":"Sobe para dez o n\u00famero de presos pela Pol\u00edcia Militar pelo crime de furtos de fios na Capital - Pol\u00edcia Militar da Para\u00edba","robots":{"index":"index","follow":"follow","max-snippet":"max-snippet:-1","max-image-preview":"max-image-preview:large","max-video-preview":"max-video-preview:-1"},"canonical":"https:\/\/www.pm.pb.gov.br\/portal\/2023\/03\/10\/sobe-para-dez-o-numero-de-presos-pela-policia-militar-pelo-crime-de-furtos-de-fios-na-capital\/","og_locale":"pt_BR","og_type":"article","og_title":"Sobe para dez o n\u00famero de presos pela Pol\u00edcia Militar pelo crime de furtos de fios na Capital - Pol\u00edcia Militar da Para\u00edba","og_description":"Subiu para dez o n\u00famero de pris\u00f5es realizadas pela Pol\u00edcia Militar contra suspeitos acusados de tentarem furtar fios de energia","og_url":"https:\/\/www.pm.pb.gov.br\/portal\/2023\/03\/10\/sobe-para-dez-o-numero-de-presos-pela-policia-militar-pelo-crime-de-furtos-de-fios-na-capital\/","og_site_name":"Pol\u00edcia Militar da Para\u00edba","article_published_time":"2023-03-10T09:07:00+00:00","article_modified_time":"2023-03-10T13:15:51+00:00","og_image":[{"width":800,"height":445,"url":"http:\/\/www.pm.pb.gov.br\/portal\/wp-content\/uploads\/2023\/03\/fios_recuperados1.jpeg","type":"image\/jpeg"}],"author":"Tarcisio Oliveira","twitter_card":"summary_large_image","twitter_misc":{"Escrito por":"Tarcisio Oliveira","Est. tempo de leitura":"2 minutos"},"schema":{"@context":"https:\/\/schema.org","@graph":[{"@type":"Article","@id":"https:\/\/www.pm.pb.gov.br\/portal\/2023\/03\/10\/sobe-para-dez-o-numero-de-presos-pela-policia-militar-pelo-crime-de-furtos-de-fios-na-capital\/#article","isPartOf":{"@id":"https:\/\/www.pm.pb.gov.br\/portal\/2023\/03\/10\/sobe-para-dez-o-numero-de-presos-pela-policia-militar-pelo-crime-de-furtos-de-fios-na-capital\/"},"author":{"name":"Tarcisio Oliveira","@id":"https:\/\/www.pm.pb.gov.br\/portal\/#\/schema\/person\/f84f56dcc78ce4357054da888b8247fd"},"headline":"Sobe para dez o n\u00famero de presos pela Pol\u00edcia Militar pelo crime de furtos de fios na Capital","datePublished":"2023-03-10T09:07:00+00:00","dateModified":"2023-03-10T13:15:51+00:00","mainEntityOfPage":{"@id":"https:\/\/www.pm.pb.gov.br\/portal\/2023\/03\/10\/sobe-para-dez-o-numero-de-presos-pela-policia-militar-pelo-crime-de-furtos-de-fios-na-capital\/"},"wordCount":182,"publisher":{"@id":"https:\/\/www.pm.pb.gov.br\/portal\/#organization"},"articleSection":["A\u00e7\u00f5es Policiais"],"inLanguage":"pt-BR"},{"@type":"WebPage","@id":"https:\/\/www.pm.pb.gov.br\/portal\/2023\/03\/10\/sobe-para-dez-o-numero-de-presos-pela-policia-militar-pelo-crime-de-furtos-de-fios-na-capital\/","url":"https:\/\/www.pm.pb.gov.br\/portal\/2023\/03\/10\/sobe-para-dez-o-numero-de-presos-pela-policia-militar-pelo-crime-de-furtos-de-fios-na-capital\/","name":"Sobe para dez o n\u00famero de presos pela Pol\u00edcia Militar pelo crime de furtos de fios na Capital - Pol\u00edcia Militar da Para\u00edba","isPartOf":{"@id":"https:\/\/www.pm.pb.gov.br\/portal\/#website"},"datePublished":"2023-03-10T09:07:00+00:00","dateModified":"2023-03-10T13:15:51+00:00","breadcrumb":{"@id":"https:\/\/www.pm.pb.gov.br\/portal\/2023\/03\/10\/sobe-para-dez-o-numero-de-presos-pela-policia-militar-pelo-crime-de-furtos-de-fios-na-capital\/#breadcrumb"},"inLanguage":"pt-BR","potentialAction":[{"@type":"ReadAction","target":["https:\/\/www.pm.pb.gov.br\/portal\/2023\/03\/10\/sobe-para-dez-o-numero-de-presos-pela-policia-militar-pelo-crime-de-furtos-de-fios-na-capital\/"]}]},{"@type":"BreadcrumbList","@id":"https:\/\/www.pm.pb.gov.br\/portal\/2023\/03\/10\/sobe-para-dez-o-numero-de-presos-pela-policia-militar-pelo-crime-de-furtos-de-fios-na-capital\/#breadcrumb","itemListElement":[{"@type":"ListItem","position":1,"name":"In\u00edcio","item":"https:\/\/www.pm.pb.gov.br\/portal\/"},{"@type":"ListItem","position":2,"name":"Sobe para dez o n\u00famero de presos pela Pol\u00edcia Militar pelo crime de furtos de fios na Capital"}]},{"@type":"WebSite","@id":"https:\/\/www.pm.pb.gov.br\/portal\/#website","url":"https:\/\/www.pm.pb.gov.br\/portal\/","name":"Pol\u00edcia Militar da Para\u00edba","description":"","publisher":{"@id":"https:\/\/www.pm.pb.gov.br\/portal\/#organization"},"potentialAction":[{"@type":"SearchAction","target":{"@type":"EntryPoint","urlTemplate":"https:\/\/www.pm.pb.gov.br\/portal\/?s={search_term_string}"},"query-input":"required name=search_term_string"}],"inLanguage":"pt-BR"},{"@type":"Organization","@id":"https:\/\/www.pm.pb.gov.br\/portal\/#organization","name":"Pol\u00edcia Militar da Para\u00edba","url":"https:\/\/www.pm.pb.gov.br\/portal\/","logo":{"@type":"ImageObject","inLanguage":"pt-BR","@id":"https:\/\/www.pm.pb.gov.br\/portal\/#\/schema\/logo\/image\/","url":"https:\/\/www.pm.pb.gov.br\/portal\/wp-content\/uploads\/2025\/03\/cropped-logo-site-mag2-1.png","contentUrl":"https:\/\/www.pm.pb.gov.br\/portal\/wp-content\/uploads\/2025\/03\/cropped-logo-site-mag2-1.png","width":320,"height":90,"caption":"Pol\u00edcia Militar da Para\u00edba"},"image":{"@id":"https:\/\/www.pm.pb.gov.br\/portal\/#\/schema\/logo\/image\/"}},{"@type":"Person","@id":"https:\/\/www.pm.pb.gov.br\/portal\/#\/schema\/person\/f84f56dcc78ce4357054da888b8247fd","name":"Tarcisio Oliveira","image":{"@type":"ImageObject","inLanguage":"pt-BR","@id":"https:\/\/www.pm.pb.gov.br\/portal\/#\/schema\/person\/image\/","url":"https:\/\/secure.gravatar.com\/avatar\/72917b630b69d31cd0297507f34bac97?s=96&d=mm&r=g","contentUrl":"https:\/\/secure.gravatar.com\/avatar\/72917b630b69d31cd0297507f34bac97?s=96&d=mm&r=g","caption":"Tarcisio Oliveira"},"url":"https:\/\/www.pm.pb.gov.br\/portal\/author\/tarcisio\/"}]}},"_links":{"self":[{"href":"https:\/\/www.pm.pb.gov.br\/portal\/wp-json\/wp\/v2\/posts\/915930"}],"collection":[{"href":"https:\/\/www.pm.pb.gov.br\/portal\/wp-json\/wp\/v2\/posts"}],"about":[{"href":"https:\/\/www.pm.pb.gov.br\/portal\/wp-json\/wp\/v2\/types\/post"}],"author":[{"embeddable":true,"href":"https:\/\/www.pm.pb.gov.br\/portal\/wp-json\/wp\/v2\/users\/12"}],"replies":[{"embeddable":true,"href":"https:\/\/www.pm.pb.gov.br\/portal\/wp-json\/wp\/v2\/comments?post=915930"}],"version-history":[{"count":2,"href":"https:\/\/www.pm.pb.gov.br\/portal\/wp-json\/wp\/v2\/posts\/915930\/revisions"}],"predecessor-version":[{"id":915938,"href":"https:\/\/www.pm.pb.gov.br\/portal\/wp-json\/wp\/v2\/posts\/915930\/revisions\/915938"}],"wp:featuredmedia":[{"embeddable":true,"href":"https:\/\/www.pm.pb.gov.br\/portal\/wp-json\/wp\/v2\/media\/915931"}],"wp:attachment":[{"href":"https:\/\/www.pm.pb.gov.br\/portal\/wp-json\/wp\/v2\/media?parent=915930"}],"wp:term":[{"taxonomy":"category","embeddable":true,"href":"https:\/\/www.pm.pb.gov.br\/portal\/wp-json\/wp\/v2\/categories?post=915930"},{"taxonomy":"post_tag","embeddable":true,"href":"https:\/\/www.pm.pb.gov.br\/portal\/wp-json\/wp\/v2\/tags?post=915930"}],"curies":[{"name":"wp","href":"https:\/\/api.w.org\/{rel}","templated":true}]}}