{"id":915925,"date":"2023-03-09T17:59:49","date_gmt":"2023-03-09T20:59:49","guid":{"rendered":"https:\/\/www.pm.pb.gov.br\/portal\/?p=915925"},"modified":"2023-03-09T17:59:52","modified_gmt":"2023-03-09T20:59:52","slug":"comandante-geral-da-pm-recebe-secretario-de-educacao-da-paraiba-e-reafirma-parceria","status":"publish","type":"post","link":"https:\/\/www.pm.pb.gov.br\/portal\/2023\/03\/09\/comandante-geral-da-pm-recebe-secretario-de-educacao-da-paraiba-e-reafirma-parceria\/","title":{"rendered":"Comandante-geral da PM recebe Secret\u00e1rio de Educa\u00e7\u00e3o da Para\u00edba e reafirma parceria"},"content":{"rendered":"\n<p>O comandante-geral da Pol\u00edcia Militar da Para\u00edba, o coronel S\u00e9rgio Fonseca, recebeu, na tarde desta quinta-feira (09), o secret\u00e1rio de Educa\u00e7\u00e3o do Estado, o professor Ant\u00f4nio Roberto de Ara\u00fajo Souza (foto acima). Na pauta do encontro estava a apresenta\u00e7\u00e3o do Sistema de Educa\u00e7\u00e3o da PMPB, o fortalecimento das atividades pedag\u00f3gicas e do Col\u00e9gio da Pol\u00edcia Militar da Para\u00edba \u201cEstudante Rebeca Cristina Alves Sim\u00f5es\u201d (CPM).<\/p>\n<p>O encontro foi acompanhado pelo subcomandante-geral da PM, coronel Ronildo, pelo diretor de finan\u00e7as da institui\u00e7\u00e3o, coronel Trajano, diretor de Educa\u00e7\u00e3o da PMPB, tenente-coronel Ferreira, e pelo diretor do CPM, tenente-coronel Josias.<\/p>\n<p>O Centro de Educa\u00e7\u00e3o da PM completar\u00e1 33 anos de funda\u00e7\u00e3o no pr\u00f3ximo m\u00eas, e \u00e9 respons\u00e1vel pela forma\u00e7\u00e3o, treinamento e qualifica\u00e7\u00e3o dos policiais da institui\u00e7\u00e3o, al\u00e9m de outras atividades pedag\u00f3gicas em n\u00edveis de ensino tecn\u00f3logo, gradua\u00e7\u00e3o e p\u00f3s-gradua\u00e7\u00e3o para policiais e institui\u00e7\u00f5es coirm\u00e3s, sendo refer\u00eancia no pa\u00eds. \u201cFrequentemente recebemos institui\u00e7\u00f5es de outros Estados do pa\u00eds que v\u00eam conhecer nosso Sistema por ele ser refer\u00eancia. No final do ano passado, por exemplo, representantes da Pol\u00edcia Militar de S\u00e3o Paulo estiveram conosco conhecendo nossas pr\u00e1ticas e levando para seu estado de origem o que a PMPB faz\u201d, disse o tenente-coronel Ferreira, diretor de Educa\u00e7\u00e3o (na foto abaixo em destaque).<\/p>\n<p><img loading=\"lazy\" decoding=\"async\" class=\" wp-image-915928 aligncenter\" src=\"http:\/\/www.pm.pb.gov.br\/portal\/wp-content\/uploads\/2023\/03\/WhatsApp-Image-2023-03-09-at-17.53.29-668x445.jpeg\" alt=\"\" width=\"629\" height=\"419\" srcset=\"https:\/\/www.pm.pb.gov.br\/portal\/wp-content\/uploads\/2023\/03\/WhatsApp-Image-2023-03-09-at-17.53.29-668x445.jpeg 668w, https:\/\/www.pm.pb.gov.br\/portal\/wp-content\/uploads\/2023\/03\/WhatsApp-Image-2023-03-09-at-17.53.29-856x570.jpeg 856w, https:\/\/www.pm.pb.gov.br\/portal\/wp-content\/uploads\/2023\/03\/WhatsApp-Image-2023-03-09-at-17.53.29-768x512.jpeg 768w, https:\/\/www.pm.pb.gov.br\/portal\/wp-content\/uploads\/2023\/03\/WhatsApp-Image-2023-03-09-at-17.53.29-1536x1023.jpeg 1536w, https:\/\/www.pm.pb.gov.br\/portal\/wp-content\/uploads\/2023\/03\/WhatsApp-Image-2023-03-09-at-17.53.29-272x182.jpeg 272w, https:\/\/www.pm.pb.gov.br\/portal\/wp-content\/uploads\/2023\/03\/WhatsApp-Image-2023-03-09-at-17.53.29.jpeg 1600w\" sizes=\"(max-width: 629px) 100vw, 629px\" \/><\/p>\n<p>J\u00e1 o CPM atende, desde 1994, meninos e meninas nos ensinos fundamental II e m\u00e9dio, alcan\u00e7ando filhos de civis e militares. A unidade integra o Sistema de Educa\u00e7\u00e3o da Secretaria de Educa\u00e7\u00e3o do Estado. Neste ano, 25 estudantes j\u00e1 foram aprovados no Sistema de Sele\u00e7\u00e3o Unificada (Sisu), para as unidades p\u00fablicas, na 1\u00aa chamada. \u201cEsse momento \u00e9 extremamente importante e valioso para fortalecermos o CPM, a educa\u00e7\u00e3o e a inclus\u00e3o de crian\u00e7as e adolescentes que s\u00e3o nossos estudantes\u201d, revelou o diretor do CPM, tenente-coronel Josias.<\/p>\n<p>\u201cPara a Pol\u00edcia Militar \u00e9 extremamente gratificante apresentar ao secret\u00e1rio de Educa\u00e7\u00e3o nosso Sistema de Educa\u00e7\u00e3o, que tem contribu\u00eddo para a forma\u00e7\u00e3o dos nossos policiais, sejam oficiais ou pra\u00e7as, e tamb\u00e9m nosso CPM, formando crian\u00e7as e adolescentes com ensino de qualidade, valores, e voltados tamb\u00e9m para o mercado de trabalho. A vista do secret\u00e1rio fortalece nossa parceria e contribui para que possamos continuar seguindo essas boas pr\u00e1ticas\u201d, disse o coronel S\u00e9rgio.<\/p>\n<p>\u201cFiquei impressionado com a estrutura de educa\u00e7\u00e3o que a Pol\u00edcia Militar oferece, desde a educa\u00e7\u00e3o b\u00e1sica com o CPM, at\u00e9 as forma\u00e7\u00f5es para pra\u00e7as e oficiais. Isso mostra o compromisso da Pol\u00edcia de qualificar o ensino. Viemos hoje justamente fortalecer essa parceria.\u201d, revelou o secret\u00e1rio.<\/p>\n<p>A reuni\u00e3o dessa quinta-feira aconteceu na sede do Comando-Geral da corpora\u00e7\u00e3o, em Cabedelo.<\/p>\n<figure id=\"attachment_915927\" aria-describedby=\"caption-attachment-915927\" style=\"width: 605px\" class=\"wp-caption aligncenter\"><img loading=\"lazy\" decoding=\"async\" class=\"wp-image-915927\" src=\"http:\/\/www.pm.pb.gov.br\/portal\/wp-content\/uploads\/2023\/03\/WhatsApp-Image-2023-03-09-at-17.54.00-668x445.jpeg\" alt=\"\" width=\"605\" height=\"403\" srcset=\"https:\/\/www.pm.pb.gov.br\/portal\/wp-content\/uploads\/2023\/03\/WhatsApp-Image-2023-03-09-at-17.54.00-668x445.jpeg 668w, https:\/\/www.pm.pb.gov.br\/portal\/wp-content\/uploads\/2023\/03\/WhatsApp-Image-2023-03-09-at-17.54.00-856x570.jpeg 856w, https:\/\/www.pm.pb.gov.br\/portal\/wp-content\/uploads\/2023\/03\/WhatsApp-Image-2023-03-09-at-17.54.00-768x512.jpeg 768w, https:\/\/www.pm.pb.gov.br\/portal\/wp-content\/uploads\/2023\/03\/WhatsApp-Image-2023-03-09-at-17.54.00-1536x1023.jpeg 1536w, https:\/\/www.pm.pb.gov.br\/portal\/wp-content\/uploads\/2023\/03\/WhatsApp-Image-2023-03-09-at-17.54.00-272x182.jpeg 272w, https:\/\/www.pm.pb.gov.br\/portal\/wp-content\/uploads\/2023\/03\/WhatsApp-Image-2023-03-09-at-17.54.00.jpeg 1600w\" sizes=\"(max-width: 605px) 100vw, 605px\" \/><figcaption id=\"caption-attachment-915927\" class=\"wp-caption-text\">Secret\u00e1rio Ant\u00f4nio Roberto esteve acompanhado do assessor Raffael Lima.<\/figcaption><\/figure>\n\n\n","protected":false},"excerpt":{"rendered":"<p>O comandante-geral da Pol\u00edcia Militar da Para\u00edba, o coronel S\u00e9rgio Fonseca, recebeu, na tarde desta quinta-feira (09), o secret\u00e1rio de<\/p>\n","protected":false},"author":12,"featured_media":915926,"comment_status":"closed","ping_status":"closed","sticky":false,"template":"","format":"standard","meta":{"_exactmetrics_skip_tracking":false,"_exactmetrics_sitenote_active":false,"_exactmetrics_sitenote_note":"","_exactmetrics_sitenote_category":0,"footnotes":""},"categories":[13],"tags":[],"yoast_head":"<!-- This site is optimized with the Yoast SEO plugin v22.0 - https:\/\/yoast.com\/wordpress\/plugins\/seo\/ -->\n<title>Comandante-geral da PM recebe Secret\u00e1rio de Educa\u00e7\u00e3o da Para\u00edba e reafirma parceria - Pol\u00edcia Militar da Para\u00edba<\/title>\n<meta name=\"robots\" content=\"index, follow, max-snippet:-1, max-image-preview:large, max-video-preview:-1\" \/>\n<link rel=\"canonical\" href=\"https:\/\/www.pm.pb.gov.br\/portal\/2023\/03\/09\/comandante-geral-da-pm-recebe-secretario-de-educacao-da-paraiba-e-reafirma-parceria\/\" \/>\n<meta property=\"og:locale\" content=\"pt_BR\" \/>\n<meta property=\"og:type\" content=\"article\" \/>\n<meta property=\"og:title\" content=\"Comandante-geral da PM recebe Secret\u00e1rio de Educa\u00e7\u00e3o da Para\u00edba e reafirma parceria - Pol\u00edcia Militar da Para\u00edba\" \/>\n<meta property=\"og:description\" content=\"O comandante-geral da Pol\u00edcia Militar da Para\u00edba, o coronel S\u00e9rgio Fonseca, recebeu, na tarde desta quinta-feira (09), o secret\u00e1rio de\" \/>\n<meta property=\"og:url\" content=\"https:\/\/www.pm.pb.gov.br\/portal\/2023\/03\/09\/comandante-geral-da-pm-recebe-secretario-de-educacao-da-paraiba-e-reafirma-parceria\/\" \/>\n<meta property=\"og:site_name\" content=\"Pol\u00edcia Militar da Para\u00edba\" \/>\n<meta property=\"article:published_time\" content=\"2023-03-09T20:59:49+00:00\" \/>\n<meta property=\"article:modified_time\" content=\"2023-03-09T20:59:52+00:00\" \/>\n<meta property=\"og:image\" content=\"http:\/\/www.pm.pb.gov.br\/portal\/wp-content\/uploads\/2023\/03\/reuniao.jpeg\" \/>\n\t<meta property=\"og:image:width\" content=\"800\" \/>\n\t<meta property=\"og:image:height\" content=\"445\" \/>\n\t<meta property=\"og:image:type\" content=\"image\/jpeg\" \/>\n<meta name=\"author\" content=\"Tarcisio Oliveira\" \/>\n<meta name=\"twitter:card\" content=\"summary_large_image\" \/>\n<meta name=\"twitter:label1\" content=\"Escrito por\" \/>\n\t<meta name=\"twitter:data1\" content=\"Tarcisio Oliveira\" \/>\n\t<meta name=\"twitter:label2\" content=\"Est. tempo de leitura\" \/>\n\t<meta name=\"twitter:data2\" content=\"3 minutos\" \/>\n<script type=\"application\/ld+json\" class=\"yoast-schema-graph\">{\"@context\":\"https:\/\/schema.org\",\"@graph\":[{\"@type\":\"Article\",\"@id\":\"https:\/\/www.pm.pb.gov.br\/portal\/2023\/03\/09\/comandante-geral-da-pm-recebe-secretario-de-educacao-da-paraiba-e-reafirma-parceria\/#article\",\"isPartOf\":{\"@id\":\"https:\/\/www.pm.pb.gov.br\/portal\/2023\/03\/09\/comandante-geral-da-pm-recebe-secretario-de-educacao-da-paraiba-e-reafirma-parceria\/\"},\"author\":{\"name\":\"Tarcisio Oliveira\",\"@id\":\"https:\/\/www.pm.pb.gov.br\/portal\/#\/schema\/person\/f84f56dcc78ce4357054da888b8247fd\"},\"headline\":\"Comandante-geral da PM recebe Secret\u00e1rio de Educa\u00e7\u00e3o da Para\u00edba e reafirma parceria\",\"datePublished\":\"2023-03-09T20:59:49+00:00\",\"dateModified\":\"2023-03-09T20:59:52+00:00\",\"mainEntityOfPage\":{\"@id\":\"https:\/\/www.pm.pb.gov.br\/portal\/2023\/03\/09\/comandante-geral-da-pm-recebe-secretario-de-educacao-da-paraiba-e-reafirma-parceria\/\"},\"wordCount\":520,\"publisher\":{\"@id\":\"https:\/\/www.pm.pb.gov.br\/portal\/#organization\"},\"articleSection\":[\"Visitas Especiais\"],\"inLanguage\":\"pt-BR\"},{\"@type\":\"WebPage\",\"@id\":\"https:\/\/www.pm.pb.gov.br\/portal\/2023\/03\/09\/comandante-geral-da-pm-recebe-secretario-de-educacao-da-paraiba-e-reafirma-parceria\/\",\"url\":\"https:\/\/www.pm.pb.gov.br\/portal\/2023\/03\/09\/comandante-geral-da-pm-recebe-secretario-de-educacao-da-paraiba-e-reafirma-parceria\/\",\"name\":\"Comandante-geral da PM recebe Secret\u00e1rio de Educa\u00e7\u00e3o da Para\u00edba e reafirma parceria - Pol\u00edcia Militar da Para\u00edba\",\"isPartOf\":{\"@id\":\"https:\/\/www.pm.pb.gov.br\/portal\/#website\"},\"datePublished\":\"2023-03-09T20:59:49+00:00\",\"dateModified\":\"2023-03-09T20:59:52+00:00\",\"breadcrumb\":{\"@id\":\"https:\/\/www.pm.pb.gov.br\/portal\/2023\/03\/09\/comandante-geral-da-pm-recebe-secretario-de-educacao-da-paraiba-e-reafirma-parceria\/#breadcrumb\"},\"inLanguage\":\"pt-BR\",\"potentialAction\":[{\"@type\":\"ReadAction\",\"target\":[\"https:\/\/www.pm.pb.gov.br\/portal\/2023\/03\/09\/comandante-geral-da-pm-recebe-secretario-de-educacao-da-paraiba-e-reafirma-parceria\/\"]}]},{\"@type\":\"BreadcrumbList\",\"@id\":\"https:\/\/www.pm.pb.gov.br\/portal\/2023\/03\/09\/comandante-geral-da-pm-recebe-secretario-de-educacao-da-paraiba-e-reafirma-parceria\/#breadcrumb\",\"itemListElement\":[{\"@type\":\"ListItem\",\"position\":1,\"name\":\"In\u00edcio\",\"item\":\"https:\/\/www.pm.pb.gov.br\/portal\/\"},{\"@type\":\"ListItem\",\"position\":2,\"name\":\"Comandante-geral da PM recebe Secret\u00e1rio de Educa\u00e7\u00e3o da Para\u00edba e reafirma parceria\"}]},{\"@type\":\"WebSite\",\"@id\":\"https:\/\/www.pm.pb.gov.br\/portal\/#website\",\"url\":\"https:\/\/www.pm.pb.gov.br\/portal\/\",\"name\":\"Pol\u00edcia Militar da Para\u00edba\",\"description\":\"\",\"publisher\":{\"@id\":\"https:\/\/www.pm.pb.gov.br\/portal\/#organization\"},\"potentialAction\":[{\"@type\":\"SearchAction\",\"target\":{\"@type\":\"EntryPoint\",\"urlTemplate\":\"https:\/\/www.pm.pb.gov.br\/portal\/?s={search_term_string}\"},\"query-input\":\"required name=search_term_string\"}],\"inLanguage\":\"pt-BR\"},{\"@type\":\"Organization\",\"@id\":\"https:\/\/www.pm.pb.gov.br\/portal\/#organization\",\"name\":\"Pol\u00edcia Militar da Para\u00edba\",\"url\":\"https:\/\/www.pm.pb.gov.br\/portal\/\",\"logo\":{\"@type\":\"ImageObject\",\"inLanguage\":\"pt-BR\",\"@id\":\"https:\/\/www.pm.pb.gov.br\/portal\/#\/schema\/logo\/image\/\",\"url\":\"https:\/\/www.pm.pb.gov.br\/portal\/wp-content\/uploads\/2025\/03\/cropped-logo-site-mag2-1.png\",\"contentUrl\":\"https:\/\/www.pm.pb.gov.br\/portal\/wp-content\/uploads\/2025\/03\/cropped-logo-site-mag2-1.png\",\"width\":320,\"height\":90,\"caption\":\"Pol\u00edcia Militar da Para\u00edba\"},\"image\":{\"@id\":\"https:\/\/www.pm.pb.gov.br\/portal\/#\/schema\/logo\/image\/\"}},{\"@type\":\"Person\",\"@id\":\"https:\/\/www.pm.pb.gov.br\/portal\/#\/schema\/person\/f84f56dcc78ce4357054da888b8247fd\",\"name\":\"Tarcisio Oliveira\",\"image\":{\"@type\":\"ImageObject\",\"inLanguage\":\"pt-BR\",\"@id\":\"https:\/\/www.pm.pb.gov.br\/portal\/#\/schema\/person\/image\/\",\"url\":\"https:\/\/secure.gravatar.com\/avatar\/72917b630b69d31cd0297507f34bac97?s=96&d=mm&r=g\",\"contentUrl\":\"https:\/\/secure.gravatar.com\/avatar\/72917b630b69d31cd0297507f34bac97?s=96&d=mm&r=g\",\"caption\":\"Tarcisio Oliveira\"},\"url\":\"https:\/\/www.pm.pb.gov.br\/portal\/author\/tarcisio\/\"}]}<\/script>\n<!-- \/ Yoast SEO plugin. -->","yoast_head_json":{"title":"Comandante-geral da PM recebe Secret\u00e1rio de Educa\u00e7\u00e3o da Para\u00edba e reafirma parceria - Pol\u00edcia Militar da Para\u00edba","robots":{"index":"index","follow":"follow","max-snippet":"max-snippet:-1","max-image-preview":"max-image-preview:large","max-video-preview":"max-video-preview:-1"},"canonical":"https:\/\/www.pm.pb.gov.br\/portal\/2023\/03\/09\/comandante-geral-da-pm-recebe-secretario-de-educacao-da-paraiba-e-reafirma-parceria\/","og_locale":"pt_BR","og_type":"article","og_title":"Comandante-geral da PM recebe Secret\u00e1rio de Educa\u00e7\u00e3o da Para\u00edba e reafirma parceria - Pol\u00edcia Militar da Para\u00edba","og_description":"O comandante-geral da Pol\u00edcia Militar da Para\u00edba, o coronel S\u00e9rgio Fonseca, recebeu, na tarde desta quinta-feira (09), o secret\u00e1rio de","og_url":"https:\/\/www.pm.pb.gov.br\/portal\/2023\/03\/09\/comandante-geral-da-pm-recebe-secretario-de-educacao-da-paraiba-e-reafirma-parceria\/","og_site_name":"Pol\u00edcia Militar da Para\u00edba","article_published_time":"2023-03-09T20:59:49+00:00","article_modified_time":"2023-03-09T20:59:52+00:00","og_image":[{"width":800,"height":445,"url":"http:\/\/www.pm.pb.gov.br\/portal\/wp-content\/uploads\/2023\/03\/reuniao.jpeg","type":"image\/jpeg"}],"author":"Tarcisio Oliveira","twitter_card":"summary_large_image","twitter_misc":{"Escrito por":"Tarcisio Oliveira","Est. tempo de leitura":"3 minutos"},"schema":{"@context":"https:\/\/schema.org","@graph":[{"@type":"Article","@id":"https:\/\/www.pm.pb.gov.br\/portal\/2023\/03\/09\/comandante-geral-da-pm-recebe-secretario-de-educacao-da-paraiba-e-reafirma-parceria\/#article","isPartOf":{"@id":"https:\/\/www.pm.pb.gov.br\/portal\/2023\/03\/09\/comandante-geral-da-pm-recebe-secretario-de-educacao-da-paraiba-e-reafirma-parceria\/"},"author":{"name":"Tarcisio Oliveira","@id":"https:\/\/www.pm.pb.gov.br\/portal\/#\/schema\/person\/f84f56dcc78ce4357054da888b8247fd"},"headline":"Comandante-geral da PM recebe Secret\u00e1rio de Educa\u00e7\u00e3o da Para\u00edba e reafirma parceria","datePublished":"2023-03-09T20:59:49+00:00","dateModified":"2023-03-09T20:59:52+00:00","mainEntityOfPage":{"@id":"https:\/\/www.pm.pb.gov.br\/portal\/2023\/03\/09\/comandante-geral-da-pm-recebe-secretario-de-educacao-da-paraiba-e-reafirma-parceria\/"},"wordCount":520,"publisher":{"@id":"https:\/\/www.pm.pb.gov.br\/portal\/#organization"},"articleSection":["Visitas Especiais"],"inLanguage":"pt-BR"},{"@type":"WebPage","@id":"https:\/\/www.pm.pb.gov.br\/portal\/2023\/03\/09\/comandante-geral-da-pm-recebe-secretario-de-educacao-da-paraiba-e-reafirma-parceria\/","url":"https:\/\/www.pm.pb.gov.br\/portal\/2023\/03\/09\/comandante-geral-da-pm-recebe-secretario-de-educacao-da-paraiba-e-reafirma-parceria\/","name":"Comandante-geral da PM recebe Secret\u00e1rio de Educa\u00e7\u00e3o da Para\u00edba e reafirma parceria - Pol\u00edcia Militar da Para\u00edba","isPartOf":{"@id":"https:\/\/www.pm.pb.gov.br\/portal\/#website"},"datePublished":"2023-03-09T20:59:49+00:00","dateModified":"2023-03-09T20:59:52+00:00","breadcrumb":{"@id":"https:\/\/www.pm.pb.gov.br\/portal\/2023\/03\/09\/comandante-geral-da-pm-recebe-secretario-de-educacao-da-paraiba-e-reafirma-parceria\/#breadcrumb"},"inLanguage":"pt-BR","potentialAction":[{"@type":"ReadAction","target":["https:\/\/www.pm.pb.gov.br\/portal\/2023\/03\/09\/comandante-geral-da-pm-recebe-secretario-de-educacao-da-paraiba-e-reafirma-parceria\/"]}]},{"@type":"BreadcrumbList","@id":"https:\/\/www.pm.pb.gov.br\/portal\/2023\/03\/09\/comandante-geral-da-pm-recebe-secretario-de-educacao-da-paraiba-e-reafirma-parceria\/#breadcrumb","itemListElement":[{"@type":"ListItem","position":1,"name":"In\u00edcio","item":"https:\/\/www.pm.pb.gov.br\/portal\/"},{"@type":"ListItem","position":2,"name":"Comandante-geral da PM recebe Secret\u00e1rio de Educa\u00e7\u00e3o da Para\u00edba e reafirma parceria"}]},{"@type":"WebSite","@id":"https:\/\/www.pm.pb.gov.br\/portal\/#website","url":"https:\/\/www.pm.pb.gov.br\/portal\/","name":"Pol\u00edcia Militar da Para\u00edba","description":"","publisher":{"@id":"https:\/\/www.pm.pb.gov.br\/portal\/#organization"},"potentialAction":[{"@type":"SearchAction","target":{"@type":"EntryPoint","urlTemplate":"https:\/\/www.pm.pb.gov.br\/portal\/?s={search_term_string}"},"query-input":"required name=search_term_string"}],"inLanguage":"pt-BR"},{"@type":"Organization","@id":"https:\/\/www.pm.pb.gov.br\/portal\/#organization","name":"Pol\u00edcia Militar da Para\u00edba","url":"https:\/\/www.pm.pb.gov.br\/portal\/","logo":{"@type":"ImageObject","inLanguage":"pt-BR","@id":"https:\/\/www.pm.pb.gov.br\/portal\/#\/schema\/logo\/image\/","url":"https:\/\/www.pm.pb.gov.br\/portal\/wp-content\/uploads\/2025\/03\/cropped-logo-site-mag2-1.png","contentUrl":"https:\/\/www.pm.pb.gov.br\/portal\/wp-content\/uploads\/2025\/03\/cropped-logo-site-mag2-1.png","width":320,"height":90,"caption":"Pol\u00edcia Militar da Para\u00edba"},"image":{"@id":"https:\/\/www.pm.pb.gov.br\/portal\/#\/schema\/logo\/image\/"}},{"@type":"Person","@id":"https:\/\/www.pm.pb.gov.br\/portal\/#\/schema\/person\/f84f56dcc78ce4357054da888b8247fd","name":"Tarcisio Oliveira","image":{"@type":"ImageObject","inLanguage":"pt-BR","@id":"https:\/\/www.pm.pb.gov.br\/portal\/#\/schema\/person\/image\/","url":"https:\/\/secure.gravatar.com\/avatar\/72917b630b69d31cd0297507f34bac97?s=96&d=mm&r=g","contentUrl":"https:\/\/secure.gravatar.com\/avatar\/72917b630b69d31cd0297507f34bac97?s=96&d=mm&r=g","caption":"Tarcisio Oliveira"},"url":"https:\/\/www.pm.pb.gov.br\/portal\/author\/tarcisio\/"}]}},"_links":{"self":[{"href":"https:\/\/www.pm.pb.gov.br\/portal\/wp-json\/wp\/v2\/posts\/915925"}],"collection":[{"href":"https:\/\/www.pm.pb.gov.br\/portal\/wp-json\/wp\/v2\/posts"}],"about":[{"href":"https:\/\/www.pm.pb.gov.br\/portal\/wp-json\/wp\/v2\/types\/post"}],"author":[{"embeddable":true,"href":"https:\/\/www.pm.pb.gov.br\/portal\/wp-json\/wp\/v2\/users\/12"}],"replies":[{"embeddable":true,"href":"https:\/\/www.pm.pb.gov.br\/portal\/wp-json\/wp\/v2\/comments?post=915925"}],"version-history":[{"count":1,"href":"https:\/\/www.pm.pb.gov.br\/portal\/wp-json\/wp\/v2\/posts\/915925\/revisions"}],"predecessor-version":[{"id":915929,"href":"https:\/\/www.pm.pb.gov.br\/portal\/wp-json\/wp\/v2\/posts\/915925\/revisions\/915929"}],"wp:featuredmedia":[{"embeddable":true,"href":"https:\/\/www.pm.pb.gov.br\/portal\/wp-json\/wp\/v2\/media\/915926"}],"wp:attachment":[{"href":"https:\/\/www.pm.pb.gov.br\/portal\/wp-json\/wp\/v2\/media?parent=915925"}],"wp:term":[{"taxonomy":"category","embeddable":true,"href":"https:\/\/www.pm.pb.gov.br\/portal\/wp-json\/wp\/v2\/categories?post=915925"},{"taxonomy":"post_tag","embeddable":true,"href":"https:\/\/www.pm.pb.gov.br\/portal\/wp-json\/wp\/v2\/tags?post=915925"}],"curies":[{"name":"wp","href":"https:\/\/api.w.org\/{rel}","templated":true}]}}