{"id":915900,"date":"2023-03-08T17:58:23","date_gmt":"2023-03-08T20:58:23","guid":{"rendered":"https:\/\/www.pm.pb.gov.br\/portal\/?p=915900"},"modified":"2023-03-08T17:58:27","modified_gmt":"2023-03-08T20:58:27","slug":"governador-joao-azevedo-anuncia-expansao-da-patrulha-maria-da-penha-e-lanca-novas-acoes-em-alusao-ao-dia-internacional-da-mulher","status":"publish","type":"post","link":"https:\/\/www.pm.pb.gov.br\/portal\/2023\/03\/08\/governador-joao-azevedo-anuncia-expansao-da-patrulha-maria-da-penha-e-lanca-novas-acoes-em-alusao-ao-dia-internacional-da-mulher\/","title":{"rendered":"Governador Jo\u00e3o Azev\u00eado anuncia expans\u00e3o da Patrulha Maria da Penha e lan\u00e7a novas a\u00e7\u00f5es em alus\u00e3o ao Dia Internacional da Mulher"},"content":{"rendered":"\n\n\n<p>O governador Jo\u00e3o Azev\u00eado lan\u00e7ou, nesta quarta-feira (8), uma s\u00e9rie de a\u00e7\u00f5es alusivas ao Dia Internacional da Mulher, durante evento que ocorreu no Teatro Paulo Pontes, no Espa\u00e7o Cultural Jos\u00e9 Lins do Rego, em Jo\u00e3o Pessoa (foto acima ilustrativa). Dentre as iniciativas anunciadas pelo gestor est\u00e3o a expans\u00e3o da Patrulha Maria da Penha para a regi\u00e3o do Brejo, o lan\u00e7amento do edital Prefeitura Parceira das Mulheres 2023, as assinaturas do decreto de cria\u00e7\u00e3o do Grupo de Trabalho Interinstitucional de Pol\u00edticas P\u00fablicas para Mulheres do Campo e de contratos do Empreender Para\u00edba para mulheres ind\u00edgenas.<br \/><br \/>Ainda foi assinado o decreto que aprova o Regimento Interno da Secretaria de Estado da Mulher e da Diversidade Humana. Na ocasi\u00e3o, tamb\u00e9m foi divulgada uma a\u00e7\u00e3o publicit\u00e1ria com o slogan \u201cConfia, Mulher! Voc\u00ea tem todo apoio que precisa\u201d, que tem o objetivo de mostrar os servi\u00e7os gratuitos da Secretaria da Mulher e da Diversidade Humana, como Casas abrigos e de Acolhimento, Programa Integrado Patrulha Maria da Penha e Centros de Refer\u00eancia da Mulher.<\/p>\n<p><img loading=\"lazy\" decoding=\"async\" class=\" wp-image-915901 aligncenter\" src=\"http:\/\/www.pm.pb.gov.br\/portal\/wp-content\/uploads\/2023\/03\/unnamed-9-739x445.jpg\" alt=\"\" width=\"674\" height=\"406\" srcset=\"https:\/\/www.pm.pb.gov.br\/portal\/wp-content\/uploads\/2023\/03\/unnamed-9-739x445.jpg 739w, https:\/\/www.pm.pb.gov.br\/portal\/wp-content\/uploads\/2023\/03\/unnamed-9-946x570.jpg 946w, https:\/\/www.pm.pb.gov.br\/portal\/wp-content\/uploads\/2023\/03\/unnamed-9-768x463.jpg 768w, https:\/\/www.pm.pb.gov.br\/portal\/wp-content\/uploads\/2023\/03\/unnamed-9-1536x925.jpg 1536w, https:\/\/www.pm.pb.gov.br\/portal\/wp-content\/uploads\/2023\/03\/unnamed-9.jpg 1574w\" sizes=\"(max-width: 674px) 100vw, 674px\" \/><br \/>O chefe do Executivo estadual ressaltou o compromisso do governo com a valoriza\u00e7\u00e3o e implanta\u00e7\u00e3o de pol\u00edticas p\u00fablicas em todos os segmentos para cuidar e respeitar as mulheres. \u201cTemos implantado desde 2019 a\u00e7\u00f5es como a Patrulha Maria da Penha, as Casas de Acolhimento nesse enfrentamento da viol\u00eancia, que precisa ser enfrentada e combatida. No cuidado com a sa\u00fade, ampliamos o Opera Para\u00edba, estamos construindo o Hospital da Mulher, em Jo\u00e3o Pessoa, vamos iniciar as obras do novo Hospital de Cl\u00ednicas de Campina Grande que contar\u00e1 com uma maternidade de alta complexidade, entregamos a nova estrutura do CEDC, promovemos pol\u00edticas de inclus\u00e3o e equidade de g\u00eanero e vamos continuar fortalecendo os projetos voltados para as mulheres do nosso estado\u201d, frisou.<br \/><br \/>A secret\u00e1ria de estado da Mulher e da Diversidade Humana, L\u00eddia Moura, destacou o trabalho intersetorial do governo para efetivar as pol\u00edticas p\u00fablicas voltadas para o segmento. \u201cTodos os \u00f3rg\u00e3os governamentais t\u00eam compromisso com as mulheres porque integramos uma gest\u00e3o inclusiva que combate e enfrenta o racismo, a viol\u00eancia, a intoler\u00e2ncia religiosa e de g\u00eanero, uma demonstra\u00e7\u00e3o que somos diversos e todas essas a\u00e7\u00f5es foram feitas com recursos pr\u00f3prios do estado\u201d, comentou.<br \/><br \/>A secret\u00e1ria executiva da Diversidade Humana, Cristiana Almeida, tamb\u00e9m evidenciou o trabalho eficiente da gest\u00e3o para contemplar todos que precisam da aten\u00e7\u00e3o do poder p\u00fablico. \u201cN\u00f3s temos um governo comprometido com a vida das pessoas. A Para\u00edba mostrou que \u00e9 poss\u00edvel fazer pol\u00edtica de g\u00eanero, de cultura, de valoriza\u00e7\u00e3o dos povos origin\u00e1rios e de empregabilidade. A Patrulha Maria da Penha tamb\u00e9m se constituiu como uma ferramenta de extrema import\u00e2ncia para garantir a vida das mulheres, representando uma pol\u00edtica assertiva e vamos avan\u00e7ar ainda mais\u201d, falou.<br \/><br \/>A deputada estadual Danielle de Vale tamb\u00e9m refor\u00e7ou o seu apoio ao governo na proposi\u00e7\u00e3o e defesa de projetos em defesa da mulher. \u201cHoje \u00e9 um dia comemorativo e aproveitamos para reafirmar que o nosso mandato cumpre um papel de elabora\u00e7\u00e3o de pol\u00edticas p\u00fablicas, de ouvir a sociedade e de defender as mulheres. Temos muito a comemorar, mas ainda temos muito a lutar\u201d, pontuou.<br \/><br \/>A prefeita de Pedro R\u00e9gis, Michele Ribeiro, enalteceu as pol\u00edticas de governo de cuidado com as mulheres e pessoas em situa\u00e7\u00e3o de vulnerabilidade social. \u201cEsse \u00e9 um dia simb\u00f3lico de luta, de mulheres aguerridas, que tem um lugar de fala e de posicionamento. Aproveitamos esse momento para reafirmar o nosso engajamento para sermos respeitadas e valorizadas e eu parabenizo o governador Jo\u00e3o Azev\u00eado pelo seu posicionamento em defesa dos direitos e da vida das mulheres, com acesso \u00e0 prote\u00e7\u00e3o, dignidade de vida, com programas como as creches em tempo integral e pelas parcerias com impactos nos munic\u00edpios no combate \u00e0 pobreza, no empoderamento e emancipa\u00e7\u00e3o das mulheres\u201d, declarou.<\/p>\n<figure id=\"attachment_915902\" aria-describedby=\"caption-attachment-915902\" style=\"width: 606px\" class=\"wp-caption aligncenter\"><img loading=\"lazy\" decoding=\"async\" class=\"wp-image-915902\" src=\"http:\/\/www.pm.pb.gov.br\/portal\/wp-content\/uploads\/2023\/03\/unnamed-10-668x445.jpg\" alt=\"\" width=\"606\" height=\"404\" srcset=\"https:\/\/www.pm.pb.gov.br\/portal\/wp-content\/uploads\/2023\/03\/unnamed-10-668x445.jpg 668w, https:\/\/www.pm.pb.gov.br\/portal\/wp-content\/uploads\/2023\/03\/unnamed-10-855x570.jpg 855w, https:\/\/www.pm.pb.gov.br\/portal\/wp-content\/uploads\/2023\/03\/unnamed-10-768x512.jpg 768w, https:\/\/www.pm.pb.gov.br\/portal\/wp-content\/uploads\/2023\/03\/unnamed-10-1536x1024.jpg 1536w, https:\/\/www.pm.pb.gov.br\/portal\/wp-content\/uploads\/2023\/03\/unnamed-10-272x182.jpg 272w, https:\/\/www.pm.pb.gov.br\/portal\/wp-content\/uploads\/2023\/03\/unnamed-10.jpg 1620w\" sizes=\"(max-width: 606px) 100vw, 606px\" \/><figcaption id=\"caption-attachment-915902\" class=\"wp-caption-text\">Capit\u00e3 Gabriela, comandante da Patrulha Maria da Penha, acompanhou a solenidade<\/figcaption><\/figure>\n<p><strong>Expans\u00e3o da Patrulha Maria da Penha &#8211;<\/strong> O programa criado em 2019 pelo governador Jo\u00e3o Azev\u00eado j\u00e1 atende a regi\u00e3o do Litoral e da Borborema e chega ao Brejo paraibano, totalizando 100 munic\u00edpios de alcance. A a\u00e7\u00e3o objetiva fiscalizar o cumprimento das medidas protetivas ou que entraram com o pedido de prote\u00e7\u00e3o, realizando o atendimento por equipe multiprofissional, visitas peri\u00f3dicas e rotas de monitoramento por parte da Pol\u00edcia Militar, dentro de um per\u00edmetro arbitrado pela Justi\u00e7a. A iniciativa conta com o trabalho conjunto da Secretaria da Mulher e da Diversidade Humana em parceria com a Secretaria de Seguran\u00e7a e Defesa Social (Sesds), por meio da Pol\u00edcia Militar, Pol\u00edcia Civil, Coordena\u00e7\u00e3o das Delegacias Especializadas de Mulheres e o Tribunal de Justi\u00e7a da Para\u00edba (TJ-PB).<br \/><br \/><strong>Edital Prefeitura Parceira das Mulheres 2023 &#8211;<\/strong> O Selo Social \u2018Prefeitura Parceira das Mulheres\u2019 \u00e9 uma realiza\u00e7\u00e3o do Governo do Estado, por meio da Secretaria da Mulher e da Diversidade Humana (Semdh), em parceria com a Secretaria de Desenvolvimento e Articula\u00e7\u00e3o Munipal (Sedam) e a Federa\u00e7\u00e3o das Associa\u00e7\u00f5es de Munic\u00edpios da Para\u00edba (Famup) e tem como objetivo estimular pol\u00edticas p\u00fablicas destinadas a promo\u00e7\u00e3o dos direitos das mulheres e equidade de g\u00eanero, desenvolvidas pelas prefeituras dos munic\u00edpios da Para\u00edba, considerando as potencialidades de cada munic\u00edpio. Em sua 3\u00aa edi\u00e7\u00e3o, se destina \u00e0 execu\u00e7\u00e3o de a\u00e7\u00f5es para todas as mulheres, com prioridade para mulheres LBTs e n\u00e3o bin\u00e1rias.<br \/><br \/>Assinatura de Decreto para a cria\u00e7\u00e3o do Grupo de Trabalho Interinstitucional de pol\u00edticas p\u00fablicas para mulheres do campo &#8211; A a\u00e7\u00e3o tem por objetivo apoiar a estrutura\u00e7\u00e3o de banco de dados e informa\u00e7\u00f5es pertinentes \u00e0 mulher rural, assessorar a execu\u00e7\u00e3o de a\u00e7\u00f5es que visam dar visibilidade e identificar restri\u00e7\u00f5es ao trabalho da mulher rural e orientar por meio de recomenda\u00e7\u00f5es a formula\u00e7\u00e3o e implementa\u00e7\u00e3o de a\u00e7\u00f5es e pol\u00edticas p\u00fablicas para a mulher rural.<br \/><br \/><strong>Empreender Mulher \u2013<\/strong> Durante todo m\u00eas ser\u00e3o assinados 100 contratos para mulheres em situa\u00e7\u00e3o de vulnerabilidade social e ind\u00edgenas com o valor a ser investido de R$ 630 mil.<br \/>Torneio de Futebol Feminino Margarida Maria Alves &#8211; O evento ocorrer\u00e1 no domingo, dia 12, e contar\u00e1 com 12 equipes de v\u00e1rios munic\u00edpios paraibanos. Com in\u00edcio \u00e0s 8h, tamb\u00e9m haver\u00e1 desfile das atletas, al\u00e9m de homenagens \u00e0s mulheres que contribuem com o esporte no estado.<br \/><br \/><strong>Jogos das Reeducandas &#8211;<\/strong> A atividade ser\u00e1 aberta no pr\u00f3ximo dia 15 e movimentar\u00e1, durante tr\u00eas dias, no pres\u00eddio feminino J\u00falia Maranh\u00e3o, v\u00e1rias mulheres que est\u00e3o sob regime de pena, com atividades esportivas, recreativas e de dan\u00e7a. Ser\u00e3o disputas nas modalidades de futebol, cabo de guerra, handebol, voleibol e aer\u00f3bica, ocorrendo dentro da unidade prisional.<br \/>Este ano, o governo programou mais de 50 atividades, que ser\u00e3o realizadas durante o m\u00eas envolvendo o trabalho interinstitucional de \u00f3rg\u00e3os como Secretaria da Mulher e da Diversidade Humana, Sa\u00fade, Educa\u00e7\u00e3o, Seguran\u00e7a, Cultura, Esportes, Detran, Funad e Empreender, entre outras.<\/p>\n<p>A primeira-dama do estado, Ana Maria Lins; o vice-governador Lucas Ribeiro; a segunda-dama, Camila Ribeiro; os deputados estaduais Chico Mendes, Luciano Cartaxo, Jo\u00e3o Paulo, Galego Souza; o prefeito de Jo\u00e3o Pessoa, C\u00edcero Lucena; o vice-prefeito L\u00e9o Bezerra; al\u00e9m de lideran\u00e7as de diversas regi\u00f5es e auxiliares da gest\u00e3o estadual prestigiaram o evento.<\/p>\n<p><em>Fonte: Secom<\/em><\/p>\n","protected":false},"excerpt":{"rendered":"<p>O governador Jo\u00e3o Azev\u00eado lan\u00e7ou, nesta quarta-feira (8), uma s\u00e9rie de a\u00e7\u00f5es alusivas ao Dia Internacional da Mulher, durante evento<\/p>\n","protected":false},"author":12,"featured_media":904971,"comment_status":"closed","ping_status":"closed","sticky":false,"template":"","format":"standard","meta":{"_exactmetrics_skip_tracking":false,"_exactmetrics_sitenote_active":false,"_exactmetrics_sitenote_note":"","_exactmetrics_sitenote_category":0,"footnotes":""},"categories":[9],"tags":[],"yoast_head":"<!-- This site is optimized with the Yoast SEO plugin v22.0 - https:\/\/yoast.com\/wordpress\/plugins\/seo\/ -->\n<title>Governador Jo\u00e3o Azev\u00eado anuncia expans\u00e3o da Patrulha Maria da Penha e lan\u00e7a novas a\u00e7\u00f5es em alus\u00e3o ao Dia Internacional da Mulher - Pol\u00edcia Militar da Para\u00edba<\/title>\n<meta name=\"robots\" content=\"index, follow, max-snippet:-1, max-image-preview:large, max-video-preview:-1\" \/>\n<link rel=\"canonical\" href=\"https:\/\/www.pm.pb.gov.br\/portal\/2023\/03\/08\/governador-joao-azevedo-anuncia-expansao-da-patrulha-maria-da-penha-e-lanca-novas-acoes-em-alusao-ao-dia-internacional-da-mulher\/\" \/>\n<meta property=\"og:locale\" content=\"pt_BR\" \/>\n<meta property=\"og:type\" content=\"article\" \/>\n<meta property=\"og:title\" content=\"Governador Jo\u00e3o Azev\u00eado anuncia expans\u00e3o da Patrulha Maria da Penha e lan\u00e7a novas a\u00e7\u00f5es em alus\u00e3o ao Dia Internacional da Mulher - Pol\u00edcia Militar da Para\u00edba\" \/>\n<meta property=\"og:description\" content=\"O governador Jo\u00e3o Azev\u00eado lan\u00e7ou, nesta quarta-feira (8), uma s\u00e9rie de a\u00e7\u00f5es alusivas ao Dia Internacional da Mulher, durante evento\" \/>\n<meta property=\"og:url\" content=\"https:\/\/www.pm.pb.gov.br\/portal\/2023\/03\/08\/governador-joao-azevedo-anuncia-expansao-da-patrulha-maria-da-penha-e-lanca-novas-acoes-em-alusao-ao-dia-internacional-da-mulher\/\" \/>\n<meta property=\"og:site_name\" content=\"Pol\u00edcia Militar da Para\u00edba\" \/>\n<meta property=\"article:published_time\" content=\"2023-03-08T20:58:23+00:00\" \/>\n<meta property=\"article:modified_time\" content=\"2023-03-08T20:58:27+00:00\" \/>\n<meta property=\"og:image\" content=\"http:\/\/www.pm.pb.gov.br\/portal\/wp-content\/uploads\/2020\/05\/mariadapenha.jpeg\" \/>\n\t<meta property=\"og:image:width\" content=\"800\" \/>\n\t<meta property=\"og:image:height\" content=\"445\" \/>\n\t<meta property=\"og:image:type\" content=\"image\/jpeg\" \/>\n<meta name=\"author\" content=\"Tarcisio Oliveira\" \/>\n<meta name=\"twitter:card\" content=\"summary_large_image\" \/>\n<meta name=\"twitter:label1\" content=\"Escrito por\" \/>\n\t<meta name=\"twitter:data1\" content=\"Tarcisio Oliveira\" \/>\n\t<meta name=\"twitter:label2\" content=\"Est. tempo de leitura\" \/>\n\t<meta name=\"twitter:data2\" content=\"7 minutos\" \/>\n<script type=\"application\/ld+json\" class=\"yoast-schema-graph\">{\"@context\":\"https:\/\/schema.org\",\"@graph\":[{\"@type\":\"Article\",\"@id\":\"https:\/\/www.pm.pb.gov.br\/portal\/2023\/03\/08\/governador-joao-azevedo-anuncia-expansao-da-patrulha-maria-da-penha-e-lanca-novas-acoes-em-alusao-ao-dia-internacional-da-mulher\/#article\",\"isPartOf\":{\"@id\":\"https:\/\/www.pm.pb.gov.br\/portal\/2023\/03\/08\/governador-joao-azevedo-anuncia-expansao-da-patrulha-maria-da-penha-e-lanca-novas-acoes-em-alusao-ao-dia-internacional-da-mulher\/\"},\"author\":{\"name\":\"Tarcisio Oliveira\",\"@id\":\"https:\/\/www.pm.pb.gov.br\/portal\/#\/schema\/person\/f84f56dcc78ce4357054da888b8247fd\"},\"headline\":\"Governador Jo\u00e3o Azev\u00eado anuncia expans\u00e3o da Patrulha Maria da Penha e lan\u00e7a novas a\u00e7\u00f5es em alus\u00e3o ao Dia Internacional da Mulher\",\"datePublished\":\"2023-03-08T20:58:23+00:00\",\"dateModified\":\"2023-03-08T20:58:27+00:00\",\"mainEntityOfPage\":{\"@id\":\"https:\/\/www.pm.pb.gov.br\/portal\/2023\/03\/08\/governador-joao-azevedo-anuncia-expansao-da-patrulha-maria-da-penha-e-lanca-novas-acoes-em-alusao-ao-dia-internacional-da-mulher\/\"},\"wordCount\":1325,\"publisher\":{\"@id\":\"https:\/\/www.pm.pb.gov.br\/portal\/#organization\"},\"articleSection\":[\"Eventos\"],\"inLanguage\":\"pt-BR\"},{\"@type\":\"WebPage\",\"@id\":\"https:\/\/www.pm.pb.gov.br\/portal\/2023\/03\/08\/governador-joao-azevedo-anuncia-expansao-da-patrulha-maria-da-penha-e-lanca-novas-acoes-em-alusao-ao-dia-internacional-da-mulher\/\",\"url\":\"https:\/\/www.pm.pb.gov.br\/portal\/2023\/03\/08\/governador-joao-azevedo-anuncia-expansao-da-patrulha-maria-da-penha-e-lanca-novas-acoes-em-alusao-ao-dia-internacional-da-mulher\/\",\"name\":\"Governador Jo\u00e3o Azev\u00eado anuncia expans\u00e3o da Patrulha Maria da Penha e lan\u00e7a novas a\u00e7\u00f5es em alus\u00e3o ao Dia Internacional da Mulher - Pol\u00edcia Militar da Para\u00edba\",\"isPartOf\":{\"@id\":\"https:\/\/www.pm.pb.gov.br\/portal\/#website\"},\"datePublished\":\"2023-03-08T20:58:23+00:00\",\"dateModified\":\"2023-03-08T20:58:27+00:00\",\"breadcrumb\":{\"@id\":\"https:\/\/www.pm.pb.gov.br\/portal\/2023\/03\/08\/governador-joao-azevedo-anuncia-expansao-da-patrulha-maria-da-penha-e-lanca-novas-acoes-em-alusao-ao-dia-internacional-da-mulher\/#breadcrumb\"},\"inLanguage\":\"pt-BR\",\"potentialAction\":[{\"@type\":\"ReadAction\",\"target\":[\"https:\/\/www.pm.pb.gov.br\/portal\/2023\/03\/08\/governador-joao-azevedo-anuncia-expansao-da-patrulha-maria-da-penha-e-lanca-novas-acoes-em-alusao-ao-dia-internacional-da-mulher\/\"]}]},{\"@type\":\"BreadcrumbList\",\"@id\":\"https:\/\/www.pm.pb.gov.br\/portal\/2023\/03\/08\/governador-joao-azevedo-anuncia-expansao-da-patrulha-maria-da-penha-e-lanca-novas-acoes-em-alusao-ao-dia-internacional-da-mulher\/#breadcrumb\",\"itemListElement\":[{\"@type\":\"ListItem\",\"position\":1,\"name\":\"In\u00edcio\",\"item\":\"https:\/\/www.pm.pb.gov.br\/portal\/\"},{\"@type\":\"ListItem\",\"position\":2,\"name\":\"Governador Jo\u00e3o Azev\u00eado anuncia expans\u00e3o da Patrulha Maria da Penha e lan\u00e7a novas a\u00e7\u00f5es em alus\u00e3o ao Dia Internacional da Mulher\"}]},{\"@type\":\"WebSite\",\"@id\":\"https:\/\/www.pm.pb.gov.br\/portal\/#website\",\"url\":\"https:\/\/www.pm.pb.gov.br\/portal\/\",\"name\":\"Pol\u00edcia Militar da Para\u00edba\",\"description\":\"\",\"publisher\":{\"@id\":\"https:\/\/www.pm.pb.gov.br\/portal\/#organization\"},\"potentialAction\":[{\"@type\":\"SearchAction\",\"target\":{\"@type\":\"EntryPoint\",\"urlTemplate\":\"https:\/\/www.pm.pb.gov.br\/portal\/?s={search_term_string}\"},\"query-input\":\"required name=search_term_string\"}],\"inLanguage\":\"pt-BR\"},{\"@type\":\"Organization\",\"@id\":\"https:\/\/www.pm.pb.gov.br\/portal\/#organization\",\"name\":\"Pol\u00edcia Militar da Para\u00edba\",\"url\":\"https:\/\/www.pm.pb.gov.br\/portal\/\",\"logo\":{\"@type\":\"ImageObject\",\"inLanguage\":\"pt-BR\",\"@id\":\"https:\/\/www.pm.pb.gov.br\/portal\/#\/schema\/logo\/image\/\",\"url\":\"https:\/\/www.pm.pb.gov.br\/portal\/wp-content\/uploads\/2025\/03\/cropped-logo-site-mag2-1.png\",\"contentUrl\":\"https:\/\/www.pm.pb.gov.br\/portal\/wp-content\/uploads\/2025\/03\/cropped-logo-site-mag2-1.png\",\"width\":320,\"height\":90,\"caption\":\"Pol\u00edcia Militar da Para\u00edba\"},\"image\":{\"@id\":\"https:\/\/www.pm.pb.gov.br\/portal\/#\/schema\/logo\/image\/\"}},{\"@type\":\"Person\",\"@id\":\"https:\/\/www.pm.pb.gov.br\/portal\/#\/schema\/person\/f84f56dcc78ce4357054da888b8247fd\",\"name\":\"Tarcisio Oliveira\",\"image\":{\"@type\":\"ImageObject\",\"inLanguage\":\"pt-BR\",\"@id\":\"https:\/\/www.pm.pb.gov.br\/portal\/#\/schema\/person\/image\/\",\"url\":\"https:\/\/secure.gravatar.com\/avatar\/72917b630b69d31cd0297507f34bac97?s=96&d=mm&r=g\",\"contentUrl\":\"https:\/\/secure.gravatar.com\/avatar\/72917b630b69d31cd0297507f34bac97?s=96&d=mm&r=g\",\"caption\":\"Tarcisio Oliveira\"},\"url\":\"https:\/\/www.pm.pb.gov.br\/portal\/author\/tarcisio\/\"}]}<\/script>\n<!-- \/ Yoast SEO plugin. -->","yoast_head_json":{"title":"Governador Jo\u00e3o Azev\u00eado anuncia expans\u00e3o da Patrulha Maria da Penha e lan\u00e7a novas a\u00e7\u00f5es em alus\u00e3o ao Dia Internacional da Mulher - Pol\u00edcia Militar da Para\u00edba","robots":{"index":"index","follow":"follow","max-snippet":"max-snippet:-1","max-image-preview":"max-image-preview:large","max-video-preview":"max-video-preview:-1"},"canonical":"https:\/\/www.pm.pb.gov.br\/portal\/2023\/03\/08\/governador-joao-azevedo-anuncia-expansao-da-patrulha-maria-da-penha-e-lanca-novas-acoes-em-alusao-ao-dia-internacional-da-mulher\/","og_locale":"pt_BR","og_type":"article","og_title":"Governador Jo\u00e3o Azev\u00eado anuncia expans\u00e3o da Patrulha Maria da Penha e lan\u00e7a novas a\u00e7\u00f5es em alus\u00e3o ao Dia Internacional da Mulher - Pol\u00edcia Militar da Para\u00edba","og_description":"O governador Jo\u00e3o Azev\u00eado lan\u00e7ou, nesta quarta-feira (8), uma s\u00e9rie de a\u00e7\u00f5es alusivas ao Dia Internacional da Mulher, durante evento","og_url":"https:\/\/www.pm.pb.gov.br\/portal\/2023\/03\/08\/governador-joao-azevedo-anuncia-expansao-da-patrulha-maria-da-penha-e-lanca-novas-acoes-em-alusao-ao-dia-internacional-da-mulher\/","og_site_name":"Pol\u00edcia Militar da Para\u00edba","article_published_time":"2023-03-08T20:58:23+00:00","article_modified_time":"2023-03-08T20:58:27+00:00","og_image":[{"width":800,"height":445,"url":"http:\/\/www.pm.pb.gov.br\/portal\/wp-content\/uploads\/2020\/05\/mariadapenha.jpeg","type":"image\/jpeg"}],"author":"Tarcisio Oliveira","twitter_card":"summary_large_image","twitter_misc":{"Escrito por":"Tarcisio Oliveira","Est. tempo de leitura":"7 minutos"},"schema":{"@context":"https:\/\/schema.org","@graph":[{"@type":"Article","@id":"https:\/\/www.pm.pb.gov.br\/portal\/2023\/03\/08\/governador-joao-azevedo-anuncia-expansao-da-patrulha-maria-da-penha-e-lanca-novas-acoes-em-alusao-ao-dia-internacional-da-mulher\/#article","isPartOf":{"@id":"https:\/\/www.pm.pb.gov.br\/portal\/2023\/03\/08\/governador-joao-azevedo-anuncia-expansao-da-patrulha-maria-da-penha-e-lanca-novas-acoes-em-alusao-ao-dia-internacional-da-mulher\/"},"author":{"name":"Tarcisio Oliveira","@id":"https:\/\/www.pm.pb.gov.br\/portal\/#\/schema\/person\/f84f56dcc78ce4357054da888b8247fd"},"headline":"Governador Jo\u00e3o Azev\u00eado anuncia expans\u00e3o da Patrulha Maria da Penha e lan\u00e7a novas a\u00e7\u00f5es em alus\u00e3o ao Dia Internacional da Mulher","datePublished":"2023-03-08T20:58:23+00:00","dateModified":"2023-03-08T20:58:27+00:00","mainEntityOfPage":{"@id":"https:\/\/www.pm.pb.gov.br\/portal\/2023\/03\/08\/governador-joao-azevedo-anuncia-expansao-da-patrulha-maria-da-penha-e-lanca-novas-acoes-em-alusao-ao-dia-internacional-da-mulher\/"},"wordCount":1325,"publisher":{"@id":"https:\/\/www.pm.pb.gov.br\/portal\/#organization"},"articleSection":["Eventos"],"inLanguage":"pt-BR"},{"@type":"WebPage","@id":"https:\/\/www.pm.pb.gov.br\/portal\/2023\/03\/08\/governador-joao-azevedo-anuncia-expansao-da-patrulha-maria-da-penha-e-lanca-novas-acoes-em-alusao-ao-dia-internacional-da-mulher\/","url":"https:\/\/www.pm.pb.gov.br\/portal\/2023\/03\/08\/governador-joao-azevedo-anuncia-expansao-da-patrulha-maria-da-penha-e-lanca-novas-acoes-em-alusao-ao-dia-internacional-da-mulher\/","name":"Governador Jo\u00e3o Azev\u00eado anuncia expans\u00e3o da Patrulha Maria da Penha e lan\u00e7a novas a\u00e7\u00f5es em alus\u00e3o ao Dia Internacional da Mulher - Pol\u00edcia Militar da Para\u00edba","isPartOf":{"@id":"https:\/\/www.pm.pb.gov.br\/portal\/#website"},"datePublished":"2023-03-08T20:58:23+00:00","dateModified":"2023-03-08T20:58:27+00:00","breadcrumb":{"@id":"https:\/\/www.pm.pb.gov.br\/portal\/2023\/03\/08\/governador-joao-azevedo-anuncia-expansao-da-patrulha-maria-da-penha-e-lanca-novas-acoes-em-alusao-ao-dia-internacional-da-mulher\/#breadcrumb"},"inLanguage":"pt-BR","potentialAction":[{"@type":"ReadAction","target":["https:\/\/www.pm.pb.gov.br\/portal\/2023\/03\/08\/governador-joao-azevedo-anuncia-expansao-da-patrulha-maria-da-penha-e-lanca-novas-acoes-em-alusao-ao-dia-internacional-da-mulher\/"]}]},{"@type":"BreadcrumbList","@id":"https:\/\/www.pm.pb.gov.br\/portal\/2023\/03\/08\/governador-joao-azevedo-anuncia-expansao-da-patrulha-maria-da-penha-e-lanca-novas-acoes-em-alusao-ao-dia-internacional-da-mulher\/#breadcrumb","itemListElement":[{"@type":"ListItem","position":1,"name":"In\u00edcio","item":"https:\/\/www.pm.pb.gov.br\/portal\/"},{"@type":"ListItem","position":2,"name":"Governador Jo\u00e3o Azev\u00eado anuncia expans\u00e3o da Patrulha Maria da Penha e lan\u00e7a novas a\u00e7\u00f5es em alus\u00e3o ao Dia Internacional da Mulher"}]},{"@type":"WebSite","@id":"https:\/\/www.pm.pb.gov.br\/portal\/#website","url":"https:\/\/www.pm.pb.gov.br\/portal\/","name":"Pol\u00edcia Militar da Para\u00edba","description":"","publisher":{"@id":"https:\/\/www.pm.pb.gov.br\/portal\/#organization"},"potentialAction":[{"@type":"SearchAction","target":{"@type":"EntryPoint","urlTemplate":"https:\/\/www.pm.pb.gov.br\/portal\/?s={search_term_string}"},"query-input":"required name=search_term_string"}],"inLanguage":"pt-BR"},{"@type":"Organization","@id":"https:\/\/www.pm.pb.gov.br\/portal\/#organization","name":"Pol\u00edcia Militar da Para\u00edba","url":"https:\/\/www.pm.pb.gov.br\/portal\/","logo":{"@type":"ImageObject","inLanguage":"pt-BR","@id":"https:\/\/www.pm.pb.gov.br\/portal\/#\/schema\/logo\/image\/","url":"https:\/\/www.pm.pb.gov.br\/portal\/wp-content\/uploads\/2025\/03\/cropped-logo-site-mag2-1.png","contentUrl":"https:\/\/www.pm.pb.gov.br\/portal\/wp-content\/uploads\/2025\/03\/cropped-logo-site-mag2-1.png","width":320,"height":90,"caption":"Pol\u00edcia Militar da Para\u00edba"},"image":{"@id":"https:\/\/www.pm.pb.gov.br\/portal\/#\/schema\/logo\/image\/"}},{"@type":"Person","@id":"https:\/\/www.pm.pb.gov.br\/portal\/#\/schema\/person\/f84f56dcc78ce4357054da888b8247fd","name":"Tarcisio Oliveira","image":{"@type":"ImageObject","inLanguage":"pt-BR","@id":"https:\/\/www.pm.pb.gov.br\/portal\/#\/schema\/person\/image\/","url":"https:\/\/secure.gravatar.com\/avatar\/72917b630b69d31cd0297507f34bac97?s=96&d=mm&r=g","contentUrl":"https:\/\/secure.gravatar.com\/avatar\/72917b630b69d31cd0297507f34bac97?s=96&d=mm&r=g","caption":"Tarcisio Oliveira"},"url":"https:\/\/www.pm.pb.gov.br\/portal\/author\/tarcisio\/"}]}},"_links":{"self":[{"href":"https:\/\/www.pm.pb.gov.br\/portal\/wp-json\/wp\/v2\/posts\/915900"}],"collection":[{"href":"https:\/\/www.pm.pb.gov.br\/portal\/wp-json\/wp\/v2\/posts"}],"about":[{"href":"https:\/\/www.pm.pb.gov.br\/portal\/wp-json\/wp\/v2\/types\/post"}],"author":[{"embeddable":true,"href":"https:\/\/www.pm.pb.gov.br\/portal\/wp-json\/wp\/v2\/users\/12"}],"replies":[{"embeddable":true,"href":"https:\/\/www.pm.pb.gov.br\/portal\/wp-json\/wp\/v2\/comments?post=915900"}],"version-history":[{"count":2,"href":"https:\/\/www.pm.pb.gov.br\/portal\/wp-json\/wp\/v2\/posts\/915900\/revisions"}],"predecessor-version":[{"id":915904,"href":"https:\/\/www.pm.pb.gov.br\/portal\/wp-json\/wp\/v2\/posts\/915900\/revisions\/915904"}],"wp:featuredmedia":[{"embeddable":true,"href":"https:\/\/www.pm.pb.gov.br\/portal\/wp-json\/wp\/v2\/media\/904971"}],"wp:attachment":[{"href":"https:\/\/www.pm.pb.gov.br\/portal\/wp-json\/wp\/v2\/media?parent=915900"}],"wp:term":[{"taxonomy":"category","embeddable":true,"href":"https:\/\/www.pm.pb.gov.br\/portal\/wp-json\/wp\/v2\/categories?post=915900"},{"taxonomy":"post_tag","embeddable":true,"href":"https:\/\/www.pm.pb.gov.br\/portal\/wp-json\/wp\/v2\/tags?post=915900"}],"curies":[{"name":"wp","href":"https:\/\/api.w.org\/{rel}","templated":true}]}}