{"id":915888,"date":"2023-03-07T15:58:25","date_gmt":"2023-03-07T18:58:25","guid":{"rendered":"https:\/\/www.pm.pb.gov.br\/portal\/?p=915888"},"modified":"2023-03-07T15:58:49","modified_gmt":"2023-03-07T18:58:49","slug":"governador-joao-azevedo-destaca-reducao-de-indices-de-homicidios-e-de-crimes-patrimoniais-em-reuniao-com-as-forcas-de-seguranca","status":"publish","type":"post","link":"https:\/\/www.pm.pb.gov.br\/portal\/2023\/03\/07\/governador-joao-azevedo-destaca-reducao-de-indices-de-homicidios-e-de-crimes-patrimoniais-em-reuniao-com-as-forcas-de-seguranca\/","title":{"rendered":"Governador Jo\u00e3o Azev\u00eado destaca redu\u00e7\u00e3o de \u00edndices de homic\u00eddios e de crimes patrimoniais em reuni\u00e3o com as For\u00e7as de Seguran\u00e7a"},"content":{"rendered":"\n\n\n<p>O governador Jo\u00e3o Azev\u00eado promoveu, nesta ter\u00e7a-feira (7), reuni\u00e3o com a c\u00fapula da Seguran\u00e7a P\u00fablica, ocasi\u00e3o em que foi apresentado o Anu\u00e1rio da Seguran\u00e7a P\u00fablica da Para\u00edba, que traz um balan\u00e7o dos \u00edndices que continuam gerando resultados positivos e colocando o estado em destaque no Nordeste e no cen\u00e1rio nacional na \u00e1rea. Tamb\u00e9m foi discutido o planejamento estrat\u00e9gico para o ano de 2023.<br \/><br \/>O balan\u00e7o dos \u00faltimos quatro anos atestou o trabalho das for\u00e7as de Seguran\u00e7a que conseguiu reduzir em 18% os assassinatos, incluindo os feminic\u00eddios (-25%), e ainda diminuir o n\u00famero de ocorr\u00eancias de crimes patrimonais, como ataques a bancos, roubos a pessoa, a transportes coletivos e estabelecimentos comerciais.<br \/><br \/>Tamb\u00e9m houve mais ve\u00edculos recuperados, mais de 13 mil armas apreendidas e 14 toneladas de drogas retiradas de circula\u00e7\u00e3o. A valoriza\u00e7\u00e3o da vida inclui ainda 11 mil pessoas salvas em resgates de acidentes de tr\u00e2nsito e socorros de v\u00edtimas de tentativas de assassinato.<br \/><br \/>Na oportunidade, o chefe do Executivo estadual ressaltou os investimentos em tecnologia e intelig\u00eancia, al\u00e9m da valoriza\u00e7\u00e3o profissional para o alcance de indicadores positivos no segmento. \u201cN\u00f3s temos a melhor seguran\u00e7a p\u00fablica do Norte\/Nordeste, temos uma grande miss\u00e3o de avan\u00e7ar ainda mais e hoje celebramos os n\u00fameros das vit\u00f3rias e conquistas que a \u00e1rea tem demonstrado ao pa\u00eds. Eu tenho muito orgulho da nossa seguran\u00e7a e vamos continuar com os investimentos\u201d, frisou.<br \/><br \/>O secret\u00e1rio de estado da Seguran\u00e7a e da Defesa Social, Jean Nunes, destacou o trabalho integrado dos \u00f3rg\u00e3os da seguran\u00e7a e o cuidado com o servidor para a melhor realiza\u00e7\u00e3o de suas fun\u00e7\u00f5es. \u201cS\u00e3o v\u00e1rios indicadores positivos em 2022, trazendo redu\u00e7\u00e3o no n\u00famero de homic\u00eddios, feminic\u00eddios, al\u00e9m de comparativos com anos anteriores, gra\u00e7as ao empenho das for\u00e7as da seguran\u00e7a, que tem dado respostas importantes \u00e0 popula\u00e7\u00e3o\u201d, falou.<br \/><br \/>O comandante-geral da Pol\u00edcia Militar, coronel S\u00e9rgio Fonseca, afirmou que os investimentos do estado s\u00e3o fundamentais para o \u00eaxito dos n\u00fameros da seguran\u00e7a. \u201cHoje foi apresentada uma redu\u00e7\u00e3o de 959 casos de CVLI, o que demonstra o profissionalismo, dedica\u00e7\u00e3o e zelo das for\u00e7as de Seguran\u00e7a. Esses resultados se d\u00e3o porque temos investimentos, a exemplo do que foi feito hoje com a entrega de R$ 21 milh\u00f5es em equipamentos e de mais R$ 160 milh\u00f5es na constru\u00e7\u00e3o e operacionaliza\u00e7\u00e3o dos Centros Integrados de Comando e Controle, o que se reflete na melhor presta\u00e7\u00e3o de servi\u00e7o \u00e0 sociedade\u201d, disse.<\/p>\n<p><img loading=\"lazy\" decoding=\"async\" class=\" wp-image-915890 aligncenter\" src=\"http:\/\/www.pm.pb.gov.br\/portal\/wp-content\/uploads\/2023\/03\/unnamed-6-667x445.jpg\" alt=\"\" width=\"622\" height=\"415\" srcset=\"https:\/\/www.pm.pb.gov.br\/portal\/wp-content\/uploads\/2023\/03\/unnamed-6-667x445.jpg 667w, https:\/\/www.pm.pb.gov.br\/portal\/wp-content\/uploads\/2023\/03\/unnamed-6-855x570.jpg 855w, https:\/\/www.pm.pb.gov.br\/portal\/wp-content\/uploads\/2023\/03\/unnamed-6-768x512.jpg 768w, https:\/\/www.pm.pb.gov.br\/portal\/wp-content\/uploads\/2023\/03\/unnamed-6-1536x1024.jpg 1536w, https:\/\/www.pm.pb.gov.br\/portal\/wp-content\/uploads\/2023\/03\/unnamed-6-2048x1366.jpg 2048w, https:\/\/www.pm.pb.gov.br\/portal\/wp-content\/uploads\/2023\/03\/unnamed-6-272x182.jpg 272w\" sizes=\"(max-width: 622px) 100vw, 622px\" \/><br \/><strong>Redu\u00e7\u00e3o de assassinatos &#8211;<\/strong> De acordo com o N\u00facleo de An\u00e1lise Criminal e Estat\u00edstica (Nace) da Secretaria da Seguran\u00e7a e da Defesa Social (Sesds), de 2019 a 2022, foram contabilizados 4.359 Crimes Violentos Letais Intencionais (CVLI), que s\u00e3o os homic\u00eddios dolosos ou qualquer outro crime doloso que resulte em morte. No quadri\u00eanio anterior, aconteceram 5.318 ocorr\u00eancias.<br \/><br \/>Somente no ano de 2022, a redu\u00e7\u00e3o foi de 6%, saindo de 1.161 crimes em 2011 para 1.090 no ano passado. Em rela\u00e7\u00e3o \u00e0 taxa de CVLI por 100 mil habitantes (27), \u00e9 a 2a menor dos \u00faltimos 14 anos, e tamb\u00e9m menor que a taxa m\u00e9dia de todos os estados do nordeste, seguindo em constante decl\u00ednio.<br \/><br \/>J\u00e1 em rela\u00e7\u00e3o aos femin\u00edcios, os n\u00fameros sa\u00edram de 32 casos em 2021 para 24 no ano passado. A redu\u00e7\u00e3o desde 2019 \u00e9 de 33%.<br \/><br \/>Tamb\u00e9m s\u00e3o destaque as redu\u00e7\u00f5es de assassinatos nas duas maiores cidades do estado. Em Jo\u00e3o Pessoa, foram 232 CVLI em 2021 e 200 no ano passado, representando uma queda de 14% nas ocorr\u00eancias e que chega a 66%, desde 2011. Em Campina Grande, os n\u00fameros sa\u00edram de 53 casos em 2021 para 49 no ano passado, uma redu\u00e7\u00e3o de 7,5% em 12 meses e de 75% desde 2010, quando a cidade chegou a registrar 199 assassinatos.<br \/><br \/><strong>Menos crimes contra o patrim\u00f4nio &#8211;<\/strong> O relat\u00f3rio da Seguran\u00e7a P\u00fablica aponta ainda que A Para\u00edba registrou de 2019 a 2022 uma diminui\u00e7\u00e3o de 78 % nos ataques a bancos em rela\u00e7\u00e3o aos quatro anos anteriores. Foram 378 casos contra 79. Em rela\u00e7\u00e3o \u00e0s explos\u00f5es, a queda nas ocorr\u00eancias foi ainda maior: de 297 casos para 40 (- 87%).<br \/><br \/>No comparativo de 2022 com o ano anterior, ainda foram contabilizadas redu\u00e7\u00f5es de crimes contra a pessoa (-15%); contra estabelecimentos comerciais (-11%); contra resid\u00eancias (-27%) e em transportes coletivos (-20%). Os n\u00fameros refletem -15% de ocorr\u00eancias no geral e colocam a Para\u00edba na posi\u00e7\u00e3o de segunda menor taxa de Roubos totais do nordeste e a oitava menor taxa do Brasil, segundo dados do F\u00f3rum Brasileiro de Seguran\u00e7a P\u00fablica (2021).<br \/><br \/>Tamb\u00e9m em quatro anos, foram recuperados e devolvidos aos seus propriet\u00e1rios um total de 13.533 ve\u00edculos, o que representa 69% da quantidade de ve\u00edculos subtra\u00eddos no per\u00edodo. Em 2022, as pol\u00edcias recuperaram 3.751 ve\u00edculos, sendo 2.235 motos, 1.509 autom\u00f3veis e sete caminh\u00f5es.<br \/><br \/><strong>Apreens\u00e3o de armas e drogas<\/strong>\u00a0&#8211; Um dos fatores que contribuiu para redu\u00e7\u00e3o de crimes contra a vida e contra o patrim\u00f4nio na Para\u00edba foi a intensifica\u00e7\u00e3o de a\u00e7\u00f5es para retirada de armas de fogo das ruas e de drogas em circula\u00e7\u00e3o. De 2019 a 2022, mais de 13 mil armas de fogo foram apreendidas, entre rev\u00f3lveres, pistolas, espingardas e armas de grosso calibre. Somente em 2022, foram 2.782 armas recolhidas das ruas.<br \/><br \/>Nos 48 meses, tamb\u00e9m foram apreendidas mais de 14 toneladas de entorpecentes, sendo 3.472 quilos no ano passado, sendo desses 433 quilos de crack, a maior apreens\u00e3o desse tipo de droga na hist\u00f3ria.<br \/><br \/><strong>Opera\u00e7\u00f5es e pris\u00f5es<\/strong>\u00a0&#8211; O planejamento estrat\u00e9gico dos \u00f3rg\u00e3os de Seguran\u00e7a P\u00fablica inclui a\u00e7\u00f5es de preven\u00e7\u00e3o e repress\u00e3o qualificada, para redu\u00e7\u00e3o da criminalidade. O trabalho \u00e9 desenvolvido de maneira integrada entre os \u00f3rg\u00e3os operativos da pasta &#8211; Pol\u00edcia Militar, Pol\u00edcia Civil e Corpo de Bombeiros Militar, atuando cada um dentro de suas atribui\u00e7\u00f5es.<br \/><br \/>De 2019 a 2020, foram realizadas mais opera\u00e7\u00f5es, que resultaram em 70 mil pris\u00f5es, sendo 11,5 mil qualificadas, por crimes de homic\u00eddio, contra o patrim\u00f4nio, ou de pessoas com mandados de pris\u00e3o em aberto, por exemplo.<br \/><br \/><strong>Socorros e resgates<\/strong>\u00a0&#8211; Um total de 11.427 vidas foram salvas pelo Corpo de Bombeiros Militar da Para\u00edba em a\u00e7\u00f5es de socorro de v\u00edtimas de tentativas de assassinato e resgates em acidentes. Em 2022, foram 36 atendimentos de v\u00edtimas de armas de fogo e 35 de arma branca. J\u00e1 em rela\u00e7\u00e3o aos acidentes, se somaram mais de 2,5 mil atendimentos, em casos de colis\u00e3o\/choque, queda de moto, artopelamentos, capotamentos, enre outros tipos de ocorr\u00eancias.<br \/><br \/><strong>A\u00e7\u00f5es para 2023<\/strong>\u00a0&#8211; Durante a reuni\u00e3o, ainda foram apresentadas as estrat\u00e9gias, j\u00e1 em andamento, de novas estrat\u00e9gias de policiamento e investiga\u00e7\u00e3o com uso de tecnologias, incluindo os Centros Integrados de Comando e Controle em funcionamento nas cidades de Patos e Campina Grande, e o sistema de videomonitoramento que conta com mais de 800 c\u00e2meras instaladas no estado.<br \/>As a\u00e7\u00f5es contam com rastreamento e mapeamento de viaturas e equipes com r\u00e1dios, videomonitoramento de espa\u00e7os p\u00fablicos, rastreamento de ve\u00edculos com leitura de placas (LPR), rastreamento de procurados pela Justi\u00e7a por meio de leitura facial e integra\u00e7\u00e3o com informa\u00e7\u00f5es de outras ag\u00eancias.<br \/><br \/>Parceria para controle de armas de fogo e elucida\u00e7\u00e3o de homic\u00eddios &#8211; Com o objetivo de executar de forma ainda mais eficiente o controle de armas custodiadas em todo o estado, a Secretaria da Seguran\u00e7a e da Defesa Social da Para\u00edba est\u00e1 desenvolvendo, em parceria com o Instituto Sou da Paz, um Modelo Integrado de Controle de Armas e Muni\u00e7\u00f5es, baseado em produ\u00e7\u00e3o de dados estrat\u00e9gicos, intelig\u00eancia policial e coopera\u00e7\u00e3o institucional.<br \/><br \/>A Para\u00edba \u00e9 o segundo estado do pa\u00eds a desenvolver esse projeto que, al\u00e9m de controlar armas e muni\u00e7\u00f5es, resulta ainda em opera\u00e7\u00f5es policiais mais eficientes e na redu\u00e7\u00e3o da viol\u00eancia armada, protegendo a vida dos agentes de seguran\u00e7a p\u00fablica envolvidos e da popula\u00e7\u00e3o.<br \/><br \/>O vice-governador Lucas Ribeiro tamb\u00e9m acompanhou a reuni\u00e3o com as For\u00e7as de Seguran\u00e7a.<\/p>\n<p><em>Fonte: Secom<\/em><\/p>\n","protected":false},"excerpt":{"rendered":"<p>O governador Jo\u00e3o Azev\u00eado promoveu, nesta ter\u00e7a-feira (7), reuni\u00e3o com a c\u00fapula da Seguran\u00e7a P\u00fablica, ocasi\u00e3o em que foi apresentado<\/p>\n","protected":false},"author":12,"featured_media":915889,"comment_status":"closed","ping_status":"closed","sticky":false,"template":"","format":"standard","meta":{"_exactmetrics_skip_tracking":false,"_exactmetrics_sitenote_active":false,"_exactmetrics_sitenote_note":"","_exactmetrics_sitenote_category":0,"footnotes":""},"categories":[9],"tags":[],"yoast_head":"<!-- This site is optimized with the Yoast SEO plugin v22.0 - https:\/\/yoast.com\/wordpress\/plugins\/seo\/ -->\n<title>Governador Jo\u00e3o Azev\u00eado destaca redu\u00e7\u00e3o de \u00edndices de homic\u00eddios e de crimes patrimoniais em reuni\u00e3o com as For\u00e7as de Seguran\u00e7a - Pol\u00edcia Militar da Para\u00edba<\/title>\n<meta name=\"robots\" content=\"index, follow, max-snippet:-1, max-image-preview:large, max-video-preview:-1\" \/>\n<link rel=\"canonical\" href=\"https:\/\/www.pm.pb.gov.br\/portal\/2023\/03\/07\/governador-joao-azevedo-destaca-reducao-de-indices-de-homicidios-e-de-crimes-patrimoniais-em-reuniao-com-as-forcas-de-seguranca\/\" \/>\n<meta property=\"og:locale\" content=\"pt_BR\" \/>\n<meta property=\"og:type\" content=\"article\" \/>\n<meta property=\"og:title\" content=\"Governador Jo\u00e3o Azev\u00eado destaca redu\u00e7\u00e3o de \u00edndices de homic\u00eddios e de crimes patrimoniais em reuni\u00e3o com as For\u00e7as de Seguran\u00e7a - Pol\u00edcia Militar da Para\u00edba\" \/>\n<meta property=\"og:description\" content=\"O governador Jo\u00e3o Azev\u00eado promoveu, nesta ter\u00e7a-feira (7), reuni\u00e3o com a c\u00fapula da Seguran\u00e7a P\u00fablica, ocasi\u00e3o em que foi apresentado\" \/>\n<meta property=\"og:url\" content=\"https:\/\/www.pm.pb.gov.br\/portal\/2023\/03\/07\/governador-joao-azevedo-destaca-reducao-de-indices-de-homicidios-e-de-crimes-patrimoniais-em-reuniao-com-as-forcas-de-seguranca\/\" \/>\n<meta property=\"og:site_name\" content=\"Pol\u00edcia Militar da Para\u00edba\" \/>\n<meta property=\"article:published_time\" content=\"2023-03-07T18:58:25+00:00\" \/>\n<meta property=\"article:modified_time\" content=\"2023-03-07T18:58:49+00:00\" \/>\n<meta property=\"og:image\" content=\"http:\/\/www.pm.pb.gov.br\/portal\/wp-content\/uploads\/2023\/03\/unnamed-51.jpg\" \/>\n\t<meta property=\"og:image:width\" content=\"800\" \/>\n\t<meta property=\"og:image:height\" content=\"445\" \/>\n\t<meta property=\"og:image:type\" content=\"image\/jpeg\" \/>\n<meta name=\"author\" content=\"Tarcisio Oliveira\" \/>\n<meta name=\"twitter:card\" content=\"summary_large_image\" \/>\n<meta name=\"twitter:label1\" content=\"Escrito por\" \/>\n\t<meta name=\"twitter:data1\" content=\"Tarcisio Oliveira\" \/>\n\t<meta name=\"twitter:label2\" content=\"Est. tempo de leitura\" \/>\n\t<meta name=\"twitter:data2\" content=\"8 minutos\" \/>\n<script type=\"application\/ld+json\" class=\"yoast-schema-graph\">{\"@context\":\"https:\/\/schema.org\",\"@graph\":[{\"@type\":\"Article\",\"@id\":\"https:\/\/www.pm.pb.gov.br\/portal\/2023\/03\/07\/governador-joao-azevedo-destaca-reducao-de-indices-de-homicidios-e-de-crimes-patrimoniais-em-reuniao-com-as-forcas-de-seguranca\/#article\",\"isPartOf\":{\"@id\":\"https:\/\/www.pm.pb.gov.br\/portal\/2023\/03\/07\/governador-joao-azevedo-destaca-reducao-de-indices-de-homicidios-e-de-crimes-patrimoniais-em-reuniao-com-as-forcas-de-seguranca\/\"},\"author\":{\"name\":\"Tarcisio Oliveira\",\"@id\":\"https:\/\/www.pm.pb.gov.br\/portal\/#\/schema\/person\/f84f56dcc78ce4357054da888b8247fd\"},\"headline\":\"Governador Jo\u00e3o Azev\u00eado destaca redu\u00e7\u00e3o de \u00edndices de homic\u00eddios e de crimes patrimoniais em reuni\u00e3o com as For\u00e7as de Seguran\u00e7a\",\"datePublished\":\"2023-03-07T18:58:25+00:00\",\"dateModified\":\"2023-03-07T18:58:49+00:00\",\"mainEntityOfPage\":{\"@id\":\"https:\/\/www.pm.pb.gov.br\/portal\/2023\/03\/07\/governador-joao-azevedo-destaca-reducao-de-indices-de-homicidios-e-de-crimes-patrimoniais-em-reuniao-com-as-forcas-de-seguranca\/\"},\"wordCount\":1420,\"publisher\":{\"@id\":\"https:\/\/www.pm.pb.gov.br\/portal\/#organization\"},\"articleSection\":[\"Eventos\"],\"inLanguage\":\"pt-BR\"},{\"@type\":\"WebPage\",\"@id\":\"https:\/\/www.pm.pb.gov.br\/portal\/2023\/03\/07\/governador-joao-azevedo-destaca-reducao-de-indices-de-homicidios-e-de-crimes-patrimoniais-em-reuniao-com-as-forcas-de-seguranca\/\",\"url\":\"https:\/\/www.pm.pb.gov.br\/portal\/2023\/03\/07\/governador-joao-azevedo-destaca-reducao-de-indices-de-homicidios-e-de-crimes-patrimoniais-em-reuniao-com-as-forcas-de-seguranca\/\",\"name\":\"Governador Jo\u00e3o Azev\u00eado destaca redu\u00e7\u00e3o de \u00edndices de homic\u00eddios e de crimes patrimoniais em reuni\u00e3o com as For\u00e7as de Seguran\u00e7a - Pol\u00edcia Militar da Para\u00edba\",\"isPartOf\":{\"@id\":\"https:\/\/www.pm.pb.gov.br\/portal\/#website\"},\"datePublished\":\"2023-03-07T18:58:25+00:00\",\"dateModified\":\"2023-03-07T18:58:49+00:00\",\"breadcrumb\":{\"@id\":\"https:\/\/www.pm.pb.gov.br\/portal\/2023\/03\/07\/governador-joao-azevedo-destaca-reducao-de-indices-de-homicidios-e-de-crimes-patrimoniais-em-reuniao-com-as-forcas-de-seguranca\/#breadcrumb\"},\"inLanguage\":\"pt-BR\",\"potentialAction\":[{\"@type\":\"ReadAction\",\"target\":[\"https:\/\/www.pm.pb.gov.br\/portal\/2023\/03\/07\/governador-joao-azevedo-destaca-reducao-de-indices-de-homicidios-e-de-crimes-patrimoniais-em-reuniao-com-as-forcas-de-seguranca\/\"]}]},{\"@type\":\"BreadcrumbList\",\"@id\":\"https:\/\/www.pm.pb.gov.br\/portal\/2023\/03\/07\/governador-joao-azevedo-destaca-reducao-de-indices-de-homicidios-e-de-crimes-patrimoniais-em-reuniao-com-as-forcas-de-seguranca\/#breadcrumb\",\"itemListElement\":[{\"@type\":\"ListItem\",\"position\":1,\"name\":\"In\u00edcio\",\"item\":\"https:\/\/www.pm.pb.gov.br\/portal\/\"},{\"@type\":\"ListItem\",\"position\":2,\"name\":\"Governador Jo\u00e3o Azev\u00eado destaca redu\u00e7\u00e3o de \u00edndices de homic\u00eddios e de crimes patrimoniais em reuni\u00e3o com as For\u00e7as de Seguran\u00e7a\"}]},{\"@type\":\"WebSite\",\"@id\":\"https:\/\/www.pm.pb.gov.br\/portal\/#website\",\"url\":\"https:\/\/www.pm.pb.gov.br\/portal\/\",\"name\":\"Pol\u00edcia Militar da Para\u00edba\",\"description\":\"\",\"publisher\":{\"@id\":\"https:\/\/www.pm.pb.gov.br\/portal\/#organization\"},\"potentialAction\":[{\"@type\":\"SearchAction\",\"target\":{\"@type\":\"EntryPoint\",\"urlTemplate\":\"https:\/\/www.pm.pb.gov.br\/portal\/?s={search_term_string}\"},\"query-input\":\"required name=search_term_string\"}],\"inLanguage\":\"pt-BR\"},{\"@type\":\"Organization\",\"@id\":\"https:\/\/www.pm.pb.gov.br\/portal\/#organization\",\"name\":\"Pol\u00edcia Militar da Para\u00edba\",\"url\":\"https:\/\/www.pm.pb.gov.br\/portal\/\",\"logo\":{\"@type\":\"ImageObject\",\"inLanguage\":\"pt-BR\",\"@id\":\"https:\/\/www.pm.pb.gov.br\/portal\/#\/schema\/logo\/image\/\",\"url\":\"https:\/\/www.pm.pb.gov.br\/portal\/wp-content\/uploads\/2025\/03\/cropped-logo-site-mag2-1.png\",\"contentUrl\":\"https:\/\/www.pm.pb.gov.br\/portal\/wp-content\/uploads\/2025\/03\/cropped-logo-site-mag2-1.png\",\"width\":320,\"height\":90,\"caption\":\"Pol\u00edcia Militar da Para\u00edba\"},\"image\":{\"@id\":\"https:\/\/www.pm.pb.gov.br\/portal\/#\/schema\/logo\/image\/\"}},{\"@type\":\"Person\",\"@id\":\"https:\/\/www.pm.pb.gov.br\/portal\/#\/schema\/person\/f84f56dcc78ce4357054da888b8247fd\",\"name\":\"Tarcisio Oliveira\",\"image\":{\"@type\":\"ImageObject\",\"inLanguage\":\"pt-BR\",\"@id\":\"https:\/\/www.pm.pb.gov.br\/portal\/#\/schema\/person\/image\/\",\"url\":\"https:\/\/secure.gravatar.com\/avatar\/72917b630b69d31cd0297507f34bac97?s=96&d=mm&r=g\",\"contentUrl\":\"https:\/\/secure.gravatar.com\/avatar\/72917b630b69d31cd0297507f34bac97?s=96&d=mm&r=g\",\"caption\":\"Tarcisio Oliveira\"},\"url\":\"https:\/\/www.pm.pb.gov.br\/portal\/author\/tarcisio\/\"}]}<\/script>\n<!-- \/ Yoast SEO plugin. -->","yoast_head_json":{"title":"Governador Jo\u00e3o Azev\u00eado destaca redu\u00e7\u00e3o de \u00edndices de homic\u00eddios e de crimes patrimoniais em reuni\u00e3o com as For\u00e7as de Seguran\u00e7a - Pol\u00edcia Militar da Para\u00edba","robots":{"index":"index","follow":"follow","max-snippet":"max-snippet:-1","max-image-preview":"max-image-preview:large","max-video-preview":"max-video-preview:-1"},"canonical":"https:\/\/www.pm.pb.gov.br\/portal\/2023\/03\/07\/governador-joao-azevedo-destaca-reducao-de-indices-de-homicidios-e-de-crimes-patrimoniais-em-reuniao-com-as-forcas-de-seguranca\/","og_locale":"pt_BR","og_type":"article","og_title":"Governador Jo\u00e3o Azev\u00eado destaca redu\u00e7\u00e3o de \u00edndices de homic\u00eddios e de crimes patrimoniais em reuni\u00e3o com as For\u00e7as de Seguran\u00e7a - Pol\u00edcia Militar da Para\u00edba","og_description":"O governador Jo\u00e3o Azev\u00eado promoveu, nesta ter\u00e7a-feira (7), reuni\u00e3o com a c\u00fapula da Seguran\u00e7a P\u00fablica, ocasi\u00e3o em que foi apresentado","og_url":"https:\/\/www.pm.pb.gov.br\/portal\/2023\/03\/07\/governador-joao-azevedo-destaca-reducao-de-indices-de-homicidios-e-de-crimes-patrimoniais-em-reuniao-com-as-forcas-de-seguranca\/","og_site_name":"Pol\u00edcia Militar da Para\u00edba","article_published_time":"2023-03-07T18:58:25+00:00","article_modified_time":"2023-03-07T18:58:49+00:00","og_image":[{"width":800,"height":445,"url":"http:\/\/www.pm.pb.gov.br\/portal\/wp-content\/uploads\/2023\/03\/unnamed-51.jpg","type":"image\/jpeg"}],"author":"Tarcisio Oliveira","twitter_card":"summary_large_image","twitter_misc":{"Escrito por":"Tarcisio Oliveira","Est. tempo de leitura":"8 minutos"},"schema":{"@context":"https:\/\/schema.org","@graph":[{"@type":"Article","@id":"https:\/\/www.pm.pb.gov.br\/portal\/2023\/03\/07\/governador-joao-azevedo-destaca-reducao-de-indices-de-homicidios-e-de-crimes-patrimoniais-em-reuniao-com-as-forcas-de-seguranca\/#article","isPartOf":{"@id":"https:\/\/www.pm.pb.gov.br\/portal\/2023\/03\/07\/governador-joao-azevedo-destaca-reducao-de-indices-de-homicidios-e-de-crimes-patrimoniais-em-reuniao-com-as-forcas-de-seguranca\/"},"author":{"name":"Tarcisio Oliveira","@id":"https:\/\/www.pm.pb.gov.br\/portal\/#\/schema\/person\/f84f56dcc78ce4357054da888b8247fd"},"headline":"Governador Jo\u00e3o Azev\u00eado destaca redu\u00e7\u00e3o de \u00edndices de homic\u00eddios e de crimes patrimoniais em reuni\u00e3o com as For\u00e7as de Seguran\u00e7a","datePublished":"2023-03-07T18:58:25+00:00","dateModified":"2023-03-07T18:58:49+00:00","mainEntityOfPage":{"@id":"https:\/\/www.pm.pb.gov.br\/portal\/2023\/03\/07\/governador-joao-azevedo-destaca-reducao-de-indices-de-homicidios-e-de-crimes-patrimoniais-em-reuniao-com-as-forcas-de-seguranca\/"},"wordCount":1420,"publisher":{"@id":"https:\/\/www.pm.pb.gov.br\/portal\/#organization"},"articleSection":["Eventos"],"inLanguage":"pt-BR"},{"@type":"WebPage","@id":"https:\/\/www.pm.pb.gov.br\/portal\/2023\/03\/07\/governador-joao-azevedo-destaca-reducao-de-indices-de-homicidios-e-de-crimes-patrimoniais-em-reuniao-com-as-forcas-de-seguranca\/","url":"https:\/\/www.pm.pb.gov.br\/portal\/2023\/03\/07\/governador-joao-azevedo-destaca-reducao-de-indices-de-homicidios-e-de-crimes-patrimoniais-em-reuniao-com-as-forcas-de-seguranca\/","name":"Governador Jo\u00e3o Azev\u00eado destaca redu\u00e7\u00e3o de \u00edndices de homic\u00eddios e de crimes patrimoniais em reuni\u00e3o com as For\u00e7as de Seguran\u00e7a - Pol\u00edcia Militar da Para\u00edba","isPartOf":{"@id":"https:\/\/www.pm.pb.gov.br\/portal\/#website"},"datePublished":"2023-03-07T18:58:25+00:00","dateModified":"2023-03-07T18:58:49+00:00","breadcrumb":{"@id":"https:\/\/www.pm.pb.gov.br\/portal\/2023\/03\/07\/governador-joao-azevedo-destaca-reducao-de-indices-de-homicidios-e-de-crimes-patrimoniais-em-reuniao-com-as-forcas-de-seguranca\/#breadcrumb"},"inLanguage":"pt-BR","potentialAction":[{"@type":"ReadAction","target":["https:\/\/www.pm.pb.gov.br\/portal\/2023\/03\/07\/governador-joao-azevedo-destaca-reducao-de-indices-de-homicidios-e-de-crimes-patrimoniais-em-reuniao-com-as-forcas-de-seguranca\/"]}]},{"@type":"BreadcrumbList","@id":"https:\/\/www.pm.pb.gov.br\/portal\/2023\/03\/07\/governador-joao-azevedo-destaca-reducao-de-indices-de-homicidios-e-de-crimes-patrimoniais-em-reuniao-com-as-forcas-de-seguranca\/#breadcrumb","itemListElement":[{"@type":"ListItem","position":1,"name":"In\u00edcio","item":"https:\/\/www.pm.pb.gov.br\/portal\/"},{"@type":"ListItem","position":2,"name":"Governador Jo\u00e3o Azev\u00eado destaca redu\u00e7\u00e3o de \u00edndices de homic\u00eddios e de crimes patrimoniais em reuni\u00e3o com as For\u00e7as de Seguran\u00e7a"}]},{"@type":"WebSite","@id":"https:\/\/www.pm.pb.gov.br\/portal\/#website","url":"https:\/\/www.pm.pb.gov.br\/portal\/","name":"Pol\u00edcia Militar da Para\u00edba","description":"","publisher":{"@id":"https:\/\/www.pm.pb.gov.br\/portal\/#organization"},"potentialAction":[{"@type":"SearchAction","target":{"@type":"EntryPoint","urlTemplate":"https:\/\/www.pm.pb.gov.br\/portal\/?s={search_term_string}"},"query-input":"required name=search_term_string"}],"inLanguage":"pt-BR"},{"@type":"Organization","@id":"https:\/\/www.pm.pb.gov.br\/portal\/#organization","name":"Pol\u00edcia Militar da Para\u00edba","url":"https:\/\/www.pm.pb.gov.br\/portal\/","logo":{"@type":"ImageObject","inLanguage":"pt-BR","@id":"https:\/\/www.pm.pb.gov.br\/portal\/#\/schema\/logo\/image\/","url":"https:\/\/www.pm.pb.gov.br\/portal\/wp-content\/uploads\/2025\/03\/cropped-logo-site-mag2-1.png","contentUrl":"https:\/\/www.pm.pb.gov.br\/portal\/wp-content\/uploads\/2025\/03\/cropped-logo-site-mag2-1.png","width":320,"height":90,"caption":"Pol\u00edcia Militar da Para\u00edba"},"image":{"@id":"https:\/\/www.pm.pb.gov.br\/portal\/#\/schema\/logo\/image\/"}},{"@type":"Person","@id":"https:\/\/www.pm.pb.gov.br\/portal\/#\/schema\/person\/f84f56dcc78ce4357054da888b8247fd","name":"Tarcisio Oliveira","image":{"@type":"ImageObject","inLanguage":"pt-BR","@id":"https:\/\/www.pm.pb.gov.br\/portal\/#\/schema\/person\/image\/","url":"https:\/\/secure.gravatar.com\/avatar\/72917b630b69d31cd0297507f34bac97?s=96&d=mm&r=g","contentUrl":"https:\/\/secure.gravatar.com\/avatar\/72917b630b69d31cd0297507f34bac97?s=96&d=mm&r=g","caption":"Tarcisio Oliveira"},"url":"https:\/\/www.pm.pb.gov.br\/portal\/author\/tarcisio\/"}]}},"_links":{"self":[{"href":"https:\/\/www.pm.pb.gov.br\/portal\/wp-json\/wp\/v2\/posts\/915888"}],"collection":[{"href":"https:\/\/www.pm.pb.gov.br\/portal\/wp-json\/wp\/v2\/posts"}],"about":[{"href":"https:\/\/www.pm.pb.gov.br\/portal\/wp-json\/wp\/v2\/types\/post"}],"author":[{"embeddable":true,"href":"https:\/\/www.pm.pb.gov.br\/portal\/wp-json\/wp\/v2\/users\/12"}],"replies":[{"embeddable":true,"href":"https:\/\/www.pm.pb.gov.br\/portal\/wp-json\/wp\/v2\/comments?post=915888"}],"version-history":[{"count":2,"href":"https:\/\/www.pm.pb.gov.br\/portal\/wp-json\/wp\/v2\/posts\/915888\/revisions"}],"predecessor-version":[{"id":915892,"href":"https:\/\/www.pm.pb.gov.br\/portal\/wp-json\/wp\/v2\/posts\/915888\/revisions\/915892"}],"wp:featuredmedia":[{"embeddable":true,"href":"https:\/\/www.pm.pb.gov.br\/portal\/wp-json\/wp\/v2\/media\/915889"}],"wp:attachment":[{"href":"https:\/\/www.pm.pb.gov.br\/portal\/wp-json\/wp\/v2\/media?parent=915888"}],"wp:term":[{"taxonomy":"category","embeddable":true,"href":"https:\/\/www.pm.pb.gov.br\/portal\/wp-json\/wp\/v2\/categories?post=915888"},{"taxonomy":"post_tag","embeddable":true,"href":"https:\/\/www.pm.pb.gov.br\/portal\/wp-json\/wp\/v2\/tags?post=915888"}],"curies":[{"name":"wp","href":"https:\/\/api.w.org\/{rel}","templated":true}]}}