{"id":915879,"date":"2023-03-07T14:47:46","date_gmt":"2023-03-07T17:47:46","guid":{"rendered":"https:\/\/www.pm.pb.gov.br\/portal\/?p=915879"},"modified":"2023-03-07T14:53:18","modified_gmt":"2023-03-07T17:53:18","slug":"governador-joao-azevedo-entrega-viaturas-e-equipamentos-para-as-forcas-de-seguranca-com-investimentos-de-r-21-milhoes","status":"publish","type":"post","link":"https:\/\/www.pm.pb.gov.br\/portal\/2023\/03\/07\/governador-joao-azevedo-entrega-viaturas-e-equipamentos-para-as-forcas-de-seguranca-com-investimentos-de-r-21-milhoes\/","title":{"rendered":"Governador Jo\u00e3o Azev\u00eado entrega viaturas e equipamentos para as For\u00e7as de Seguran\u00e7a com investimentos de R$ 21 milh\u00f5es"},"content":{"rendered":"\n<p>O governador Jo\u00e3o Azev\u00eado entregou, nesta ter\u00e7a-feira (7), no Centro de Conven\u00e7\u00f5es de Jo\u00e3o Pessoa, equipamentos aos \u00f3rg\u00e3os que fazem parte do Sistema de Seguran\u00e7a da Para\u00edba &#8211; Pol\u00edcia Militar, Pol\u00edcia Civil, Corpo de Bombeiros Militar, Departamento Estadual de Tr\u00e2nsito (Detran) e Secretaria de Administra\u00e7\u00e3o Penitenci\u00e1ria, que totalizam investimentos que somam mais de R$ 21 milh\u00f5es.\u00a0<\/p>\n<p><img loading=\"lazy\" decoding=\"async\" class=\" wp-image-915882 aligncenter\" src=\"http:\/\/www.pm.pb.gov.br\/portal\/wp-content\/uploads\/2023\/03\/DSC078531-667x445.jpg\" alt=\"\" width=\"633\" height=\"422\" srcset=\"https:\/\/www.pm.pb.gov.br\/portal\/wp-content\/uploads\/2023\/03\/DSC078531-667x445.jpg 667w, https:\/\/www.pm.pb.gov.br\/portal\/wp-content\/uploads\/2023\/03\/DSC078531-855x570.jpg 855w, https:\/\/www.pm.pb.gov.br\/portal\/wp-content\/uploads\/2023\/03\/DSC078531-768x512.jpg 768w, https:\/\/www.pm.pb.gov.br\/portal\/wp-content\/uploads\/2023\/03\/DSC078531-272x182.jpg 272w, https:\/\/www.pm.pb.gov.br\/portal\/wp-content\/uploads\/2023\/03\/DSC078531.jpg 1024w\" sizes=\"(max-width: 633px) 100vw, 633px\" \/><\/p>\n<p>Na ocasi\u00e3o, o chefe do Executivo estadual ressaltou o compromisso do governo para aperfei\u00e7oar o sistema de seguran\u00e7a, garantindo qualifica\u00e7\u00e3o e melhores condi\u00e7\u00f5es de trabalho para os policiais exerceram suas atividades. \u201cEssas s\u00e3o a\u00e7\u00f5es que quebram paradigmas. Pela primeira vez na hist\u00f3ria da Pol\u00edcia Civil, foram feitas aquisi\u00e7\u00f5es de fuzis para dotar homens e mulheres das condi\u00e7\u00f5es de trabalho, entregamos equipamentos de \u00faltima gera\u00e7\u00e3o. N\u00e3o medimos esfor\u00e7os para que tenhamos profissionais bem treinados, por isso, fomos reconhecidos como a melhor seguran\u00e7a p\u00fablica do Norte\/Nordeste\u201d, frisou.<\/p>\n<p>O secret\u00e1rio de estado da Seguran\u00e7a e da Defesa Social, Jean Nunes, destacou que os investimentos representam uma clara demonstra\u00e7\u00e3o do compromisso do Governo do Estado com as for\u00e7as de Seguran\u00e7a. \u201cEssas a\u00e7\u00f5es v\u00eam se repetindo ao longo dos \u00faltimos quatro anos, com fortalecimento da capacita\u00e7\u00e3o, reestrutura\u00e7\u00e3o das institui\u00e7\u00f5es e das estruturas f\u00edsicas. Todas as for\u00e7as de Seguran\u00e7a est\u00e3o sendo contempladas com esses investimentos que garantem melhores condi\u00e7\u00f5es de trabalho e retorno imediato \u00e0 sociedade, com a melhoria da presta\u00e7\u00e3o de servi\u00e7o\u201d, comentou.\u00a0<\/p>\n<figure id=\"attachment_915881\" aria-describedby=\"caption-attachment-915881\" style=\"width: 575px\" class=\"wp-caption aligncenter\"><img loading=\"lazy\" decoding=\"async\" class=\"wp-image-915881\" src=\"http:\/\/www.pm.pb.gov.br\/portal\/wp-content\/uploads\/2023\/03\/WhatsApp-Image-2023-03-07-at-14.02.14-668x445.jpeg\" alt=\"\" width=\"575\" height=\"383\" srcset=\"https:\/\/www.pm.pb.gov.br\/portal\/wp-content\/uploads\/2023\/03\/WhatsApp-Image-2023-03-07-at-14.02.14-668x445.jpeg 668w, https:\/\/www.pm.pb.gov.br\/portal\/wp-content\/uploads\/2023\/03\/WhatsApp-Image-2023-03-07-at-14.02.14-856x570.jpeg 856w, https:\/\/www.pm.pb.gov.br\/portal\/wp-content\/uploads\/2023\/03\/WhatsApp-Image-2023-03-07-at-14.02.14-768x512.jpeg 768w, https:\/\/www.pm.pb.gov.br\/portal\/wp-content\/uploads\/2023\/03\/WhatsApp-Image-2023-03-07-at-14.02.14-1536x1023.jpeg 1536w, https:\/\/www.pm.pb.gov.br\/portal\/wp-content\/uploads\/2023\/03\/WhatsApp-Image-2023-03-07-at-14.02.14-272x182.jpeg 272w, https:\/\/www.pm.pb.gov.br\/portal\/wp-content\/uploads\/2023\/03\/WhatsApp-Image-2023-03-07-at-14.02.14.jpeg 1600w\" sizes=\"(max-width: 575px) 100vw, 575px\" \/><figcaption id=\"caption-attachment-915881\" class=\"wp-caption-text\">Com a presen\u00e7a do governador e do secret\u00e1rio de Seguran\u00e7a, cadetes testam Unidade de Tiro Virtual M\u00f3vel.<\/figcaption><\/figure>\n<p><br \/>O secret\u00e1rio da Administra\u00e7\u00e3o Penitenci\u00e1ria, Jo\u00e3o Alves, tamb\u00e9m enalteceu a aten\u00e7\u00e3o do governo com as for\u00e7as de seguran\u00e7a. \u201cEssa \u00e9 uma a\u00e7\u00e3o que representa o reconhecimento do governo ao trabalho da pol\u00edcia penal e agradecemos, em nome dos nossos profissionais, por mais esse investimento que estava sendo aguardado por aqueles que fazem a seguran\u00e7a das nossas unidades prisionais\u201d, falou.\u00a0<br \/>\u00a0<br \/>O subcomandante-geral do Corpo de Bombeiros, coronel Lucas Severiano, afirmou que as viaturas ser\u00e3o distribu\u00eddas para atender as quatro regionais da corpora\u00e7\u00e3o no estado. \u201cRecebemos viaturas novas, equipamentos modernos que v\u00e3o facilitar o trabalho da corpora\u00e7\u00e3o para prestar um melhor servi\u00e7o \u00e0 sociedade. S\u00e3o viaturas de combate a inc\u00eandio, salvamento, equipamentos para recarregar cilindros de respira\u00e7\u00e3o aut\u00f4noma no local da ocorr\u00eancia que dar\u00e3o uma resposta mais r\u00e1pida \u00e0 sociedade\u201d, explicou.<\/p>\n<figure id=\"attachment_915883\" aria-describedby=\"caption-attachment-915883\" style=\"width: 618px\" class=\"wp-caption aligncenter\"><img loading=\"lazy\" decoding=\"async\" class=\"wp-image-915883\" src=\"http:\/\/www.pm.pb.gov.br\/portal\/wp-content\/uploads\/2023\/03\/DSC078721-667x445.jpg\" alt=\"\" width=\"618\" height=\"412\" srcset=\"https:\/\/www.pm.pb.gov.br\/portal\/wp-content\/uploads\/2023\/03\/DSC078721-667x445.jpg 667w, https:\/\/www.pm.pb.gov.br\/portal\/wp-content\/uploads\/2023\/03\/DSC078721-855x570.jpg 855w, https:\/\/www.pm.pb.gov.br\/portal\/wp-content\/uploads\/2023\/03\/DSC078721-768x512.jpg 768w, https:\/\/www.pm.pb.gov.br\/portal\/wp-content\/uploads\/2023\/03\/DSC078721-272x182.jpg 272w, https:\/\/www.pm.pb.gov.br\/portal\/wp-content\/uploads\/2023\/03\/DSC078721.jpg 1024w\" sizes=\"(max-width: 618px) 100vw, 618px\" \/><figcaption id=\"caption-attachment-915883\" class=\"wp-caption-text\">Comandante-geral da PM, coronel S\u00e9rgio Fonseca acompanhou a entrega dos materiais, agradeceu os investimentos e parabenizou os policiais pelas a\u00e7\u00f5es realizadas na seguran\u00e7a p\u00fablica.<\/figcaption><\/figure>\n<p>\u00a0<br \/>O delegado-geral da Pol\u00edcia Civil, Andr\u00e9 Rabelo, evidenciou a import\u00e2ncia dos equipamentos para a qualifica\u00e7\u00e3o dos profissionais. \u201cO governador Jo\u00e3o Azev\u00eado tem promovido uma pol\u00edtica de valoriza\u00e7\u00e3o de todas as for\u00e7as de seguran\u00e7a para combater a criminalidade, oferecendo estrutura para que possamos exercer o nosso trabalho de maneira ainda mais eficiente. Os equipamentos que recebemos hoje ser\u00e3o destinados para o Grupo de Opera\u00e7\u00f5es Especiais, Delegacia de Repress\u00e3o ao Crime Organizado, para a melhoria da investiga\u00e7\u00e3o policial, treinamentos e prepara\u00e7\u00e3o dos novos concursados para deixarmos os futuros policiais muito bem preparados\u201d, comentou.\u00a0<br \/>\u00a0<br \/>O superintendente do Detran, Isa\u00edas Gualberto, explicou que a institui\u00e7\u00e3o passa a oferecer mais conforto e melhores condi\u00e7\u00f5es aos servidores que atuam na Opera\u00e7\u00e3o Lei Seca, que chegar\u00e1 a novos munic\u00edpios da Para\u00edba. \u201cS\u00e3o 14 viaturas novas da Opera\u00e7\u00e3o Lei Seca que permitir\u00e3o a interioriza\u00e7\u00e3o das a\u00e7\u00f5es para Campina Grande, dando ainda mais seguran\u00e7a no tr\u00e2nsito e viabilizando mais opera\u00e7\u00f5es, que t\u00eam o objetivo de salvar vidas\u201d, pontuou.\u00a0\u2028\u2028Foram entregues quatro camionetes blindadas, um simulador m\u00f3vel de tiro, cinco ve\u00edculos de autobomba tanque salvamento, seis ambul\u00e2ncias e 14 viaturas da Lei Seca, al\u00e9m de mais de 3 mil armas de fogo (pistolas e fuzis), muni\u00e7\u00f5es, drones e fardamentos.\u00a0<br \/>\u00a0<br \/>O vice-governador Lucas Ribeiro, o deputado estadual Wilson Filho, al\u00e9m de auxiliares da gest\u00e3o estadual acompanharam a entrega dos equipamentos.<\/p>\n<p><img loading=\"lazy\" decoding=\"async\" class=\" wp-image-915884 aligncenter\" src=\"http:\/\/www.pm.pb.gov.br\/portal\/wp-content\/uploads\/2023\/03\/WhatsApp-Image-2023-03-07-at-14.03.09-668x445.jpeg\" alt=\"\" width=\"591\" height=\"394\" srcset=\"https:\/\/www.pm.pb.gov.br\/portal\/wp-content\/uploads\/2023\/03\/WhatsApp-Image-2023-03-07-at-14.03.09-668x445.jpeg 668w, https:\/\/www.pm.pb.gov.br\/portal\/wp-content\/uploads\/2023\/03\/WhatsApp-Image-2023-03-07-at-14.03.09-856x570.jpeg 856w, https:\/\/www.pm.pb.gov.br\/portal\/wp-content\/uploads\/2023\/03\/WhatsApp-Image-2023-03-07-at-14.03.09-768x512.jpeg 768w, https:\/\/www.pm.pb.gov.br\/portal\/wp-content\/uploads\/2023\/03\/WhatsApp-Image-2023-03-07-at-14.03.09-1536x1023.jpeg 1536w, https:\/\/www.pm.pb.gov.br\/portal\/wp-content\/uploads\/2023\/03\/WhatsApp-Image-2023-03-07-at-14.03.09-272x182.jpeg 272w, https:\/\/www.pm.pb.gov.br\/portal\/wp-content\/uploads\/2023\/03\/WhatsApp-Image-2023-03-07-at-14.03.09.jpeg 1600w\" sizes=\"(max-width: 591px) 100vw, 591px\" \/><\/p>\n<p><img loading=\"lazy\" decoding=\"async\" class=\" wp-image-915886 aligncenter\" src=\"http:\/\/www.pm.pb.gov.br\/portal\/wp-content\/uploads\/2023\/03\/81988c35-8f50-4496-943d-94f9490be5ad-668x445.jpeg\" alt=\"\" width=\"590\" height=\"393\" srcset=\"https:\/\/www.pm.pb.gov.br\/portal\/wp-content\/uploads\/2023\/03\/81988c35-8f50-4496-943d-94f9490be5ad-668x445.jpeg 668w, https:\/\/www.pm.pb.gov.br\/portal\/wp-content\/uploads\/2023\/03\/81988c35-8f50-4496-943d-94f9490be5ad-272x182.jpeg 272w, https:\/\/www.pm.pb.gov.br\/portal\/wp-content\/uploads\/2023\/03\/81988c35-8f50-4496-943d-94f9490be5ad.jpeg 768w\" sizes=\"(max-width: 590px) 100vw, 590px\" \/><\/p>\n","protected":false},"excerpt":{"rendered":"<p>O governador Jo\u00e3o Azev\u00eado entregou, nesta ter\u00e7a-feira (7), no Centro de Conven\u00e7\u00f5es de Jo\u00e3o Pessoa, equipamentos aos \u00f3rg\u00e3os que fazem<\/p>\n","protected":false},"author":12,"featured_media":915880,"comment_status":"closed","ping_status":"closed","sticky":false,"template":"","format":"standard","meta":{"_exactmetrics_skip_tracking":false,"_exactmetrics_sitenote_active":false,"_exactmetrics_sitenote_note":"","_exactmetrics_sitenote_category":0,"footnotes":""},"categories":[9],"tags":[],"yoast_head":"<!-- This site is optimized with the Yoast SEO plugin v22.0 - https:\/\/yoast.com\/wordpress\/plugins\/seo\/ -->\n<title>Governador Jo\u00e3o Azev\u00eado entrega viaturas e equipamentos para as For\u00e7as de Seguran\u00e7a com investimentos de R$ 21 milh\u00f5es - Pol\u00edcia Militar da Para\u00edba<\/title>\n<meta name=\"robots\" content=\"index, follow, max-snippet:-1, max-image-preview:large, max-video-preview:-1\" \/>\n<link rel=\"canonical\" href=\"https:\/\/www.pm.pb.gov.br\/portal\/2023\/03\/07\/governador-joao-azevedo-entrega-viaturas-e-equipamentos-para-as-forcas-de-seguranca-com-investimentos-de-r-21-milhoes\/\" \/>\n<meta property=\"og:locale\" content=\"pt_BR\" \/>\n<meta property=\"og:type\" content=\"article\" \/>\n<meta property=\"og:title\" content=\"Governador Jo\u00e3o Azev\u00eado entrega viaturas e equipamentos para as For\u00e7as de Seguran\u00e7a com investimentos de R$ 21 milh\u00f5es - Pol\u00edcia Militar da Para\u00edba\" \/>\n<meta property=\"og:description\" content=\"O governador Jo\u00e3o Azev\u00eado entregou, nesta ter\u00e7a-feira (7), no Centro de Conven\u00e7\u00f5es de Jo\u00e3o Pessoa, equipamentos aos \u00f3rg\u00e3os que fazem\" \/>\n<meta property=\"og:url\" content=\"https:\/\/www.pm.pb.gov.br\/portal\/2023\/03\/07\/governador-joao-azevedo-entrega-viaturas-e-equipamentos-para-as-forcas-de-seguranca-com-investimentos-de-r-21-milhoes\/\" \/>\n<meta property=\"og:site_name\" content=\"Pol\u00edcia Militar da Para\u00edba\" \/>\n<meta property=\"article:published_time\" content=\"2023-03-07T17:47:46+00:00\" \/>\n<meta property=\"article:modified_time\" content=\"2023-03-07T17:53:18+00:00\" \/>\n<meta property=\"og:image\" content=\"http:\/\/www.pm.pb.gov.br\/portal\/wp-content\/uploads\/2023\/03\/invest1.jpg\" \/>\n\t<meta property=\"og:image:width\" content=\"800\" \/>\n\t<meta property=\"og:image:height\" content=\"445\" \/>\n\t<meta property=\"og:image:type\" content=\"image\/jpeg\" \/>\n<meta name=\"author\" content=\"Tarcisio Oliveira\" \/>\n<meta name=\"twitter:card\" content=\"summary_large_image\" \/>\n<meta name=\"twitter:label1\" content=\"Escrito por\" \/>\n\t<meta name=\"twitter:data1\" content=\"Tarcisio Oliveira\" \/>\n\t<meta name=\"twitter:label2\" content=\"Est. tempo de leitura\" \/>\n\t<meta name=\"twitter:data2\" content=\"5 minutos\" \/>\n<script type=\"application\/ld+json\" class=\"yoast-schema-graph\">{\"@context\":\"https:\/\/schema.org\",\"@graph\":[{\"@type\":\"Article\",\"@id\":\"https:\/\/www.pm.pb.gov.br\/portal\/2023\/03\/07\/governador-joao-azevedo-entrega-viaturas-e-equipamentos-para-as-forcas-de-seguranca-com-investimentos-de-r-21-milhoes\/#article\",\"isPartOf\":{\"@id\":\"https:\/\/www.pm.pb.gov.br\/portal\/2023\/03\/07\/governador-joao-azevedo-entrega-viaturas-e-equipamentos-para-as-forcas-de-seguranca-com-investimentos-de-r-21-milhoes\/\"},\"author\":{\"name\":\"Tarcisio Oliveira\",\"@id\":\"https:\/\/www.pm.pb.gov.br\/portal\/#\/schema\/person\/f84f56dcc78ce4357054da888b8247fd\"},\"headline\":\"Governador Jo\u00e3o Azev\u00eado entrega viaturas e equipamentos para as For\u00e7as de Seguran\u00e7a com investimentos de R$ 21 milh\u00f5es\",\"datePublished\":\"2023-03-07T17:47:46+00:00\",\"dateModified\":\"2023-03-07T17:53:18+00:00\",\"mainEntityOfPage\":{\"@id\":\"https:\/\/www.pm.pb.gov.br\/portal\/2023\/03\/07\/governador-joao-azevedo-entrega-viaturas-e-equipamentos-para-as-forcas-de-seguranca-com-investimentos-de-r-21-milhoes\/\"},\"wordCount\":756,\"publisher\":{\"@id\":\"https:\/\/www.pm.pb.gov.br\/portal\/#organization\"},\"articleSection\":[\"Eventos\"],\"inLanguage\":\"pt-BR\"},{\"@type\":\"WebPage\",\"@id\":\"https:\/\/www.pm.pb.gov.br\/portal\/2023\/03\/07\/governador-joao-azevedo-entrega-viaturas-e-equipamentos-para-as-forcas-de-seguranca-com-investimentos-de-r-21-milhoes\/\",\"url\":\"https:\/\/www.pm.pb.gov.br\/portal\/2023\/03\/07\/governador-joao-azevedo-entrega-viaturas-e-equipamentos-para-as-forcas-de-seguranca-com-investimentos-de-r-21-milhoes\/\",\"name\":\"Governador Jo\u00e3o Azev\u00eado entrega viaturas e equipamentos para as For\u00e7as de Seguran\u00e7a com investimentos de R$ 21 milh\u00f5es - Pol\u00edcia Militar da Para\u00edba\",\"isPartOf\":{\"@id\":\"https:\/\/www.pm.pb.gov.br\/portal\/#website\"},\"datePublished\":\"2023-03-07T17:47:46+00:00\",\"dateModified\":\"2023-03-07T17:53:18+00:00\",\"breadcrumb\":{\"@id\":\"https:\/\/www.pm.pb.gov.br\/portal\/2023\/03\/07\/governador-joao-azevedo-entrega-viaturas-e-equipamentos-para-as-forcas-de-seguranca-com-investimentos-de-r-21-milhoes\/#breadcrumb\"},\"inLanguage\":\"pt-BR\",\"potentialAction\":[{\"@type\":\"ReadAction\",\"target\":[\"https:\/\/www.pm.pb.gov.br\/portal\/2023\/03\/07\/governador-joao-azevedo-entrega-viaturas-e-equipamentos-para-as-forcas-de-seguranca-com-investimentos-de-r-21-milhoes\/\"]}]},{\"@type\":\"BreadcrumbList\",\"@id\":\"https:\/\/www.pm.pb.gov.br\/portal\/2023\/03\/07\/governador-joao-azevedo-entrega-viaturas-e-equipamentos-para-as-forcas-de-seguranca-com-investimentos-de-r-21-milhoes\/#breadcrumb\",\"itemListElement\":[{\"@type\":\"ListItem\",\"position\":1,\"name\":\"In\u00edcio\",\"item\":\"https:\/\/www.pm.pb.gov.br\/portal\/\"},{\"@type\":\"ListItem\",\"position\":2,\"name\":\"Governador Jo\u00e3o Azev\u00eado entrega viaturas e equipamentos para as For\u00e7as de Seguran\u00e7a com investimentos de R$ 21 milh\u00f5es\"}]},{\"@type\":\"WebSite\",\"@id\":\"https:\/\/www.pm.pb.gov.br\/portal\/#website\",\"url\":\"https:\/\/www.pm.pb.gov.br\/portal\/\",\"name\":\"Pol\u00edcia Militar da Para\u00edba\",\"description\":\"\",\"publisher\":{\"@id\":\"https:\/\/www.pm.pb.gov.br\/portal\/#organization\"},\"potentialAction\":[{\"@type\":\"SearchAction\",\"target\":{\"@type\":\"EntryPoint\",\"urlTemplate\":\"https:\/\/www.pm.pb.gov.br\/portal\/?s={search_term_string}\"},\"query-input\":\"required name=search_term_string\"}],\"inLanguage\":\"pt-BR\"},{\"@type\":\"Organization\",\"@id\":\"https:\/\/www.pm.pb.gov.br\/portal\/#organization\",\"name\":\"Pol\u00edcia Militar da Para\u00edba\",\"url\":\"https:\/\/www.pm.pb.gov.br\/portal\/\",\"logo\":{\"@type\":\"ImageObject\",\"inLanguage\":\"pt-BR\",\"@id\":\"https:\/\/www.pm.pb.gov.br\/portal\/#\/schema\/logo\/image\/\",\"url\":\"https:\/\/www.pm.pb.gov.br\/portal\/wp-content\/uploads\/2025\/03\/cropped-logo-site-mag2-1.png\",\"contentUrl\":\"https:\/\/www.pm.pb.gov.br\/portal\/wp-content\/uploads\/2025\/03\/cropped-logo-site-mag2-1.png\",\"width\":320,\"height\":90,\"caption\":\"Pol\u00edcia Militar da Para\u00edba\"},\"image\":{\"@id\":\"https:\/\/www.pm.pb.gov.br\/portal\/#\/schema\/logo\/image\/\"}},{\"@type\":\"Person\",\"@id\":\"https:\/\/www.pm.pb.gov.br\/portal\/#\/schema\/person\/f84f56dcc78ce4357054da888b8247fd\",\"name\":\"Tarcisio Oliveira\",\"image\":{\"@type\":\"ImageObject\",\"inLanguage\":\"pt-BR\",\"@id\":\"https:\/\/www.pm.pb.gov.br\/portal\/#\/schema\/person\/image\/\",\"url\":\"https:\/\/secure.gravatar.com\/avatar\/72917b630b69d31cd0297507f34bac97?s=96&d=mm&r=g\",\"contentUrl\":\"https:\/\/secure.gravatar.com\/avatar\/72917b630b69d31cd0297507f34bac97?s=96&d=mm&r=g\",\"caption\":\"Tarcisio Oliveira\"},\"url\":\"https:\/\/www.pm.pb.gov.br\/portal\/author\/tarcisio\/\"}]}<\/script>\n<!-- \/ Yoast SEO plugin. -->","yoast_head_json":{"title":"Governador Jo\u00e3o Azev\u00eado entrega viaturas e equipamentos para as For\u00e7as de Seguran\u00e7a com investimentos de R$ 21 milh\u00f5es - Pol\u00edcia Militar da Para\u00edba","robots":{"index":"index","follow":"follow","max-snippet":"max-snippet:-1","max-image-preview":"max-image-preview:large","max-video-preview":"max-video-preview:-1"},"canonical":"https:\/\/www.pm.pb.gov.br\/portal\/2023\/03\/07\/governador-joao-azevedo-entrega-viaturas-e-equipamentos-para-as-forcas-de-seguranca-com-investimentos-de-r-21-milhoes\/","og_locale":"pt_BR","og_type":"article","og_title":"Governador Jo\u00e3o Azev\u00eado entrega viaturas e equipamentos para as For\u00e7as de Seguran\u00e7a com investimentos de R$ 21 milh\u00f5es - Pol\u00edcia Militar da Para\u00edba","og_description":"O governador Jo\u00e3o Azev\u00eado entregou, nesta ter\u00e7a-feira (7), no Centro de Conven\u00e7\u00f5es de Jo\u00e3o Pessoa, equipamentos aos \u00f3rg\u00e3os que fazem","og_url":"https:\/\/www.pm.pb.gov.br\/portal\/2023\/03\/07\/governador-joao-azevedo-entrega-viaturas-e-equipamentos-para-as-forcas-de-seguranca-com-investimentos-de-r-21-milhoes\/","og_site_name":"Pol\u00edcia Militar da Para\u00edba","article_published_time":"2023-03-07T17:47:46+00:00","article_modified_time":"2023-03-07T17:53:18+00:00","og_image":[{"width":800,"height":445,"url":"http:\/\/www.pm.pb.gov.br\/portal\/wp-content\/uploads\/2023\/03\/invest1.jpg","type":"image\/jpeg"}],"author":"Tarcisio Oliveira","twitter_card":"summary_large_image","twitter_misc":{"Escrito por":"Tarcisio Oliveira","Est. tempo de leitura":"5 minutos"},"schema":{"@context":"https:\/\/schema.org","@graph":[{"@type":"Article","@id":"https:\/\/www.pm.pb.gov.br\/portal\/2023\/03\/07\/governador-joao-azevedo-entrega-viaturas-e-equipamentos-para-as-forcas-de-seguranca-com-investimentos-de-r-21-milhoes\/#article","isPartOf":{"@id":"https:\/\/www.pm.pb.gov.br\/portal\/2023\/03\/07\/governador-joao-azevedo-entrega-viaturas-e-equipamentos-para-as-forcas-de-seguranca-com-investimentos-de-r-21-milhoes\/"},"author":{"name":"Tarcisio Oliveira","@id":"https:\/\/www.pm.pb.gov.br\/portal\/#\/schema\/person\/f84f56dcc78ce4357054da888b8247fd"},"headline":"Governador Jo\u00e3o Azev\u00eado entrega viaturas e equipamentos para as For\u00e7as de Seguran\u00e7a com investimentos de R$ 21 milh\u00f5es","datePublished":"2023-03-07T17:47:46+00:00","dateModified":"2023-03-07T17:53:18+00:00","mainEntityOfPage":{"@id":"https:\/\/www.pm.pb.gov.br\/portal\/2023\/03\/07\/governador-joao-azevedo-entrega-viaturas-e-equipamentos-para-as-forcas-de-seguranca-com-investimentos-de-r-21-milhoes\/"},"wordCount":756,"publisher":{"@id":"https:\/\/www.pm.pb.gov.br\/portal\/#organization"},"articleSection":["Eventos"],"inLanguage":"pt-BR"},{"@type":"WebPage","@id":"https:\/\/www.pm.pb.gov.br\/portal\/2023\/03\/07\/governador-joao-azevedo-entrega-viaturas-e-equipamentos-para-as-forcas-de-seguranca-com-investimentos-de-r-21-milhoes\/","url":"https:\/\/www.pm.pb.gov.br\/portal\/2023\/03\/07\/governador-joao-azevedo-entrega-viaturas-e-equipamentos-para-as-forcas-de-seguranca-com-investimentos-de-r-21-milhoes\/","name":"Governador Jo\u00e3o Azev\u00eado entrega viaturas e equipamentos para as For\u00e7as de Seguran\u00e7a com investimentos de R$ 21 milh\u00f5es - Pol\u00edcia Militar da Para\u00edba","isPartOf":{"@id":"https:\/\/www.pm.pb.gov.br\/portal\/#website"},"datePublished":"2023-03-07T17:47:46+00:00","dateModified":"2023-03-07T17:53:18+00:00","breadcrumb":{"@id":"https:\/\/www.pm.pb.gov.br\/portal\/2023\/03\/07\/governador-joao-azevedo-entrega-viaturas-e-equipamentos-para-as-forcas-de-seguranca-com-investimentos-de-r-21-milhoes\/#breadcrumb"},"inLanguage":"pt-BR","potentialAction":[{"@type":"ReadAction","target":["https:\/\/www.pm.pb.gov.br\/portal\/2023\/03\/07\/governador-joao-azevedo-entrega-viaturas-e-equipamentos-para-as-forcas-de-seguranca-com-investimentos-de-r-21-milhoes\/"]}]},{"@type":"BreadcrumbList","@id":"https:\/\/www.pm.pb.gov.br\/portal\/2023\/03\/07\/governador-joao-azevedo-entrega-viaturas-e-equipamentos-para-as-forcas-de-seguranca-com-investimentos-de-r-21-milhoes\/#breadcrumb","itemListElement":[{"@type":"ListItem","position":1,"name":"In\u00edcio","item":"https:\/\/www.pm.pb.gov.br\/portal\/"},{"@type":"ListItem","position":2,"name":"Governador Jo\u00e3o Azev\u00eado entrega viaturas e equipamentos para as For\u00e7as de Seguran\u00e7a com investimentos de R$ 21 milh\u00f5es"}]},{"@type":"WebSite","@id":"https:\/\/www.pm.pb.gov.br\/portal\/#website","url":"https:\/\/www.pm.pb.gov.br\/portal\/","name":"Pol\u00edcia Militar da Para\u00edba","description":"","publisher":{"@id":"https:\/\/www.pm.pb.gov.br\/portal\/#organization"},"potentialAction":[{"@type":"SearchAction","target":{"@type":"EntryPoint","urlTemplate":"https:\/\/www.pm.pb.gov.br\/portal\/?s={search_term_string}"},"query-input":"required name=search_term_string"}],"inLanguage":"pt-BR"},{"@type":"Organization","@id":"https:\/\/www.pm.pb.gov.br\/portal\/#organization","name":"Pol\u00edcia Militar da Para\u00edba","url":"https:\/\/www.pm.pb.gov.br\/portal\/","logo":{"@type":"ImageObject","inLanguage":"pt-BR","@id":"https:\/\/www.pm.pb.gov.br\/portal\/#\/schema\/logo\/image\/","url":"https:\/\/www.pm.pb.gov.br\/portal\/wp-content\/uploads\/2025\/03\/cropped-logo-site-mag2-1.png","contentUrl":"https:\/\/www.pm.pb.gov.br\/portal\/wp-content\/uploads\/2025\/03\/cropped-logo-site-mag2-1.png","width":320,"height":90,"caption":"Pol\u00edcia Militar da Para\u00edba"},"image":{"@id":"https:\/\/www.pm.pb.gov.br\/portal\/#\/schema\/logo\/image\/"}},{"@type":"Person","@id":"https:\/\/www.pm.pb.gov.br\/portal\/#\/schema\/person\/f84f56dcc78ce4357054da888b8247fd","name":"Tarcisio Oliveira","image":{"@type":"ImageObject","inLanguage":"pt-BR","@id":"https:\/\/www.pm.pb.gov.br\/portal\/#\/schema\/person\/image\/","url":"https:\/\/secure.gravatar.com\/avatar\/72917b630b69d31cd0297507f34bac97?s=96&d=mm&r=g","contentUrl":"https:\/\/secure.gravatar.com\/avatar\/72917b630b69d31cd0297507f34bac97?s=96&d=mm&r=g","caption":"Tarcisio Oliveira"},"url":"https:\/\/www.pm.pb.gov.br\/portal\/author\/tarcisio\/"}]}},"_links":{"self":[{"href":"https:\/\/www.pm.pb.gov.br\/portal\/wp-json\/wp\/v2\/posts\/915879"}],"collection":[{"href":"https:\/\/www.pm.pb.gov.br\/portal\/wp-json\/wp\/v2\/posts"}],"about":[{"href":"https:\/\/www.pm.pb.gov.br\/portal\/wp-json\/wp\/v2\/types\/post"}],"author":[{"embeddable":true,"href":"https:\/\/www.pm.pb.gov.br\/portal\/wp-json\/wp\/v2\/users\/12"}],"replies":[{"embeddable":true,"href":"https:\/\/www.pm.pb.gov.br\/portal\/wp-json\/wp\/v2\/comments?post=915879"}],"version-history":[{"count":2,"href":"https:\/\/www.pm.pb.gov.br\/portal\/wp-json\/wp\/v2\/posts\/915879\/revisions"}],"predecessor-version":[{"id":915887,"href":"https:\/\/www.pm.pb.gov.br\/portal\/wp-json\/wp\/v2\/posts\/915879\/revisions\/915887"}],"wp:featuredmedia":[{"embeddable":true,"href":"https:\/\/www.pm.pb.gov.br\/portal\/wp-json\/wp\/v2\/media\/915880"}],"wp:attachment":[{"href":"https:\/\/www.pm.pb.gov.br\/portal\/wp-json\/wp\/v2\/media?parent=915879"}],"wp:term":[{"taxonomy":"category","embeddable":true,"href":"https:\/\/www.pm.pb.gov.br\/portal\/wp-json\/wp\/v2\/categories?post=915879"},{"taxonomy":"post_tag","embeddable":true,"href":"https:\/\/www.pm.pb.gov.br\/portal\/wp-json\/wp\/v2\/tags?post=915879"}],"curies":[{"name":"wp","href":"https:\/\/api.w.org\/{rel}","templated":true}]}}