{"id":915877,"date":"2023-03-07T10:33:15","date_gmt":"2023-03-07T13:33:15","guid":{"rendered":"https:\/\/www.pm.pb.gov.br\/portal\/?p=915877"},"modified":"2023-03-07T10:33:18","modified_gmt":"2023-03-07T13:33:18","slug":"policia-militar-da-paraiba-captura-acusado-de-estupro-de-santa-catarina-com-mais-de-57-anos-de-pena-a-ser-cumprida","status":"publish","type":"post","link":"https:\/\/www.pm.pb.gov.br\/portal\/2023\/03\/07\/policia-militar-da-paraiba-captura-acusado-de-estupro-de-santa-catarina-com-mais-de-57-anos-de-pena-a-ser-cumprida\/","title":{"rendered":"<strong>Pol\u00edcia Militar da Para\u00edba captura acusado de estupro de Santa Catarina, com mais de 57 anos de pena a ser cumprida<\/strong>"},"content":{"rendered":"\n<p>A Pol\u00edcia Militar da Para\u00edba capturou um foragido da Justi\u00e7a do Estado de Santa Catarina, acusado do crime de estupro de vulner\u00e1vel, e que tinha uma pena de mais de 57 anos a ser cumprida (foto acima ilustrativa). A pris\u00e3o dele aconteceu no fim da tarde da \u00faltima segunda-feira (06), na avenida Hilton Solto Maior, em Mangabeira.<\/p>\n<p>O foragido foi abordado pelos policiais do 5\u00ba Batalh\u00e3o com apoio dos cadetes da Academia de Pol\u00edcia Militar do Cabo Branco, que faziam a\u00e7\u00f5es preventivas. Durante uma consulta ao nome do suspeito abordado, foi confirmado um mandado de pris\u00e3o em aberto expedido pela 1\u00aa Vara Criminal da Comarca de Joinville, com uma pena de 57 anos, oito meses e 24 dias de reclus\u00e3o.<\/p>\n<p>O acusado preso t\u00eam 39 anos de idade e foi apresentado na Pol\u00edcia Judici\u00e1ria para os procedimentos cab\u00edveis e o devido cumprimento da pena.<\/p>\n<p>\u00a0<\/p>\n\n\n","protected":false},"excerpt":{"rendered":"<p>A Pol\u00edcia Militar da Para\u00edba capturou um foragido da Justi\u00e7a do Estado de Santa Catarina, acusado do crime de estupro<\/p>\n","protected":false},"author":12,"featured_media":909500,"comment_status":"closed","ping_status":"closed","sticky":false,"template":"","format":"standard","meta":{"_exactmetrics_skip_tracking":false,"_exactmetrics_sitenote_active":false,"_exactmetrics_sitenote_note":"","_exactmetrics_sitenote_category":0,"footnotes":""},"categories":[4],"tags":[],"yoast_head":"<!-- This site is optimized with the Yoast SEO plugin v22.0 - https:\/\/yoast.com\/wordpress\/plugins\/seo\/ -->\n<title>Pol\u00edcia Militar da Para\u00edba captura acusado de estupro de Santa Catarina, com mais de 57 anos de pena a ser cumprida - Pol\u00edcia Militar da Para\u00edba<\/title>\n<meta name=\"robots\" content=\"index, follow, max-snippet:-1, max-image-preview:large, max-video-preview:-1\" \/>\n<link rel=\"canonical\" href=\"https:\/\/www.pm.pb.gov.br\/portal\/2023\/03\/07\/policia-militar-da-paraiba-captura-acusado-de-estupro-de-santa-catarina-com-mais-de-57-anos-de-pena-a-ser-cumprida\/\" \/>\n<meta property=\"og:locale\" content=\"pt_BR\" \/>\n<meta property=\"og:type\" content=\"article\" \/>\n<meta property=\"og:title\" content=\"Pol\u00edcia Militar da Para\u00edba captura acusado de estupro de Santa Catarina, com mais de 57 anos de pena a ser cumprida - Pol\u00edcia Militar da Para\u00edba\" \/>\n<meta property=\"og:description\" content=\"A Pol\u00edcia Militar da Para\u00edba capturou um foragido da Justi\u00e7a do Estado de Santa Catarina, acusado do crime de estupro\" \/>\n<meta property=\"og:url\" content=\"https:\/\/www.pm.pb.gov.br\/portal\/2023\/03\/07\/policia-militar-da-paraiba-captura-acusado-de-estupro-de-santa-catarina-com-mais-de-57-anos-de-pena-a-ser-cumprida\/\" \/>\n<meta property=\"og:site_name\" content=\"Pol\u00edcia Militar da Para\u00edba\" \/>\n<meta property=\"article:published_time\" content=\"2023-03-07T13:33:15+00:00\" \/>\n<meta property=\"article:modified_time\" content=\"2023-03-07T13:33:18+00:00\" \/>\n<meta property=\"og:image\" content=\"http:\/\/www.pm.pb.gov.br\/portal\/wp-content\/uploads\/2021\/02\/5bpm.jpeg\" \/>\n\t<meta property=\"og:image:width\" content=\"800\" \/>\n\t<meta property=\"og:image:height\" content=\"446\" \/>\n\t<meta property=\"og:image:type\" content=\"image\/jpeg\" \/>\n<meta name=\"author\" content=\"Tarcisio Oliveira\" \/>\n<meta name=\"twitter:card\" content=\"summary_large_image\" \/>\n<meta name=\"twitter:label1\" content=\"Escrito por\" \/>\n\t<meta name=\"twitter:data1\" content=\"Tarcisio Oliveira\" \/>\n\t<meta name=\"twitter:label2\" content=\"Est. tempo de leitura\" \/>\n\t<meta name=\"twitter:data2\" content=\"1 minuto\" \/>\n<script type=\"application\/ld+json\" class=\"yoast-schema-graph\">{\"@context\":\"https:\/\/schema.org\",\"@graph\":[{\"@type\":\"Article\",\"@id\":\"https:\/\/www.pm.pb.gov.br\/portal\/2023\/03\/07\/policia-militar-da-paraiba-captura-acusado-de-estupro-de-santa-catarina-com-mais-de-57-anos-de-pena-a-ser-cumprida\/#article\",\"isPartOf\":{\"@id\":\"https:\/\/www.pm.pb.gov.br\/portal\/2023\/03\/07\/policia-militar-da-paraiba-captura-acusado-de-estupro-de-santa-catarina-com-mais-de-57-anos-de-pena-a-ser-cumprida\/\"},\"author\":{\"name\":\"Tarcisio Oliveira\",\"@id\":\"https:\/\/www.pm.pb.gov.br\/portal\/#\/schema\/person\/f84f56dcc78ce4357054da888b8247fd\"},\"headline\":\"Pol\u00edcia Militar da Para\u00edba captura acusado de estupro de Santa Catarina, com mais de 57 anos de pena a ser cumprida\",\"datePublished\":\"2023-03-07T13:33:15+00:00\",\"dateModified\":\"2023-03-07T13:33:18+00:00\",\"mainEntityOfPage\":{\"@id\":\"https:\/\/www.pm.pb.gov.br\/portal\/2023\/03\/07\/policia-militar-da-paraiba-captura-acusado-de-estupro-de-santa-catarina-com-mais-de-57-anos-de-pena-a-ser-cumprida\/\"},\"wordCount\":173,\"publisher\":{\"@id\":\"https:\/\/www.pm.pb.gov.br\/portal\/#organization\"},\"articleSection\":[\"A\u00e7\u00f5es Policiais\"],\"inLanguage\":\"pt-BR\"},{\"@type\":\"WebPage\",\"@id\":\"https:\/\/www.pm.pb.gov.br\/portal\/2023\/03\/07\/policia-militar-da-paraiba-captura-acusado-de-estupro-de-santa-catarina-com-mais-de-57-anos-de-pena-a-ser-cumprida\/\",\"url\":\"https:\/\/www.pm.pb.gov.br\/portal\/2023\/03\/07\/policia-militar-da-paraiba-captura-acusado-de-estupro-de-santa-catarina-com-mais-de-57-anos-de-pena-a-ser-cumprida\/\",\"name\":\"Pol\u00edcia Militar da Para\u00edba captura acusado de estupro de Santa Catarina, com mais de 57 anos de pena a ser cumprida - Pol\u00edcia Militar da Para\u00edba\",\"isPartOf\":{\"@id\":\"https:\/\/www.pm.pb.gov.br\/portal\/#website\"},\"datePublished\":\"2023-03-07T13:33:15+00:00\",\"dateModified\":\"2023-03-07T13:33:18+00:00\",\"breadcrumb\":{\"@id\":\"https:\/\/www.pm.pb.gov.br\/portal\/2023\/03\/07\/policia-militar-da-paraiba-captura-acusado-de-estupro-de-santa-catarina-com-mais-de-57-anos-de-pena-a-ser-cumprida\/#breadcrumb\"},\"inLanguage\":\"pt-BR\",\"potentialAction\":[{\"@type\":\"ReadAction\",\"target\":[\"https:\/\/www.pm.pb.gov.br\/portal\/2023\/03\/07\/policia-militar-da-paraiba-captura-acusado-de-estupro-de-santa-catarina-com-mais-de-57-anos-de-pena-a-ser-cumprida\/\"]}]},{\"@type\":\"BreadcrumbList\",\"@id\":\"https:\/\/www.pm.pb.gov.br\/portal\/2023\/03\/07\/policia-militar-da-paraiba-captura-acusado-de-estupro-de-santa-catarina-com-mais-de-57-anos-de-pena-a-ser-cumprida\/#breadcrumb\",\"itemListElement\":[{\"@type\":\"ListItem\",\"position\":1,\"name\":\"In\u00edcio\",\"item\":\"https:\/\/www.pm.pb.gov.br\/portal\/\"},{\"@type\":\"ListItem\",\"position\":2,\"name\":\"Pol\u00edcia Militar da Para\u00edba captura acusado de estupro de Santa Catarina, com mais de 57 anos de pena a ser cumprida\"}]},{\"@type\":\"WebSite\",\"@id\":\"https:\/\/www.pm.pb.gov.br\/portal\/#website\",\"url\":\"https:\/\/www.pm.pb.gov.br\/portal\/\",\"name\":\"Pol\u00edcia Militar da Para\u00edba\",\"description\":\"\",\"publisher\":{\"@id\":\"https:\/\/www.pm.pb.gov.br\/portal\/#organization\"},\"potentialAction\":[{\"@type\":\"SearchAction\",\"target\":{\"@type\":\"EntryPoint\",\"urlTemplate\":\"https:\/\/www.pm.pb.gov.br\/portal\/?s={search_term_string}\"},\"query-input\":\"required name=search_term_string\"}],\"inLanguage\":\"pt-BR\"},{\"@type\":\"Organization\",\"@id\":\"https:\/\/www.pm.pb.gov.br\/portal\/#organization\",\"name\":\"Pol\u00edcia Militar da Para\u00edba\",\"url\":\"https:\/\/www.pm.pb.gov.br\/portal\/\",\"logo\":{\"@type\":\"ImageObject\",\"inLanguage\":\"pt-BR\",\"@id\":\"https:\/\/www.pm.pb.gov.br\/portal\/#\/schema\/logo\/image\/\",\"url\":\"https:\/\/www.pm.pb.gov.br\/portal\/wp-content\/uploads\/2025\/03\/cropped-logo-site-mag2-1.png\",\"contentUrl\":\"https:\/\/www.pm.pb.gov.br\/portal\/wp-content\/uploads\/2025\/03\/cropped-logo-site-mag2-1.png\",\"width\":320,\"height\":90,\"caption\":\"Pol\u00edcia Militar da Para\u00edba\"},\"image\":{\"@id\":\"https:\/\/www.pm.pb.gov.br\/portal\/#\/schema\/logo\/image\/\"}},{\"@type\":\"Person\",\"@id\":\"https:\/\/www.pm.pb.gov.br\/portal\/#\/schema\/person\/f84f56dcc78ce4357054da888b8247fd\",\"name\":\"Tarcisio Oliveira\",\"image\":{\"@type\":\"ImageObject\",\"inLanguage\":\"pt-BR\",\"@id\":\"https:\/\/www.pm.pb.gov.br\/portal\/#\/schema\/person\/image\/\",\"url\":\"https:\/\/secure.gravatar.com\/avatar\/72917b630b69d31cd0297507f34bac97?s=96&d=mm&r=g\",\"contentUrl\":\"https:\/\/secure.gravatar.com\/avatar\/72917b630b69d31cd0297507f34bac97?s=96&d=mm&r=g\",\"caption\":\"Tarcisio Oliveira\"},\"url\":\"https:\/\/www.pm.pb.gov.br\/portal\/author\/tarcisio\/\"}]}<\/script>\n<!-- \/ Yoast SEO plugin. -->","yoast_head_json":{"title":"Pol\u00edcia Militar da Para\u00edba captura acusado de estupro de Santa Catarina, com mais de 57 anos de pena a ser cumprida - Pol\u00edcia Militar da Para\u00edba","robots":{"index":"index","follow":"follow","max-snippet":"max-snippet:-1","max-image-preview":"max-image-preview:large","max-video-preview":"max-video-preview:-1"},"canonical":"https:\/\/www.pm.pb.gov.br\/portal\/2023\/03\/07\/policia-militar-da-paraiba-captura-acusado-de-estupro-de-santa-catarina-com-mais-de-57-anos-de-pena-a-ser-cumprida\/","og_locale":"pt_BR","og_type":"article","og_title":"Pol\u00edcia Militar da Para\u00edba captura acusado de estupro de Santa Catarina, com mais de 57 anos de pena a ser cumprida - Pol\u00edcia Militar da Para\u00edba","og_description":"A Pol\u00edcia Militar da Para\u00edba capturou um foragido da Justi\u00e7a do Estado de Santa Catarina, acusado do crime de estupro","og_url":"https:\/\/www.pm.pb.gov.br\/portal\/2023\/03\/07\/policia-militar-da-paraiba-captura-acusado-de-estupro-de-santa-catarina-com-mais-de-57-anos-de-pena-a-ser-cumprida\/","og_site_name":"Pol\u00edcia Militar da Para\u00edba","article_published_time":"2023-03-07T13:33:15+00:00","article_modified_time":"2023-03-07T13:33:18+00:00","og_image":[{"width":800,"height":446,"url":"http:\/\/www.pm.pb.gov.br\/portal\/wp-content\/uploads\/2021\/02\/5bpm.jpeg","type":"image\/jpeg"}],"author":"Tarcisio Oliveira","twitter_card":"summary_large_image","twitter_misc":{"Escrito por":"Tarcisio Oliveira","Est. tempo de leitura":"1 minuto"},"schema":{"@context":"https:\/\/schema.org","@graph":[{"@type":"Article","@id":"https:\/\/www.pm.pb.gov.br\/portal\/2023\/03\/07\/policia-militar-da-paraiba-captura-acusado-de-estupro-de-santa-catarina-com-mais-de-57-anos-de-pena-a-ser-cumprida\/#article","isPartOf":{"@id":"https:\/\/www.pm.pb.gov.br\/portal\/2023\/03\/07\/policia-militar-da-paraiba-captura-acusado-de-estupro-de-santa-catarina-com-mais-de-57-anos-de-pena-a-ser-cumprida\/"},"author":{"name":"Tarcisio Oliveira","@id":"https:\/\/www.pm.pb.gov.br\/portal\/#\/schema\/person\/f84f56dcc78ce4357054da888b8247fd"},"headline":"Pol\u00edcia Militar da Para\u00edba captura acusado de estupro de Santa Catarina, com mais de 57 anos de pena a ser cumprida","datePublished":"2023-03-07T13:33:15+00:00","dateModified":"2023-03-07T13:33:18+00:00","mainEntityOfPage":{"@id":"https:\/\/www.pm.pb.gov.br\/portal\/2023\/03\/07\/policia-militar-da-paraiba-captura-acusado-de-estupro-de-santa-catarina-com-mais-de-57-anos-de-pena-a-ser-cumprida\/"},"wordCount":173,"publisher":{"@id":"https:\/\/www.pm.pb.gov.br\/portal\/#organization"},"articleSection":["A\u00e7\u00f5es Policiais"],"inLanguage":"pt-BR"},{"@type":"WebPage","@id":"https:\/\/www.pm.pb.gov.br\/portal\/2023\/03\/07\/policia-militar-da-paraiba-captura-acusado-de-estupro-de-santa-catarina-com-mais-de-57-anos-de-pena-a-ser-cumprida\/","url":"https:\/\/www.pm.pb.gov.br\/portal\/2023\/03\/07\/policia-militar-da-paraiba-captura-acusado-de-estupro-de-santa-catarina-com-mais-de-57-anos-de-pena-a-ser-cumprida\/","name":"Pol\u00edcia Militar da Para\u00edba captura acusado de estupro de Santa Catarina, com mais de 57 anos de pena a ser cumprida - Pol\u00edcia Militar da Para\u00edba","isPartOf":{"@id":"https:\/\/www.pm.pb.gov.br\/portal\/#website"},"datePublished":"2023-03-07T13:33:15+00:00","dateModified":"2023-03-07T13:33:18+00:00","breadcrumb":{"@id":"https:\/\/www.pm.pb.gov.br\/portal\/2023\/03\/07\/policia-militar-da-paraiba-captura-acusado-de-estupro-de-santa-catarina-com-mais-de-57-anos-de-pena-a-ser-cumprida\/#breadcrumb"},"inLanguage":"pt-BR","potentialAction":[{"@type":"ReadAction","target":["https:\/\/www.pm.pb.gov.br\/portal\/2023\/03\/07\/policia-militar-da-paraiba-captura-acusado-de-estupro-de-santa-catarina-com-mais-de-57-anos-de-pena-a-ser-cumprida\/"]}]},{"@type":"BreadcrumbList","@id":"https:\/\/www.pm.pb.gov.br\/portal\/2023\/03\/07\/policia-militar-da-paraiba-captura-acusado-de-estupro-de-santa-catarina-com-mais-de-57-anos-de-pena-a-ser-cumprida\/#breadcrumb","itemListElement":[{"@type":"ListItem","position":1,"name":"In\u00edcio","item":"https:\/\/www.pm.pb.gov.br\/portal\/"},{"@type":"ListItem","position":2,"name":"Pol\u00edcia Militar da Para\u00edba captura acusado de estupro de Santa Catarina, com mais de 57 anos de pena a ser cumprida"}]},{"@type":"WebSite","@id":"https:\/\/www.pm.pb.gov.br\/portal\/#website","url":"https:\/\/www.pm.pb.gov.br\/portal\/","name":"Pol\u00edcia Militar da Para\u00edba","description":"","publisher":{"@id":"https:\/\/www.pm.pb.gov.br\/portal\/#organization"},"potentialAction":[{"@type":"SearchAction","target":{"@type":"EntryPoint","urlTemplate":"https:\/\/www.pm.pb.gov.br\/portal\/?s={search_term_string}"},"query-input":"required name=search_term_string"}],"inLanguage":"pt-BR"},{"@type":"Organization","@id":"https:\/\/www.pm.pb.gov.br\/portal\/#organization","name":"Pol\u00edcia Militar da Para\u00edba","url":"https:\/\/www.pm.pb.gov.br\/portal\/","logo":{"@type":"ImageObject","inLanguage":"pt-BR","@id":"https:\/\/www.pm.pb.gov.br\/portal\/#\/schema\/logo\/image\/","url":"https:\/\/www.pm.pb.gov.br\/portal\/wp-content\/uploads\/2025\/03\/cropped-logo-site-mag2-1.png","contentUrl":"https:\/\/www.pm.pb.gov.br\/portal\/wp-content\/uploads\/2025\/03\/cropped-logo-site-mag2-1.png","width":320,"height":90,"caption":"Pol\u00edcia Militar da Para\u00edba"},"image":{"@id":"https:\/\/www.pm.pb.gov.br\/portal\/#\/schema\/logo\/image\/"}},{"@type":"Person","@id":"https:\/\/www.pm.pb.gov.br\/portal\/#\/schema\/person\/f84f56dcc78ce4357054da888b8247fd","name":"Tarcisio Oliveira","image":{"@type":"ImageObject","inLanguage":"pt-BR","@id":"https:\/\/www.pm.pb.gov.br\/portal\/#\/schema\/person\/image\/","url":"https:\/\/secure.gravatar.com\/avatar\/72917b630b69d31cd0297507f34bac97?s=96&d=mm&r=g","contentUrl":"https:\/\/secure.gravatar.com\/avatar\/72917b630b69d31cd0297507f34bac97?s=96&d=mm&r=g","caption":"Tarcisio Oliveira"},"url":"https:\/\/www.pm.pb.gov.br\/portal\/author\/tarcisio\/"}]}},"_links":{"self":[{"href":"https:\/\/www.pm.pb.gov.br\/portal\/wp-json\/wp\/v2\/posts\/915877"}],"collection":[{"href":"https:\/\/www.pm.pb.gov.br\/portal\/wp-json\/wp\/v2\/posts"}],"about":[{"href":"https:\/\/www.pm.pb.gov.br\/portal\/wp-json\/wp\/v2\/types\/post"}],"author":[{"embeddable":true,"href":"https:\/\/www.pm.pb.gov.br\/portal\/wp-json\/wp\/v2\/users\/12"}],"replies":[{"embeddable":true,"href":"https:\/\/www.pm.pb.gov.br\/portal\/wp-json\/wp\/v2\/comments?post=915877"}],"version-history":[{"count":1,"href":"https:\/\/www.pm.pb.gov.br\/portal\/wp-json\/wp\/v2\/posts\/915877\/revisions"}],"predecessor-version":[{"id":915878,"href":"https:\/\/www.pm.pb.gov.br\/portal\/wp-json\/wp\/v2\/posts\/915877\/revisions\/915878"}],"wp:featuredmedia":[{"embeddable":true,"href":"https:\/\/www.pm.pb.gov.br\/portal\/wp-json\/wp\/v2\/media\/909500"}],"wp:attachment":[{"href":"https:\/\/www.pm.pb.gov.br\/portal\/wp-json\/wp\/v2\/media?parent=915877"}],"wp:term":[{"taxonomy":"category","embeddable":true,"href":"https:\/\/www.pm.pb.gov.br\/portal\/wp-json\/wp\/v2\/categories?post=915877"},{"taxonomy":"post_tag","embeddable":true,"href":"https:\/\/www.pm.pb.gov.br\/portal\/wp-json\/wp\/v2\/tags?post=915877"}],"curies":[{"name":"wp","href":"https:\/\/api.w.org\/{rel}","templated":true}]}}