{"id":915828,"date":"2023-02-28T15:06:59","date_gmt":"2023-02-28T18:06:59","guid":{"rendered":"https:\/\/www.pm.pb.gov.br\/portal\/?p=915828"},"modified":"2023-02-28T15:07:07","modified_gmt":"2023-02-28T18:07:07","slug":"reincidencia-policia-militar-prende-acusado-de-furtar-fios-de-energia-pela-segunda-vez-em-menos-de-tres-meses","status":"publish","type":"post","link":"https:\/\/www.pm.pb.gov.br\/portal\/2023\/02\/28\/reincidencia-policia-militar-prende-acusado-de-furtar-fios-de-energia-pela-segunda-vez-em-menos-de-tres-meses\/","title":{"rendered":"REINCID\u00caNCIA: Pol\u00edcia Militar prende acusado de furtar fios de energia pela segunda vez em menos de tr\u00eas meses"},"content":{"rendered":"\n<p>A Pol\u00edcia Militar prendeu, pela segunda vez, um homem acusado de tentar furtar fios de energia el\u00e9trica de uma esta\u00e7\u00e3o de tratamento de \u00e1gua, na zona rural do munic\u00edpio de Areia, no brejo da Para\u00edba. Esse mesmo acusado, de 29 anos de idade, j\u00e1 havia sido preso pelo mesmo tipo de crime em dezembro do ano passado, com arma de fogo. Dessa vez a pris\u00e3o foi na madrugada da segunda-feira (27).<\/p>\n<p>O acusado foi localizado pelos policiais do 15\u00ba Batalh\u00e3o logo ap\u00f3s tentar furtar diversos fios el\u00e9tricos em uma barragem de companhia de \u00e1gua, na zona rural. Ele foi encontrado com um carro e diversos equipamentos usados para cometer o crime, como serra, alicates e uma lanterna. V\u00e1rios metros de fios foram recuperados pela a\u00e7\u00e3o da PM.<\/p>\n<p><img loading=\"lazy\" decoding=\"async\" class=\"size-medium wp-image-915829 aligncenter\" src=\"http:\/\/www.pm.pb.gov.br\/portal\/wp-content\/uploads\/2023\/02\/WhatsApp-Image-2023-02-28-at-15.19.09-445x445.jpeg\" alt=\"\" width=\"445\" height=\"445\" srcset=\"https:\/\/www.pm.pb.gov.br\/portal\/wp-content\/uploads\/2023\/02\/WhatsApp-Image-2023-02-28-at-15.19.09-445x445.jpeg 445w, https:\/\/www.pm.pb.gov.br\/portal\/wp-content\/uploads\/2023\/02\/WhatsApp-Image-2023-02-28-at-15.19.09-570x570.jpeg 570w, https:\/\/www.pm.pb.gov.br\/portal\/wp-content\/uploads\/2023\/02\/WhatsApp-Image-2023-02-28-at-15.19.09-768x768.jpeg 768w, https:\/\/www.pm.pb.gov.br\/portal\/wp-content\/uploads\/2023\/02\/WhatsApp-Image-2023-02-28-at-15.19.09-1536x1536.jpeg 1536w, https:\/\/www.pm.pb.gov.br\/portal\/wp-content\/uploads\/2023\/02\/WhatsApp-Image-2023-02-28-at-15.19.09-150x150.jpeg 150w, https:\/\/www.pm.pb.gov.br\/portal\/wp-content\/uploads\/2023\/02\/WhatsApp-Image-2023-02-28-at-15.19.09.jpeg 1564w\" sizes=\"(max-width: 445px) 100vw, 445px\" \/><\/p>\n<p>\u201cEm dezembro, h\u00e1 menos de tr\u00eas meses, esse mesmo acusado foi preso em Alagoa Nova, com um comparsa, tentando furtar fios de cobre de outra esta\u00e7\u00e3o de tratamento de \u00e1gua. Naquela ocasi\u00e3o a dupla estava com um rev\u00f3lver calibre 38, muni\u00e7\u00f5es e v\u00e1rias ferramentas para o delito\u201d, revelou o tenente-coronel Kelton Pontes, comandante do 15\u00ba BPM.<\/p>\n<p>Em ambas ocorr\u00eancias, o acusado foi apresentado na delegacia para a devida autua\u00e7\u00e3o.<\/p>\n<p><strong>DADOS \u2013<\/strong> Em Jo\u00e3o Pessoa, a Pol\u00edcia Militar j\u00e1 prendeu oito pessoas acusadas de tentarem furtar fios de postes somente neste ano. As pris\u00f5es foram nos bairros de Colinas do Sul (2), Bessa (2), Tambauzinho (2), Centro (1) e Miramar (1).<\/p>\n\n\n","protected":false},"excerpt":{"rendered":"<p>A Pol\u00edcia Militar prendeu, pela segunda vez, um homem acusado de tentar furtar fios de energia el\u00e9trica de uma esta\u00e7\u00e3o<\/p>\n","protected":false},"author":12,"featured_media":912842,"comment_status":"closed","ping_status":"closed","sticky":false,"template":"","format":"standard","meta":{"_exactmetrics_skip_tracking":false,"_exactmetrics_sitenote_active":false,"_exactmetrics_sitenote_note":"","_exactmetrics_sitenote_category":0,"footnotes":""},"categories":[4],"tags":[],"yoast_head":"<!-- This site is optimized with the Yoast SEO plugin v22.0 - https:\/\/yoast.com\/wordpress\/plugins\/seo\/ -->\n<title>REINCID\u00caNCIA: Pol\u00edcia Militar prende acusado de furtar fios de energia pela segunda vez em menos de tr\u00eas meses - Pol\u00edcia Militar da Para\u00edba<\/title>\n<meta name=\"robots\" content=\"index, follow, max-snippet:-1, max-image-preview:large, max-video-preview:-1\" \/>\n<link rel=\"canonical\" href=\"https:\/\/www.pm.pb.gov.br\/portal\/2023\/02\/28\/reincidencia-policia-militar-prende-acusado-de-furtar-fios-de-energia-pela-segunda-vez-em-menos-de-tres-meses\/\" \/>\n<meta property=\"og:locale\" content=\"pt_BR\" \/>\n<meta property=\"og:type\" content=\"article\" \/>\n<meta property=\"og:title\" content=\"REINCID\u00caNCIA: Pol\u00edcia Militar prende acusado de furtar fios de energia pela segunda vez em menos de tr\u00eas meses - Pol\u00edcia Militar da Para\u00edba\" \/>\n<meta property=\"og:description\" content=\"A Pol\u00edcia Militar prendeu, pela segunda vez, um homem acusado de tentar furtar fios de energia el\u00e9trica de uma esta\u00e7\u00e3o\" \/>\n<meta property=\"og:url\" content=\"https:\/\/www.pm.pb.gov.br\/portal\/2023\/02\/28\/reincidencia-policia-militar-prende-acusado-de-furtar-fios-de-energia-pela-segunda-vez-em-menos-de-tres-meses\/\" \/>\n<meta property=\"og:site_name\" content=\"Pol\u00edcia Militar da Para\u00edba\" \/>\n<meta property=\"article:published_time\" content=\"2023-02-28T18:06:59+00:00\" \/>\n<meta property=\"article:modified_time\" content=\"2023-02-28T18:07:07+00:00\" \/>\n<meta property=\"og:image\" content=\"http:\/\/www.pm.pb.gov.br\/portal\/wp-content\/uploads\/2021\/10\/15bpm.jpeg\" \/>\n\t<meta property=\"og:image:width\" content=\"800\" \/>\n\t<meta property=\"og:image:height\" content=\"445\" \/>\n\t<meta property=\"og:image:type\" content=\"image\/jpeg\" \/>\n<meta name=\"author\" content=\"Tarcisio Oliveira\" \/>\n<meta name=\"twitter:card\" content=\"summary_large_image\" \/>\n<meta name=\"twitter:label1\" content=\"Escrito por\" \/>\n\t<meta name=\"twitter:data1\" content=\"Tarcisio Oliveira\" \/>\n\t<meta name=\"twitter:label2\" content=\"Est. tempo de leitura\" \/>\n\t<meta name=\"twitter:data2\" content=\"2 minutos\" \/>\n<script type=\"application\/ld+json\" class=\"yoast-schema-graph\">{\"@context\":\"https:\/\/schema.org\",\"@graph\":[{\"@type\":\"Article\",\"@id\":\"https:\/\/www.pm.pb.gov.br\/portal\/2023\/02\/28\/reincidencia-policia-militar-prende-acusado-de-furtar-fios-de-energia-pela-segunda-vez-em-menos-de-tres-meses\/#article\",\"isPartOf\":{\"@id\":\"https:\/\/www.pm.pb.gov.br\/portal\/2023\/02\/28\/reincidencia-policia-militar-prende-acusado-de-furtar-fios-de-energia-pela-segunda-vez-em-menos-de-tres-meses\/\"},\"author\":{\"name\":\"Tarcisio Oliveira\",\"@id\":\"https:\/\/www.pm.pb.gov.br\/portal\/#\/schema\/person\/f84f56dcc78ce4357054da888b8247fd\"},\"headline\":\"REINCID\u00caNCIA: Pol\u00edcia Militar prende acusado de furtar fios de energia pela segunda vez em menos de tr\u00eas meses\",\"datePublished\":\"2023-02-28T18:06:59+00:00\",\"dateModified\":\"2023-02-28T18:07:07+00:00\",\"mainEntityOfPage\":{\"@id\":\"https:\/\/www.pm.pb.gov.br\/portal\/2023\/02\/28\/reincidencia-policia-militar-prende-acusado-de-furtar-fios-de-energia-pela-segunda-vez-em-menos-de-tres-meses\/\"},\"wordCount\":269,\"publisher\":{\"@id\":\"https:\/\/www.pm.pb.gov.br\/portal\/#organization\"},\"articleSection\":[\"A\u00e7\u00f5es Policiais\"],\"inLanguage\":\"pt-BR\"},{\"@type\":\"WebPage\",\"@id\":\"https:\/\/www.pm.pb.gov.br\/portal\/2023\/02\/28\/reincidencia-policia-militar-prende-acusado-de-furtar-fios-de-energia-pela-segunda-vez-em-menos-de-tres-meses\/\",\"url\":\"https:\/\/www.pm.pb.gov.br\/portal\/2023\/02\/28\/reincidencia-policia-militar-prende-acusado-de-furtar-fios-de-energia-pela-segunda-vez-em-menos-de-tres-meses\/\",\"name\":\"REINCID\u00caNCIA: Pol\u00edcia Militar prende acusado de furtar fios de energia pela segunda vez em menos de tr\u00eas meses - Pol\u00edcia Militar da Para\u00edba\",\"isPartOf\":{\"@id\":\"https:\/\/www.pm.pb.gov.br\/portal\/#website\"},\"datePublished\":\"2023-02-28T18:06:59+00:00\",\"dateModified\":\"2023-02-28T18:07:07+00:00\",\"breadcrumb\":{\"@id\":\"https:\/\/www.pm.pb.gov.br\/portal\/2023\/02\/28\/reincidencia-policia-militar-prende-acusado-de-furtar-fios-de-energia-pela-segunda-vez-em-menos-de-tres-meses\/#breadcrumb\"},\"inLanguage\":\"pt-BR\",\"potentialAction\":[{\"@type\":\"ReadAction\",\"target\":[\"https:\/\/www.pm.pb.gov.br\/portal\/2023\/02\/28\/reincidencia-policia-militar-prende-acusado-de-furtar-fios-de-energia-pela-segunda-vez-em-menos-de-tres-meses\/\"]}]},{\"@type\":\"BreadcrumbList\",\"@id\":\"https:\/\/www.pm.pb.gov.br\/portal\/2023\/02\/28\/reincidencia-policia-militar-prende-acusado-de-furtar-fios-de-energia-pela-segunda-vez-em-menos-de-tres-meses\/#breadcrumb\",\"itemListElement\":[{\"@type\":\"ListItem\",\"position\":1,\"name\":\"In\u00edcio\",\"item\":\"https:\/\/www.pm.pb.gov.br\/portal\/\"},{\"@type\":\"ListItem\",\"position\":2,\"name\":\"REINCID\u00caNCIA: Pol\u00edcia Militar prende acusado de furtar fios de energia pela segunda vez em menos de tr\u00eas meses\"}]},{\"@type\":\"WebSite\",\"@id\":\"https:\/\/www.pm.pb.gov.br\/portal\/#website\",\"url\":\"https:\/\/www.pm.pb.gov.br\/portal\/\",\"name\":\"Pol\u00edcia Militar da Para\u00edba\",\"description\":\"\",\"publisher\":{\"@id\":\"https:\/\/www.pm.pb.gov.br\/portal\/#organization\"},\"potentialAction\":[{\"@type\":\"SearchAction\",\"target\":{\"@type\":\"EntryPoint\",\"urlTemplate\":\"https:\/\/www.pm.pb.gov.br\/portal\/?s={search_term_string}\"},\"query-input\":\"required name=search_term_string\"}],\"inLanguage\":\"pt-BR\"},{\"@type\":\"Organization\",\"@id\":\"https:\/\/www.pm.pb.gov.br\/portal\/#organization\",\"name\":\"Pol\u00edcia Militar da Para\u00edba\",\"url\":\"https:\/\/www.pm.pb.gov.br\/portal\/\",\"logo\":{\"@type\":\"ImageObject\",\"inLanguage\":\"pt-BR\",\"@id\":\"https:\/\/www.pm.pb.gov.br\/portal\/#\/schema\/logo\/image\/\",\"url\":\"https:\/\/www.pm.pb.gov.br\/portal\/wp-content\/uploads\/2025\/03\/cropped-logo-site-mag2-1.png\",\"contentUrl\":\"https:\/\/www.pm.pb.gov.br\/portal\/wp-content\/uploads\/2025\/03\/cropped-logo-site-mag2-1.png\",\"width\":320,\"height\":90,\"caption\":\"Pol\u00edcia Militar da Para\u00edba\"},\"image\":{\"@id\":\"https:\/\/www.pm.pb.gov.br\/portal\/#\/schema\/logo\/image\/\"}},{\"@type\":\"Person\",\"@id\":\"https:\/\/www.pm.pb.gov.br\/portal\/#\/schema\/person\/f84f56dcc78ce4357054da888b8247fd\",\"name\":\"Tarcisio Oliveira\",\"image\":{\"@type\":\"ImageObject\",\"inLanguage\":\"pt-BR\",\"@id\":\"https:\/\/www.pm.pb.gov.br\/portal\/#\/schema\/person\/image\/\",\"url\":\"https:\/\/secure.gravatar.com\/avatar\/72917b630b69d31cd0297507f34bac97?s=96&d=mm&r=g\",\"contentUrl\":\"https:\/\/secure.gravatar.com\/avatar\/72917b630b69d31cd0297507f34bac97?s=96&d=mm&r=g\",\"caption\":\"Tarcisio Oliveira\"},\"url\":\"https:\/\/www.pm.pb.gov.br\/portal\/author\/tarcisio\/\"}]}<\/script>\n<!-- \/ Yoast SEO plugin. -->","yoast_head_json":{"title":"REINCID\u00caNCIA: Pol\u00edcia Militar prende acusado de furtar fios de energia pela segunda vez em menos de tr\u00eas meses - Pol\u00edcia Militar da Para\u00edba","robots":{"index":"index","follow":"follow","max-snippet":"max-snippet:-1","max-image-preview":"max-image-preview:large","max-video-preview":"max-video-preview:-1"},"canonical":"https:\/\/www.pm.pb.gov.br\/portal\/2023\/02\/28\/reincidencia-policia-militar-prende-acusado-de-furtar-fios-de-energia-pela-segunda-vez-em-menos-de-tres-meses\/","og_locale":"pt_BR","og_type":"article","og_title":"REINCID\u00caNCIA: Pol\u00edcia Militar prende acusado de furtar fios de energia pela segunda vez em menos de tr\u00eas meses - Pol\u00edcia Militar da Para\u00edba","og_description":"A Pol\u00edcia Militar prendeu, pela segunda vez, um homem acusado de tentar furtar fios de energia el\u00e9trica de uma esta\u00e7\u00e3o","og_url":"https:\/\/www.pm.pb.gov.br\/portal\/2023\/02\/28\/reincidencia-policia-militar-prende-acusado-de-furtar-fios-de-energia-pela-segunda-vez-em-menos-de-tres-meses\/","og_site_name":"Pol\u00edcia Militar da Para\u00edba","article_published_time":"2023-02-28T18:06:59+00:00","article_modified_time":"2023-02-28T18:07:07+00:00","og_image":[{"width":800,"height":445,"url":"http:\/\/www.pm.pb.gov.br\/portal\/wp-content\/uploads\/2021\/10\/15bpm.jpeg","type":"image\/jpeg"}],"author":"Tarcisio Oliveira","twitter_card":"summary_large_image","twitter_misc":{"Escrito por":"Tarcisio Oliveira","Est. tempo de leitura":"2 minutos"},"schema":{"@context":"https:\/\/schema.org","@graph":[{"@type":"Article","@id":"https:\/\/www.pm.pb.gov.br\/portal\/2023\/02\/28\/reincidencia-policia-militar-prende-acusado-de-furtar-fios-de-energia-pela-segunda-vez-em-menos-de-tres-meses\/#article","isPartOf":{"@id":"https:\/\/www.pm.pb.gov.br\/portal\/2023\/02\/28\/reincidencia-policia-militar-prende-acusado-de-furtar-fios-de-energia-pela-segunda-vez-em-menos-de-tres-meses\/"},"author":{"name":"Tarcisio Oliveira","@id":"https:\/\/www.pm.pb.gov.br\/portal\/#\/schema\/person\/f84f56dcc78ce4357054da888b8247fd"},"headline":"REINCID\u00caNCIA: Pol\u00edcia Militar prende acusado de furtar fios de energia pela segunda vez em menos de tr\u00eas meses","datePublished":"2023-02-28T18:06:59+00:00","dateModified":"2023-02-28T18:07:07+00:00","mainEntityOfPage":{"@id":"https:\/\/www.pm.pb.gov.br\/portal\/2023\/02\/28\/reincidencia-policia-militar-prende-acusado-de-furtar-fios-de-energia-pela-segunda-vez-em-menos-de-tres-meses\/"},"wordCount":269,"publisher":{"@id":"https:\/\/www.pm.pb.gov.br\/portal\/#organization"},"articleSection":["A\u00e7\u00f5es Policiais"],"inLanguage":"pt-BR"},{"@type":"WebPage","@id":"https:\/\/www.pm.pb.gov.br\/portal\/2023\/02\/28\/reincidencia-policia-militar-prende-acusado-de-furtar-fios-de-energia-pela-segunda-vez-em-menos-de-tres-meses\/","url":"https:\/\/www.pm.pb.gov.br\/portal\/2023\/02\/28\/reincidencia-policia-militar-prende-acusado-de-furtar-fios-de-energia-pela-segunda-vez-em-menos-de-tres-meses\/","name":"REINCID\u00caNCIA: Pol\u00edcia Militar prende acusado de furtar fios de energia pela segunda vez em menos de tr\u00eas meses - Pol\u00edcia Militar da Para\u00edba","isPartOf":{"@id":"https:\/\/www.pm.pb.gov.br\/portal\/#website"},"datePublished":"2023-02-28T18:06:59+00:00","dateModified":"2023-02-28T18:07:07+00:00","breadcrumb":{"@id":"https:\/\/www.pm.pb.gov.br\/portal\/2023\/02\/28\/reincidencia-policia-militar-prende-acusado-de-furtar-fios-de-energia-pela-segunda-vez-em-menos-de-tres-meses\/#breadcrumb"},"inLanguage":"pt-BR","potentialAction":[{"@type":"ReadAction","target":["https:\/\/www.pm.pb.gov.br\/portal\/2023\/02\/28\/reincidencia-policia-militar-prende-acusado-de-furtar-fios-de-energia-pela-segunda-vez-em-menos-de-tres-meses\/"]}]},{"@type":"BreadcrumbList","@id":"https:\/\/www.pm.pb.gov.br\/portal\/2023\/02\/28\/reincidencia-policia-militar-prende-acusado-de-furtar-fios-de-energia-pela-segunda-vez-em-menos-de-tres-meses\/#breadcrumb","itemListElement":[{"@type":"ListItem","position":1,"name":"In\u00edcio","item":"https:\/\/www.pm.pb.gov.br\/portal\/"},{"@type":"ListItem","position":2,"name":"REINCID\u00caNCIA: Pol\u00edcia Militar prende acusado de furtar fios de energia pela segunda vez em menos de tr\u00eas meses"}]},{"@type":"WebSite","@id":"https:\/\/www.pm.pb.gov.br\/portal\/#website","url":"https:\/\/www.pm.pb.gov.br\/portal\/","name":"Pol\u00edcia Militar da Para\u00edba","description":"","publisher":{"@id":"https:\/\/www.pm.pb.gov.br\/portal\/#organization"},"potentialAction":[{"@type":"SearchAction","target":{"@type":"EntryPoint","urlTemplate":"https:\/\/www.pm.pb.gov.br\/portal\/?s={search_term_string}"},"query-input":"required name=search_term_string"}],"inLanguage":"pt-BR"},{"@type":"Organization","@id":"https:\/\/www.pm.pb.gov.br\/portal\/#organization","name":"Pol\u00edcia Militar da Para\u00edba","url":"https:\/\/www.pm.pb.gov.br\/portal\/","logo":{"@type":"ImageObject","inLanguage":"pt-BR","@id":"https:\/\/www.pm.pb.gov.br\/portal\/#\/schema\/logo\/image\/","url":"https:\/\/www.pm.pb.gov.br\/portal\/wp-content\/uploads\/2025\/03\/cropped-logo-site-mag2-1.png","contentUrl":"https:\/\/www.pm.pb.gov.br\/portal\/wp-content\/uploads\/2025\/03\/cropped-logo-site-mag2-1.png","width":320,"height":90,"caption":"Pol\u00edcia Militar da Para\u00edba"},"image":{"@id":"https:\/\/www.pm.pb.gov.br\/portal\/#\/schema\/logo\/image\/"}},{"@type":"Person","@id":"https:\/\/www.pm.pb.gov.br\/portal\/#\/schema\/person\/f84f56dcc78ce4357054da888b8247fd","name":"Tarcisio Oliveira","image":{"@type":"ImageObject","inLanguage":"pt-BR","@id":"https:\/\/www.pm.pb.gov.br\/portal\/#\/schema\/person\/image\/","url":"https:\/\/secure.gravatar.com\/avatar\/72917b630b69d31cd0297507f34bac97?s=96&d=mm&r=g","contentUrl":"https:\/\/secure.gravatar.com\/avatar\/72917b630b69d31cd0297507f34bac97?s=96&d=mm&r=g","caption":"Tarcisio Oliveira"},"url":"https:\/\/www.pm.pb.gov.br\/portal\/author\/tarcisio\/"}]}},"_links":{"self":[{"href":"https:\/\/www.pm.pb.gov.br\/portal\/wp-json\/wp\/v2\/posts\/915828"}],"collection":[{"href":"https:\/\/www.pm.pb.gov.br\/portal\/wp-json\/wp\/v2\/posts"}],"about":[{"href":"https:\/\/www.pm.pb.gov.br\/portal\/wp-json\/wp\/v2\/types\/post"}],"author":[{"embeddable":true,"href":"https:\/\/www.pm.pb.gov.br\/portal\/wp-json\/wp\/v2\/users\/12"}],"replies":[{"embeddable":true,"href":"https:\/\/www.pm.pb.gov.br\/portal\/wp-json\/wp\/v2\/comments?post=915828"}],"version-history":[{"count":1,"href":"https:\/\/www.pm.pb.gov.br\/portal\/wp-json\/wp\/v2\/posts\/915828\/revisions"}],"predecessor-version":[{"id":915830,"href":"https:\/\/www.pm.pb.gov.br\/portal\/wp-json\/wp\/v2\/posts\/915828\/revisions\/915830"}],"wp:featuredmedia":[{"embeddable":true,"href":"https:\/\/www.pm.pb.gov.br\/portal\/wp-json\/wp\/v2\/media\/912842"}],"wp:attachment":[{"href":"https:\/\/www.pm.pb.gov.br\/portal\/wp-json\/wp\/v2\/media?parent=915828"}],"wp:term":[{"taxonomy":"category","embeddable":true,"href":"https:\/\/www.pm.pb.gov.br\/portal\/wp-json\/wp\/v2\/categories?post=915828"},{"taxonomy":"post_tag","embeddable":true,"href":"https:\/\/www.pm.pb.gov.br\/portal\/wp-json\/wp\/v2\/tags?post=915828"}],"curies":[{"name":"wp","href":"https:\/\/api.w.org\/{rel}","templated":true}]}}