{"id":915822,"date":"2023-02-27T10:14:00","date_gmt":"2023-02-27T13:14:00","guid":{"rendered":"https:\/\/www.pm.pb.gov.br\/portal\/?p=915822"},"modified":"2023-02-27T14:16:15","modified_gmt":"2023-02-27T17:16:15","slug":"policia-militar-prende-acusado-de-trafico-que-ja-havia-sido-preso-furtando-fios-de-postes-na-capital","status":"publish","type":"post","link":"https:\/\/www.pm.pb.gov.br\/portal\/2023\/02\/27\/policia-militar-prende-acusado-de-trafico-que-ja-havia-sido-preso-furtando-fios-de-postes-na-capital\/","title":{"rendered":"<strong>Pol\u00edcia Militar prende acusado de tr\u00e1fico que j\u00e1 havia sido preso furtando fios de postes, na capital<\/strong>"},"content":{"rendered":"\n<p>A Pol\u00edcia Militar prendeu, pela segunda vez, um homem acusado de tr\u00e1fico de drogas e que j\u00e1 havia sido preso pela PM por furtar fios de postes, crime que provoca \u2018apag\u00e3o\u2019 nas ruas e pra\u00e7as, e preju\u00edzo para a administra\u00e7\u00e3o p\u00fablica (foto acima ilustrativa). Nessa \u00faltima pris\u00e3o, o acusado foi detido na noite do domingo (26), no bairro de Tamba\u00fa.<\/p>\n<p>A a\u00e7\u00e3o da PM foi realizada pelos policiais do Batalh\u00e3o Especializado em Policiamento Tur\u00edstico (BEPTur), que vem intensificando o trabalho em pontos-chaves da orla, como na localidade atr\u00e1s da Feirinha de Tamba\u00fa. De acordo com o comando da unidade, o acusado foi flagrado com 11 por\u00e7\u00f5es de subst\u00e2ncia semelhante \u00e0 maconha, coca\u00edna e crack, e mais de R$ 250 em dinheiro. Toda a ocorr\u00eancia foi apresentada na Central de Flagrantes.<\/p>\n<p><strong>Reincid\u00eancia &#8211;<\/strong> Ainda segundo o BEPTur, o homem preso no domingo j\u00e1 havia sido detido anteriormente furtando fios de postes da capital. Somente este ano, pelo menos oito pessoas j\u00e1 foram presas pela PM em Jo\u00e3o Pessoa por esta pr\u00e1tica criminosa.<\/p>\n","protected":false},"excerpt":{"rendered":"<p>A Pol\u00edcia Militar prendeu, pela segunda vez, um homem acusado de tr\u00e1fico de drogas e que j\u00e1 havia sido preso<\/p>\n","protected":false},"author":12,"featured_media":904976,"comment_status":"closed","ping_status":"closed","sticky":false,"template":"","format":"standard","meta":{"_exactmetrics_skip_tracking":false,"_exactmetrics_sitenote_active":false,"_exactmetrics_sitenote_note":"","_exactmetrics_sitenote_category":0,"footnotes":""},"categories":[4],"tags":[],"yoast_head":"<!-- This site is optimized with the Yoast SEO plugin v22.0 - https:\/\/yoast.com\/wordpress\/plugins\/seo\/ -->\n<title>Pol\u00edcia Militar prende acusado de tr\u00e1fico que j\u00e1 havia sido preso furtando fios de postes, na capital - Pol\u00edcia Militar da Para\u00edba<\/title>\n<meta name=\"robots\" content=\"index, follow, max-snippet:-1, max-image-preview:large, max-video-preview:-1\" \/>\n<link rel=\"canonical\" href=\"https:\/\/www.pm.pb.gov.br\/portal\/2023\/02\/27\/policia-militar-prende-acusado-de-trafico-que-ja-havia-sido-preso-furtando-fios-de-postes-na-capital\/\" \/>\n<meta property=\"og:locale\" content=\"pt_BR\" \/>\n<meta property=\"og:type\" content=\"article\" \/>\n<meta property=\"og:title\" content=\"Pol\u00edcia Militar prende acusado de tr\u00e1fico que j\u00e1 havia sido preso furtando fios de postes, na capital - Pol\u00edcia Militar da Para\u00edba\" \/>\n<meta property=\"og:description\" content=\"A Pol\u00edcia Militar prendeu, pela segunda vez, um homem acusado de tr\u00e1fico de drogas e que j\u00e1 havia sido preso\" \/>\n<meta property=\"og:url\" content=\"https:\/\/www.pm.pb.gov.br\/portal\/2023\/02\/27\/policia-militar-prende-acusado-de-trafico-que-ja-havia-sido-preso-furtando-fios-de-postes-na-capital\/\" \/>\n<meta property=\"og:site_name\" content=\"Pol\u00edcia Militar da Para\u00edba\" \/>\n<meta property=\"article:published_time\" content=\"2023-02-27T13:14:00+00:00\" \/>\n<meta property=\"article:modified_time\" content=\"2023-02-27T17:16:15+00:00\" \/>\n<meta property=\"og:image\" content=\"http:\/\/www.pm.pb.gov.br\/portal\/wp-content\/uploads\/2020\/05\/ceatur.jpeg\" \/>\n\t<meta property=\"og:image:width\" content=\"800\" \/>\n\t<meta property=\"og:image:height\" content=\"445\" \/>\n\t<meta property=\"og:image:type\" content=\"image\/jpeg\" \/>\n<meta name=\"author\" content=\"Tarcisio Oliveira\" \/>\n<meta name=\"twitter:card\" content=\"summary_large_image\" \/>\n<meta name=\"twitter:label1\" content=\"Escrito por\" \/>\n\t<meta name=\"twitter:data1\" content=\"Tarcisio Oliveira\" \/>\n\t<meta name=\"twitter:label2\" content=\"Est. tempo de leitura\" \/>\n\t<meta name=\"twitter:data2\" content=\"1 minuto\" \/>\n<script type=\"application\/ld+json\" class=\"yoast-schema-graph\">{\"@context\":\"https:\/\/schema.org\",\"@graph\":[{\"@type\":\"Article\",\"@id\":\"https:\/\/www.pm.pb.gov.br\/portal\/2023\/02\/27\/policia-militar-prende-acusado-de-trafico-que-ja-havia-sido-preso-furtando-fios-de-postes-na-capital\/#article\",\"isPartOf\":{\"@id\":\"https:\/\/www.pm.pb.gov.br\/portal\/2023\/02\/27\/policia-militar-prende-acusado-de-trafico-que-ja-havia-sido-preso-furtando-fios-de-postes-na-capital\/\"},\"author\":{\"name\":\"Tarcisio Oliveira\",\"@id\":\"https:\/\/www.pm.pb.gov.br\/portal\/#\/schema\/person\/f84f56dcc78ce4357054da888b8247fd\"},\"headline\":\"Pol\u00edcia Militar prende acusado de tr\u00e1fico que j\u00e1 havia sido preso furtando fios de postes, na capital\",\"datePublished\":\"2023-02-27T13:14:00+00:00\",\"dateModified\":\"2023-02-27T17:16:15+00:00\",\"mainEntityOfPage\":{\"@id\":\"https:\/\/www.pm.pb.gov.br\/portal\/2023\/02\/27\/policia-militar-prende-acusado-de-trafico-que-ja-havia-sido-preso-furtando-fios-de-postes-na-capital\/\"},\"wordCount\":205,\"publisher\":{\"@id\":\"https:\/\/www.pm.pb.gov.br\/portal\/#organization\"},\"articleSection\":[\"A\u00e7\u00f5es Policiais\"],\"inLanguage\":\"pt-BR\"},{\"@type\":\"WebPage\",\"@id\":\"https:\/\/www.pm.pb.gov.br\/portal\/2023\/02\/27\/policia-militar-prende-acusado-de-trafico-que-ja-havia-sido-preso-furtando-fios-de-postes-na-capital\/\",\"url\":\"https:\/\/www.pm.pb.gov.br\/portal\/2023\/02\/27\/policia-militar-prende-acusado-de-trafico-que-ja-havia-sido-preso-furtando-fios-de-postes-na-capital\/\",\"name\":\"Pol\u00edcia Militar prende acusado de tr\u00e1fico que j\u00e1 havia sido preso furtando fios de postes, na capital - Pol\u00edcia Militar da Para\u00edba\",\"isPartOf\":{\"@id\":\"https:\/\/www.pm.pb.gov.br\/portal\/#website\"},\"datePublished\":\"2023-02-27T13:14:00+00:00\",\"dateModified\":\"2023-02-27T17:16:15+00:00\",\"breadcrumb\":{\"@id\":\"https:\/\/www.pm.pb.gov.br\/portal\/2023\/02\/27\/policia-militar-prende-acusado-de-trafico-que-ja-havia-sido-preso-furtando-fios-de-postes-na-capital\/#breadcrumb\"},\"inLanguage\":\"pt-BR\",\"potentialAction\":[{\"@type\":\"ReadAction\",\"target\":[\"https:\/\/www.pm.pb.gov.br\/portal\/2023\/02\/27\/policia-militar-prende-acusado-de-trafico-que-ja-havia-sido-preso-furtando-fios-de-postes-na-capital\/\"]}]},{\"@type\":\"BreadcrumbList\",\"@id\":\"https:\/\/www.pm.pb.gov.br\/portal\/2023\/02\/27\/policia-militar-prende-acusado-de-trafico-que-ja-havia-sido-preso-furtando-fios-de-postes-na-capital\/#breadcrumb\",\"itemListElement\":[{\"@type\":\"ListItem\",\"position\":1,\"name\":\"In\u00edcio\",\"item\":\"https:\/\/www.pm.pb.gov.br\/portal\/\"},{\"@type\":\"ListItem\",\"position\":2,\"name\":\"Pol\u00edcia Militar prende acusado de tr\u00e1fico que j\u00e1 havia sido preso furtando fios de postes, na capital\"}]},{\"@type\":\"WebSite\",\"@id\":\"https:\/\/www.pm.pb.gov.br\/portal\/#website\",\"url\":\"https:\/\/www.pm.pb.gov.br\/portal\/\",\"name\":\"Pol\u00edcia Militar da Para\u00edba\",\"description\":\"\",\"publisher\":{\"@id\":\"https:\/\/www.pm.pb.gov.br\/portal\/#organization\"},\"potentialAction\":[{\"@type\":\"SearchAction\",\"target\":{\"@type\":\"EntryPoint\",\"urlTemplate\":\"https:\/\/www.pm.pb.gov.br\/portal\/?s={search_term_string}\"},\"query-input\":\"required name=search_term_string\"}],\"inLanguage\":\"pt-BR\"},{\"@type\":\"Organization\",\"@id\":\"https:\/\/www.pm.pb.gov.br\/portal\/#organization\",\"name\":\"Pol\u00edcia Militar da Para\u00edba\",\"url\":\"https:\/\/www.pm.pb.gov.br\/portal\/\",\"logo\":{\"@type\":\"ImageObject\",\"inLanguage\":\"pt-BR\",\"@id\":\"https:\/\/www.pm.pb.gov.br\/portal\/#\/schema\/logo\/image\/\",\"url\":\"https:\/\/www.pm.pb.gov.br\/portal\/wp-content\/uploads\/2025\/03\/cropped-logo-site-mag2-1.png\",\"contentUrl\":\"https:\/\/www.pm.pb.gov.br\/portal\/wp-content\/uploads\/2025\/03\/cropped-logo-site-mag2-1.png\",\"width\":320,\"height\":90,\"caption\":\"Pol\u00edcia Militar da Para\u00edba\"},\"image\":{\"@id\":\"https:\/\/www.pm.pb.gov.br\/portal\/#\/schema\/logo\/image\/\"}},{\"@type\":\"Person\",\"@id\":\"https:\/\/www.pm.pb.gov.br\/portal\/#\/schema\/person\/f84f56dcc78ce4357054da888b8247fd\",\"name\":\"Tarcisio Oliveira\",\"image\":{\"@type\":\"ImageObject\",\"inLanguage\":\"pt-BR\",\"@id\":\"https:\/\/www.pm.pb.gov.br\/portal\/#\/schema\/person\/image\/\",\"url\":\"https:\/\/secure.gravatar.com\/avatar\/72917b630b69d31cd0297507f34bac97?s=96&d=mm&r=g\",\"contentUrl\":\"https:\/\/secure.gravatar.com\/avatar\/72917b630b69d31cd0297507f34bac97?s=96&d=mm&r=g\",\"caption\":\"Tarcisio Oliveira\"},\"url\":\"https:\/\/www.pm.pb.gov.br\/portal\/author\/tarcisio\/\"}]}<\/script>\n<!-- \/ Yoast SEO plugin. -->","yoast_head_json":{"title":"Pol\u00edcia Militar prende acusado de tr\u00e1fico que j\u00e1 havia sido preso furtando fios de postes, na capital - Pol\u00edcia Militar da Para\u00edba","robots":{"index":"index","follow":"follow","max-snippet":"max-snippet:-1","max-image-preview":"max-image-preview:large","max-video-preview":"max-video-preview:-1"},"canonical":"https:\/\/www.pm.pb.gov.br\/portal\/2023\/02\/27\/policia-militar-prende-acusado-de-trafico-que-ja-havia-sido-preso-furtando-fios-de-postes-na-capital\/","og_locale":"pt_BR","og_type":"article","og_title":"Pol\u00edcia Militar prende acusado de tr\u00e1fico que j\u00e1 havia sido preso furtando fios de postes, na capital - Pol\u00edcia Militar da Para\u00edba","og_description":"A Pol\u00edcia Militar prendeu, pela segunda vez, um homem acusado de tr\u00e1fico de drogas e que j\u00e1 havia sido preso","og_url":"https:\/\/www.pm.pb.gov.br\/portal\/2023\/02\/27\/policia-militar-prende-acusado-de-trafico-que-ja-havia-sido-preso-furtando-fios-de-postes-na-capital\/","og_site_name":"Pol\u00edcia Militar da Para\u00edba","article_published_time":"2023-02-27T13:14:00+00:00","article_modified_time":"2023-02-27T17:16:15+00:00","og_image":[{"width":800,"height":445,"url":"http:\/\/www.pm.pb.gov.br\/portal\/wp-content\/uploads\/2020\/05\/ceatur.jpeg","type":"image\/jpeg"}],"author":"Tarcisio Oliveira","twitter_card":"summary_large_image","twitter_misc":{"Escrito por":"Tarcisio Oliveira","Est. tempo de leitura":"1 minuto"},"schema":{"@context":"https:\/\/schema.org","@graph":[{"@type":"Article","@id":"https:\/\/www.pm.pb.gov.br\/portal\/2023\/02\/27\/policia-militar-prende-acusado-de-trafico-que-ja-havia-sido-preso-furtando-fios-de-postes-na-capital\/#article","isPartOf":{"@id":"https:\/\/www.pm.pb.gov.br\/portal\/2023\/02\/27\/policia-militar-prende-acusado-de-trafico-que-ja-havia-sido-preso-furtando-fios-de-postes-na-capital\/"},"author":{"name":"Tarcisio Oliveira","@id":"https:\/\/www.pm.pb.gov.br\/portal\/#\/schema\/person\/f84f56dcc78ce4357054da888b8247fd"},"headline":"Pol\u00edcia Militar prende acusado de tr\u00e1fico que j\u00e1 havia sido preso furtando fios de postes, na capital","datePublished":"2023-02-27T13:14:00+00:00","dateModified":"2023-02-27T17:16:15+00:00","mainEntityOfPage":{"@id":"https:\/\/www.pm.pb.gov.br\/portal\/2023\/02\/27\/policia-militar-prende-acusado-de-trafico-que-ja-havia-sido-preso-furtando-fios-de-postes-na-capital\/"},"wordCount":205,"publisher":{"@id":"https:\/\/www.pm.pb.gov.br\/portal\/#organization"},"articleSection":["A\u00e7\u00f5es Policiais"],"inLanguage":"pt-BR"},{"@type":"WebPage","@id":"https:\/\/www.pm.pb.gov.br\/portal\/2023\/02\/27\/policia-militar-prende-acusado-de-trafico-que-ja-havia-sido-preso-furtando-fios-de-postes-na-capital\/","url":"https:\/\/www.pm.pb.gov.br\/portal\/2023\/02\/27\/policia-militar-prende-acusado-de-trafico-que-ja-havia-sido-preso-furtando-fios-de-postes-na-capital\/","name":"Pol\u00edcia Militar prende acusado de tr\u00e1fico que j\u00e1 havia sido preso furtando fios de postes, na capital - Pol\u00edcia Militar da Para\u00edba","isPartOf":{"@id":"https:\/\/www.pm.pb.gov.br\/portal\/#website"},"datePublished":"2023-02-27T13:14:00+00:00","dateModified":"2023-02-27T17:16:15+00:00","breadcrumb":{"@id":"https:\/\/www.pm.pb.gov.br\/portal\/2023\/02\/27\/policia-militar-prende-acusado-de-trafico-que-ja-havia-sido-preso-furtando-fios-de-postes-na-capital\/#breadcrumb"},"inLanguage":"pt-BR","potentialAction":[{"@type":"ReadAction","target":["https:\/\/www.pm.pb.gov.br\/portal\/2023\/02\/27\/policia-militar-prende-acusado-de-trafico-que-ja-havia-sido-preso-furtando-fios-de-postes-na-capital\/"]}]},{"@type":"BreadcrumbList","@id":"https:\/\/www.pm.pb.gov.br\/portal\/2023\/02\/27\/policia-militar-prende-acusado-de-trafico-que-ja-havia-sido-preso-furtando-fios-de-postes-na-capital\/#breadcrumb","itemListElement":[{"@type":"ListItem","position":1,"name":"In\u00edcio","item":"https:\/\/www.pm.pb.gov.br\/portal\/"},{"@type":"ListItem","position":2,"name":"Pol\u00edcia Militar prende acusado de tr\u00e1fico que j\u00e1 havia sido preso furtando fios de postes, na capital"}]},{"@type":"WebSite","@id":"https:\/\/www.pm.pb.gov.br\/portal\/#website","url":"https:\/\/www.pm.pb.gov.br\/portal\/","name":"Pol\u00edcia Militar da Para\u00edba","description":"","publisher":{"@id":"https:\/\/www.pm.pb.gov.br\/portal\/#organization"},"potentialAction":[{"@type":"SearchAction","target":{"@type":"EntryPoint","urlTemplate":"https:\/\/www.pm.pb.gov.br\/portal\/?s={search_term_string}"},"query-input":"required name=search_term_string"}],"inLanguage":"pt-BR"},{"@type":"Organization","@id":"https:\/\/www.pm.pb.gov.br\/portal\/#organization","name":"Pol\u00edcia Militar da Para\u00edba","url":"https:\/\/www.pm.pb.gov.br\/portal\/","logo":{"@type":"ImageObject","inLanguage":"pt-BR","@id":"https:\/\/www.pm.pb.gov.br\/portal\/#\/schema\/logo\/image\/","url":"https:\/\/www.pm.pb.gov.br\/portal\/wp-content\/uploads\/2025\/03\/cropped-logo-site-mag2-1.png","contentUrl":"https:\/\/www.pm.pb.gov.br\/portal\/wp-content\/uploads\/2025\/03\/cropped-logo-site-mag2-1.png","width":320,"height":90,"caption":"Pol\u00edcia Militar da Para\u00edba"},"image":{"@id":"https:\/\/www.pm.pb.gov.br\/portal\/#\/schema\/logo\/image\/"}},{"@type":"Person","@id":"https:\/\/www.pm.pb.gov.br\/portal\/#\/schema\/person\/f84f56dcc78ce4357054da888b8247fd","name":"Tarcisio Oliveira","image":{"@type":"ImageObject","inLanguage":"pt-BR","@id":"https:\/\/www.pm.pb.gov.br\/portal\/#\/schema\/person\/image\/","url":"https:\/\/secure.gravatar.com\/avatar\/72917b630b69d31cd0297507f34bac97?s=96&d=mm&r=g","contentUrl":"https:\/\/secure.gravatar.com\/avatar\/72917b630b69d31cd0297507f34bac97?s=96&d=mm&r=g","caption":"Tarcisio Oliveira"},"url":"https:\/\/www.pm.pb.gov.br\/portal\/author\/tarcisio\/"}]}},"_links":{"self":[{"href":"https:\/\/www.pm.pb.gov.br\/portal\/wp-json\/wp\/v2\/posts\/915822"}],"collection":[{"href":"https:\/\/www.pm.pb.gov.br\/portal\/wp-json\/wp\/v2\/posts"}],"about":[{"href":"https:\/\/www.pm.pb.gov.br\/portal\/wp-json\/wp\/v2\/types\/post"}],"author":[{"embeddable":true,"href":"https:\/\/www.pm.pb.gov.br\/portal\/wp-json\/wp\/v2\/users\/12"}],"replies":[{"embeddable":true,"href":"https:\/\/www.pm.pb.gov.br\/portal\/wp-json\/wp\/v2\/comments?post=915822"}],"version-history":[{"count":1,"href":"https:\/\/www.pm.pb.gov.br\/portal\/wp-json\/wp\/v2\/posts\/915822\/revisions"}],"predecessor-version":[{"id":915823,"href":"https:\/\/www.pm.pb.gov.br\/portal\/wp-json\/wp\/v2\/posts\/915822\/revisions\/915823"}],"wp:featuredmedia":[{"embeddable":true,"href":"https:\/\/www.pm.pb.gov.br\/portal\/wp-json\/wp\/v2\/media\/904976"}],"wp:attachment":[{"href":"https:\/\/www.pm.pb.gov.br\/portal\/wp-json\/wp\/v2\/media?parent=915822"}],"wp:term":[{"taxonomy":"category","embeddable":true,"href":"https:\/\/www.pm.pb.gov.br\/portal\/wp-json\/wp\/v2\/categories?post=915822"},{"taxonomy":"post_tag","embeddable":true,"href":"https:\/\/www.pm.pb.gov.br\/portal\/wp-json\/wp\/v2\/tags?post=915822"}],"curies":[{"name":"wp","href":"https:\/\/api.w.org\/{rel}","templated":true}]}}