{"id":915811,"date":"2023-02-25T08:58:00","date_gmt":"2023-02-25T11:58:00","guid":{"rendered":"https:\/\/www.pm.pb.gov.br\/portal\/?p=915811"},"modified":"2023-02-26T17:00:44","modified_gmt":"2023-02-26T20:00:44","slug":"policiais-militares-resgaram-crianca-em-torre-no-sertao","status":"publish","type":"post","link":"https:\/\/www.pm.pb.gov.br\/portal\/2023\/02\/25\/policiais-militares-resgaram-crianca-em-torre-no-sertao\/","title":{"rendered":"<strong>Policiais militares resgaram crian\u00e7a em torre, no Sert\u00e3o<\/strong>"},"content":{"rendered":"\n<p>Vidas que salvam vidas. Policiais militares da 3\u00aa Companhia do 13\u00ba Batalh\u00e3o, resgataram uma crian\u00e7a de apenas nove anos de idade, que subiu em uma torre de telecomunica\u00e7\u00e3o no munic\u00edpio de Coremas, que fica a cerca de 410 quil\u00f4metros de dist\u00e2ncia de Jo\u00e3o Pessoa. A a\u00e7\u00e3o aconteceu na manh\u00e3 da \u00faltima sexta-feira (24), sendo constatado por diversas pessoas que passavam na localidade.<\/p>\n<p>De acordo com as informa\u00e7\u00f5es do Batalh\u00e3o, a crian\u00e7a subiu a cerca de 10 metros na torre, quando foi avistada pelas pessoas, tendo um bombeiro civil feito o primeiro contato e tentado acalmar o menino. Dois policiais militares estiveram no local, subiram no equipamento e conseguir trazer a crian\u00e7a de volta ao solo, em seguran\u00e7a.<\/p>\n<p>A crian\u00e7a foi levada a fam\u00edlia juntamente com Conselho Tutelar. O caso foi informado a Pol\u00edcia Civil. O resgate chamou aten\u00e7\u00e3o da popula\u00e7\u00e3o local, que registrou a ocorr\u00eancia em v\u00eddeo e fotos nas redes-sociais, e que parabenizou os policiais pelo atendimento da ocorr\u00eancia. \u00a0<\/p>\n\n\n","protected":false},"excerpt":{"rendered":"<p>Vidas que salvam vidas. Policiais militares da 3\u00aa Companhia do 13\u00ba Batalh\u00e3o, resgataram uma crian\u00e7a de apenas nove anos de<\/p>\n","protected":false},"author":12,"featured_media":894706,"comment_status":"closed","ping_status":"closed","sticky":false,"template":"","format":"standard","meta":{"_exactmetrics_skip_tracking":false,"_exactmetrics_sitenote_active":false,"_exactmetrics_sitenote_note":"","_exactmetrics_sitenote_category":0,"footnotes":""},"categories":[4],"tags":[],"yoast_head":"<!-- This site is optimized with the Yoast SEO plugin v22.0 - https:\/\/yoast.com\/wordpress\/plugins\/seo\/ -->\n<title>Policiais militares resgaram crian\u00e7a em torre, no Sert\u00e3o - Pol\u00edcia Militar da Para\u00edba<\/title>\n<meta name=\"robots\" content=\"index, follow, max-snippet:-1, max-image-preview:large, max-video-preview:-1\" \/>\n<link rel=\"canonical\" href=\"https:\/\/www.pm.pb.gov.br\/portal\/2023\/02\/25\/policiais-militares-resgaram-crianca-em-torre-no-sertao\/\" \/>\n<meta property=\"og:locale\" content=\"pt_BR\" \/>\n<meta property=\"og:type\" content=\"article\" \/>\n<meta property=\"og:title\" content=\"Policiais militares resgaram crian\u00e7a em torre, no Sert\u00e3o - Pol\u00edcia Militar da Para\u00edba\" \/>\n<meta property=\"og:description\" content=\"Vidas que salvam vidas. Policiais militares da 3\u00aa Companhia do 13\u00ba Batalh\u00e3o, resgataram uma crian\u00e7a de apenas nove anos de\" \/>\n<meta property=\"og:url\" content=\"https:\/\/www.pm.pb.gov.br\/portal\/2023\/02\/25\/policiais-militares-resgaram-crianca-em-torre-no-sertao\/\" \/>\n<meta property=\"og:site_name\" content=\"Pol\u00edcia Militar da Para\u00edba\" \/>\n<meta property=\"article:published_time\" content=\"2023-02-25T11:58:00+00:00\" \/>\n<meta property=\"article:modified_time\" content=\"2023-02-26T20:00:44+00:00\" \/>\n<meta property=\"og:image\" content=\"http:\/\/www.pm.pb.gov.br\/portal\/wp-content\/uploads\/2017\/07\/foto_brasao-1.jpg\" \/>\n\t<meta property=\"og:image:width\" content=\"620\" \/>\n\t<meta property=\"og:image:height\" content=\"411\" \/>\n\t<meta property=\"og:image:type\" content=\"image\/jpeg\" \/>\n<meta name=\"author\" content=\"Tarcisio Oliveira\" \/>\n<meta name=\"twitter:card\" content=\"summary_large_image\" \/>\n<meta name=\"twitter:label1\" content=\"Escrito por\" \/>\n\t<meta name=\"twitter:data1\" content=\"Tarcisio Oliveira\" \/>\n\t<meta name=\"twitter:label2\" content=\"Est. tempo de leitura\" \/>\n\t<meta name=\"twitter:data2\" content=\"1 minuto\" \/>\n<script type=\"application\/ld+json\" class=\"yoast-schema-graph\">{\"@context\":\"https:\/\/schema.org\",\"@graph\":[{\"@type\":\"Article\",\"@id\":\"https:\/\/www.pm.pb.gov.br\/portal\/2023\/02\/25\/policiais-militares-resgaram-crianca-em-torre-no-sertao\/#article\",\"isPartOf\":{\"@id\":\"https:\/\/www.pm.pb.gov.br\/portal\/2023\/02\/25\/policiais-militares-resgaram-crianca-em-torre-no-sertao\/\"},\"author\":{\"name\":\"Tarcisio Oliveira\",\"@id\":\"https:\/\/www.pm.pb.gov.br\/portal\/#\/schema\/person\/f84f56dcc78ce4357054da888b8247fd\"},\"headline\":\"Policiais militares resgaram crian\u00e7a em torre, no Sert\u00e3o\",\"datePublished\":\"2023-02-25T11:58:00+00:00\",\"dateModified\":\"2023-02-26T20:00:44+00:00\",\"mainEntityOfPage\":{\"@id\":\"https:\/\/www.pm.pb.gov.br\/portal\/2023\/02\/25\/policiais-militares-resgaram-crianca-em-torre-no-sertao\/\"},\"wordCount\":186,\"publisher\":{\"@id\":\"https:\/\/www.pm.pb.gov.br\/portal\/#organization\"},\"articleSection\":[\"A\u00e7\u00f5es Policiais\"],\"inLanguage\":\"pt-BR\"},{\"@type\":\"WebPage\",\"@id\":\"https:\/\/www.pm.pb.gov.br\/portal\/2023\/02\/25\/policiais-militares-resgaram-crianca-em-torre-no-sertao\/\",\"url\":\"https:\/\/www.pm.pb.gov.br\/portal\/2023\/02\/25\/policiais-militares-resgaram-crianca-em-torre-no-sertao\/\",\"name\":\"Policiais militares resgaram crian\u00e7a em torre, no Sert\u00e3o - Pol\u00edcia Militar da Para\u00edba\",\"isPartOf\":{\"@id\":\"https:\/\/www.pm.pb.gov.br\/portal\/#website\"},\"datePublished\":\"2023-02-25T11:58:00+00:00\",\"dateModified\":\"2023-02-26T20:00:44+00:00\",\"breadcrumb\":{\"@id\":\"https:\/\/www.pm.pb.gov.br\/portal\/2023\/02\/25\/policiais-militares-resgaram-crianca-em-torre-no-sertao\/#breadcrumb\"},\"inLanguage\":\"pt-BR\",\"potentialAction\":[{\"@type\":\"ReadAction\",\"target\":[\"https:\/\/www.pm.pb.gov.br\/portal\/2023\/02\/25\/policiais-militares-resgaram-crianca-em-torre-no-sertao\/\"]}]},{\"@type\":\"BreadcrumbList\",\"@id\":\"https:\/\/www.pm.pb.gov.br\/portal\/2023\/02\/25\/policiais-militares-resgaram-crianca-em-torre-no-sertao\/#breadcrumb\",\"itemListElement\":[{\"@type\":\"ListItem\",\"position\":1,\"name\":\"In\u00edcio\",\"item\":\"https:\/\/www.pm.pb.gov.br\/portal\/\"},{\"@type\":\"ListItem\",\"position\":2,\"name\":\"Policiais militares resgaram crian\u00e7a em torre, no Sert\u00e3o\"}]},{\"@type\":\"WebSite\",\"@id\":\"https:\/\/www.pm.pb.gov.br\/portal\/#website\",\"url\":\"https:\/\/www.pm.pb.gov.br\/portal\/\",\"name\":\"Pol\u00edcia Militar da Para\u00edba\",\"description\":\"\",\"publisher\":{\"@id\":\"https:\/\/www.pm.pb.gov.br\/portal\/#organization\"},\"potentialAction\":[{\"@type\":\"SearchAction\",\"target\":{\"@type\":\"EntryPoint\",\"urlTemplate\":\"https:\/\/www.pm.pb.gov.br\/portal\/?s={search_term_string}\"},\"query-input\":\"required name=search_term_string\"}],\"inLanguage\":\"pt-BR\"},{\"@type\":\"Organization\",\"@id\":\"https:\/\/www.pm.pb.gov.br\/portal\/#organization\",\"name\":\"Pol\u00edcia Militar da Para\u00edba\",\"url\":\"https:\/\/www.pm.pb.gov.br\/portal\/\",\"logo\":{\"@type\":\"ImageObject\",\"inLanguage\":\"pt-BR\",\"@id\":\"https:\/\/www.pm.pb.gov.br\/portal\/#\/schema\/logo\/image\/\",\"url\":\"https:\/\/www.pm.pb.gov.br\/portal\/wp-content\/uploads\/2025\/03\/cropped-logo-site-mag2-1.png\",\"contentUrl\":\"https:\/\/www.pm.pb.gov.br\/portal\/wp-content\/uploads\/2025\/03\/cropped-logo-site-mag2-1.png\",\"width\":320,\"height\":90,\"caption\":\"Pol\u00edcia Militar da Para\u00edba\"},\"image\":{\"@id\":\"https:\/\/www.pm.pb.gov.br\/portal\/#\/schema\/logo\/image\/\"}},{\"@type\":\"Person\",\"@id\":\"https:\/\/www.pm.pb.gov.br\/portal\/#\/schema\/person\/f84f56dcc78ce4357054da888b8247fd\",\"name\":\"Tarcisio Oliveira\",\"image\":{\"@type\":\"ImageObject\",\"inLanguage\":\"pt-BR\",\"@id\":\"https:\/\/www.pm.pb.gov.br\/portal\/#\/schema\/person\/image\/\",\"url\":\"https:\/\/secure.gravatar.com\/avatar\/72917b630b69d31cd0297507f34bac97?s=96&d=mm&r=g\",\"contentUrl\":\"https:\/\/secure.gravatar.com\/avatar\/72917b630b69d31cd0297507f34bac97?s=96&d=mm&r=g\",\"caption\":\"Tarcisio Oliveira\"},\"url\":\"https:\/\/www.pm.pb.gov.br\/portal\/author\/tarcisio\/\"}]}<\/script>\n<!-- \/ Yoast SEO plugin. -->","yoast_head_json":{"title":"Policiais militares resgaram crian\u00e7a em torre, no Sert\u00e3o - Pol\u00edcia Militar da Para\u00edba","robots":{"index":"index","follow":"follow","max-snippet":"max-snippet:-1","max-image-preview":"max-image-preview:large","max-video-preview":"max-video-preview:-1"},"canonical":"https:\/\/www.pm.pb.gov.br\/portal\/2023\/02\/25\/policiais-militares-resgaram-crianca-em-torre-no-sertao\/","og_locale":"pt_BR","og_type":"article","og_title":"Policiais militares resgaram crian\u00e7a em torre, no Sert\u00e3o - Pol\u00edcia Militar da Para\u00edba","og_description":"Vidas que salvam vidas. Policiais militares da 3\u00aa Companhia do 13\u00ba Batalh\u00e3o, resgataram uma crian\u00e7a de apenas nove anos de","og_url":"https:\/\/www.pm.pb.gov.br\/portal\/2023\/02\/25\/policiais-militares-resgaram-crianca-em-torre-no-sertao\/","og_site_name":"Pol\u00edcia Militar da Para\u00edba","article_published_time":"2023-02-25T11:58:00+00:00","article_modified_time":"2023-02-26T20:00:44+00:00","og_image":[{"width":620,"height":411,"url":"http:\/\/www.pm.pb.gov.br\/portal\/wp-content\/uploads\/2017\/07\/foto_brasao-1.jpg","type":"image\/jpeg"}],"author":"Tarcisio Oliveira","twitter_card":"summary_large_image","twitter_misc":{"Escrito por":"Tarcisio Oliveira","Est. tempo de leitura":"1 minuto"},"schema":{"@context":"https:\/\/schema.org","@graph":[{"@type":"Article","@id":"https:\/\/www.pm.pb.gov.br\/portal\/2023\/02\/25\/policiais-militares-resgaram-crianca-em-torre-no-sertao\/#article","isPartOf":{"@id":"https:\/\/www.pm.pb.gov.br\/portal\/2023\/02\/25\/policiais-militares-resgaram-crianca-em-torre-no-sertao\/"},"author":{"name":"Tarcisio Oliveira","@id":"https:\/\/www.pm.pb.gov.br\/portal\/#\/schema\/person\/f84f56dcc78ce4357054da888b8247fd"},"headline":"Policiais militares resgaram crian\u00e7a em torre, no Sert\u00e3o","datePublished":"2023-02-25T11:58:00+00:00","dateModified":"2023-02-26T20:00:44+00:00","mainEntityOfPage":{"@id":"https:\/\/www.pm.pb.gov.br\/portal\/2023\/02\/25\/policiais-militares-resgaram-crianca-em-torre-no-sertao\/"},"wordCount":186,"publisher":{"@id":"https:\/\/www.pm.pb.gov.br\/portal\/#organization"},"articleSection":["A\u00e7\u00f5es Policiais"],"inLanguage":"pt-BR"},{"@type":"WebPage","@id":"https:\/\/www.pm.pb.gov.br\/portal\/2023\/02\/25\/policiais-militares-resgaram-crianca-em-torre-no-sertao\/","url":"https:\/\/www.pm.pb.gov.br\/portal\/2023\/02\/25\/policiais-militares-resgaram-crianca-em-torre-no-sertao\/","name":"Policiais militares resgaram crian\u00e7a em torre, no Sert\u00e3o - Pol\u00edcia Militar da Para\u00edba","isPartOf":{"@id":"https:\/\/www.pm.pb.gov.br\/portal\/#website"},"datePublished":"2023-02-25T11:58:00+00:00","dateModified":"2023-02-26T20:00:44+00:00","breadcrumb":{"@id":"https:\/\/www.pm.pb.gov.br\/portal\/2023\/02\/25\/policiais-militares-resgaram-crianca-em-torre-no-sertao\/#breadcrumb"},"inLanguage":"pt-BR","potentialAction":[{"@type":"ReadAction","target":["https:\/\/www.pm.pb.gov.br\/portal\/2023\/02\/25\/policiais-militares-resgaram-crianca-em-torre-no-sertao\/"]}]},{"@type":"BreadcrumbList","@id":"https:\/\/www.pm.pb.gov.br\/portal\/2023\/02\/25\/policiais-militares-resgaram-crianca-em-torre-no-sertao\/#breadcrumb","itemListElement":[{"@type":"ListItem","position":1,"name":"In\u00edcio","item":"https:\/\/www.pm.pb.gov.br\/portal\/"},{"@type":"ListItem","position":2,"name":"Policiais militares resgaram crian\u00e7a em torre, no Sert\u00e3o"}]},{"@type":"WebSite","@id":"https:\/\/www.pm.pb.gov.br\/portal\/#website","url":"https:\/\/www.pm.pb.gov.br\/portal\/","name":"Pol\u00edcia Militar da Para\u00edba","description":"","publisher":{"@id":"https:\/\/www.pm.pb.gov.br\/portal\/#organization"},"potentialAction":[{"@type":"SearchAction","target":{"@type":"EntryPoint","urlTemplate":"https:\/\/www.pm.pb.gov.br\/portal\/?s={search_term_string}"},"query-input":"required name=search_term_string"}],"inLanguage":"pt-BR"},{"@type":"Organization","@id":"https:\/\/www.pm.pb.gov.br\/portal\/#organization","name":"Pol\u00edcia Militar da Para\u00edba","url":"https:\/\/www.pm.pb.gov.br\/portal\/","logo":{"@type":"ImageObject","inLanguage":"pt-BR","@id":"https:\/\/www.pm.pb.gov.br\/portal\/#\/schema\/logo\/image\/","url":"https:\/\/www.pm.pb.gov.br\/portal\/wp-content\/uploads\/2025\/03\/cropped-logo-site-mag2-1.png","contentUrl":"https:\/\/www.pm.pb.gov.br\/portal\/wp-content\/uploads\/2025\/03\/cropped-logo-site-mag2-1.png","width":320,"height":90,"caption":"Pol\u00edcia Militar da Para\u00edba"},"image":{"@id":"https:\/\/www.pm.pb.gov.br\/portal\/#\/schema\/logo\/image\/"}},{"@type":"Person","@id":"https:\/\/www.pm.pb.gov.br\/portal\/#\/schema\/person\/f84f56dcc78ce4357054da888b8247fd","name":"Tarcisio Oliveira","image":{"@type":"ImageObject","inLanguage":"pt-BR","@id":"https:\/\/www.pm.pb.gov.br\/portal\/#\/schema\/person\/image\/","url":"https:\/\/secure.gravatar.com\/avatar\/72917b630b69d31cd0297507f34bac97?s=96&d=mm&r=g","contentUrl":"https:\/\/secure.gravatar.com\/avatar\/72917b630b69d31cd0297507f34bac97?s=96&d=mm&r=g","caption":"Tarcisio Oliveira"},"url":"https:\/\/www.pm.pb.gov.br\/portal\/author\/tarcisio\/"}]}},"_links":{"self":[{"href":"https:\/\/www.pm.pb.gov.br\/portal\/wp-json\/wp\/v2\/posts\/915811"}],"collection":[{"href":"https:\/\/www.pm.pb.gov.br\/portal\/wp-json\/wp\/v2\/posts"}],"about":[{"href":"https:\/\/www.pm.pb.gov.br\/portal\/wp-json\/wp\/v2\/types\/post"}],"author":[{"embeddable":true,"href":"https:\/\/www.pm.pb.gov.br\/portal\/wp-json\/wp\/v2\/users\/12"}],"replies":[{"embeddable":true,"href":"https:\/\/www.pm.pb.gov.br\/portal\/wp-json\/wp\/v2\/comments?post=915811"}],"version-history":[{"count":1,"href":"https:\/\/www.pm.pb.gov.br\/portal\/wp-json\/wp\/v2\/posts\/915811\/revisions"}],"predecessor-version":[{"id":915812,"href":"https:\/\/www.pm.pb.gov.br\/portal\/wp-json\/wp\/v2\/posts\/915811\/revisions\/915812"}],"wp:featuredmedia":[{"embeddable":true,"href":"https:\/\/www.pm.pb.gov.br\/portal\/wp-json\/wp\/v2\/media\/894706"}],"wp:attachment":[{"href":"https:\/\/www.pm.pb.gov.br\/portal\/wp-json\/wp\/v2\/media?parent=915811"}],"wp:term":[{"taxonomy":"category","embeddable":true,"href":"https:\/\/www.pm.pb.gov.br\/portal\/wp-json\/wp\/v2\/categories?post=915811"},{"taxonomy":"post_tag","embeddable":true,"href":"https:\/\/www.pm.pb.gov.br\/portal\/wp-json\/wp\/v2\/tags?post=915811"}],"curies":[{"name":"wp","href":"https:\/\/api.w.org\/{rel}","templated":true}]}}