{"id":915809,"date":"2023-02-26T08:44:00","date_gmt":"2023-02-26T11:44:00","guid":{"rendered":"https:\/\/www.pm.pb.gov.br\/portal\/?p=915809"},"modified":"2023-02-26T16:46:09","modified_gmt":"2023-02-26T19:46:09","slug":"policia-militar-prende-acusados-com-tornozeleiras-eletronicas-que-descumpriam-recolhimento-noturno","status":"publish","type":"post","link":"https:\/\/www.pm.pb.gov.br\/portal\/2023\/02\/26\/policia-militar-prende-acusados-com-tornozeleiras-eletronicas-que-descumpriam-recolhimento-noturno\/","title":{"rendered":"<strong>Pol\u00edcia Militar prende acusados com tornozeleiras eletr\u00f4nicas, que descumpriam recolhimento noturno<\/strong>"},"content":{"rendered":"\n<p>A Pol\u00edcia Militar prendeu dois homens que usavam tornozeleira eletr\u00f4nica, mas que estavam descumprindo o recolhimento domiciliar, na noite do \u00faltimo s\u00e1bado (25), em Jo\u00e3o Pessoa. As pris\u00f5es foram no bairro das Ind\u00fastrias, durante a Opera\u00e7\u00e3o Paradigma. Os acusados j\u00e1 respondiam pelos crimes de homic\u00eddio e pela Lei Maria da Penha (foto acima ilustrativa).<\/p>\n<p>Um dos homens presos, que j\u00e1 respondia por homic\u00eddio, foi abordado em um checkpoint da PM enquanto dirigia um carro, no fim da noite. J\u00e1 o segundo acusado estava em um \u00f4nibus que foi abordado pelos policiais. Ele respondia pelos crimes da Lei Maria da Penha. Ambos deveriam estar recolhidos em domic\u00edlio mas estavam transitando nas ruas de modo ilegal.<\/p>\n<p>A Opera\u00e7\u00e3o Paradigma contou com participa\u00e7\u00e3o de diversas tropas da PM como unidades de policiamento de \u00e1rea, Batalh\u00e3o de Opera\u00e7\u00f5es Policiais Especiais (Bope), de Tr\u00e2nsito (BPTran), Policiamento Ambiental (BPAmb), Regimento de Opera\u00e7\u00f5es T\u00e1ticas com Apoio de Motocicletas (Rotam), e o alto comando da institui\u00e7\u00e3o.<\/p>\n<p>Os dois acusados presos foram encaminhados para as unidades prisionais da Capital para o devido cumprimento da pena.<\/p>\n\n\n","protected":false},"excerpt":{"rendered":"<p>A Pol\u00edcia Militar prendeu dois homens que usavam tornozeleira eletr\u00f4nica, mas que estavam descumprindo o recolhimento domiciliar, na noite do<\/p>\n","protected":false},"author":12,"featured_media":915678,"comment_status":"closed","ping_status":"closed","sticky":false,"template":"","format":"standard","meta":{"_exactmetrics_skip_tracking":false,"_exactmetrics_sitenote_active":false,"_exactmetrics_sitenote_note":"","_exactmetrics_sitenote_category":0,"footnotes":""},"categories":[4],"tags":[],"yoast_head":"<!-- This site is optimized with the Yoast SEO plugin v22.0 - https:\/\/yoast.com\/wordpress\/plugins\/seo\/ -->\n<title>Pol\u00edcia Militar prende acusados com tornozeleiras eletr\u00f4nicas, que descumpriam recolhimento noturno - Pol\u00edcia Militar da Para\u00edba<\/title>\n<meta name=\"robots\" content=\"index, follow, max-snippet:-1, max-image-preview:large, max-video-preview:-1\" \/>\n<link rel=\"canonical\" href=\"https:\/\/www.pm.pb.gov.br\/portal\/2023\/02\/26\/policia-militar-prende-acusados-com-tornozeleiras-eletronicas-que-descumpriam-recolhimento-noturno\/\" \/>\n<meta property=\"og:locale\" content=\"pt_BR\" \/>\n<meta property=\"og:type\" content=\"article\" \/>\n<meta property=\"og:title\" content=\"Pol\u00edcia Militar prende acusados com tornozeleiras eletr\u00f4nicas, que descumpriam recolhimento noturno - Pol\u00edcia Militar da Para\u00edba\" \/>\n<meta property=\"og:description\" content=\"A Pol\u00edcia Militar prendeu dois homens que usavam tornozeleira eletr\u00f4nica, mas que estavam descumprindo o recolhimento domiciliar, na noite do\" \/>\n<meta property=\"og:url\" content=\"https:\/\/www.pm.pb.gov.br\/portal\/2023\/02\/26\/policia-militar-prende-acusados-com-tornozeleiras-eletronicas-que-descumpriam-recolhimento-noturno\/\" \/>\n<meta property=\"og:site_name\" content=\"Pol\u00edcia Militar da Para\u00edba\" \/>\n<meta property=\"article:published_time\" content=\"2023-02-26T11:44:00+00:00\" \/>\n<meta property=\"article:modified_time\" content=\"2023-02-26T19:46:09+00:00\" \/>\n<meta property=\"og:image\" content=\"http:\/\/www.pm.pb.gov.br\/portal\/wp-content\/uploads\/2023\/02\/bope.jpeg\" \/>\n\t<meta property=\"og:image:width\" content=\"800\" \/>\n\t<meta property=\"og:image:height\" content=\"445\" \/>\n\t<meta property=\"og:image:type\" content=\"image\/jpeg\" \/>\n<meta name=\"author\" content=\"Tarcisio Oliveira\" \/>\n<meta name=\"twitter:card\" content=\"summary_large_image\" \/>\n<meta name=\"twitter:label1\" content=\"Escrito por\" \/>\n\t<meta name=\"twitter:data1\" content=\"Tarcisio Oliveira\" \/>\n\t<meta name=\"twitter:label2\" content=\"Est. tempo de leitura\" \/>\n\t<meta name=\"twitter:data2\" content=\"1 minuto\" \/>\n<script type=\"application\/ld+json\" class=\"yoast-schema-graph\">{\"@context\":\"https:\/\/schema.org\",\"@graph\":[{\"@type\":\"Article\",\"@id\":\"https:\/\/www.pm.pb.gov.br\/portal\/2023\/02\/26\/policia-militar-prende-acusados-com-tornozeleiras-eletronicas-que-descumpriam-recolhimento-noturno\/#article\",\"isPartOf\":{\"@id\":\"https:\/\/www.pm.pb.gov.br\/portal\/2023\/02\/26\/policia-militar-prende-acusados-com-tornozeleiras-eletronicas-que-descumpriam-recolhimento-noturno\/\"},\"author\":{\"name\":\"Tarcisio Oliveira\",\"@id\":\"https:\/\/www.pm.pb.gov.br\/portal\/#\/schema\/person\/f84f56dcc78ce4357054da888b8247fd\"},\"headline\":\"Pol\u00edcia Militar prende acusados com tornozeleiras eletr\u00f4nicas, que descumpriam recolhimento noturno\",\"datePublished\":\"2023-02-26T11:44:00+00:00\",\"dateModified\":\"2023-02-26T19:46:09+00:00\",\"mainEntityOfPage\":{\"@id\":\"https:\/\/www.pm.pb.gov.br\/portal\/2023\/02\/26\/policia-militar-prende-acusados-com-tornozeleiras-eletronicas-que-descumpriam-recolhimento-noturno\/\"},\"wordCount\":206,\"publisher\":{\"@id\":\"https:\/\/www.pm.pb.gov.br\/portal\/#organization\"},\"articleSection\":[\"A\u00e7\u00f5es Policiais\"],\"inLanguage\":\"pt-BR\"},{\"@type\":\"WebPage\",\"@id\":\"https:\/\/www.pm.pb.gov.br\/portal\/2023\/02\/26\/policia-militar-prende-acusados-com-tornozeleiras-eletronicas-que-descumpriam-recolhimento-noturno\/\",\"url\":\"https:\/\/www.pm.pb.gov.br\/portal\/2023\/02\/26\/policia-militar-prende-acusados-com-tornozeleiras-eletronicas-que-descumpriam-recolhimento-noturno\/\",\"name\":\"Pol\u00edcia Militar prende acusados com tornozeleiras eletr\u00f4nicas, que descumpriam recolhimento noturno - Pol\u00edcia Militar da Para\u00edba\",\"isPartOf\":{\"@id\":\"https:\/\/www.pm.pb.gov.br\/portal\/#website\"},\"datePublished\":\"2023-02-26T11:44:00+00:00\",\"dateModified\":\"2023-02-26T19:46:09+00:00\",\"breadcrumb\":{\"@id\":\"https:\/\/www.pm.pb.gov.br\/portal\/2023\/02\/26\/policia-militar-prende-acusados-com-tornozeleiras-eletronicas-que-descumpriam-recolhimento-noturno\/#breadcrumb\"},\"inLanguage\":\"pt-BR\",\"potentialAction\":[{\"@type\":\"ReadAction\",\"target\":[\"https:\/\/www.pm.pb.gov.br\/portal\/2023\/02\/26\/policia-militar-prende-acusados-com-tornozeleiras-eletronicas-que-descumpriam-recolhimento-noturno\/\"]}]},{\"@type\":\"BreadcrumbList\",\"@id\":\"https:\/\/www.pm.pb.gov.br\/portal\/2023\/02\/26\/policia-militar-prende-acusados-com-tornozeleiras-eletronicas-que-descumpriam-recolhimento-noturno\/#breadcrumb\",\"itemListElement\":[{\"@type\":\"ListItem\",\"position\":1,\"name\":\"In\u00edcio\",\"item\":\"https:\/\/www.pm.pb.gov.br\/portal\/\"},{\"@type\":\"ListItem\",\"position\":2,\"name\":\"Pol\u00edcia Militar prende acusados com tornozeleiras eletr\u00f4nicas, que descumpriam recolhimento noturno\"}]},{\"@type\":\"WebSite\",\"@id\":\"https:\/\/www.pm.pb.gov.br\/portal\/#website\",\"url\":\"https:\/\/www.pm.pb.gov.br\/portal\/\",\"name\":\"Pol\u00edcia Militar da Para\u00edba\",\"description\":\"\",\"publisher\":{\"@id\":\"https:\/\/www.pm.pb.gov.br\/portal\/#organization\"},\"potentialAction\":[{\"@type\":\"SearchAction\",\"target\":{\"@type\":\"EntryPoint\",\"urlTemplate\":\"https:\/\/www.pm.pb.gov.br\/portal\/?s={search_term_string}\"},\"query-input\":\"required name=search_term_string\"}],\"inLanguage\":\"pt-BR\"},{\"@type\":\"Organization\",\"@id\":\"https:\/\/www.pm.pb.gov.br\/portal\/#organization\",\"name\":\"Pol\u00edcia Militar da Para\u00edba\",\"url\":\"https:\/\/www.pm.pb.gov.br\/portal\/\",\"logo\":{\"@type\":\"ImageObject\",\"inLanguage\":\"pt-BR\",\"@id\":\"https:\/\/www.pm.pb.gov.br\/portal\/#\/schema\/logo\/image\/\",\"url\":\"https:\/\/www.pm.pb.gov.br\/portal\/wp-content\/uploads\/2025\/03\/cropped-logo-site-mag2-1.png\",\"contentUrl\":\"https:\/\/www.pm.pb.gov.br\/portal\/wp-content\/uploads\/2025\/03\/cropped-logo-site-mag2-1.png\",\"width\":320,\"height\":90,\"caption\":\"Pol\u00edcia Militar da Para\u00edba\"},\"image\":{\"@id\":\"https:\/\/www.pm.pb.gov.br\/portal\/#\/schema\/logo\/image\/\"}},{\"@type\":\"Person\",\"@id\":\"https:\/\/www.pm.pb.gov.br\/portal\/#\/schema\/person\/f84f56dcc78ce4357054da888b8247fd\",\"name\":\"Tarcisio Oliveira\",\"image\":{\"@type\":\"ImageObject\",\"inLanguage\":\"pt-BR\",\"@id\":\"https:\/\/www.pm.pb.gov.br\/portal\/#\/schema\/person\/image\/\",\"url\":\"https:\/\/secure.gravatar.com\/avatar\/72917b630b69d31cd0297507f34bac97?s=96&d=mm&r=g\",\"contentUrl\":\"https:\/\/secure.gravatar.com\/avatar\/72917b630b69d31cd0297507f34bac97?s=96&d=mm&r=g\",\"caption\":\"Tarcisio Oliveira\"},\"url\":\"https:\/\/www.pm.pb.gov.br\/portal\/author\/tarcisio\/\"}]}<\/script>\n<!-- \/ Yoast SEO plugin. -->","yoast_head_json":{"title":"Pol\u00edcia Militar prende acusados com tornozeleiras eletr\u00f4nicas, que descumpriam recolhimento noturno - Pol\u00edcia Militar da Para\u00edba","robots":{"index":"index","follow":"follow","max-snippet":"max-snippet:-1","max-image-preview":"max-image-preview:large","max-video-preview":"max-video-preview:-1"},"canonical":"https:\/\/www.pm.pb.gov.br\/portal\/2023\/02\/26\/policia-militar-prende-acusados-com-tornozeleiras-eletronicas-que-descumpriam-recolhimento-noturno\/","og_locale":"pt_BR","og_type":"article","og_title":"Pol\u00edcia Militar prende acusados com tornozeleiras eletr\u00f4nicas, que descumpriam recolhimento noturno - Pol\u00edcia Militar da Para\u00edba","og_description":"A Pol\u00edcia Militar prendeu dois homens que usavam tornozeleira eletr\u00f4nica, mas que estavam descumprindo o recolhimento domiciliar, na noite do","og_url":"https:\/\/www.pm.pb.gov.br\/portal\/2023\/02\/26\/policia-militar-prende-acusados-com-tornozeleiras-eletronicas-que-descumpriam-recolhimento-noturno\/","og_site_name":"Pol\u00edcia Militar da Para\u00edba","article_published_time":"2023-02-26T11:44:00+00:00","article_modified_time":"2023-02-26T19:46:09+00:00","og_image":[{"width":800,"height":445,"url":"http:\/\/www.pm.pb.gov.br\/portal\/wp-content\/uploads\/2023\/02\/bope.jpeg","type":"image\/jpeg"}],"author":"Tarcisio Oliveira","twitter_card":"summary_large_image","twitter_misc":{"Escrito por":"Tarcisio Oliveira","Est. tempo de leitura":"1 minuto"},"schema":{"@context":"https:\/\/schema.org","@graph":[{"@type":"Article","@id":"https:\/\/www.pm.pb.gov.br\/portal\/2023\/02\/26\/policia-militar-prende-acusados-com-tornozeleiras-eletronicas-que-descumpriam-recolhimento-noturno\/#article","isPartOf":{"@id":"https:\/\/www.pm.pb.gov.br\/portal\/2023\/02\/26\/policia-militar-prende-acusados-com-tornozeleiras-eletronicas-que-descumpriam-recolhimento-noturno\/"},"author":{"name":"Tarcisio Oliveira","@id":"https:\/\/www.pm.pb.gov.br\/portal\/#\/schema\/person\/f84f56dcc78ce4357054da888b8247fd"},"headline":"Pol\u00edcia Militar prende acusados com tornozeleiras eletr\u00f4nicas, que descumpriam recolhimento noturno","datePublished":"2023-02-26T11:44:00+00:00","dateModified":"2023-02-26T19:46:09+00:00","mainEntityOfPage":{"@id":"https:\/\/www.pm.pb.gov.br\/portal\/2023\/02\/26\/policia-militar-prende-acusados-com-tornozeleiras-eletronicas-que-descumpriam-recolhimento-noturno\/"},"wordCount":206,"publisher":{"@id":"https:\/\/www.pm.pb.gov.br\/portal\/#organization"},"articleSection":["A\u00e7\u00f5es Policiais"],"inLanguage":"pt-BR"},{"@type":"WebPage","@id":"https:\/\/www.pm.pb.gov.br\/portal\/2023\/02\/26\/policia-militar-prende-acusados-com-tornozeleiras-eletronicas-que-descumpriam-recolhimento-noturno\/","url":"https:\/\/www.pm.pb.gov.br\/portal\/2023\/02\/26\/policia-militar-prende-acusados-com-tornozeleiras-eletronicas-que-descumpriam-recolhimento-noturno\/","name":"Pol\u00edcia Militar prende acusados com tornozeleiras eletr\u00f4nicas, que descumpriam recolhimento noturno - Pol\u00edcia Militar da Para\u00edba","isPartOf":{"@id":"https:\/\/www.pm.pb.gov.br\/portal\/#website"},"datePublished":"2023-02-26T11:44:00+00:00","dateModified":"2023-02-26T19:46:09+00:00","breadcrumb":{"@id":"https:\/\/www.pm.pb.gov.br\/portal\/2023\/02\/26\/policia-militar-prende-acusados-com-tornozeleiras-eletronicas-que-descumpriam-recolhimento-noturno\/#breadcrumb"},"inLanguage":"pt-BR","potentialAction":[{"@type":"ReadAction","target":["https:\/\/www.pm.pb.gov.br\/portal\/2023\/02\/26\/policia-militar-prende-acusados-com-tornozeleiras-eletronicas-que-descumpriam-recolhimento-noturno\/"]}]},{"@type":"BreadcrumbList","@id":"https:\/\/www.pm.pb.gov.br\/portal\/2023\/02\/26\/policia-militar-prende-acusados-com-tornozeleiras-eletronicas-que-descumpriam-recolhimento-noturno\/#breadcrumb","itemListElement":[{"@type":"ListItem","position":1,"name":"In\u00edcio","item":"https:\/\/www.pm.pb.gov.br\/portal\/"},{"@type":"ListItem","position":2,"name":"Pol\u00edcia Militar prende acusados com tornozeleiras eletr\u00f4nicas, que descumpriam recolhimento noturno"}]},{"@type":"WebSite","@id":"https:\/\/www.pm.pb.gov.br\/portal\/#website","url":"https:\/\/www.pm.pb.gov.br\/portal\/","name":"Pol\u00edcia Militar da Para\u00edba","description":"","publisher":{"@id":"https:\/\/www.pm.pb.gov.br\/portal\/#organization"},"potentialAction":[{"@type":"SearchAction","target":{"@type":"EntryPoint","urlTemplate":"https:\/\/www.pm.pb.gov.br\/portal\/?s={search_term_string}"},"query-input":"required name=search_term_string"}],"inLanguage":"pt-BR"},{"@type":"Organization","@id":"https:\/\/www.pm.pb.gov.br\/portal\/#organization","name":"Pol\u00edcia Militar da Para\u00edba","url":"https:\/\/www.pm.pb.gov.br\/portal\/","logo":{"@type":"ImageObject","inLanguage":"pt-BR","@id":"https:\/\/www.pm.pb.gov.br\/portal\/#\/schema\/logo\/image\/","url":"https:\/\/www.pm.pb.gov.br\/portal\/wp-content\/uploads\/2025\/03\/cropped-logo-site-mag2-1.png","contentUrl":"https:\/\/www.pm.pb.gov.br\/portal\/wp-content\/uploads\/2025\/03\/cropped-logo-site-mag2-1.png","width":320,"height":90,"caption":"Pol\u00edcia Militar da Para\u00edba"},"image":{"@id":"https:\/\/www.pm.pb.gov.br\/portal\/#\/schema\/logo\/image\/"}},{"@type":"Person","@id":"https:\/\/www.pm.pb.gov.br\/portal\/#\/schema\/person\/f84f56dcc78ce4357054da888b8247fd","name":"Tarcisio Oliveira","image":{"@type":"ImageObject","inLanguage":"pt-BR","@id":"https:\/\/www.pm.pb.gov.br\/portal\/#\/schema\/person\/image\/","url":"https:\/\/secure.gravatar.com\/avatar\/72917b630b69d31cd0297507f34bac97?s=96&d=mm&r=g","contentUrl":"https:\/\/secure.gravatar.com\/avatar\/72917b630b69d31cd0297507f34bac97?s=96&d=mm&r=g","caption":"Tarcisio Oliveira"},"url":"https:\/\/www.pm.pb.gov.br\/portal\/author\/tarcisio\/"}]}},"_links":{"self":[{"href":"https:\/\/www.pm.pb.gov.br\/portal\/wp-json\/wp\/v2\/posts\/915809"}],"collection":[{"href":"https:\/\/www.pm.pb.gov.br\/portal\/wp-json\/wp\/v2\/posts"}],"about":[{"href":"https:\/\/www.pm.pb.gov.br\/portal\/wp-json\/wp\/v2\/types\/post"}],"author":[{"embeddable":true,"href":"https:\/\/www.pm.pb.gov.br\/portal\/wp-json\/wp\/v2\/users\/12"}],"replies":[{"embeddable":true,"href":"https:\/\/www.pm.pb.gov.br\/portal\/wp-json\/wp\/v2\/comments?post=915809"}],"version-history":[{"count":1,"href":"https:\/\/www.pm.pb.gov.br\/portal\/wp-json\/wp\/v2\/posts\/915809\/revisions"}],"predecessor-version":[{"id":915810,"href":"https:\/\/www.pm.pb.gov.br\/portal\/wp-json\/wp\/v2\/posts\/915809\/revisions\/915810"}],"wp:featuredmedia":[{"embeddable":true,"href":"https:\/\/www.pm.pb.gov.br\/portal\/wp-json\/wp\/v2\/media\/915678"}],"wp:attachment":[{"href":"https:\/\/www.pm.pb.gov.br\/portal\/wp-json\/wp\/v2\/media?parent=915809"}],"wp:term":[{"taxonomy":"category","embeddable":true,"href":"https:\/\/www.pm.pb.gov.br\/portal\/wp-json\/wp\/v2\/categories?post=915809"},{"taxonomy":"post_tag","embeddable":true,"href":"https:\/\/www.pm.pb.gov.br\/portal\/wp-json\/wp\/v2\/tags?post=915809"}],"curies":[{"name":"wp","href":"https:\/\/api.w.org\/{rel}","templated":true}]}}