{"id":915805,"date":"2023-02-26T12:04:49","date_gmt":"2023-02-26T15:04:49","guid":{"rendered":"https:\/\/www.pm.pb.gov.br\/portal\/?p=915805"},"modified":"2023-02-26T12:16:49","modified_gmt":"2023-02-26T15:16:49","slug":"empresario-que-participava-armado-de-festa-e-preso-apos-atropelar-e-matar-homem-em-joao-pessoa","status":"publish","type":"post","link":"https:\/\/www.pm.pb.gov.br\/portal\/2023\/02\/26\/empresario-que-participava-armado-de-festa-e-preso-apos-atropelar-e-matar-homem-em-joao-pessoa\/","title":{"rendered":"Empres\u00e1rio que participava armado de festa \u00e9 preso ap\u00f3s atropelar e matar homem em Jo\u00e3o Pessoa"},"content":{"rendered":"\n\n\n<p>A Pol\u00edcia Militar apreendeu uma pistola e um simulacro de arma com um empres\u00e1rio de 29 anos, que estava participando de uma festa, na madrugada deste domingo (26), na comunidade Vila Beira Molhada, no bairro do Jardim Veneza, em Jo\u00e3o Pessoa. Ao perceber a chegada da PM, ele fugiu pelas ruas da comunidade, acessou pela contram\u00e3o a BR 101 em dire\u00e7\u00e3o a Bayeux, atropelou e matou um homem de 29 anos, que vinha caminhando pelo acostamento da rodovia. O acusado estava no ve\u00edculo com outras tr\u00eas pessoas.<\/p>\n<p>Os policiais foram ao evento ap\u00f3s receberem den\u00fancias de que a festa, que ocorria nas proximidades das Tr\u00eas Lagoas, \u201ccontava com grande presen\u00e7a de pessoas ligadas \u00e0 fac\u00e7\u00f5es criminosas, tinha venda e consumo de drogas il\u00edcitas e pr\u00e1tica de polui\u00e7\u00e3o sonora\u201d. Ao se aproximarem do local indicado na den\u00fancia, os policiais se depararam com o carro do empres\u00e1rio fugindo em alta velocidade. O preso \u00e9 do bairro do Cabo Branco.<\/p>\n<p>O caso foi levado para a Central de Pol\u00edcia, no Geisel. O acusado foi autuado por porte ilegal de arma e homic\u00eddio. Ele apresentava sintomas de ter ingerido bebida alco\u00f3lica e se recusou a fazer o teste de constata\u00e7\u00e3o de embriaguez. O carro dele ficou \u00e0 disposi\u00e7\u00e3o da Pol\u00edcia Rodovi\u00e1ria Federal (PRF). Os demais ocupantes do ve\u00edculo foram ouvidos e liberados.<\/p>\n<p><strong>Atua\u00e7\u00e3o em eventos \u2013<\/strong> A Pol\u00edcia Militar atuou fiscalizando e promovendo a seguran\u00e7a em mais de 500 eventos de pr\u00e9vias, carnaval e p\u00f3s carnaval, nas \u00faltimas duas semanas, em diversos bairros. As a\u00e7\u00f5es devem continuar, j\u00e1 que, apesar do t\u00e9rmino do carnaval, h\u00e1 ainda a exist\u00eancia de festa vinculadas ao per\u00edodo.<\/p>\n","protected":false},"excerpt":{"rendered":"<p>A Pol\u00edcia Militar apreendeu uma pistola e um simulacro de arma com um empres\u00e1rio de 29 anos, que estava participando<\/p>\n","protected":false},"author":12,"featured_media":915806,"comment_status":"closed","ping_status":"closed","sticky":false,"template":"","format":"standard","meta":{"_exactmetrics_skip_tracking":false,"_exactmetrics_sitenote_active":false,"_exactmetrics_sitenote_note":"","_exactmetrics_sitenote_category":0,"footnotes":""},"categories":[4],"tags":[],"yoast_head":"<!-- This site is optimized with the Yoast SEO plugin v22.0 - https:\/\/yoast.com\/wordpress\/plugins\/seo\/ -->\n<title>Empres\u00e1rio que participava armado de festa \u00e9 preso ap\u00f3s atropelar e matar homem em Jo\u00e3o Pessoa - Pol\u00edcia Militar da Para\u00edba<\/title>\n<meta name=\"robots\" content=\"index, follow, max-snippet:-1, max-image-preview:large, max-video-preview:-1\" \/>\n<link rel=\"canonical\" href=\"https:\/\/www.pm.pb.gov.br\/portal\/2023\/02\/26\/empresario-que-participava-armado-de-festa-e-preso-apos-atropelar-e-matar-homem-em-joao-pessoa\/\" \/>\n<meta property=\"og:locale\" content=\"pt_BR\" \/>\n<meta property=\"og:type\" content=\"article\" \/>\n<meta property=\"og:title\" content=\"Empres\u00e1rio que participava armado de festa \u00e9 preso ap\u00f3s atropelar e matar homem em Jo\u00e3o Pessoa - Pol\u00edcia Militar da Para\u00edba\" \/>\n<meta property=\"og:description\" content=\"A Pol\u00edcia Militar apreendeu uma pistola e um simulacro de arma com um empres\u00e1rio de 29 anos, que estava participando\" \/>\n<meta property=\"og:url\" content=\"https:\/\/www.pm.pb.gov.br\/portal\/2023\/02\/26\/empresario-que-participava-armado-de-festa-e-preso-apos-atropelar-e-matar-homem-em-joao-pessoa\/\" \/>\n<meta property=\"og:site_name\" content=\"Pol\u00edcia Militar da Para\u00edba\" \/>\n<meta property=\"article:published_time\" content=\"2023-02-26T15:04:49+00:00\" \/>\n<meta property=\"article:modified_time\" content=\"2023-02-26T15:16:49+00:00\" \/>\n<meta property=\"og:image\" content=\"http:\/\/www.pm.pb.gov.br\/portal\/wp-content\/uploads\/2023\/02\/arma_simulacro.jpg\" \/>\n\t<meta property=\"og:image:width\" content=\"800\" \/>\n\t<meta property=\"og:image:height\" content=\"445\" \/>\n\t<meta property=\"og:image:type\" content=\"image\/jpeg\" \/>\n<meta name=\"author\" content=\"Tarcisio Oliveira\" \/>\n<meta name=\"twitter:card\" content=\"summary_large_image\" \/>\n<meta name=\"twitter:label1\" content=\"Escrito por\" \/>\n\t<meta name=\"twitter:data1\" content=\"Tarcisio Oliveira\" \/>\n\t<meta name=\"twitter:label2\" content=\"Est. tempo de leitura\" \/>\n\t<meta name=\"twitter:data2\" content=\"2 minutos\" \/>\n<script type=\"application\/ld+json\" class=\"yoast-schema-graph\">{\"@context\":\"https:\/\/schema.org\",\"@graph\":[{\"@type\":\"Article\",\"@id\":\"https:\/\/www.pm.pb.gov.br\/portal\/2023\/02\/26\/empresario-que-participava-armado-de-festa-e-preso-apos-atropelar-e-matar-homem-em-joao-pessoa\/#article\",\"isPartOf\":{\"@id\":\"https:\/\/www.pm.pb.gov.br\/portal\/2023\/02\/26\/empresario-que-participava-armado-de-festa-e-preso-apos-atropelar-e-matar-homem-em-joao-pessoa\/\"},\"author\":{\"name\":\"Tarcisio Oliveira\",\"@id\":\"https:\/\/www.pm.pb.gov.br\/portal\/#\/schema\/person\/f84f56dcc78ce4357054da888b8247fd\"},\"headline\":\"Empres\u00e1rio que participava armado de festa \u00e9 preso ap\u00f3s atropelar e matar homem em Jo\u00e3o Pessoa\",\"datePublished\":\"2023-02-26T15:04:49+00:00\",\"dateModified\":\"2023-02-26T15:16:49+00:00\",\"mainEntityOfPage\":{\"@id\":\"https:\/\/www.pm.pb.gov.br\/portal\/2023\/02\/26\/empresario-que-participava-armado-de-festa-e-preso-apos-atropelar-e-matar-homem-em-joao-pessoa\/\"},\"wordCount\":312,\"publisher\":{\"@id\":\"https:\/\/www.pm.pb.gov.br\/portal\/#organization\"},\"articleSection\":[\"A\u00e7\u00f5es Policiais\"],\"inLanguage\":\"pt-BR\"},{\"@type\":\"WebPage\",\"@id\":\"https:\/\/www.pm.pb.gov.br\/portal\/2023\/02\/26\/empresario-que-participava-armado-de-festa-e-preso-apos-atropelar-e-matar-homem-em-joao-pessoa\/\",\"url\":\"https:\/\/www.pm.pb.gov.br\/portal\/2023\/02\/26\/empresario-que-participava-armado-de-festa-e-preso-apos-atropelar-e-matar-homem-em-joao-pessoa\/\",\"name\":\"Empres\u00e1rio que participava armado de festa \u00e9 preso ap\u00f3s atropelar e matar homem em Jo\u00e3o Pessoa - Pol\u00edcia Militar da Para\u00edba\",\"isPartOf\":{\"@id\":\"https:\/\/www.pm.pb.gov.br\/portal\/#website\"},\"datePublished\":\"2023-02-26T15:04:49+00:00\",\"dateModified\":\"2023-02-26T15:16:49+00:00\",\"breadcrumb\":{\"@id\":\"https:\/\/www.pm.pb.gov.br\/portal\/2023\/02\/26\/empresario-que-participava-armado-de-festa-e-preso-apos-atropelar-e-matar-homem-em-joao-pessoa\/#breadcrumb\"},\"inLanguage\":\"pt-BR\",\"potentialAction\":[{\"@type\":\"ReadAction\",\"target\":[\"https:\/\/www.pm.pb.gov.br\/portal\/2023\/02\/26\/empresario-que-participava-armado-de-festa-e-preso-apos-atropelar-e-matar-homem-em-joao-pessoa\/\"]}]},{\"@type\":\"BreadcrumbList\",\"@id\":\"https:\/\/www.pm.pb.gov.br\/portal\/2023\/02\/26\/empresario-que-participava-armado-de-festa-e-preso-apos-atropelar-e-matar-homem-em-joao-pessoa\/#breadcrumb\",\"itemListElement\":[{\"@type\":\"ListItem\",\"position\":1,\"name\":\"In\u00edcio\",\"item\":\"https:\/\/www.pm.pb.gov.br\/portal\/\"},{\"@type\":\"ListItem\",\"position\":2,\"name\":\"Empres\u00e1rio que participava armado de festa \u00e9 preso ap\u00f3s atropelar e matar homem em Jo\u00e3o Pessoa\"}]},{\"@type\":\"WebSite\",\"@id\":\"https:\/\/www.pm.pb.gov.br\/portal\/#website\",\"url\":\"https:\/\/www.pm.pb.gov.br\/portal\/\",\"name\":\"Pol\u00edcia Militar da Para\u00edba\",\"description\":\"\",\"publisher\":{\"@id\":\"https:\/\/www.pm.pb.gov.br\/portal\/#organization\"},\"potentialAction\":[{\"@type\":\"SearchAction\",\"target\":{\"@type\":\"EntryPoint\",\"urlTemplate\":\"https:\/\/www.pm.pb.gov.br\/portal\/?s={search_term_string}\"},\"query-input\":\"required name=search_term_string\"}],\"inLanguage\":\"pt-BR\"},{\"@type\":\"Organization\",\"@id\":\"https:\/\/www.pm.pb.gov.br\/portal\/#organization\",\"name\":\"Pol\u00edcia Militar da Para\u00edba\",\"url\":\"https:\/\/www.pm.pb.gov.br\/portal\/\",\"logo\":{\"@type\":\"ImageObject\",\"inLanguage\":\"pt-BR\",\"@id\":\"https:\/\/www.pm.pb.gov.br\/portal\/#\/schema\/logo\/image\/\",\"url\":\"https:\/\/www.pm.pb.gov.br\/portal\/wp-content\/uploads\/2025\/03\/cropped-logo-site-mag2-1.png\",\"contentUrl\":\"https:\/\/www.pm.pb.gov.br\/portal\/wp-content\/uploads\/2025\/03\/cropped-logo-site-mag2-1.png\",\"width\":320,\"height\":90,\"caption\":\"Pol\u00edcia Militar da Para\u00edba\"},\"image\":{\"@id\":\"https:\/\/www.pm.pb.gov.br\/portal\/#\/schema\/logo\/image\/\"}},{\"@type\":\"Person\",\"@id\":\"https:\/\/www.pm.pb.gov.br\/portal\/#\/schema\/person\/f84f56dcc78ce4357054da888b8247fd\",\"name\":\"Tarcisio Oliveira\",\"image\":{\"@type\":\"ImageObject\",\"inLanguage\":\"pt-BR\",\"@id\":\"https:\/\/www.pm.pb.gov.br\/portal\/#\/schema\/person\/image\/\",\"url\":\"https:\/\/secure.gravatar.com\/avatar\/72917b630b69d31cd0297507f34bac97?s=96&d=mm&r=g\",\"contentUrl\":\"https:\/\/secure.gravatar.com\/avatar\/72917b630b69d31cd0297507f34bac97?s=96&d=mm&r=g\",\"caption\":\"Tarcisio Oliveira\"},\"url\":\"https:\/\/www.pm.pb.gov.br\/portal\/author\/tarcisio\/\"}]}<\/script>\n<!-- \/ Yoast SEO plugin. -->","yoast_head_json":{"title":"Empres\u00e1rio que participava armado de festa \u00e9 preso ap\u00f3s atropelar e matar homem em Jo\u00e3o Pessoa - Pol\u00edcia Militar da Para\u00edba","robots":{"index":"index","follow":"follow","max-snippet":"max-snippet:-1","max-image-preview":"max-image-preview:large","max-video-preview":"max-video-preview:-1"},"canonical":"https:\/\/www.pm.pb.gov.br\/portal\/2023\/02\/26\/empresario-que-participava-armado-de-festa-e-preso-apos-atropelar-e-matar-homem-em-joao-pessoa\/","og_locale":"pt_BR","og_type":"article","og_title":"Empres\u00e1rio que participava armado de festa \u00e9 preso ap\u00f3s atropelar e matar homem em Jo\u00e3o Pessoa - Pol\u00edcia Militar da Para\u00edba","og_description":"A Pol\u00edcia Militar apreendeu uma pistola e um simulacro de arma com um empres\u00e1rio de 29 anos, que estava participando","og_url":"https:\/\/www.pm.pb.gov.br\/portal\/2023\/02\/26\/empresario-que-participava-armado-de-festa-e-preso-apos-atropelar-e-matar-homem-em-joao-pessoa\/","og_site_name":"Pol\u00edcia Militar da Para\u00edba","article_published_time":"2023-02-26T15:04:49+00:00","article_modified_time":"2023-02-26T15:16:49+00:00","og_image":[{"width":800,"height":445,"url":"http:\/\/www.pm.pb.gov.br\/portal\/wp-content\/uploads\/2023\/02\/arma_simulacro.jpg","type":"image\/jpeg"}],"author":"Tarcisio Oliveira","twitter_card":"summary_large_image","twitter_misc":{"Escrito por":"Tarcisio Oliveira","Est. tempo de leitura":"2 minutos"},"schema":{"@context":"https:\/\/schema.org","@graph":[{"@type":"Article","@id":"https:\/\/www.pm.pb.gov.br\/portal\/2023\/02\/26\/empresario-que-participava-armado-de-festa-e-preso-apos-atropelar-e-matar-homem-em-joao-pessoa\/#article","isPartOf":{"@id":"https:\/\/www.pm.pb.gov.br\/portal\/2023\/02\/26\/empresario-que-participava-armado-de-festa-e-preso-apos-atropelar-e-matar-homem-em-joao-pessoa\/"},"author":{"name":"Tarcisio Oliveira","@id":"https:\/\/www.pm.pb.gov.br\/portal\/#\/schema\/person\/f84f56dcc78ce4357054da888b8247fd"},"headline":"Empres\u00e1rio que participava armado de festa \u00e9 preso ap\u00f3s atropelar e matar homem em Jo\u00e3o Pessoa","datePublished":"2023-02-26T15:04:49+00:00","dateModified":"2023-02-26T15:16:49+00:00","mainEntityOfPage":{"@id":"https:\/\/www.pm.pb.gov.br\/portal\/2023\/02\/26\/empresario-que-participava-armado-de-festa-e-preso-apos-atropelar-e-matar-homem-em-joao-pessoa\/"},"wordCount":312,"publisher":{"@id":"https:\/\/www.pm.pb.gov.br\/portal\/#organization"},"articleSection":["A\u00e7\u00f5es Policiais"],"inLanguage":"pt-BR"},{"@type":"WebPage","@id":"https:\/\/www.pm.pb.gov.br\/portal\/2023\/02\/26\/empresario-que-participava-armado-de-festa-e-preso-apos-atropelar-e-matar-homem-em-joao-pessoa\/","url":"https:\/\/www.pm.pb.gov.br\/portal\/2023\/02\/26\/empresario-que-participava-armado-de-festa-e-preso-apos-atropelar-e-matar-homem-em-joao-pessoa\/","name":"Empres\u00e1rio que participava armado de festa \u00e9 preso ap\u00f3s atropelar e matar homem em Jo\u00e3o Pessoa - Pol\u00edcia Militar da Para\u00edba","isPartOf":{"@id":"https:\/\/www.pm.pb.gov.br\/portal\/#website"},"datePublished":"2023-02-26T15:04:49+00:00","dateModified":"2023-02-26T15:16:49+00:00","breadcrumb":{"@id":"https:\/\/www.pm.pb.gov.br\/portal\/2023\/02\/26\/empresario-que-participava-armado-de-festa-e-preso-apos-atropelar-e-matar-homem-em-joao-pessoa\/#breadcrumb"},"inLanguage":"pt-BR","potentialAction":[{"@type":"ReadAction","target":["https:\/\/www.pm.pb.gov.br\/portal\/2023\/02\/26\/empresario-que-participava-armado-de-festa-e-preso-apos-atropelar-e-matar-homem-em-joao-pessoa\/"]}]},{"@type":"BreadcrumbList","@id":"https:\/\/www.pm.pb.gov.br\/portal\/2023\/02\/26\/empresario-que-participava-armado-de-festa-e-preso-apos-atropelar-e-matar-homem-em-joao-pessoa\/#breadcrumb","itemListElement":[{"@type":"ListItem","position":1,"name":"In\u00edcio","item":"https:\/\/www.pm.pb.gov.br\/portal\/"},{"@type":"ListItem","position":2,"name":"Empres\u00e1rio que participava armado de festa \u00e9 preso ap\u00f3s atropelar e matar homem em Jo\u00e3o Pessoa"}]},{"@type":"WebSite","@id":"https:\/\/www.pm.pb.gov.br\/portal\/#website","url":"https:\/\/www.pm.pb.gov.br\/portal\/","name":"Pol\u00edcia Militar da Para\u00edba","description":"","publisher":{"@id":"https:\/\/www.pm.pb.gov.br\/portal\/#organization"},"potentialAction":[{"@type":"SearchAction","target":{"@type":"EntryPoint","urlTemplate":"https:\/\/www.pm.pb.gov.br\/portal\/?s={search_term_string}"},"query-input":"required name=search_term_string"}],"inLanguage":"pt-BR"},{"@type":"Organization","@id":"https:\/\/www.pm.pb.gov.br\/portal\/#organization","name":"Pol\u00edcia Militar da Para\u00edba","url":"https:\/\/www.pm.pb.gov.br\/portal\/","logo":{"@type":"ImageObject","inLanguage":"pt-BR","@id":"https:\/\/www.pm.pb.gov.br\/portal\/#\/schema\/logo\/image\/","url":"https:\/\/www.pm.pb.gov.br\/portal\/wp-content\/uploads\/2025\/03\/cropped-logo-site-mag2-1.png","contentUrl":"https:\/\/www.pm.pb.gov.br\/portal\/wp-content\/uploads\/2025\/03\/cropped-logo-site-mag2-1.png","width":320,"height":90,"caption":"Pol\u00edcia Militar da Para\u00edba"},"image":{"@id":"https:\/\/www.pm.pb.gov.br\/portal\/#\/schema\/logo\/image\/"}},{"@type":"Person","@id":"https:\/\/www.pm.pb.gov.br\/portal\/#\/schema\/person\/f84f56dcc78ce4357054da888b8247fd","name":"Tarcisio Oliveira","image":{"@type":"ImageObject","inLanguage":"pt-BR","@id":"https:\/\/www.pm.pb.gov.br\/portal\/#\/schema\/person\/image\/","url":"https:\/\/secure.gravatar.com\/avatar\/72917b630b69d31cd0297507f34bac97?s=96&d=mm&r=g","contentUrl":"https:\/\/secure.gravatar.com\/avatar\/72917b630b69d31cd0297507f34bac97?s=96&d=mm&r=g","caption":"Tarcisio Oliveira"},"url":"https:\/\/www.pm.pb.gov.br\/portal\/author\/tarcisio\/"}]}},"_links":{"self":[{"href":"https:\/\/www.pm.pb.gov.br\/portal\/wp-json\/wp\/v2\/posts\/915805"}],"collection":[{"href":"https:\/\/www.pm.pb.gov.br\/portal\/wp-json\/wp\/v2\/posts"}],"about":[{"href":"https:\/\/www.pm.pb.gov.br\/portal\/wp-json\/wp\/v2\/types\/post"}],"author":[{"embeddable":true,"href":"https:\/\/www.pm.pb.gov.br\/portal\/wp-json\/wp\/v2\/users\/12"}],"replies":[{"embeddable":true,"href":"https:\/\/www.pm.pb.gov.br\/portal\/wp-json\/wp\/v2\/comments?post=915805"}],"version-history":[{"count":2,"href":"https:\/\/www.pm.pb.gov.br\/portal\/wp-json\/wp\/v2\/posts\/915805\/revisions"}],"predecessor-version":[{"id":915808,"href":"https:\/\/www.pm.pb.gov.br\/portal\/wp-json\/wp\/v2\/posts\/915805\/revisions\/915808"}],"wp:featuredmedia":[{"embeddable":true,"href":"https:\/\/www.pm.pb.gov.br\/portal\/wp-json\/wp\/v2\/media\/915806"}],"wp:attachment":[{"href":"https:\/\/www.pm.pb.gov.br\/portal\/wp-json\/wp\/v2\/media?parent=915805"}],"wp:term":[{"taxonomy":"category","embeddable":true,"href":"https:\/\/www.pm.pb.gov.br\/portal\/wp-json\/wp\/v2\/categories?post=915805"},{"taxonomy":"post_tag","embeddable":true,"href":"https:\/\/www.pm.pb.gov.br\/portal\/wp-json\/wp\/v2\/tags?post=915805"}],"curies":[{"name":"wp","href":"https:\/\/api.w.org\/{rel}","templated":true}]}}