{"id":915802,"date":"2023-02-26T11:46:39","date_gmt":"2023-02-26T14:46:39","guid":{"rendered":"https:\/\/www.pm.pb.gov.br\/portal\/?p=915802"},"modified":"2023-02-26T11:46:42","modified_gmt":"2023-02-26T14:46:42","slug":"acusados-de-arrastoes-no-sertao-da-paraiba-morrem-durante-confronto-com-o-bope","status":"publish","type":"post","link":"https:\/\/www.pm.pb.gov.br\/portal\/2023\/02\/26\/acusados-de-arrastoes-no-sertao-da-paraiba-morrem-durante-confronto-com-o-bope\/","title":{"rendered":"Acusados de arrast\u00f5es no Sert\u00e3o da Para\u00edba morrem durante confronto com o BOPE"},"content":{"rendered":"\n<p>Dois acusados de tomarem por assalto uma moto, celulares e dinheiro de seis v\u00edtimas, na noite desse s\u00e1bado (25), na cidade de Nazarezinho, morreram ao confrontarem as equipes do Batalh\u00e3o de Opera\u00e7\u00f5es Especiais (BOPE) da Pol\u00edcia Militar, na zona rural do munic\u00edpio (foto acima ilustrativa). A dupla, que estava armada com um rev\u00f3lver e uma espingarda (foto abaixo), tentou romper o cerco da PM atirando e colocando a moto por cima dos policiais, que reagiram \u00e0 a\u00e7\u00e3o criminosa.<\/p>\n<p>Os suspeitos ainda chegaram a serem socorridos pela pr\u00f3pria Pol\u00edcia Militar para o Hospital Regional de Sousa, onde morreram. Nenhum policial ficou ferido. O caso foi registrado na Delegacia de Pol\u00edcia Civil, em Sousa, onde compareceram as v\u00edtimas assaltadas, que j\u00e1 reconheceram os acusados.<\/p>\n<p>H\u00e1 informa\u00e7\u00f5es de que a dupla vinha praticando roubos n\u00e3o s\u00f3 na cidade de Nazarezinho, mas nos munic\u00edpios pr\u00f3ximos tamb\u00e9m. A identidade deles est\u00e1 sendo confirmada, bem como os antecedentes criminais.<\/p>\n<p><img loading=\"lazy\" decoding=\"async\" class=\" wp-image-915803 aligncenter\" src=\"http:\/\/www.pm.pb.gov.br\/portal\/wp-content\/uploads\/2023\/02\/WhatsApp-Image-2023-02-26-at-11.26.08-791x445.jpeg\" alt=\"\" width=\"738\" height=\"415\" srcset=\"https:\/\/www.pm.pb.gov.br\/portal\/wp-content\/uploads\/2023\/02\/WhatsApp-Image-2023-02-26-at-11.26.08-791x445.jpeg 791w, https:\/\/www.pm.pb.gov.br\/portal\/wp-content\/uploads\/2023\/02\/WhatsApp-Image-2023-02-26-at-11.26.08-1013x570.jpeg 1013w, https:\/\/www.pm.pb.gov.br\/portal\/wp-content\/uploads\/2023\/02\/WhatsApp-Image-2023-02-26-at-11.26.08-768x432.jpeg 768w, https:\/\/www.pm.pb.gov.br\/portal\/wp-content\/uploads\/2023\/02\/WhatsApp-Image-2023-02-26-at-11.26.08.jpeg 1280w\" sizes=\"(max-width: 738px) 100vw, 738px\" \/><\/p>\n\n\n","protected":false},"excerpt":{"rendered":"<p>Dois acusados de tomarem por assalto uma moto, celulares e dinheiro de seis v\u00edtimas, na noite desse s\u00e1bado (25), na<\/p>\n","protected":false},"author":12,"featured_media":915350,"comment_status":"closed","ping_status":"closed","sticky":false,"template":"","format":"standard","meta":{"_exactmetrics_skip_tracking":false,"_exactmetrics_sitenote_active":false,"_exactmetrics_sitenote_note":"","_exactmetrics_sitenote_category":0,"footnotes":""},"categories":[4],"tags":[],"yoast_head":"<!-- This site is optimized with the Yoast SEO plugin v22.0 - https:\/\/yoast.com\/wordpress\/plugins\/seo\/ -->\n<title>Acusados de arrast\u00f5es no Sert\u00e3o da Para\u00edba morrem durante confronto com o BOPE - Pol\u00edcia Militar da Para\u00edba<\/title>\n<meta name=\"robots\" content=\"index, follow, max-snippet:-1, max-image-preview:large, max-video-preview:-1\" \/>\n<link rel=\"canonical\" href=\"https:\/\/www.pm.pb.gov.br\/portal\/2023\/02\/26\/acusados-de-arrastoes-no-sertao-da-paraiba-morrem-durante-confronto-com-o-bope\/\" \/>\n<meta property=\"og:locale\" content=\"pt_BR\" \/>\n<meta property=\"og:type\" content=\"article\" \/>\n<meta property=\"og:title\" content=\"Acusados de arrast\u00f5es no Sert\u00e3o da Para\u00edba morrem durante confronto com o BOPE - Pol\u00edcia Militar da Para\u00edba\" \/>\n<meta property=\"og:description\" content=\"Dois acusados de tomarem por assalto uma moto, celulares e dinheiro de seis v\u00edtimas, na noite desse s\u00e1bado (25), na\" \/>\n<meta property=\"og:url\" content=\"https:\/\/www.pm.pb.gov.br\/portal\/2023\/02\/26\/acusados-de-arrastoes-no-sertao-da-paraiba-morrem-durante-confronto-com-o-bope\/\" \/>\n<meta property=\"og:site_name\" content=\"Pol\u00edcia Militar da Para\u00edba\" \/>\n<meta property=\"article:published_time\" content=\"2023-02-26T14:46:39+00:00\" \/>\n<meta property=\"article:modified_time\" content=\"2023-02-26T14:46:42+00:00\" \/>\n<meta property=\"og:image\" content=\"http:\/\/www.pm.pb.gov.br\/portal\/wp-content\/uploads\/2023\/01\/bopes.jpeg\" \/>\n\t<meta property=\"og:image:width\" content=\"800\" \/>\n\t<meta property=\"og:image:height\" content=\"445\" \/>\n\t<meta property=\"og:image:type\" content=\"image\/jpeg\" \/>\n<meta name=\"author\" content=\"Tarcisio Oliveira\" \/>\n<meta name=\"twitter:card\" content=\"summary_large_image\" \/>\n<meta name=\"twitter:label1\" content=\"Escrito por\" \/>\n\t<meta name=\"twitter:data1\" content=\"Tarcisio Oliveira\" \/>\n\t<meta name=\"twitter:label2\" content=\"Est. tempo de leitura\" \/>\n\t<meta name=\"twitter:data2\" content=\"2 minutos\" \/>\n<script type=\"application\/ld+json\" class=\"yoast-schema-graph\">{\"@context\":\"https:\/\/schema.org\",\"@graph\":[{\"@type\":\"Article\",\"@id\":\"https:\/\/www.pm.pb.gov.br\/portal\/2023\/02\/26\/acusados-de-arrastoes-no-sertao-da-paraiba-morrem-durante-confronto-com-o-bope\/#article\",\"isPartOf\":{\"@id\":\"https:\/\/www.pm.pb.gov.br\/portal\/2023\/02\/26\/acusados-de-arrastoes-no-sertao-da-paraiba-morrem-durante-confronto-com-o-bope\/\"},\"author\":{\"name\":\"Tarcisio Oliveira\",\"@id\":\"https:\/\/www.pm.pb.gov.br\/portal\/#\/schema\/person\/f84f56dcc78ce4357054da888b8247fd\"},\"headline\":\"Acusados de arrast\u00f5es no Sert\u00e3o da Para\u00edba morrem durante confronto com o BOPE\",\"datePublished\":\"2023-02-26T14:46:39+00:00\",\"dateModified\":\"2023-02-26T14:46:42+00:00\",\"mainEntityOfPage\":{\"@id\":\"https:\/\/www.pm.pb.gov.br\/portal\/2023\/02\/26\/acusados-de-arrastoes-no-sertao-da-paraiba-morrem-durante-confronto-com-o-bope\/\"},\"wordCount\":184,\"publisher\":{\"@id\":\"https:\/\/www.pm.pb.gov.br\/portal\/#organization\"},\"articleSection\":[\"A\u00e7\u00f5es Policiais\"],\"inLanguage\":\"pt-BR\"},{\"@type\":\"WebPage\",\"@id\":\"https:\/\/www.pm.pb.gov.br\/portal\/2023\/02\/26\/acusados-de-arrastoes-no-sertao-da-paraiba-morrem-durante-confronto-com-o-bope\/\",\"url\":\"https:\/\/www.pm.pb.gov.br\/portal\/2023\/02\/26\/acusados-de-arrastoes-no-sertao-da-paraiba-morrem-durante-confronto-com-o-bope\/\",\"name\":\"Acusados de arrast\u00f5es no Sert\u00e3o da Para\u00edba morrem durante confronto com o BOPE - Pol\u00edcia Militar da Para\u00edba\",\"isPartOf\":{\"@id\":\"https:\/\/www.pm.pb.gov.br\/portal\/#website\"},\"datePublished\":\"2023-02-26T14:46:39+00:00\",\"dateModified\":\"2023-02-26T14:46:42+00:00\",\"breadcrumb\":{\"@id\":\"https:\/\/www.pm.pb.gov.br\/portal\/2023\/02\/26\/acusados-de-arrastoes-no-sertao-da-paraiba-morrem-durante-confronto-com-o-bope\/#breadcrumb\"},\"inLanguage\":\"pt-BR\",\"potentialAction\":[{\"@type\":\"ReadAction\",\"target\":[\"https:\/\/www.pm.pb.gov.br\/portal\/2023\/02\/26\/acusados-de-arrastoes-no-sertao-da-paraiba-morrem-durante-confronto-com-o-bope\/\"]}]},{\"@type\":\"BreadcrumbList\",\"@id\":\"https:\/\/www.pm.pb.gov.br\/portal\/2023\/02\/26\/acusados-de-arrastoes-no-sertao-da-paraiba-morrem-durante-confronto-com-o-bope\/#breadcrumb\",\"itemListElement\":[{\"@type\":\"ListItem\",\"position\":1,\"name\":\"In\u00edcio\",\"item\":\"https:\/\/www.pm.pb.gov.br\/portal\/\"},{\"@type\":\"ListItem\",\"position\":2,\"name\":\"Acusados de arrast\u00f5es no Sert\u00e3o da Para\u00edba morrem durante confronto com o BOPE\"}]},{\"@type\":\"WebSite\",\"@id\":\"https:\/\/www.pm.pb.gov.br\/portal\/#website\",\"url\":\"https:\/\/www.pm.pb.gov.br\/portal\/\",\"name\":\"Pol\u00edcia Militar da Para\u00edba\",\"description\":\"\",\"publisher\":{\"@id\":\"https:\/\/www.pm.pb.gov.br\/portal\/#organization\"},\"potentialAction\":[{\"@type\":\"SearchAction\",\"target\":{\"@type\":\"EntryPoint\",\"urlTemplate\":\"https:\/\/www.pm.pb.gov.br\/portal\/?s={search_term_string}\"},\"query-input\":\"required name=search_term_string\"}],\"inLanguage\":\"pt-BR\"},{\"@type\":\"Organization\",\"@id\":\"https:\/\/www.pm.pb.gov.br\/portal\/#organization\",\"name\":\"Pol\u00edcia Militar da Para\u00edba\",\"url\":\"https:\/\/www.pm.pb.gov.br\/portal\/\",\"logo\":{\"@type\":\"ImageObject\",\"inLanguage\":\"pt-BR\",\"@id\":\"https:\/\/www.pm.pb.gov.br\/portal\/#\/schema\/logo\/image\/\",\"url\":\"https:\/\/www.pm.pb.gov.br\/portal\/wp-content\/uploads\/2025\/03\/cropped-logo-site-mag2-1.png\",\"contentUrl\":\"https:\/\/www.pm.pb.gov.br\/portal\/wp-content\/uploads\/2025\/03\/cropped-logo-site-mag2-1.png\",\"width\":320,\"height\":90,\"caption\":\"Pol\u00edcia Militar da Para\u00edba\"},\"image\":{\"@id\":\"https:\/\/www.pm.pb.gov.br\/portal\/#\/schema\/logo\/image\/\"}},{\"@type\":\"Person\",\"@id\":\"https:\/\/www.pm.pb.gov.br\/portal\/#\/schema\/person\/f84f56dcc78ce4357054da888b8247fd\",\"name\":\"Tarcisio Oliveira\",\"image\":{\"@type\":\"ImageObject\",\"inLanguage\":\"pt-BR\",\"@id\":\"https:\/\/www.pm.pb.gov.br\/portal\/#\/schema\/person\/image\/\",\"url\":\"https:\/\/secure.gravatar.com\/avatar\/72917b630b69d31cd0297507f34bac97?s=96&d=mm&r=g\",\"contentUrl\":\"https:\/\/secure.gravatar.com\/avatar\/72917b630b69d31cd0297507f34bac97?s=96&d=mm&r=g\",\"caption\":\"Tarcisio Oliveira\"},\"url\":\"https:\/\/www.pm.pb.gov.br\/portal\/author\/tarcisio\/\"}]}<\/script>\n<!-- \/ Yoast SEO plugin. -->","yoast_head_json":{"title":"Acusados de arrast\u00f5es no Sert\u00e3o da Para\u00edba morrem durante confronto com o BOPE - Pol\u00edcia Militar da Para\u00edba","robots":{"index":"index","follow":"follow","max-snippet":"max-snippet:-1","max-image-preview":"max-image-preview:large","max-video-preview":"max-video-preview:-1"},"canonical":"https:\/\/www.pm.pb.gov.br\/portal\/2023\/02\/26\/acusados-de-arrastoes-no-sertao-da-paraiba-morrem-durante-confronto-com-o-bope\/","og_locale":"pt_BR","og_type":"article","og_title":"Acusados de arrast\u00f5es no Sert\u00e3o da Para\u00edba morrem durante confronto com o BOPE - Pol\u00edcia Militar da Para\u00edba","og_description":"Dois acusados de tomarem por assalto uma moto, celulares e dinheiro de seis v\u00edtimas, na noite desse s\u00e1bado (25), na","og_url":"https:\/\/www.pm.pb.gov.br\/portal\/2023\/02\/26\/acusados-de-arrastoes-no-sertao-da-paraiba-morrem-durante-confronto-com-o-bope\/","og_site_name":"Pol\u00edcia Militar da Para\u00edba","article_published_time":"2023-02-26T14:46:39+00:00","article_modified_time":"2023-02-26T14:46:42+00:00","og_image":[{"width":800,"height":445,"url":"http:\/\/www.pm.pb.gov.br\/portal\/wp-content\/uploads\/2023\/01\/bopes.jpeg","type":"image\/jpeg"}],"author":"Tarcisio Oliveira","twitter_card":"summary_large_image","twitter_misc":{"Escrito por":"Tarcisio Oliveira","Est. tempo de leitura":"2 minutos"},"schema":{"@context":"https:\/\/schema.org","@graph":[{"@type":"Article","@id":"https:\/\/www.pm.pb.gov.br\/portal\/2023\/02\/26\/acusados-de-arrastoes-no-sertao-da-paraiba-morrem-durante-confronto-com-o-bope\/#article","isPartOf":{"@id":"https:\/\/www.pm.pb.gov.br\/portal\/2023\/02\/26\/acusados-de-arrastoes-no-sertao-da-paraiba-morrem-durante-confronto-com-o-bope\/"},"author":{"name":"Tarcisio Oliveira","@id":"https:\/\/www.pm.pb.gov.br\/portal\/#\/schema\/person\/f84f56dcc78ce4357054da888b8247fd"},"headline":"Acusados de arrast\u00f5es no Sert\u00e3o da Para\u00edba morrem durante confronto com o BOPE","datePublished":"2023-02-26T14:46:39+00:00","dateModified":"2023-02-26T14:46:42+00:00","mainEntityOfPage":{"@id":"https:\/\/www.pm.pb.gov.br\/portal\/2023\/02\/26\/acusados-de-arrastoes-no-sertao-da-paraiba-morrem-durante-confronto-com-o-bope\/"},"wordCount":184,"publisher":{"@id":"https:\/\/www.pm.pb.gov.br\/portal\/#organization"},"articleSection":["A\u00e7\u00f5es Policiais"],"inLanguage":"pt-BR"},{"@type":"WebPage","@id":"https:\/\/www.pm.pb.gov.br\/portal\/2023\/02\/26\/acusados-de-arrastoes-no-sertao-da-paraiba-morrem-durante-confronto-com-o-bope\/","url":"https:\/\/www.pm.pb.gov.br\/portal\/2023\/02\/26\/acusados-de-arrastoes-no-sertao-da-paraiba-morrem-durante-confronto-com-o-bope\/","name":"Acusados de arrast\u00f5es no Sert\u00e3o da Para\u00edba morrem durante confronto com o BOPE - Pol\u00edcia Militar da Para\u00edba","isPartOf":{"@id":"https:\/\/www.pm.pb.gov.br\/portal\/#website"},"datePublished":"2023-02-26T14:46:39+00:00","dateModified":"2023-02-26T14:46:42+00:00","breadcrumb":{"@id":"https:\/\/www.pm.pb.gov.br\/portal\/2023\/02\/26\/acusados-de-arrastoes-no-sertao-da-paraiba-morrem-durante-confronto-com-o-bope\/#breadcrumb"},"inLanguage":"pt-BR","potentialAction":[{"@type":"ReadAction","target":["https:\/\/www.pm.pb.gov.br\/portal\/2023\/02\/26\/acusados-de-arrastoes-no-sertao-da-paraiba-morrem-durante-confronto-com-o-bope\/"]}]},{"@type":"BreadcrumbList","@id":"https:\/\/www.pm.pb.gov.br\/portal\/2023\/02\/26\/acusados-de-arrastoes-no-sertao-da-paraiba-morrem-durante-confronto-com-o-bope\/#breadcrumb","itemListElement":[{"@type":"ListItem","position":1,"name":"In\u00edcio","item":"https:\/\/www.pm.pb.gov.br\/portal\/"},{"@type":"ListItem","position":2,"name":"Acusados de arrast\u00f5es no Sert\u00e3o da Para\u00edba morrem durante confronto com o BOPE"}]},{"@type":"WebSite","@id":"https:\/\/www.pm.pb.gov.br\/portal\/#website","url":"https:\/\/www.pm.pb.gov.br\/portal\/","name":"Pol\u00edcia Militar da Para\u00edba","description":"","publisher":{"@id":"https:\/\/www.pm.pb.gov.br\/portal\/#organization"},"potentialAction":[{"@type":"SearchAction","target":{"@type":"EntryPoint","urlTemplate":"https:\/\/www.pm.pb.gov.br\/portal\/?s={search_term_string}"},"query-input":"required name=search_term_string"}],"inLanguage":"pt-BR"},{"@type":"Organization","@id":"https:\/\/www.pm.pb.gov.br\/portal\/#organization","name":"Pol\u00edcia Militar da Para\u00edba","url":"https:\/\/www.pm.pb.gov.br\/portal\/","logo":{"@type":"ImageObject","inLanguage":"pt-BR","@id":"https:\/\/www.pm.pb.gov.br\/portal\/#\/schema\/logo\/image\/","url":"https:\/\/www.pm.pb.gov.br\/portal\/wp-content\/uploads\/2025\/03\/cropped-logo-site-mag2-1.png","contentUrl":"https:\/\/www.pm.pb.gov.br\/portal\/wp-content\/uploads\/2025\/03\/cropped-logo-site-mag2-1.png","width":320,"height":90,"caption":"Pol\u00edcia Militar da Para\u00edba"},"image":{"@id":"https:\/\/www.pm.pb.gov.br\/portal\/#\/schema\/logo\/image\/"}},{"@type":"Person","@id":"https:\/\/www.pm.pb.gov.br\/portal\/#\/schema\/person\/f84f56dcc78ce4357054da888b8247fd","name":"Tarcisio Oliveira","image":{"@type":"ImageObject","inLanguage":"pt-BR","@id":"https:\/\/www.pm.pb.gov.br\/portal\/#\/schema\/person\/image\/","url":"https:\/\/secure.gravatar.com\/avatar\/72917b630b69d31cd0297507f34bac97?s=96&d=mm&r=g","contentUrl":"https:\/\/secure.gravatar.com\/avatar\/72917b630b69d31cd0297507f34bac97?s=96&d=mm&r=g","caption":"Tarcisio Oliveira"},"url":"https:\/\/www.pm.pb.gov.br\/portal\/author\/tarcisio\/"}]}},"_links":{"self":[{"href":"https:\/\/www.pm.pb.gov.br\/portal\/wp-json\/wp\/v2\/posts\/915802"}],"collection":[{"href":"https:\/\/www.pm.pb.gov.br\/portal\/wp-json\/wp\/v2\/posts"}],"about":[{"href":"https:\/\/www.pm.pb.gov.br\/portal\/wp-json\/wp\/v2\/types\/post"}],"author":[{"embeddable":true,"href":"https:\/\/www.pm.pb.gov.br\/portal\/wp-json\/wp\/v2\/users\/12"}],"replies":[{"embeddable":true,"href":"https:\/\/www.pm.pb.gov.br\/portal\/wp-json\/wp\/v2\/comments?post=915802"}],"version-history":[{"count":1,"href":"https:\/\/www.pm.pb.gov.br\/portal\/wp-json\/wp\/v2\/posts\/915802\/revisions"}],"predecessor-version":[{"id":915804,"href":"https:\/\/www.pm.pb.gov.br\/portal\/wp-json\/wp\/v2\/posts\/915802\/revisions\/915804"}],"wp:featuredmedia":[{"embeddable":true,"href":"https:\/\/www.pm.pb.gov.br\/portal\/wp-json\/wp\/v2\/media\/915350"}],"wp:attachment":[{"href":"https:\/\/www.pm.pb.gov.br\/portal\/wp-json\/wp\/v2\/media?parent=915802"}],"wp:term":[{"taxonomy":"category","embeddable":true,"href":"https:\/\/www.pm.pb.gov.br\/portal\/wp-json\/wp\/v2\/categories?post=915802"},{"taxonomy":"post_tag","embeddable":true,"href":"https:\/\/www.pm.pb.gov.br\/portal\/wp-json\/wp\/v2\/tags?post=915802"}],"curies":[{"name":"wp","href":"https:\/\/api.w.org\/{rel}","templated":true}]}}