{"id":915726,"date":"2023-02-16T12:06:17","date_gmt":"2023-02-16T15:06:17","guid":{"rendered":"https:\/\/www.pm.pb.gov.br\/portal\/?p=915726"},"modified":"2023-02-17T10:21:29","modified_gmt":"2023-02-17T13:21:29","slug":"seguranca-nas-previas-carnavalescas-de-joao-pessoa-registra-36-prisoes-e-apreensoes-em-7-dias","status":"publish","type":"post","link":"https:\/\/www.pm.pb.gov.br\/portal\/2023\/02\/16\/seguranca-nas-previas-carnavalescas-de-joao-pessoa-registra-36-prisoes-e-apreensoes-em-7-dias\/","title":{"rendered":"Seguran\u00e7a nas pr\u00e9vias carnavalescas de Jo\u00e3o Pessoa registra 36 pris\u00f5es e apreens\u00f5es em 7 dias"},"content":{"rendered":"\n<p>A Pol\u00edcia Militar prendeu e apreendeu 36 pessoas nos sete dias de pr\u00e9vias carnavalescas de Jo\u00e3o Pessoa. Os detidos s\u00e3o suspeitos de roubo ou furto de celulares, tr\u00e1fico de drogas, les\u00e3o corporal e porte ilegal de arma. No balan\u00e7o, divulgado pela Coordenadoria de Estat\u00edstica e Avalia\u00e7\u00e3o (EM\/7), traz ainda que foram apreendidas tr\u00eas armas de fogo dentro dos blocos e tr\u00eas ve\u00edculos com restri\u00e7\u00f5es.<br><br>Nessa quarta-feira (16), no bloco Muri\u00e7ocas do Miramar, foram 11 pessoas presas ou apreendidas. O destaque foi a pris\u00e3o de um homem de 54 anos, que \u00e9 da cidade de Natal \u2013 RN e estaria praticando furtos dentro do bloco. Com ele, que deve ser investigado para saber se faz parte de alguma quadrilha que atua neste tipo de crime em festas de carnaval, foram recuperados dois celulares. <br><br>Nas muri\u00e7ocas a corpora\u00e7\u00e3o atuou com mais de 700 policiais, que contaram com o aux\u00edlio de 117 viaturas, 33 c\u00e2meras de videomonitoramento, 15 pontos de observa\u00e7\u00e3o policial, 2 plataformas de observa\u00e7\u00e3o, a aeronave Acau\u00e3 e Drones. Algumas patrulhas usaram bodycams, que s\u00e3o c\u00e2meras corporais que permitem a filmagem de todo o procedimento policial, registrando as intera\u00e7\u00f5es entre o policial militar e o cidad\u00e3o. O equipamento est\u00e1 em fase de teste.<br><br><strong>Para o Cafu\u00e7u <\/strong>\u2013 Outro bloco que concentra um grande p\u00fablico e acontece nesta sexta-feira (17) no centro da Capital, \u00e9 o Cafu\u00e7u, que ter\u00e1 no esquema de seguran\u00e7a aproximadamente 300 policiais, 52 viaturas (entre carros e motos), 5 pontos fixos de observa\u00e7\u00e3o policial, Drones e uma tenda de comando. A PM come\u00e7ar\u00e1 a atuar no local j\u00e1 desde \u00e0s 17h. <br><br><strong>MAIS FOTOS DO POLICIAMENTO NAS MURI\u00c7OCAS:<\/strong><br><br><img loading=\"lazy\" decoding=\"async\" width=\"1280\" height=\"855\" class=\"wp-image-915732\" style=\"width: 800px;\" src=\"http:\/\/www.pm.pb.gov.br\/portal\/wp-content\/uploads\/2023\/02\/bc235349-aff1-41c1-8c65-0049801673b5.jpeg\" alt=\"\" srcset=\"https:\/\/www.pm.pb.gov.br\/portal\/wp-content\/uploads\/2023\/02\/bc235349-aff1-41c1-8c65-0049801673b5.jpeg 1280w, https:\/\/www.pm.pb.gov.br\/portal\/wp-content\/uploads\/2023\/02\/bc235349-aff1-41c1-8c65-0049801673b5-666x445.jpeg 666w, https:\/\/www.pm.pb.gov.br\/portal\/wp-content\/uploads\/2023\/02\/bc235349-aff1-41c1-8c65-0049801673b5-853x570.jpeg 853w, https:\/\/www.pm.pb.gov.br\/portal\/wp-content\/uploads\/2023\/02\/bc235349-aff1-41c1-8c65-0049801673b5-768x513.jpeg 768w, https:\/\/www.pm.pb.gov.br\/portal\/wp-content\/uploads\/2023\/02\/bc235349-aff1-41c1-8c65-0049801673b5-272x182.jpeg 272w\" sizes=\"(max-width: 1280px) 100vw, 1280px\" \/><\/p>\n\n\n\n<p><img loading=\"lazy\" decoding=\"async\" width=\"1280\" height=\"855\" class=\"wp-image-915733\" style=\"width: 800px;\" src=\"http:\/\/www.pm.pb.gov.br\/portal\/wp-content\/uploads\/2023\/02\/465f514a-50a8-4426-b6c2-461e71a935d9.jpeg\" alt=\"\" srcset=\"https:\/\/www.pm.pb.gov.br\/portal\/wp-content\/uploads\/2023\/02\/465f514a-50a8-4426-b6c2-461e71a935d9.jpeg 1280w, https:\/\/www.pm.pb.gov.br\/portal\/wp-content\/uploads\/2023\/02\/465f514a-50a8-4426-b6c2-461e71a935d9-666x445.jpeg 666w, https:\/\/www.pm.pb.gov.br\/portal\/wp-content\/uploads\/2023\/02\/465f514a-50a8-4426-b6c2-461e71a935d9-853x570.jpeg 853w, https:\/\/www.pm.pb.gov.br\/portal\/wp-content\/uploads\/2023\/02\/465f514a-50a8-4426-b6c2-461e71a935d9-768x513.jpeg 768w, https:\/\/www.pm.pb.gov.br\/portal\/wp-content\/uploads\/2023\/02\/465f514a-50a8-4426-b6c2-461e71a935d9-272x182.jpeg 272w\" sizes=\"(max-width: 1280px) 100vw, 1280px\" \/><\/p>\n\n\n\n<p><img loading=\"lazy\" decoding=\"async\" width=\"1280\" height=\"855\" class=\"wp-image-915735\" style=\"width: 800px;\" src=\"http:\/\/www.pm.pb.gov.br\/portal\/wp-content\/uploads\/2023\/02\/73960380-b403-4561-9b1b-14a413f4c913-1.jpeg\" alt=\"\" srcset=\"https:\/\/www.pm.pb.gov.br\/portal\/wp-content\/uploads\/2023\/02\/73960380-b403-4561-9b1b-14a413f4c913-1.jpeg 1280w, https:\/\/www.pm.pb.gov.br\/portal\/wp-content\/uploads\/2023\/02\/73960380-b403-4561-9b1b-14a413f4c913-1-666x445.jpeg 666w, https:\/\/www.pm.pb.gov.br\/portal\/wp-content\/uploads\/2023\/02\/73960380-b403-4561-9b1b-14a413f4c913-1-853x570.jpeg 853w, https:\/\/www.pm.pb.gov.br\/portal\/wp-content\/uploads\/2023\/02\/73960380-b403-4561-9b1b-14a413f4c913-1-768x513.jpeg 768w, https:\/\/www.pm.pb.gov.br\/portal\/wp-content\/uploads\/2023\/02\/73960380-b403-4561-9b1b-14a413f4c913-1-272x182.jpeg 272w\" sizes=\"(max-width: 1280px) 100vw, 1280px\" \/><\/p>\n\n\n\n<p><img loading=\"lazy\" decoding=\"async\" width=\"1280\" height=\"855\" class=\"wp-image-915731\" style=\"width: 800px;\" src=\"http:\/\/www.pm.pb.gov.br\/portal\/wp-content\/uploads\/2023\/02\/b9276ad2-3a9e-4647-8532-96cf5fbb34b8.jpeg\" alt=\"\" srcset=\"https:\/\/www.pm.pb.gov.br\/portal\/wp-content\/uploads\/2023\/02\/b9276ad2-3a9e-4647-8532-96cf5fbb34b8.jpeg 1280w, https:\/\/www.pm.pb.gov.br\/portal\/wp-content\/uploads\/2023\/02\/b9276ad2-3a9e-4647-8532-96cf5fbb34b8-666x445.jpeg 666w, https:\/\/www.pm.pb.gov.br\/portal\/wp-content\/uploads\/2023\/02\/b9276ad2-3a9e-4647-8532-96cf5fbb34b8-853x570.jpeg 853w, https:\/\/www.pm.pb.gov.br\/portal\/wp-content\/uploads\/2023\/02\/b9276ad2-3a9e-4647-8532-96cf5fbb34b8-768x513.jpeg 768w, https:\/\/www.pm.pb.gov.br\/portal\/wp-content\/uploads\/2023\/02\/b9276ad2-3a9e-4647-8532-96cf5fbb34b8-272x182.jpeg 272w\" sizes=\"(max-width: 1280px) 100vw, 1280px\" \/><br><\/p>\n","protected":false},"excerpt":{"rendered":"<p>A Pol\u00edcia Militar prendeu e apreendeu 36 pessoas nos sete dias de pr\u00e9vias carnavalescas de Jo\u00e3o Pessoa. Os detidos s\u00e3o<\/p>\n","protected":false},"author":5,"featured_media":915731,"comment_status":"closed","ping_status":"closed","sticky":false,"template":"","format":"standard","meta":{"_exactmetrics_skip_tracking":false,"_exactmetrics_sitenote_active":false,"_exactmetrics_sitenote_note":"","_exactmetrics_sitenote_category":0,"footnotes":""},"categories":[4],"tags":[],"yoast_head":"<!-- This site is optimized with the Yoast SEO plugin v22.0 - https:\/\/yoast.com\/wordpress\/plugins\/seo\/ -->\n<title>Seguran\u00e7a nas pr\u00e9vias carnavalescas de Jo\u00e3o Pessoa registra 36 pris\u00f5es e apreens\u00f5es em 7 dias - Pol\u00edcia Militar da Para\u00edba<\/title>\n<meta name=\"robots\" content=\"index, follow, max-snippet:-1, max-image-preview:large, max-video-preview:-1\" \/>\n<link rel=\"canonical\" href=\"https:\/\/www.pm.pb.gov.br\/portal\/2023\/02\/16\/seguranca-nas-previas-carnavalescas-de-joao-pessoa-registra-36-prisoes-e-apreensoes-em-7-dias\/\" \/>\n<meta property=\"og:locale\" content=\"pt_BR\" \/>\n<meta property=\"og:type\" content=\"article\" \/>\n<meta property=\"og:title\" content=\"Seguran\u00e7a nas pr\u00e9vias carnavalescas de Jo\u00e3o Pessoa registra 36 pris\u00f5es e apreens\u00f5es em 7 dias - Pol\u00edcia Militar da Para\u00edba\" \/>\n<meta property=\"og:description\" content=\"A Pol\u00edcia Militar prendeu e apreendeu 36 pessoas nos sete dias de pr\u00e9vias carnavalescas de Jo\u00e3o Pessoa. Os detidos s\u00e3o\" \/>\n<meta property=\"og:url\" content=\"https:\/\/www.pm.pb.gov.br\/portal\/2023\/02\/16\/seguranca-nas-previas-carnavalescas-de-joao-pessoa-registra-36-prisoes-e-apreensoes-em-7-dias\/\" \/>\n<meta property=\"og:site_name\" content=\"Pol\u00edcia Militar da Para\u00edba\" \/>\n<meta property=\"article:published_time\" content=\"2023-02-16T15:06:17+00:00\" \/>\n<meta property=\"article:modified_time\" content=\"2023-02-17T13:21:29+00:00\" \/>\n<meta property=\"og:image\" content=\"http:\/\/www.pm.pb.gov.br\/portal\/wp-content\/uploads\/2023\/02\/b9276ad2-3a9e-4647-8532-96cf5fbb34b8.jpeg\" \/>\n\t<meta property=\"og:image:width\" content=\"1280\" \/>\n\t<meta property=\"og:image:height\" content=\"855\" \/>\n\t<meta property=\"og:image:type\" content=\"image\/jpeg\" \/>\n<meta name=\"author\" content=\"Assessoria de Imprensa da PMPB\" \/>\n<meta name=\"twitter:card\" content=\"summary_large_image\" \/>\n<meta name=\"twitter:label1\" content=\"Escrito por\" \/>\n\t<meta name=\"twitter:data1\" content=\"Assessoria de Imprensa da PMPB\" \/>\n\t<meta name=\"twitter:label2\" content=\"Est. tempo de leitura\" \/>\n\t<meta name=\"twitter:data2\" content=\"3 minutos\" \/>\n<script type=\"application\/ld+json\" class=\"yoast-schema-graph\">{\"@context\":\"https:\/\/schema.org\",\"@graph\":[{\"@type\":\"Article\",\"@id\":\"https:\/\/www.pm.pb.gov.br\/portal\/2023\/02\/16\/seguranca-nas-previas-carnavalescas-de-joao-pessoa-registra-36-prisoes-e-apreensoes-em-7-dias\/#article\",\"isPartOf\":{\"@id\":\"https:\/\/www.pm.pb.gov.br\/portal\/2023\/02\/16\/seguranca-nas-previas-carnavalescas-de-joao-pessoa-registra-36-prisoes-e-apreensoes-em-7-dias\/\"},\"author\":{\"name\":\"Assessoria de Imprensa da PMPB\",\"@id\":\"https:\/\/www.pm.pb.gov.br\/portal\/#\/schema\/person\/e8454f46651c3ecf0e1ba3c1666d9947\"},\"headline\":\"Seguran\u00e7a nas pr\u00e9vias carnavalescas de Jo\u00e3o Pessoa registra 36 pris\u00f5es e apreens\u00f5es em 7 dias\",\"datePublished\":\"2023-02-16T15:06:17+00:00\",\"dateModified\":\"2023-02-17T13:21:29+00:00\",\"mainEntityOfPage\":{\"@id\":\"https:\/\/www.pm.pb.gov.br\/portal\/2023\/02\/16\/seguranca-nas-previas-carnavalescas-de-joao-pessoa-registra-36-prisoes-e-apreensoes-em-7-dias\/\"},\"wordCount\":302,\"publisher\":{\"@id\":\"https:\/\/www.pm.pb.gov.br\/portal\/#organization\"},\"articleSection\":[\"A\u00e7\u00f5es Policiais\"],\"inLanguage\":\"pt-BR\"},{\"@type\":\"WebPage\",\"@id\":\"https:\/\/www.pm.pb.gov.br\/portal\/2023\/02\/16\/seguranca-nas-previas-carnavalescas-de-joao-pessoa-registra-36-prisoes-e-apreensoes-em-7-dias\/\",\"url\":\"https:\/\/www.pm.pb.gov.br\/portal\/2023\/02\/16\/seguranca-nas-previas-carnavalescas-de-joao-pessoa-registra-36-prisoes-e-apreensoes-em-7-dias\/\",\"name\":\"Seguran\u00e7a nas pr\u00e9vias carnavalescas de Jo\u00e3o Pessoa registra 36 pris\u00f5es e apreens\u00f5es em 7 dias - Pol\u00edcia Militar da Para\u00edba\",\"isPartOf\":{\"@id\":\"https:\/\/www.pm.pb.gov.br\/portal\/#website\"},\"datePublished\":\"2023-02-16T15:06:17+00:00\",\"dateModified\":\"2023-02-17T13:21:29+00:00\",\"breadcrumb\":{\"@id\":\"https:\/\/www.pm.pb.gov.br\/portal\/2023\/02\/16\/seguranca-nas-previas-carnavalescas-de-joao-pessoa-registra-36-prisoes-e-apreensoes-em-7-dias\/#breadcrumb\"},\"inLanguage\":\"pt-BR\",\"potentialAction\":[{\"@type\":\"ReadAction\",\"target\":[\"https:\/\/www.pm.pb.gov.br\/portal\/2023\/02\/16\/seguranca-nas-previas-carnavalescas-de-joao-pessoa-registra-36-prisoes-e-apreensoes-em-7-dias\/\"]}]},{\"@type\":\"BreadcrumbList\",\"@id\":\"https:\/\/www.pm.pb.gov.br\/portal\/2023\/02\/16\/seguranca-nas-previas-carnavalescas-de-joao-pessoa-registra-36-prisoes-e-apreensoes-em-7-dias\/#breadcrumb\",\"itemListElement\":[{\"@type\":\"ListItem\",\"position\":1,\"name\":\"In\u00edcio\",\"item\":\"https:\/\/www.pm.pb.gov.br\/portal\/\"},{\"@type\":\"ListItem\",\"position\":2,\"name\":\"Seguran\u00e7a nas pr\u00e9vias carnavalescas de Jo\u00e3o Pessoa registra 36 pris\u00f5es e apreens\u00f5es em 7 dias\"}]},{\"@type\":\"WebSite\",\"@id\":\"https:\/\/www.pm.pb.gov.br\/portal\/#website\",\"url\":\"https:\/\/www.pm.pb.gov.br\/portal\/\",\"name\":\"Pol\u00edcia Militar da Para\u00edba\",\"description\":\"\",\"publisher\":{\"@id\":\"https:\/\/www.pm.pb.gov.br\/portal\/#organization\"},\"potentialAction\":[{\"@type\":\"SearchAction\",\"target\":{\"@type\":\"EntryPoint\",\"urlTemplate\":\"https:\/\/www.pm.pb.gov.br\/portal\/?s={search_term_string}\"},\"query-input\":\"required name=search_term_string\"}],\"inLanguage\":\"pt-BR\"},{\"@type\":\"Organization\",\"@id\":\"https:\/\/www.pm.pb.gov.br\/portal\/#organization\",\"name\":\"Pol\u00edcia Militar da Para\u00edba\",\"url\":\"https:\/\/www.pm.pb.gov.br\/portal\/\",\"logo\":{\"@type\":\"ImageObject\",\"inLanguage\":\"pt-BR\",\"@id\":\"https:\/\/www.pm.pb.gov.br\/portal\/#\/schema\/logo\/image\/\",\"url\":\"https:\/\/www.pm.pb.gov.br\/portal\/wp-content\/uploads\/2025\/03\/cropped-logo-site-mag2-1.png\",\"contentUrl\":\"https:\/\/www.pm.pb.gov.br\/portal\/wp-content\/uploads\/2025\/03\/cropped-logo-site-mag2-1.png\",\"width\":320,\"height\":90,\"caption\":\"Pol\u00edcia Militar da Para\u00edba\"},\"image\":{\"@id\":\"https:\/\/www.pm.pb.gov.br\/portal\/#\/schema\/logo\/image\/\"}},{\"@type\":\"Person\",\"@id\":\"https:\/\/www.pm.pb.gov.br\/portal\/#\/schema\/person\/e8454f46651c3ecf0e1ba3c1666d9947\",\"name\":\"Assessoria de Imprensa da PMPB\",\"image\":{\"@type\":\"ImageObject\",\"inLanguage\":\"pt-BR\",\"@id\":\"https:\/\/www.pm.pb.gov.br\/portal\/#\/schema\/person\/image\/\",\"url\":\"https:\/\/secure.gravatar.com\/avatar\/2efe197438265d1e90bd98c4c8e1acf8?s=96&d=mm&r=g\",\"contentUrl\":\"https:\/\/secure.gravatar.com\/avatar\/2efe197438265d1e90bd98c4c8e1acf8?s=96&d=mm&r=g\",\"caption\":\"Assessoria de Imprensa da PMPB\"},\"url\":\"https:\/\/www.pm.pb.gov.br\/portal\/author\/assessoria\/\"}]}<\/script>\n<!-- \/ Yoast SEO plugin. -->","yoast_head_json":{"title":"Seguran\u00e7a nas pr\u00e9vias carnavalescas de Jo\u00e3o Pessoa registra 36 pris\u00f5es e apreens\u00f5es em 7 dias - Pol\u00edcia Militar da Para\u00edba","robots":{"index":"index","follow":"follow","max-snippet":"max-snippet:-1","max-image-preview":"max-image-preview:large","max-video-preview":"max-video-preview:-1"},"canonical":"https:\/\/www.pm.pb.gov.br\/portal\/2023\/02\/16\/seguranca-nas-previas-carnavalescas-de-joao-pessoa-registra-36-prisoes-e-apreensoes-em-7-dias\/","og_locale":"pt_BR","og_type":"article","og_title":"Seguran\u00e7a nas pr\u00e9vias carnavalescas de Jo\u00e3o Pessoa registra 36 pris\u00f5es e apreens\u00f5es em 7 dias - Pol\u00edcia Militar da Para\u00edba","og_description":"A Pol\u00edcia Militar prendeu e apreendeu 36 pessoas nos sete dias de pr\u00e9vias carnavalescas de Jo\u00e3o Pessoa. Os detidos s\u00e3o","og_url":"https:\/\/www.pm.pb.gov.br\/portal\/2023\/02\/16\/seguranca-nas-previas-carnavalescas-de-joao-pessoa-registra-36-prisoes-e-apreensoes-em-7-dias\/","og_site_name":"Pol\u00edcia Militar da Para\u00edba","article_published_time":"2023-02-16T15:06:17+00:00","article_modified_time":"2023-02-17T13:21:29+00:00","og_image":[{"width":1280,"height":855,"url":"http:\/\/www.pm.pb.gov.br\/portal\/wp-content\/uploads\/2023\/02\/b9276ad2-3a9e-4647-8532-96cf5fbb34b8.jpeg","type":"image\/jpeg"}],"author":"Assessoria de Imprensa da PMPB","twitter_card":"summary_large_image","twitter_misc":{"Escrito por":"Assessoria de Imprensa da PMPB","Est. tempo de leitura":"3 minutos"},"schema":{"@context":"https:\/\/schema.org","@graph":[{"@type":"Article","@id":"https:\/\/www.pm.pb.gov.br\/portal\/2023\/02\/16\/seguranca-nas-previas-carnavalescas-de-joao-pessoa-registra-36-prisoes-e-apreensoes-em-7-dias\/#article","isPartOf":{"@id":"https:\/\/www.pm.pb.gov.br\/portal\/2023\/02\/16\/seguranca-nas-previas-carnavalescas-de-joao-pessoa-registra-36-prisoes-e-apreensoes-em-7-dias\/"},"author":{"name":"Assessoria de Imprensa da PMPB","@id":"https:\/\/www.pm.pb.gov.br\/portal\/#\/schema\/person\/e8454f46651c3ecf0e1ba3c1666d9947"},"headline":"Seguran\u00e7a nas pr\u00e9vias carnavalescas de Jo\u00e3o Pessoa registra 36 pris\u00f5es e apreens\u00f5es em 7 dias","datePublished":"2023-02-16T15:06:17+00:00","dateModified":"2023-02-17T13:21:29+00:00","mainEntityOfPage":{"@id":"https:\/\/www.pm.pb.gov.br\/portal\/2023\/02\/16\/seguranca-nas-previas-carnavalescas-de-joao-pessoa-registra-36-prisoes-e-apreensoes-em-7-dias\/"},"wordCount":302,"publisher":{"@id":"https:\/\/www.pm.pb.gov.br\/portal\/#organization"},"articleSection":["A\u00e7\u00f5es Policiais"],"inLanguage":"pt-BR"},{"@type":"WebPage","@id":"https:\/\/www.pm.pb.gov.br\/portal\/2023\/02\/16\/seguranca-nas-previas-carnavalescas-de-joao-pessoa-registra-36-prisoes-e-apreensoes-em-7-dias\/","url":"https:\/\/www.pm.pb.gov.br\/portal\/2023\/02\/16\/seguranca-nas-previas-carnavalescas-de-joao-pessoa-registra-36-prisoes-e-apreensoes-em-7-dias\/","name":"Seguran\u00e7a nas pr\u00e9vias carnavalescas de Jo\u00e3o Pessoa registra 36 pris\u00f5es e apreens\u00f5es em 7 dias - Pol\u00edcia Militar da Para\u00edba","isPartOf":{"@id":"https:\/\/www.pm.pb.gov.br\/portal\/#website"},"datePublished":"2023-02-16T15:06:17+00:00","dateModified":"2023-02-17T13:21:29+00:00","breadcrumb":{"@id":"https:\/\/www.pm.pb.gov.br\/portal\/2023\/02\/16\/seguranca-nas-previas-carnavalescas-de-joao-pessoa-registra-36-prisoes-e-apreensoes-em-7-dias\/#breadcrumb"},"inLanguage":"pt-BR","potentialAction":[{"@type":"ReadAction","target":["https:\/\/www.pm.pb.gov.br\/portal\/2023\/02\/16\/seguranca-nas-previas-carnavalescas-de-joao-pessoa-registra-36-prisoes-e-apreensoes-em-7-dias\/"]}]},{"@type":"BreadcrumbList","@id":"https:\/\/www.pm.pb.gov.br\/portal\/2023\/02\/16\/seguranca-nas-previas-carnavalescas-de-joao-pessoa-registra-36-prisoes-e-apreensoes-em-7-dias\/#breadcrumb","itemListElement":[{"@type":"ListItem","position":1,"name":"In\u00edcio","item":"https:\/\/www.pm.pb.gov.br\/portal\/"},{"@type":"ListItem","position":2,"name":"Seguran\u00e7a nas pr\u00e9vias carnavalescas de Jo\u00e3o Pessoa registra 36 pris\u00f5es e apreens\u00f5es em 7 dias"}]},{"@type":"WebSite","@id":"https:\/\/www.pm.pb.gov.br\/portal\/#website","url":"https:\/\/www.pm.pb.gov.br\/portal\/","name":"Pol\u00edcia Militar da Para\u00edba","description":"","publisher":{"@id":"https:\/\/www.pm.pb.gov.br\/portal\/#organization"},"potentialAction":[{"@type":"SearchAction","target":{"@type":"EntryPoint","urlTemplate":"https:\/\/www.pm.pb.gov.br\/portal\/?s={search_term_string}"},"query-input":"required name=search_term_string"}],"inLanguage":"pt-BR"},{"@type":"Organization","@id":"https:\/\/www.pm.pb.gov.br\/portal\/#organization","name":"Pol\u00edcia Militar da Para\u00edba","url":"https:\/\/www.pm.pb.gov.br\/portal\/","logo":{"@type":"ImageObject","inLanguage":"pt-BR","@id":"https:\/\/www.pm.pb.gov.br\/portal\/#\/schema\/logo\/image\/","url":"https:\/\/www.pm.pb.gov.br\/portal\/wp-content\/uploads\/2025\/03\/cropped-logo-site-mag2-1.png","contentUrl":"https:\/\/www.pm.pb.gov.br\/portal\/wp-content\/uploads\/2025\/03\/cropped-logo-site-mag2-1.png","width":320,"height":90,"caption":"Pol\u00edcia Militar da Para\u00edba"},"image":{"@id":"https:\/\/www.pm.pb.gov.br\/portal\/#\/schema\/logo\/image\/"}},{"@type":"Person","@id":"https:\/\/www.pm.pb.gov.br\/portal\/#\/schema\/person\/e8454f46651c3ecf0e1ba3c1666d9947","name":"Assessoria de Imprensa da PMPB","image":{"@type":"ImageObject","inLanguage":"pt-BR","@id":"https:\/\/www.pm.pb.gov.br\/portal\/#\/schema\/person\/image\/","url":"https:\/\/secure.gravatar.com\/avatar\/2efe197438265d1e90bd98c4c8e1acf8?s=96&d=mm&r=g","contentUrl":"https:\/\/secure.gravatar.com\/avatar\/2efe197438265d1e90bd98c4c8e1acf8?s=96&d=mm&r=g","caption":"Assessoria de Imprensa da PMPB"},"url":"https:\/\/www.pm.pb.gov.br\/portal\/author\/assessoria\/"}]}},"_links":{"self":[{"href":"https:\/\/www.pm.pb.gov.br\/portal\/wp-json\/wp\/v2\/posts\/915726"}],"collection":[{"href":"https:\/\/www.pm.pb.gov.br\/portal\/wp-json\/wp\/v2\/posts"}],"about":[{"href":"https:\/\/www.pm.pb.gov.br\/portal\/wp-json\/wp\/v2\/types\/post"}],"author":[{"embeddable":true,"href":"https:\/\/www.pm.pb.gov.br\/portal\/wp-json\/wp\/v2\/users\/5"}],"replies":[{"embeddable":true,"href":"https:\/\/www.pm.pb.gov.br\/portal\/wp-json\/wp\/v2\/comments?post=915726"}],"version-history":[{"count":5,"href":"https:\/\/www.pm.pb.gov.br\/portal\/wp-json\/wp\/v2\/posts\/915726\/revisions"}],"predecessor-version":[{"id":915740,"href":"https:\/\/www.pm.pb.gov.br\/portal\/wp-json\/wp\/v2\/posts\/915726\/revisions\/915740"}],"wp:featuredmedia":[{"embeddable":true,"href":"https:\/\/www.pm.pb.gov.br\/portal\/wp-json\/wp\/v2\/media\/915731"}],"wp:attachment":[{"href":"https:\/\/www.pm.pb.gov.br\/portal\/wp-json\/wp\/v2\/media?parent=915726"}],"wp:term":[{"taxonomy":"category","embeddable":true,"href":"https:\/\/www.pm.pb.gov.br\/portal\/wp-json\/wp\/v2\/categories?post=915726"},{"taxonomy":"post_tag","embeddable":true,"href":"https:\/\/www.pm.pb.gov.br\/portal\/wp-json\/wp\/v2\/tags?post=915726"}],"curies":[{"name":"wp","href":"https:\/\/api.w.org\/{rel}","templated":true}]}}