{"id":915719,"date":"2023-02-13T14:17:03","date_gmt":"2023-02-13T17:17:03","guid":{"rendered":"https:\/\/www.pm.pb.gov.br\/portal\/?p=915719"},"modified":"2023-02-13T14:17:05","modified_gmt":"2023-02-13T17:17:05","slug":"oito-suspeitos-foram-presos-nos-primeiros-dias-de-previas-carnavalescas-de-joao-pessoa","status":"publish","type":"post","link":"https:\/\/www.pm.pb.gov.br\/portal\/2023\/02\/13\/oito-suspeitos-foram-presos-nos-primeiros-dias-de-previas-carnavalescas-de-joao-pessoa\/","title":{"rendered":"<strong>Oito suspeitos foram presos nos primeiros dias de pr\u00e9vias carnavalescas de Jo\u00e3o Pessoa<\/strong>"},"content":{"rendered":"\n\n\n<p>A Pol\u00edcia Militar prendeu oito suspeitos de roubos de celular, porte ilegal de arma, tr\u00e1fico de drogas e agress\u00e3o, nos quatro primeiros dias de pr\u00e9vias carnavalescas de Jo\u00e3o Pessoa. As pris\u00f5es aconteceram em flagrante, atrav\u00e9s do trabalho dos policiais que atuavam na seguran\u00e7a do evento.<\/p>\n<p>Durante o bloco dos atletas, um homem de 34 anos foi abordado ap\u00f3s apresentar atitude suspeita, em frente a uma locadora de ve\u00edculos que fica na Via Folia (Avenida Epit\u00e1cio Pessoa). Ele estava armado com uma pistola e um rev\u00f3lver. Na dispers\u00e3o do mesmo evento, dois suspeitos foram presos no Miramar e outros tr\u00eas em Tamba\u00fa, todos acusados de roubar celulares, inclusive foram pegos ainda com os aparelhos das v\u00edtimas.<\/p>\n<p><img loading=\"lazy\" decoding=\"async\" class=\"wp-image-915721 aligncenter\" src=\"http:\/\/www.pm.pb.gov.br\/portal\/wp-content\/uploads\/2023\/02\/WhatsApp-Image-2023-02-12-at-22.14.48-667x445.jpeg\" alt=\"\" width=\"525\" height=\"350\" srcset=\"https:\/\/www.pm.pb.gov.br\/portal\/wp-content\/uploads\/2023\/02\/WhatsApp-Image-2023-02-12-at-22.14.48-667x445.jpeg 667w, https:\/\/www.pm.pb.gov.br\/portal\/wp-content\/uploads\/2023\/02\/WhatsApp-Image-2023-02-12-at-22.14.48-854x570.jpeg 854w, https:\/\/www.pm.pb.gov.br\/portal\/wp-content\/uploads\/2023\/02\/WhatsApp-Image-2023-02-12-at-22.14.48-768x513.jpeg 768w, https:\/\/www.pm.pb.gov.br\/portal\/wp-content\/uploads\/2023\/02\/WhatsApp-Image-2023-02-12-at-22.14.48-1536x1025.jpeg 1536w, https:\/\/www.pm.pb.gov.br\/portal\/wp-content\/uploads\/2023\/02\/WhatsApp-Image-2023-02-12-at-22.14.48-272x182.jpeg 272w, https:\/\/www.pm.pb.gov.br\/portal\/wp-content\/uploads\/2023\/02\/WhatsApp-Image-2023-02-12-at-22.14.48.jpeg 1600w\" sizes=\"(max-width: 525px) 100vw, 525px\" \/><\/p>\n<p>No bloco Virgens de Tamba\u00fa, um suspeito foi preso com uma faca, ap\u00f3s se envolver em uma briga. Ainda no evento, foi preso um acusado de 41 anos com 13 papelotes de coca\u00edna, cinco comprimidos de ecstasy e 1 frasco de lol\u00f3. Os presos foram apresentados na 10\u00aa Delegacia Distrital, em Tamba\u00fa.<\/p>\n<p><strong>Caso sendo apurado: &#8211; <\/strong>Um homem de 24 anos, que tem passagem pela pol\u00edcia por crime de homic\u00eddio,\u00a0 deu entrada com ferimento de arma de fogo, no Hospital de Emerg\u00eancia e Traumas, por volta das 2h da madrugada desta segunda-feira (13), alegando que tinha sido baleado na Avenida Epit\u00e1cio Pessoa. Segundo o hospital, ele foi socorrido por carro particular e recebeu alta \u00e0s 4h. A ocorr\u00eancia n\u00e3o foi registrada na Pol\u00edcia Militar e por isso est\u00e1 sendo apurada para saber onde realmente aconteceu e as circunst\u00e2ncias, j\u00e1 que ele foi socorrido por um homem que responde criminalmente por roubo em regime condicional.<\/p>\n<p>Os casos de outras quatro v\u00edtimas que deram entrada no Hospital de Emerg\u00eancia e Traumas, alegando que foram agredidas na Avenida Epit\u00e1cio Pessoa, tamb\u00e9m est\u00e3o sendo apurados.<\/p>\n<p>Para os blocos da Melhor Idade e Muri\u00e7oquinhas, que acontecem nesta segunda-feira (13), o policiamento segue refor\u00e7ado e a PM orienta que os pais e respons\u00e1veis coloquem alguma identifica\u00e7\u00e3o nas crian\u00e7as, a exemplo de pulseiras com nome e um telefone de contato para ligar, em caso de crian\u00e7a perdida.<\/p>\n","protected":false},"excerpt":{"rendered":"<p>A Pol\u00edcia Militar prendeu oito suspeitos de roubos de celular, porte ilegal de arma, tr\u00e1fico de drogas e agress\u00e3o, nos<\/p>\n","protected":false},"author":5,"featured_media":915720,"comment_status":"closed","ping_status":"closed","sticky":false,"template":"","format":"standard","meta":{"_exactmetrics_skip_tracking":false,"_exactmetrics_sitenote_active":false,"_exactmetrics_sitenote_note":"","_exactmetrics_sitenote_category":0,"footnotes":""},"categories":[4],"tags":[],"yoast_head":"<!-- This site is optimized with the Yoast SEO plugin v22.0 - https:\/\/yoast.com\/wordpress\/plugins\/seo\/ -->\n<title>Oito suspeitos foram presos nos primeiros dias de pr\u00e9vias carnavalescas de Jo\u00e3o Pessoa - Pol\u00edcia Militar da Para\u00edba<\/title>\n<meta name=\"robots\" content=\"index, follow, max-snippet:-1, max-image-preview:large, max-video-preview:-1\" \/>\n<link rel=\"canonical\" href=\"https:\/\/www.pm.pb.gov.br\/portal\/2023\/02\/13\/oito-suspeitos-foram-presos-nos-primeiros-dias-de-previas-carnavalescas-de-joao-pessoa\/\" \/>\n<meta property=\"og:locale\" content=\"pt_BR\" \/>\n<meta property=\"og:type\" content=\"article\" \/>\n<meta property=\"og:title\" content=\"Oito suspeitos foram presos nos primeiros dias de pr\u00e9vias carnavalescas de Jo\u00e3o Pessoa - Pol\u00edcia Militar da Para\u00edba\" \/>\n<meta property=\"og:description\" content=\"A Pol\u00edcia Militar prendeu oito suspeitos de roubos de celular, porte ilegal de arma, tr\u00e1fico de drogas e agress\u00e3o, nos\" \/>\n<meta property=\"og:url\" content=\"https:\/\/www.pm.pb.gov.br\/portal\/2023\/02\/13\/oito-suspeitos-foram-presos-nos-primeiros-dias-de-previas-carnavalescas-de-joao-pessoa\/\" \/>\n<meta property=\"og:site_name\" content=\"Pol\u00edcia Militar da Para\u00edba\" \/>\n<meta property=\"article:published_time\" content=\"2023-02-13T17:17:03+00:00\" \/>\n<meta property=\"article:modified_time\" content=\"2023-02-13T17:17:05+00:00\" \/>\n<meta property=\"og:image\" content=\"http:\/\/www.pm.pb.gov.br\/portal\/wp-content\/uploads\/2023\/02\/WhatsApp-Image-2023-02-12-at-22.14.50.jpeg\" \/>\n\t<meta property=\"og:image:width\" content=\"1600\" \/>\n\t<meta property=\"og:image:height\" content=\"1068\" \/>\n\t<meta property=\"og:image:type\" content=\"image\/jpeg\" \/>\n<meta name=\"author\" content=\"Assessoria de Imprensa da PMPB\" \/>\n<meta name=\"twitter:card\" content=\"summary_large_image\" \/>\n<meta name=\"twitter:label1\" content=\"Escrito por\" \/>\n\t<meta name=\"twitter:data1\" content=\"Assessoria de Imprensa da PMPB\" \/>\n\t<meta name=\"twitter:label2\" content=\"Est. tempo de leitura\" \/>\n\t<meta name=\"twitter:data2\" content=\"3 minutos\" \/>\n<script type=\"application\/ld+json\" class=\"yoast-schema-graph\">{\"@context\":\"https:\/\/schema.org\",\"@graph\":[{\"@type\":\"Article\",\"@id\":\"https:\/\/www.pm.pb.gov.br\/portal\/2023\/02\/13\/oito-suspeitos-foram-presos-nos-primeiros-dias-de-previas-carnavalescas-de-joao-pessoa\/#article\",\"isPartOf\":{\"@id\":\"https:\/\/www.pm.pb.gov.br\/portal\/2023\/02\/13\/oito-suspeitos-foram-presos-nos-primeiros-dias-de-previas-carnavalescas-de-joao-pessoa\/\"},\"author\":{\"name\":\"Assessoria de Imprensa da PMPB\",\"@id\":\"https:\/\/www.pm.pb.gov.br\/portal\/#\/schema\/person\/e8454f46651c3ecf0e1ba3c1666d9947\"},\"headline\":\"Oito suspeitos foram presos nos primeiros dias de pr\u00e9vias carnavalescas de Jo\u00e3o Pessoa\",\"datePublished\":\"2023-02-13T17:17:03+00:00\",\"dateModified\":\"2023-02-13T17:17:05+00:00\",\"mainEntityOfPage\":{\"@id\":\"https:\/\/www.pm.pb.gov.br\/portal\/2023\/02\/13\/oito-suspeitos-foram-presos-nos-primeiros-dias-de-previas-carnavalescas-de-joao-pessoa\/\"},\"wordCount\":388,\"publisher\":{\"@id\":\"https:\/\/www.pm.pb.gov.br\/portal\/#organization\"},\"articleSection\":[\"A\u00e7\u00f5es Policiais\"],\"inLanguage\":\"pt-BR\"},{\"@type\":\"WebPage\",\"@id\":\"https:\/\/www.pm.pb.gov.br\/portal\/2023\/02\/13\/oito-suspeitos-foram-presos-nos-primeiros-dias-de-previas-carnavalescas-de-joao-pessoa\/\",\"url\":\"https:\/\/www.pm.pb.gov.br\/portal\/2023\/02\/13\/oito-suspeitos-foram-presos-nos-primeiros-dias-de-previas-carnavalescas-de-joao-pessoa\/\",\"name\":\"Oito suspeitos foram presos nos primeiros dias de pr\u00e9vias carnavalescas de Jo\u00e3o Pessoa - Pol\u00edcia Militar da Para\u00edba\",\"isPartOf\":{\"@id\":\"https:\/\/www.pm.pb.gov.br\/portal\/#website\"},\"datePublished\":\"2023-02-13T17:17:03+00:00\",\"dateModified\":\"2023-02-13T17:17:05+00:00\",\"breadcrumb\":{\"@id\":\"https:\/\/www.pm.pb.gov.br\/portal\/2023\/02\/13\/oito-suspeitos-foram-presos-nos-primeiros-dias-de-previas-carnavalescas-de-joao-pessoa\/#breadcrumb\"},\"inLanguage\":\"pt-BR\",\"potentialAction\":[{\"@type\":\"ReadAction\",\"target\":[\"https:\/\/www.pm.pb.gov.br\/portal\/2023\/02\/13\/oito-suspeitos-foram-presos-nos-primeiros-dias-de-previas-carnavalescas-de-joao-pessoa\/\"]}]},{\"@type\":\"BreadcrumbList\",\"@id\":\"https:\/\/www.pm.pb.gov.br\/portal\/2023\/02\/13\/oito-suspeitos-foram-presos-nos-primeiros-dias-de-previas-carnavalescas-de-joao-pessoa\/#breadcrumb\",\"itemListElement\":[{\"@type\":\"ListItem\",\"position\":1,\"name\":\"In\u00edcio\",\"item\":\"https:\/\/www.pm.pb.gov.br\/portal\/\"},{\"@type\":\"ListItem\",\"position\":2,\"name\":\"Oito suspeitos foram presos nos primeiros dias de pr\u00e9vias carnavalescas de Jo\u00e3o Pessoa\"}]},{\"@type\":\"WebSite\",\"@id\":\"https:\/\/www.pm.pb.gov.br\/portal\/#website\",\"url\":\"https:\/\/www.pm.pb.gov.br\/portal\/\",\"name\":\"Pol\u00edcia Militar da Para\u00edba\",\"description\":\"\",\"publisher\":{\"@id\":\"https:\/\/www.pm.pb.gov.br\/portal\/#organization\"},\"potentialAction\":[{\"@type\":\"SearchAction\",\"target\":{\"@type\":\"EntryPoint\",\"urlTemplate\":\"https:\/\/www.pm.pb.gov.br\/portal\/?s={search_term_string}\"},\"query-input\":\"required name=search_term_string\"}],\"inLanguage\":\"pt-BR\"},{\"@type\":\"Organization\",\"@id\":\"https:\/\/www.pm.pb.gov.br\/portal\/#organization\",\"name\":\"Pol\u00edcia Militar da Para\u00edba\",\"url\":\"https:\/\/www.pm.pb.gov.br\/portal\/\",\"logo\":{\"@type\":\"ImageObject\",\"inLanguage\":\"pt-BR\",\"@id\":\"https:\/\/www.pm.pb.gov.br\/portal\/#\/schema\/logo\/image\/\",\"url\":\"https:\/\/www.pm.pb.gov.br\/portal\/wp-content\/uploads\/2025\/03\/cropped-logo-site-mag2-1.png\",\"contentUrl\":\"https:\/\/www.pm.pb.gov.br\/portal\/wp-content\/uploads\/2025\/03\/cropped-logo-site-mag2-1.png\",\"width\":320,\"height\":90,\"caption\":\"Pol\u00edcia Militar da Para\u00edba\"},\"image\":{\"@id\":\"https:\/\/www.pm.pb.gov.br\/portal\/#\/schema\/logo\/image\/\"}},{\"@type\":\"Person\",\"@id\":\"https:\/\/www.pm.pb.gov.br\/portal\/#\/schema\/person\/e8454f46651c3ecf0e1ba3c1666d9947\",\"name\":\"Assessoria de Imprensa da PMPB\",\"image\":{\"@type\":\"ImageObject\",\"inLanguage\":\"pt-BR\",\"@id\":\"https:\/\/www.pm.pb.gov.br\/portal\/#\/schema\/person\/image\/\",\"url\":\"https:\/\/secure.gravatar.com\/avatar\/2efe197438265d1e90bd98c4c8e1acf8?s=96&d=mm&r=g\",\"contentUrl\":\"https:\/\/secure.gravatar.com\/avatar\/2efe197438265d1e90bd98c4c8e1acf8?s=96&d=mm&r=g\",\"caption\":\"Assessoria de Imprensa da PMPB\"},\"url\":\"https:\/\/www.pm.pb.gov.br\/portal\/author\/assessoria\/\"}]}<\/script>\n<!-- \/ Yoast SEO plugin. -->","yoast_head_json":{"title":"Oito suspeitos foram presos nos primeiros dias de pr\u00e9vias carnavalescas de Jo\u00e3o Pessoa - Pol\u00edcia Militar da Para\u00edba","robots":{"index":"index","follow":"follow","max-snippet":"max-snippet:-1","max-image-preview":"max-image-preview:large","max-video-preview":"max-video-preview:-1"},"canonical":"https:\/\/www.pm.pb.gov.br\/portal\/2023\/02\/13\/oito-suspeitos-foram-presos-nos-primeiros-dias-de-previas-carnavalescas-de-joao-pessoa\/","og_locale":"pt_BR","og_type":"article","og_title":"Oito suspeitos foram presos nos primeiros dias de pr\u00e9vias carnavalescas de Jo\u00e3o Pessoa - Pol\u00edcia Militar da Para\u00edba","og_description":"A Pol\u00edcia Militar prendeu oito suspeitos de roubos de celular, porte ilegal de arma, tr\u00e1fico de drogas e agress\u00e3o, nos","og_url":"https:\/\/www.pm.pb.gov.br\/portal\/2023\/02\/13\/oito-suspeitos-foram-presos-nos-primeiros-dias-de-previas-carnavalescas-de-joao-pessoa\/","og_site_name":"Pol\u00edcia Militar da Para\u00edba","article_published_time":"2023-02-13T17:17:03+00:00","article_modified_time":"2023-02-13T17:17:05+00:00","og_image":[{"width":1600,"height":1068,"url":"http:\/\/www.pm.pb.gov.br\/portal\/wp-content\/uploads\/2023\/02\/WhatsApp-Image-2023-02-12-at-22.14.50.jpeg","type":"image\/jpeg"}],"author":"Assessoria de Imprensa da PMPB","twitter_card":"summary_large_image","twitter_misc":{"Escrito por":"Assessoria de Imprensa da PMPB","Est. tempo de leitura":"3 minutos"},"schema":{"@context":"https:\/\/schema.org","@graph":[{"@type":"Article","@id":"https:\/\/www.pm.pb.gov.br\/portal\/2023\/02\/13\/oito-suspeitos-foram-presos-nos-primeiros-dias-de-previas-carnavalescas-de-joao-pessoa\/#article","isPartOf":{"@id":"https:\/\/www.pm.pb.gov.br\/portal\/2023\/02\/13\/oito-suspeitos-foram-presos-nos-primeiros-dias-de-previas-carnavalescas-de-joao-pessoa\/"},"author":{"name":"Assessoria de Imprensa da PMPB","@id":"https:\/\/www.pm.pb.gov.br\/portal\/#\/schema\/person\/e8454f46651c3ecf0e1ba3c1666d9947"},"headline":"Oito suspeitos foram presos nos primeiros dias de pr\u00e9vias carnavalescas de Jo\u00e3o Pessoa","datePublished":"2023-02-13T17:17:03+00:00","dateModified":"2023-02-13T17:17:05+00:00","mainEntityOfPage":{"@id":"https:\/\/www.pm.pb.gov.br\/portal\/2023\/02\/13\/oito-suspeitos-foram-presos-nos-primeiros-dias-de-previas-carnavalescas-de-joao-pessoa\/"},"wordCount":388,"publisher":{"@id":"https:\/\/www.pm.pb.gov.br\/portal\/#organization"},"articleSection":["A\u00e7\u00f5es Policiais"],"inLanguage":"pt-BR"},{"@type":"WebPage","@id":"https:\/\/www.pm.pb.gov.br\/portal\/2023\/02\/13\/oito-suspeitos-foram-presos-nos-primeiros-dias-de-previas-carnavalescas-de-joao-pessoa\/","url":"https:\/\/www.pm.pb.gov.br\/portal\/2023\/02\/13\/oito-suspeitos-foram-presos-nos-primeiros-dias-de-previas-carnavalescas-de-joao-pessoa\/","name":"Oito suspeitos foram presos nos primeiros dias de pr\u00e9vias carnavalescas de Jo\u00e3o Pessoa - Pol\u00edcia Militar da Para\u00edba","isPartOf":{"@id":"https:\/\/www.pm.pb.gov.br\/portal\/#website"},"datePublished":"2023-02-13T17:17:03+00:00","dateModified":"2023-02-13T17:17:05+00:00","breadcrumb":{"@id":"https:\/\/www.pm.pb.gov.br\/portal\/2023\/02\/13\/oito-suspeitos-foram-presos-nos-primeiros-dias-de-previas-carnavalescas-de-joao-pessoa\/#breadcrumb"},"inLanguage":"pt-BR","potentialAction":[{"@type":"ReadAction","target":["https:\/\/www.pm.pb.gov.br\/portal\/2023\/02\/13\/oito-suspeitos-foram-presos-nos-primeiros-dias-de-previas-carnavalescas-de-joao-pessoa\/"]}]},{"@type":"BreadcrumbList","@id":"https:\/\/www.pm.pb.gov.br\/portal\/2023\/02\/13\/oito-suspeitos-foram-presos-nos-primeiros-dias-de-previas-carnavalescas-de-joao-pessoa\/#breadcrumb","itemListElement":[{"@type":"ListItem","position":1,"name":"In\u00edcio","item":"https:\/\/www.pm.pb.gov.br\/portal\/"},{"@type":"ListItem","position":2,"name":"Oito suspeitos foram presos nos primeiros dias de pr\u00e9vias carnavalescas de Jo\u00e3o Pessoa"}]},{"@type":"WebSite","@id":"https:\/\/www.pm.pb.gov.br\/portal\/#website","url":"https:\/\/www.pm.pb.gov.br\/portal\/","name":"Pol\u00edcia Militar da Para\u00edba","description":"","publisher":{"@id":"https:\/\/www.pm.pb.gov.br\/portal\/#organization"},"potentialAction":[{"@type":"SearchAction","target":{"@type":"EntryPoint","urlTemplate":"https:\/\/www.pm.pb.gov.br\/portal\/?s={search_term_string}"},"query-input":"required name=search_term_string"}],"inLanguage":"pt-BR"},{"@type":"Organization","@id":"https:\/\/www.pm.pb.gov.br\/portal\/#organization","name":"Pol\u00edcia Militar da Para\u00edba","url":"https:\/\/www.pm.pb.gov.br\/portal\/","logo":{"@type":"ImageObject","inLanguage":"pt-BR","@id":"https:\/\/www.pm.pb.gov.br\/portal\/#\/schema\/logo\/image\/","url":"https:\/\/www.pm.pb.gov.br\/portal\/wp-content\/uploads\/2025\/03\/cropped-logo-site-mag2-1.png","contentUrl":"https:\/\/www.pm.pb.gov.br\/portal\/wp-content\/uploads\/2025\/03\/cropped-logo-site-mag2-1.png","width":320,"height":90,"caption":"Pol\u00edcia Militar da Para\u00edba"},"image":{"@id":"https:\/\/www.pm.pb.gov.br\/portal\/#\/schema\/logo\/image\/"}},{"@type":"Person","@id":"https:\/\/www.pm.pb.gov.br\/portal\/#\/schema\/person\/e8454f46651c3ecf0e1ba3c1666d9947","name":"Assessoria de Imprensa da PMPB","image":{"@type":"ImageObject","inLanguage":"pt-BR","@id":"https:\/\/www.pm.pb.gov.br\/portal\/#\/schema\/person\/image\/","url":"https:\/\/secure.gravatar.com\/avatar\/2efe197438265d1e90bd98c4c8e1acf8?s=96&d=mm&r=g","contentUrl":"https:\/\/secure.gravatar.com\/avatar\/2efe197438265d1e90bd98c4c8e1acf8?s=96&d=mm&r=g","caption":"Assessoria de Imprensa da PMPB"},"url":"https:\/\/www.pm.pb.gov.br\/portal\/author\/assessoria\/"}]}},"_links":{"self":[{"href":"https:\/\/www.pm.pb.gov.br\/portal\/wp-json\/wp\/v2\/posts\/915719"}],"collection":[{"href":"https:\/\/www.pm.pb.gov.br\/portal\/wp-json\/wp\/v2\/posts"}],"about":[{"href":"https:\/\/www.pm.pb.gov.br\/portal\/wp-json\/wp\/v2\/types\/post"}],"author":[{"embeddable":true,"href":"https:\/\/www.pm.pb.gov.br\/portal\/wp-json\/wp\/v2\/users\/5"}],"replies":[{"embeddable":true,"href":"https:\/\/www.pm.pb.gov.br\/portal\/wp-json\/wp\/v2\/comments?post=915719"}],"version-history":[{"count":1,"href":"https:\/\/www.pm.pb.gov.br\/portal\/wp-json\/wp\/v2\/posts\/915719\/revisions"}],"predecessor-version":[{"id":915722,"href":"https:\/\/www.pm.pb.gov.br\/portal\/wp-json\/wp\/v2\/posts\/915719\/revisions\/915722"}],"wp:featuredmedia":[{"embeddable":true,"href":"https:\/\/www.pm.pb.gov.br\/portal\/wp-json\/wp\/v2\/media\/915720"}],"wp:attachment":[{"href":"https:\/\/www.pm.pb.gov.br\/portal\/wp-json\/wp\/v2\/media?parent=915719"}],"wp:term":[{"taxonomy":"category","embeddable":true,"href":"https:\/\/www.pm.pb.gov.br\/portal\/wp-json\/wp\/v2\/categories?post=915719"},{"taxonomy":"post_tag","embeddable":true,"href":"https:\/\/www.pm.pb.gov.br\/portal\/wp-json\/wp\/v2\/tags?post=915719"}],"curies":[{"name":"wp","href":"https:\/\/api.w.org\/{rel}","templated":true}]}}