{"id":915695,"date":"2023-02-09T14:27:08","date_gmt":"2023-02-09T17:27:08","guid":{"rendered":"https:\/\/www.pm.pb.gov.br\/portal\/?p=915695"},"modified":"2023-02-09T18:45:49","modified_gmt":"2023-02-09T21:45:49","slug":"carnaval-2023-seguranca-publica-monitora-estado-com-mais-de-800-cameras-e-33-exclusivamente-no-corredor-da-folia","status":"publish","type":"post","link":"https:\/\/www.pm.pb.gov.br\/portal\/2023\/02\/09\/carnaval-2023-seguranca-publica-monitora-estado-com-mais-de-800-cameras-e-33-exclusivamente-no-corredor-da-folia\/","title":{"rendered":"\u200bCarnaval 2023: Seguran\u00e7a P\u00fablica monitora estado com mais de 800 c\u00e2meras e 33 exclusivamente no \u2018Corredor da Folia\u2019"},"content":{"rendered":"\n\n\n<p>Al\u00e9m do efetivo empregado todos os anos, a Seguran\u00e7a P\u00fablica da Para\u00edba vai contar com uso de tecnologia de videomonitoramento no Carnaval 2023. No Estado s\u00e3o mais de 800 c\u00e2meras instaladas do litoral ao sert\u00e3o, nas regi\u00f5es metropolitanas de Jo\u00e3o Pessoa, Campina Grande e Patos, e haver\u00e1 o refor\u00e7o de 33 c\u00e2meras exclusivamente no \u2018corredor da folia\u2019, na avenida Epit\u00e1cio Pessoa, durante as pr\u00e9vias Carnavalescas da Capital.<\/p>\n<p>O total de policiais e bombeiros empregados nos festejos ser\u00e1 de 8.400 homens e mulheres. O trabalho se inicia nesta quinta-feira (09\/02) com a abertura do Folia de Rua, na capital, e segue at\u00e9 a quarta-feira de Cinzas (22\/02), de acordo com Planejamento Operacional desenvolvido pela Secretaria de Seguran\u00e7a e da Defesa Social (Sesds), que envolve a\u00e7\u00f5es preventivas e repressivas, realiza\u00e7\u00e3o de procedimentos policiais, al\u00e9m de resgates e salvamentos, por parte dos \u00f3rg\u00e3os operativos da pasta e do Grupamento T\u00e1tico A\u00e9reo (GTA) da Sesds.<\/p>\n<p>Somente nas pr\u00e9vias de Jo\u00e3o Pessoa, ser\u00e3o empregados 2.417 policiais militares, 452 bombeiros militares, 93 policiais civis, 135 motos, 163 viaturas e 54 conjuntos a cavalo.<\/p>\n<p>Os dados foram apresentados nesta quinta-feira (9) em coletiva de imprensa realizada no audit\u00f3rio da Funda\u00e7\u00e3o Casa de Jos\u00e9 Am\u00e9rico, capital, com as presen\u00e7as do secret\u00e1rio da Seguran\u00e7a e da Defesa Social, Jean Nunes, e dos gestores das For\u00e7as de Seguran\u00e7a \u2013 Pol\u00edcia Militar, Pol\u00edcia Civil e Corpo de Bombeiros Militar, al\u00e9m de Secretaria de Administra\u00e7\u00e3o Penitenci\u00e1ria, Secretaria de Seguran\u00e7a de Jo\u00e3o Pessoa, Secretarias de Turismo do Estado e da Capital, Departamento de Tr\u00e2nsito da Para\u00edba, entre outros \u00f3rg\u00e3os (foto abaixo).<\/p>\n<p><img loading=\"lazy\" decoding=\"async\" class=\" wp-image-915699 aligncenter\" src=\"http:\/\/www.pm.pb.gov.br\/portal\/wp-content\/uploads\/2023\/02\/WhatsApp-Image-2023-02-09-at-10.56.03-666x445.jpeg\" alt=\"\" width=\"623\" height=\"416\" srcset=\"https:\/\/www.pm.pb.gov.br\/portal\/wp-content\/uploads\/2023\/02\/WhatsApp-Image-2023-02-09-at-10.56.03-666x445.jpeg 666w, https:\/\/www.pm.pb.gov.br\/portal\/wp-content\/uploads\/2023\/02\/WhatsApp-Image-2023-02-09-at-10.56.03-853x570.jpeg 853w, https:\/\/www.pm.pb.gov.br\/portal\/wp-content\/uploads\/2023\/02\/WhatsApp-Image-2023-02-09-at-10.56.03-768x513.jpeg 768w, https:\/\/www.pm.pb.gov.br\/portal\/wp-content\/uploads\/2023\/02\/WhatsApp-Image-2023-02-09-at-10.56.03-272x182.jpeg 272w, https:\/\/www.pm.pb.gov.br\/portal\/wp-content\/uploads\/2023\/02\/WhatsApp-Image-2023-02-09-at-10.56.03.jpeg 1280w\" sizes=\"(max-width: 623px) 100vw, 623px\" \/><\/p>\n<p>O secret\u00e1rio Jean Nunes destacou o empenho das For\u00e7as de Seguran\u00e7a para garantir presen\u00e7a em todos os locais de festa. \u201cInicialmente, teremos eventos em 72 munic\u00edpios e quase 400 eventos em todo o Estado. Por isso, fizemos parcerias com a prefeitura de Jo\u00e3o Pessoa, a secretaria de Administra\u00e7\u00e3o Penitenci\u00e1ria, Superintend\u00eancia de Mobilidade Urbana (Semob), secretarias de Turismo do Estado e da capital. \u00c9 um grande evento e n\u00f3s temos o esp\u00edrito de integrar e de dar unidade as nossas a\u00e7\u00f5es. Al\u00e9m disso, investimos forte em tecnologia, trazendo este ano 33 c\u00e2meras no \u2018corredor da folia\u2019, e no entorno aproximadamente 100. J\u00e1 no Estado s\u00e3o mais de 800\u201d, frisou o chefe da pasta.<\/p>\n<p><strong>Pol\u00edcia Militar &#8211;<\/strong> A Pol\u00edcia Militar montou um esquema envolvendo o refor\u00e7o de 5.800 homens e mulheres empregados, especificamente para os festejos e locais de maior movimenta\u00e7\u00e3o nesta \u00e9poca. Eles ser\u00e3o auxiliados por toda uma log\u00edstica de viaturas, POPs (Pontos de Observa\u00e7\u00e3o Policial), drones e van de videomonitoramento. Entre as pr\u00e9vias e o carnaval, a PM estar\u00e1 atuando em pelo menos 400 eventos em toda a Para\u00edba.<\/p>\n<p>O refor\u00e7o maior \u00e9 para o litoral paraibano, atuando nas praias de Cabedelo, Jacum\u00e3, Lucena e Ba\u00eda da Trai\u00e7\u00e3o, entre outros destinos. As a\u00e7\u00f5es de tr\u00e2nsito e a preven\u00e7\u00e3o aos crimes ambientais tamb\u00e9m fazem parte do planejamento montado pela corpora\u00e7\u00e3o, com a presen\u00e7a do Batalh\u00e3o de Policiamento de Tr\u00e2nsito (BPTran) e do Batalh\u00e3o de Pol\u00edcia Ambiental (BPAmb).<\/p>\n<p><img loading=\"lazy\" decoding=\"async\" class=\" wp-image-915697\" src=\"http:\/\/www.pm.pb.gov.br\/portal\/wp-content\/uploads\/2023\/02\/carnaval-1-667x445.jpg\" alt=\"\" width=\"576\" height=\"384\" srcset=\"https:\/\/www.pm.pb.gov.br\/portal\/wp-content\/uploads\/2023\/02\/carnaval-1-667x445.jpg 667w, https:\/\/www.pm.pb.gov.br\/portal\/wp-content\/uploads\/2023\/02\/carnaval-1-768x513.jpg 768w, https:\/\/www.pm.pb.gov.br\/portal\/wp-content\/uploads\/2023\/02\/carnaval-1-272x182.jpg 272w, https:\/\/www.pm.pb.gov.br\/portal\/wp-content\/uploads\/2023\/02\/carnaval-1.jpg 800w\" sizes=\"(max-width: 576px) 100vw, 576px\" \/><\/p>\n<p><strong>Corpo de Bombeiros &#8211;<\/strong> O Corpo de Bombeiros Militar (CBMPB) por sua vez, trabalhar\u00e1 com ainda mais empenho em a\u00e7\u00f5es de preven\u00e7\u00e3o e o salvamento aqu\u00e1tico, incluindo a atua\u00e7\u00e3o de mergulhadores de resgate, neste Carnaval 2023. As equipes estar\u00e3o prontas para atuar em combate a inc\u00eandios, atendimentos pr\u00e9-hospitalares e de busca e salvamento. Ao todo ser\u00e3o mais de 2 mil empregos de efetivo durante o per\u00edodo, desenvolvendo a\u00e7\u00f5es de preven\u00e7\u00e3o e emerg\u00eancia.<\/p>\n<p>O trabalho ser\u00e1 feito de modo a otimizar o atendimento nos dias de festa, garantindo assim a divers\u00e3o daqueles que passar\u00e3o o feriado na regi\u00e3o metropolitana de Jo\u00e3o Pessoa, em especial nas praias. Da praia de Barra de Camaratuba at\u00e9 Aca\u00fa, na cidade de Pitimbu, a corpora\u00e7\u00e3o ter\u00e1 guarda-vidas espalhados nos pontos tradicionalmente mais movimentados. Acontecer\u00e3o ainda, blitzen preventivas nas vias que d\u00e3o acesso \u00e0s principais praias, em parceria com o Departamento Estadual de Tr\u00e2nsito da Para\u00edba (Detran).<\/p>\n<p><strong>Pol\u00edcia Civil &#8211;<\/strong> A Pol\u00edcia Civil da Para\u00edba vai aumentar o efetivo nas delegacias e manter p\u00f3los de atendimento em regime de plant\u00e3o durante o Carnaval 2023, em todas as regi\u00f5es do Estado. Ser\u00e3o utilizados 550 empregos de policiais civis em escalas de plant\u00e3o entre delegados, escriv\u00e3es, agentes de investiga\u00e7\u00e3o, agentes operacionais, peritos, t\u00e9cnicos em per\u00edcia, necrotomistas e papiloscopistas. Estar\u00e3o em regime de plant\u00e3o delegacias especializadas como Delegacia de Crimes contra a Pessoa, contra o Patrim\u00f4nio, Delegacia de Entorpecentes, e de Combate ao Crime Organizado, entre outras.<\/p>\n<p>A Delegacia M\u00f3vel estar\u00e1 presente nos pontos mais movimentados durante o per\u00edodo carnavalesco. Em Jo\u00e3o Pessoa, al\u00e9m dos plant\u00f5es j\u00e1 realizados cotidianamente na Central de Pol\u00edcia, dever\u00e3o abrir tamb\u00e9m \u00e0 noite em plant\u00e3o 24 horas a 10\u00aa Delegacia Distrital (Av. Nego) e a Delegacia do Turista, localizada no t\u00e9rreo do pr\u00e9dio da PBTur, em Tamba\u00fa. Ocorr\u00eancias que n\u00e3o envolvem viol\u00eancia, como perdas, furtos, extravios, acidentes de tr\u00e2nsito sem v\u00edtimas e registro de desaparecimento de pessoas, podem ser feitos atrav\u00e9s da Delegacia On Line (<a href=\"http:\/\/www.delegaciaonline.pb.gov.br\">www.delegaciaonline.pb.gov.br<\/a>).<\/p>\n<p><strong>Detran &#8211;<\/strong> A Lei Seca estar\u00e1 presente nos trabalhos relativos \u00e0 Seguran\u00e7a P\u00fablica, com 50 agentes de tr\u00e2nsito, que contam com apoio da Pol\u00edcia Militar. Eles atuar\u00e3o, a exemplo de anos anteriores, na sa\u00edda dos principais blocos do Folia de Rua (Virgens de Tamb\u00e1u, Muri\u00e7ocas e Cafu\u00e7u). Durante o Carnaval, as equipes v\u00e3o atuar na fiscaliza\u00e7\u00e3o em praias com maior concentra\u00e7\u00e3o de banhistas e foli\u00f5es, como Lucena, Jacum\u00e3 e Baia da Trai\u00e7\u00e3o.<\/p>\n<p><em>Atualizado \u00e0s 19h01 para inser\u00e7\u00e3o de foto.<\/em><\/p>\n<p>Fonte: Secom; fotos: Coord. Comunica\u00e7\u00e3o Social da PMPB.<\/p>\n","protected":false},"excerpt":{"rendered":"<p>Al\u00e9m do efetivo empregado todos os anos, a Seguran\u00e7a P\u00fablica da Para\u00edba vai contar com uso de tecnologia de videomonitoramento<\/p>\n","protected":false},"author":12,"featured_media":915696,"comment_status":"closed","ping_status":"closed","sticky":false,"template":"","format":"standard","meta":{"_exactmetrics_skip_tracking":false,"_exactmetrics_sitenote_active":false,"_exactmetrics_sitenote_note":"","_exactmetrics_sitenote_category":0,"footnotes":""},"categories":[4],"tags":[],"yoast_head":"<!-- This site is optimized with the Yoast SEO plugin v22.0 - https:\/\/yoast.com\/wordpress\/plugins\/seo\/ -->\n<title>\u200bCarnaval 2023: Seguran\u00e7a P\u00fablica monitora estado com mais de 800 c\u00e2meras e 33 exclusivamente no \u2018Corredor da Folia\u2019 - Pol\u00edcia Militar da Para\u00edba<\/title>\n<meta name=\"robots\" content=\"index, follow, max-snippet:-1, max-image-preview:large, max-video-preview:-1\" \/>\n<link rel=\"canonical\" href=\"https:\/\/www.pm.pb.gov.br\/portal\/2023\/02\/09\/carnaval-2023-seguranca-publica-monitora-estado-com-mais-de-800-cameras-e-33-exclusivamente-no-corredor-da-folia\/\" \/>\n<meta property=\"og:locale\" content=\"pt_BR\" \/>\n<meta property=\"og:type\" content=\"article\" \/>\n<meta property=\"og:title\" content=\"\u200bCarnaval 2023: Seguran\u00e7a P\u00fablica monitora estado com mais de 800 c\u00e2meras e 33 exclusivamente no \u2018Corredor da Folia\u2019 - Pol\u00edcia Militar da Para\u00edba\" \/>\n<meta property=\"og:description\" content=\"Al\u00e9m do efetivo empregado todos os anos, a Seguran\u00e7a P\u00fablica da Para\u00edba vai contar com uso de tecnologia de videomonitoramento\" \/>\n<meta property=\"og:url\" content=\"https:\/\/www.pm.pb.gov.br\/portal\/2023\/02\/09\/carnaval-2023-seguranca-publica-monitora-estado-com-mais-de-800-cameras-e-33-exclusivamente-no-corredor-da-folia\/\" \/>\n<meta property=\"og:site_name\" content=\"Pol\u00edcia Militar da Para\u00edba\" \/>\n<meta property=\"article:published_time\" content=\"2023-02-09T17:27:08+00:00\" \/>\n<meta property=\"article:modified_time\" content=\"2023-02-09T21:45:49+00:00\" \/>\n<meta property=\"og:image\" content=\"http:\/\/www.pm.pb.gov.br\/portal\/wp-content\/uploads\/2023\/02\/opcarnaval.jpeg\" \/>\n\t<meta property=\"og:image:width\" content=\"800\" \/>\n\t<meta property=\"og:image:height\" content=\"445\" \/>\n\t<meta property=\"og:image:type\" content=\"image\/jpeg\" \/>\n<meta name=\"author\" content=\"Tarcisio Oliveira\" \/>\n<meta name=\"twitter:card\" content=\"summary_large_image\" \/>\n<meta name=\"twitter:label1\" content=\"Escrito por\" \/>\n\t<meta name=\"twitter:data1\" content=\"Tarcisio Oliveira\" \/>\n\t<meta name=\"twitter:label2\" content=\"Est. tempo de leitura\" \/>\n\t<meta name=\"twitter:data2\" content=\"6 minutos\" \/>\n<script type=\"application\/ld+json\" class=\"yoast-schema-graph\">{\"@context\":\"https:\/\/schema.org\",\"@graph\":[{\"@type\":\"Article\",\"@id\":\"https:\/\/www.pm.pb.gov.br\/portal\/2023\/02\/09\/carnaval-2023-seguranca-publica-monitora-estado-com-mais-de-800-cameras-e-33-exclusivamente-no-corredor-da-folia\/#article\",\"isPartOf\":{\"@id\":\"https:\/\/www.pm.pb.gov.br\/portal\/2023\/02\/09\/carnaval-2023-seguranca-publica-monitora-estado-com-mais-de-800-cameras-e-33-exclusivamente-no-corredor-da-folia\/\"},\"author\":{\"name\":\"Tarcisio Oliveira\",\"@id\":\"https:\/\/www.pm.pb.gov.br\/portal\/#\/schema\/person\/f84f56dcc78ce4357054da888b8247fd\"},\"headline\":\"\u200bCarnaval 2023: Seguran\u00e7a P\u00fablica monitora estado com mais de 800 c\u00e2meras e 33 exclusivamente no \u2018Corredor da Folia\u2019\",\"datePublished\":\"2023-02-09T17:27:08+00:00\",\"dateModified\":\"2023-02-09T21:45:49+00:00\",\"mainEntityOfPage\":{\"@id\":\"https:\/\/www.pm.pb.gov.br\/portal\/2023\/02\/09\/carnaval-2023-seguranca-publica-monitora-estado-com-mais-de-800-cameras-e-33-exclusivamente-no-corredor-da-folia\/\"},\"wordCount\":1039,\"publisher\":{\"@id\":\"https:\/\/www.pm.pb.gov.br\/portal\/#organization\"},\"articleSection\":[\"A\u00e7\u00f5es Policiais\"],\"inLanguage\":\"pt-BR\"},{\"@type\":\"WebPage\",\"@id\":\"https:\/\/www.pm.pb.gov.br\/portal\/2023\/02\/09\/carnaval-2023-seguranca-publica-monitora-estado-com-mais-de-800-cameras-e-33-exclusivamente-no-corredor-da-folia\/\",\"url\":\"https:\/\/www.pm.pb.gov.br\/portal\/2023\/02\/09\/carnaval-2023-seguranca-publica-monitora-estado-com-mais-de-800-cameras-e-33-exclusivamente-no-corredor-da-folia\/\",\"name\":\"\u200bCarnaval 2023: Seguran\u00e7a P\u00fablica monitora estado com mais de 800 c\u00e2meras e 33 exclusivamente no \u2018Corredor da Folia\u2019 - Pol\u00edcia Militar da Para\u00edba\",\"isPartOf\":{\"@id\":\"https:\/\/www.pm.pb.gov.br\/portal\/#website\"},\"datePublished\":\"2023-02-09T17:27:08+00:00\",\"dateModified\":\"2023-02-09T21:45:49+00:00\",\"breadcrumb\":{\"@id\":\"https:\/\/www.pm.pb.gov.br\/portal\/2023\/02\/09\/carnaval-2023-seguranca-publica-monitora-estado-com-mais-de-800-cameras-e-33-exclusivamente-no-corredor-da-folia\/#breadcrumb\"},\"inLanguage\":\"pt-BR\",\"potentialAction\":[{\"@type\":\"ReadAction\",\"target\":[\"https:\/\/www.pm.pb.gov.br\/portal\/2023\/02\/09\/carnaval-2023-seguranca-publica-monitora-estado-com-mais-de-800-cameras-e-33-exclusivamente-no-corredor-da-folia\/\"]}]},{\"@type\":\"BreadcrumbList\",\"@id\":\"https:\/\/www.pm.pb.gov.br\/portal\/2023\/02\/09\/carnaval-2023-seguranca-publica-monitora-estado-com-mais-de-800-cameras-e-33-exclusivamente-no-corredor-da-folia\/#breadcrumb\",\"itemListElement\":[{\"@type\":\"ListItem\",\"position\":1,\"name\":\"In\u00edcio\",\"item\":\"https:\/\/www.pm.pb.gov.br\/portal\/\"},{\"@type\":\"ListItem\",\"position\":2,\"name\":\"\u200bCarnaval 2023: Seguran\u00e7a P\u00fablica monitora estado com mais de 800 c\u00e2meras e 33 exclusivamente no \u2018Corredor da Folia\u2019\"}]},{\"@type\":\"WebSite\",\"@id\":\"https:\/\/www.pm.pb.gov.br\/portal\/#website\",\"url\":\"https:\/\/www.pm.pb.gov.br\/portal\/\",\"name\":\"Pol\u00edcia Militar da Para\u00edba\",\"description\":\"\",\"publisher\":{\"@id\":\"https:\/\/www.pm.pb.gov.br\/portal\/#organization\"},\"potentialAction\":[{\"@type\":\"SearchAction\",\"target\":{\"@type\":\"EntryPoint\",\"urlTemplate\":\"https:\/\/www.pm.pb.gov.br\/portal\/?s={search_term_string}\"},\"query-input\":\"required name=search_term_string\"}],\"inLanguage\":\"pt-BR\"},{\"@type\":\"Organization\",\"@id\":\"https:\/\/www.pm.pb.gov.br\/portal\/#organization\",\"name\":\"Pol\u00edcia Militar da Para\u00edba\",\"url\":\"https:\/\/www.pm.pb.gov.br\/portal\/\",\"logo\":{\"@type\":\"ImageObject\",\"inLanguage\":\"pt-BR\",\"@id\":\"https:\/\/www.pm.pb.gov.br\/portal\/#\/schema\/logo\/image\/\",\"url\":\"https:\/\/www.pm.pb.gov.br\/portal\/wp-content\/uploads\/2025\/03\/cropped-logo-site-mag2-1.png\",\"contentUrl\":\"https:\/\/www.pm.pb.gov.br\/portal\/wp-content\/uploads\/2025\/03\/cropped-logo-site-mag2-1.png\",\"width\":320,\"height\":90,\"caption\":\"Pol\u00edcia Militar da Para\u00edba\"},\"image\":{\"@id\":\"https:\/\/www.pm.pb.gov.br\/portal\/#\/schema\/logo\/image\/\"}},{\"@type\":\"Person\",\"@id\":\"https:\/\/www.pm.pb.gov.br\/portal\/#\/schema\/person\/f84f56dcc78ce4357054da888b8247fd\",\"name\":\"Tarcisio Oliveira\",\"image\":{\"@type\":\"ImageObject\",\"inLanguage\":\"pt-BR\",\"@id\":\"https:\/\/www.pm.pb.gov.br\/portal\/#\/schema\/person\/image\/\",\"url\":\"https:\/\/secure.gravatar.com\/avatar\/72917b630b69d31cd0297507f34bac97?s=96&d=mm&r=g\",\"contentUrl\":\"https:\/\/secure.gravatar.com\/avatar\/72917b630b69d31cd0297507f34bac97?s=96&d=mm&r=g\",\"caption\":\"Tarcisio Oliveira\"},\"url\":\"https:\/\/www.pm.pb.gov.br\/portal\/author\/tarcisio\/\"}]}<\/script>\n<!-- \/ Yoast SEO plugin. -->","yoast_head_json":{"title":"\u200bCarnaval 2023: Seguran\u00e7a P\u00fablica monitora estado com mais de 800 c\u00e2meras e 33 exclusivamente no \u2018Corredor da Folia\u2019 - Pol\u00edcia Militar da Para\u00edba","robots":{"index":"index","follow":"follow","max-snippet":"max-snippet:-1","max-image-preview":"max-image-preview:large","max-video-preview":"max-video-preview:-1"},"canonical":"https:\/\/www.pm.pb.gov.br\/portal\/2023\/02\/09\/carnaval-2023-seguranca-publica-monitora-estado-com-mais-de-800-cameras-e-33-exclusivamente-no-corredor-da-folia\/","og_locale":"pt_BR","og_type":"article","og_title":"\u200bCarnaval 2023: Seguran\u00e7a P\u00fablica monitora estado com mais de 800 c\u00e2meras e 33 exclusivamente no \u2018Corredor da Folia\u2019 - Pol\u00edcia Militar da Para\u00edba","og_description":"Al\u00e9m do efetivo empregado todos os anos, a Seguran\u00e7a P\u00fablica da Para\u00edba vai contar com uso de tecnologia de videomonitoramento","og_url":"https:\/\/www.pm.pb.gov.br\/portal\/2023\/02\/09\/carnaval-2023-seguranca-publica-monitora-estado-com-mais-de-800-cameras-e-33-exclusivamente-no-corredor-da-folia\/","og_site_name":"Pol\u00edcia Militar da Para\u00edba","article_published_time":"2023-02-09T17:27:08+00:00","article_modified_time":"2023-02-09T21:45:49+00:00","og_image":[{"width":800,"height":445,"url":"http:\/\/www.pm.pb.gov.br\/portal\/wp-content\/uploads\/2023\/02\/opcarnaval.jpeg","type":"image\/jpeg"}],"author":"Tarcisio Oliveira","twitter_card":"summary_large_image","twitter_misc":{"Escrito por":"Tarcisio Oliveira","Est. tempo de leitura":"6 minutos"},"schema":{"@context":"https:\/\/schema.org","@graph":[{"@type":"Article","@id":"https:\/\/www.pm.pb.gov.br\/portal\/2023\/02\/09\/carnaval-2023-seguranca-publica-monitora-estado-com-mais-de-800-cameras-e-33-exclusivamente-no-corredor-da-folia\/#article","isPartOf":{"@id":"https:\/\/www.pm.pb.gov.br\/portal\/2023\/02\/09\/carnaval-2023-seguranca-publica-monitora-estado-com-mais-de-800-cameras-e-33-exclusivamente-no-corredor-da-folia\/"},"author":{"name":"Tarcisio Oliveira","@id":"https:\/\/www.pm.pb.gov.br\/portal\/#\/schema\/person\/f84f56dcc78ce4357054da888b8247fd"},"headline":"\u200bCarnaval 2023: Seguran\u00e7a P\u00fablica monitora estado com mais de 800 c\u00e2meras e 33 exclusivamente no \u2018Corredor da Folia\u2019","datePublished":"2023-02-09T17:27:08+00:00","dateModified":"2023-02-09T21:45:49+00:00","mainEntityOfPage":{"@id":"https:\/\/www.pm.pb.gov.br\/portal\/2023\/02\/09\/carnaval-2023-seguranca-publica-monitora-estado-com-mais-de-800-cameras-e-33-exclusivamente-no-corredor-da-folia\/"},"wordCount":1039,"publisher":{"@id":"https:\/\/www.pm.pb.gov.br\/portal\/#organization"},"articleSection":["A\u00e7\u00f5es Policiais"],"inLanguage":"pt-BR"},{"@type":"WebPage","@id":"https:\/\/www.pm.pb.gov.br\/portal\/2023\/02\/09\/carnaval-2023-seguranca-publica-monitora-estado-com-mais-de-800-cameras-e-33-exclusivamente-no-corredor-da-folia\/","url":"https:\/\/www.pm.pb.gov.br\/portal\/2023\/02\/09\/carnaval-2023-seguranca-publica-monitora-estado-com-mais-de-800-cameras-e-33-exclusivamente-no-corredor-da-folia\/","name":"\u200bCarnaval 2023: Seguran\u00e7a P\u00fablica monitora estado com mais de 800 c\u00e2meras e 33 exclusivamente no \u2018Corredor da Folia\u2019 - Pol\u00edcia Militar da Para\u00edba","isPartOf":{"@id":"https:\/\/www.pm.pb.gov.br\/portal\/#website"},"datePublished":"2023-02-09T17:27:08+00:00","dateModified":"2023-02-09T21:45:49+00:00","breadcrumb":{"@id":"https:\/\/www.pm.pb.gov.br\/portal\/2023\/02\/09\/carnaval-2023-seguranca-publica-monitora-estado-com-mais-de-800-cameras-e-33-exclusivamente-no-corredor-da-folia\/#breadcrumb"},"inLanguage":"pt-BR","potentialAction":[{"@type":"ReadAction","target":["https:\/\/www.pm.pb.gov.br\/portal\/2023\/02\/09\/carnaval-2023-seguranca-publica-monitora-estado-com-mais-de-800-cameras-e-33-exclusivamente-no-corredor-da-folia\/"]}]},{"@type":"BreadcrumbList","@id":"https:\/\/www.pm.pb.gov.br\/portal\/2023\/02\/09\/carnaval-2023-seguranca-publica-monitora-estado-com-mais-de-800-cameras-e-33-exclusivamente-no-corredor-da-folia\/#breadcrumb","itemListElement":[{"@type":"ListItem","position":1,"name":"In\u00edcio","item":"https:\/\/www.pm.pb.gov.br\/portal\/"},{"@type":"ListItem","position":2,"name":"\u200bCarnaval 2023: Seguran\u00e7a P\u00fablica monitora estado com mais de 800 c\u00e2meras e 33 exclusivamente no \u2018Corredor da Folia\u2019"}]},{"@type":"WebSite","@id":"https:\/\/www.pm.pb.gov.br\/portal\/#website","url":"https:\/\/www.pm.pb.gov.br\/portal\/","name":"Pol\u00edcia Militar da Para\u00edba","description":"","publisher":{"@id":"https:\/\/www.pm.pb.gov.br\/portal\/#organization"},"potentialAction":[{"@type":"SearchAction","target":{"@type":"EntryPoint","urlTemplate":"https:\/\/www.pm.pb.gov.br\/portal\/?s={search_term_string}"},"query-input":"required name=search_term_string"}],"inLanguage":"pt-BR"},{"@type":"Organization","@id":"https:\/\/www.pm.pb.gov.br\/portal\/#organization","name":"Pol\u00edcia Militar da Para\u00edba","url":"https:\/\/www.pm.pb.gov.br\/portal\/","logo":{"@type":"ImageObject","inLanguage":"pt-BR","@id":"https:\/\/www.pm.pb.gov.br\/portal\/#\/schema\/logo\/image\/","url":"https:\/\/www.pm.pb.gov.br\/portal\/wp-content\/uploads\/2025\/03\/cropped-logo-site-mag2-1.png","contentUrl":"https:\/\/www.pm.pb.gov.br\/portal\/wp-content\/uploads\/2025\/03\/cropped-logo-site-mag2-1.png","width":320,"height":90,"caption":"Pol\u00edcia Militar da Para\u00edba"},"image":{"@id":"https:\/\/www.pm.pb.gov.br\/portal\/#\/schema\/logo\/image\/"}},{"@type":"Person","@id":"https:\/\/www.pm.pb.gov.br\/portal\/#\/schema\/person\/f84f56dcc78ce4357054da888b8247fd","name":"Tarcisio Oliveira","image":{"@type":"ImageObject","inLanguage":"pt-BR","@id":"https:\/\/www.pm.pb.gov.br\/portal\/#\/schema\/person\/image\/","url":"https:\/\/secure.gravatar.com\/avatar\/72917b630b69d31cd0297507f34bac97?s=96&d=mm&r=g","contentUrl":"https:\/\/secure.gravatar.com\/avatar\/72917b630b69d31cd0297507f34bac97?s=96&d=mm&r=g","caption":"Tarcisio Oliveira"},"url":"https:\/\/www.pm.pb.gov.br\/portal\/author\/tarcisio\/"}]}},"_links":{"self":[{"href":"https:\/\/www.pm.pb.gov.br\/portal\/wp-json\/wp\/v2\/posts\/915695"}],"collection":[{"href":"https:\/\/www.pm.pb.gov.br\/portal\/wp-json\/wp\/v2\/posts"}],"about":[{"href":"https:\/\/www.pm.pb.gov.br\/portal\/wp-json\/wp\/v2\/types\/post"}],"author":[{"embeddable":true,"href":"https:\/\/www.pm.pb.gov.br\/portal\/wp-json\/wp\/v2\/users\/12"}],"replies":[{"embeddable":true,"href":"https:\/\/www.pm.pb.gov.br\/portal\/wp-json\/wp\/v2\/comments?post=915695"}],"version-history":[{"count":2,"href":"https:\/\/www.pm.pb.gov.br\/portal\/wp-json\/wp\/v2\/posts\/915695\/revisions"}],"predecessor-version":[{"id":915701,"href":"https:\/\/www.pm.pb.gov.br\/portal\/wp-json\/wp\/v2\/posts\/915695\/revisions\/915701"}],"wp:featuredmedia":[{"embeddable":true,"href":"https:\/\/www.pm.pb.gov.br\/portal\/wp-json\/wp\/v2\/media\/915696"}],"wp:attachment":[{"href":"https:\/\/www.pm.pb.gov.br\/portal\/wp-json\/wp\/v2\/media?parent=915695"}],"wp:term":[{"taxonomy":"category","embeddable":true,"href":"https:\/\/www.pm.pb.gov.br\/portal\/wp-json\/wp\/v2\/categories?post=915695"},{"taxonomy":"post_tag","embeddable":true,"href":"https:\/\/www.pm.pb.gov.br\/portal\/wp-json\/wp\/v2\/tags?post=915695"}],"curies":[{"name":"wp","href":"https:\/\/api.w.org\/{rel}","templated":true}]}}