{"id":915692,"date":"2023-02-09T09:00:06","date_gmt":"2023-02-09T12:00:06","guid":{"rendered":"https:\/\/www.pm.pb.gov.br\/portal\/?p=915692"},"modified":"2023-02-09T09:00:09","modified_gmt":"2023-02-09T12:00:09","slug":"policia-militar-prende-suspeito-de-furtar-fios-de-cobre-e-provocar-apagao-em-pracas-da-capital","status":"publish","type":"post","link":"https:\/\/www.pm.pb.gov.br\/portal\/2023\/02\/09\/policia-militar-prende-suspeito-de-furtar-fios-de-cobre-e-provocar-apagao-em-pracas-da-capital\/","title":{"rendered":"<strong>Pol\u00edcia Militar prende suspeito de furtar fios de cobre e provocar \u2018apag\u00e3o\u2019 em pra\u00e7as da capital<\/strong>"},"content":{"rendered":"\n\n\n<p>A Pol\u00edcia Militar prendeu mais um suspeito de furtar fios de cobre de pra\u00e7as p\u00fablicas de Jo\u00e3o Pessoa, pr\u00e1tica criminosa que prejudica moradores e que provoca \u2018apag\u00e3o\u2019 em postes de parques e ruas da capital. A pris\u00e3o ocorreu na madrugada desta quinta-feira (09), na regi\u00e3o do Parque Parahyba 2, no bairro do Bessa.<\/p>\n<p>O suspeito, de 21 anos de idade, foi localizado e preso em flagrante pelos policiais do Batalh\u00e3o Especializado em Policiamento Tur\u00edstico (BEPTur). Com ele a PM encontrou um saco com os fios de cobre furtados da localidade (foto acima). Toda a ocorr\u00eancia foi apresentada na Central de Flagrantes para os procedimentos cab\u00edveis.<\/p>\n<p>Com esta, sobem para quatro as pris\u00f5es desde ano, de suspeitos de furtarem fios de cobre para energia el\u00e9trica ou telefonia na capital. Outros dois suspeitos foram presos em janeiro no bairro de Colinas do Sul, e outro suspeito foi preso tamb\u00e9m na regi\u00e3o do Bessa, no primeiro m\u00eas de 2023<\/p>\n","protected":false},"excerpt":{"rendered":"<p>A Pol\u00edcia Militar prendeu mais um suspeito de furtar fios de cobre de pra\u00e7as p\u00fablicas de Jo\u00e3o Pessoa, pr\u00e1tica criminosa<\/p>\n","protected":false},"author":12,"featured_media":915693,"comment_status":"closed","ping_status":"closed","sticky":false,"template":"","format":"standard","meta":{"_exactmetrics_skip_tracking":false,"_exactmetrics_sitenote_active":false,"_exactmetrics_sitenote_note":"","_exactmetrics_sitenote_category":0,"footnotes":""},"categories":[4],"tags":[],"yoast_head":"<!-- This site is optimized with the Yoast SEO plugin v22.0 - https:\/\/yoast.com\/wordpress\/plugins\/seo\/ -->\n<title>Pol\u00edcia Militar prende suspeito de furtar fios de cobre e provocar \u2018apag\u00e3o\u2019 em pra\u00e7as da capital - Pol\u00edcia Militar da Para\u00edba<\/title>\n<meta name=\"robots\" content=\"index, follow, max-snippet:-1, max-image-preview:large, max-video-preview:-1\" \/>\n<link rel=\"canonical\" href=\"https:\/\/www.pm.pb.gov.br\/portal\/2023\/02\/09\/policia-militar-prende-suspeito-de-furtar-fios-de-cobre-e-provocar-apagao-em-pracas-da-capital\/\" \/>\n<meta property=\"og:locale\" content=\"pt_BR\" \/>\n<meta property=\"og:type\" content=\"article\" \/>\n<meta property=\"og:title\" content=\"Pol\u00edcia Militar prende suspeito de furtar fios de cobre e provocar \u2018apag\u00e3o\u2019 em pra\u00e7as da capital - Pol\u00edcia Militar da Para\u00edba\" \/>\n<meta property=\"og:description\" content=\"A Pol\u00edcia Militar prendeu mais um suspeito de furtar fios de cobre de pra\u00e7as p\u00fablicas de Jo\u00e3o Pessoa, pr\u00e1tica criminosa\" \/>\n<meta property=\"og:url\" content=\"https:\/\/www.pm.pb.gov.br\/portal\/2023\/02\/09\/policia-militar-prende-suspeito-de-furtar-fios-de-cobre-e-provocar-apagao-em-pracas-da-capital\/\" \/>\n<meta property=\"og:site_name\" content=\"Pol\u00edcia Militar da Para\u00edba\" \/>\n<meta property=\"article:published_time\" content=\"2023-02-09T12:00:06+00:00\" \/>\n<meta property=\"article:modified_time\" content=\"2023-02-09T12:00:09+00:00\" \/>\n<meta property=\"og:image\" content=\"http:\/\/www.pm.pb.gov.br\/portal\/wp-content\/uploads\/2023\/02\/furtos.jpeg\" \/>\n\t<meta property=\"og:image:width\" content=\"800\" \/>\n\t<meta property=\"og:image:height\" content=\"445\" \/>\n\t<meta property=\"og:image:type\" content=\"image\/jpeg\" \/>\n<meta name=\"author\" content=\"Tarcisio Oliveira\" \/>\n<meta name=\"twitter:card\" content=\"summary_large_image\" \/>\n<meta name=\"twitter:label1\" content=\"Escrito por\" \/>\n\t<meta name=\"twitter:data1\" content=\"Tarcisio Oliveira\" \/>\n\t<meta name=\"twitter:label2\" content=\"Est. tempo de leitura\" \/>\n\t<meta name=\"twitter:data2\" content=\"1 minuto\" \/>\n<script type=\"application\/ld+json\" class=\"yoast-schema-graph\">{\"@context\":\"https:\/\/schema.org\",\"@graph\":[{\"@type\":\"Article\",\"@id\":\"https:\/\/www.pm.pb.gov.br\/portal\/2023\/02\/09\/policia-militar-prende-suspeito-de-furtar-fios-de-cobre-e-provocar-apagao-em-pracas-da-capital\/#article\",\"isPartOf\":{\"@id\":\"https:\/\/www.pm.pb.gov.br\/portal\/2023\/02\/09\/policia-militar-prende-suspeito-de-furtar-fios-de-cobre-e-provocar-apagao-em-pracas-da-capital\/\"},\"author\":{\"name\":\"Tarcisio Oliveira\",\"@id\":\"https:\/\/www.pm.pb.gov.br\/portal\/#\/schema\/person\/f84f56dcc78ce4357054da888b8247fd\"},\"headline\":\"Pol\u00edcia Militar prende suspeito de furtar fios de cobre e provocar \u2018apag\u00e3o\u2019 em pra\u00e7as da capital\",\"datePublished\":\"2023-02-09T12:00:06+00:00\",\"dateModified\":\"2023-02-09T12:00:09+00:00\",\"mainEntityOfPage\":{\"@id\":\"https:\/\/www.pm.pb.gov.br\/portal\/2023\/02\/09\/policia-militar-prende-suspeito-de-furtar-fios-de-cobre-e-provocar-apagao-em-pracas-da-capital\/\"},\"wordCount\":188,\"publisher\":{\"@id\":\"https:\/\/www.pm.pb.gov.br\/portal\/#organization\"},\"articleSection\":[\"A\u00e7\u00f5es Policiais\"],\"inLanguage\":\"pt-BR\"},{\"@type\":\"WebPage\",\"@id\":\"https:\/\/www.pm.pb.gov.br\/portal\/2023\/02\/09\/policia-militar-prende-suspeito-de-furtar-fios-de-cobre-e-provocar-apagao-em-pracas-da-capital\/\",\"url\":\"https:\/\/www.pm.pb.gov.br\/portal\/2023\/02\/09\/policia-militar-prende-suspeito-de-furtar-fios-de-cobre-e-provocar-apagao-em-pracas-da-capital\/\",\"name\":\"Pol\u00edcia Militar prende suspeito de furtar fios de cobre e provocar \u2018apag\u00e3o\u2019 em pra\u00e7as da capital - Pol\u00edcia Militar da Para\u00edba\",\"isPartOf\":{\"@id\":\"https:\/\/www.pm.pb.gov.br\/portal\/#website\"},\"datePublished\":\"2023-02-09T12:00:06+00:00\",\"dateModified\":\"2023-02-09T12:00:09+00:00\",\"breadcrumb\":{\"@id\":\"https:\/\/www.pm.pb.gov.br\/portal\/2023\/02\/09\/policia-militar-prende-suspeito-de-furtar-fios-de-cobre-e-provocar-apagao-em-pracas-da-capital\/#breadcrumb\"},\"inLanguage\":\"pt-BR\",\"potentialAction\":[{\"@type\":\"ReadAction\",\"target\":[\"https:\/\/www.pm.pb.gov.br\/portal\/2023\/02\/09\/policia-militar-prende-suspeito-de-furtar-fios-de-cobre-e-provocar-apagao-em-pracas-da-capital\/\"]}]},{\"@type\":\"BreadcrumbList\",\"@id\":\"https:\/\/www.pm.pb.gov.br\/portal\/2023\/02\/09\/policia-militar-prende-suspeito-de-furtar-fios-de-cobre-e-provocar-apagao-em-pracas-da-capital\/#breadcrumb\",\"itemListElement\":[{\"@type\":\"ListItem\",\"position\":1,\"name\":\"In\u00edcio\",\"item\":\"https:\/\/www.pm.pb.gov.br\/portal\/\"},{\"@type\":\"ListItem\",\"position\":2,\"name\":\"Pol\u00edcia Militar prende suspeito de furtar fios de cobre e provocar \u2018apag\u00e3o\u2019 em pra\u00e7as da capital\"}]},{\"@type\":\"WebSite\",\"@id\":\"https:\/\/www.pm.pb.gov.br\/portal\/#website\",\"url\":\"https:\/\/www.pm.pb.gov.br\/portal\/\",\"name\":\"Pol\u00edcia Militar da Para\u00edba\",\"description\":\"\",\"publisher\":{\"@id\":\"https:\/\/www.pm.pb.gov.br\/portal\/#organization\"},\"potentialAction\":[{\"@type\":\"SearchAction\",\"target\":{\"@type\":\"EntryPoint\",\"urlTemplate\":\"https:\/\/www.pm.pb.gov.br\/portal\/?s={search_term_string}\"},\"query-input\":\"required name=search_term_string\"}],\"inLanguage\":\"pt-BR\"},{\"@type\":\"Organization\",\"@id\":\"https:\/\/www.pm.pb.gov.br\/portal\/#organization\",\"name\":\"Pol\u00edcia Militar da Para\u00edba\",\"url\":\"https:\/\/www.pm.pb.gov.br\/portal\/\",\"logo\":{\"@type\":\"ImageObject\",\"inLanguage\":\"pt-BR\",\"@id\":\"https:\/\/www.pm.pb.gov.br\/portal\/#\/schema\/logo\/image\/\",\"url\":\"https:\/\/www.pm.pb.gov.br\/portal\/wp-content\/uploads\/2025\/03\/cropped-logo-site-mag2-1.png\",\"contentUrl\":\"https:\/\/www.pm.pb.gov.br\/portal\/wp-content\/uploads\/2025\/03\/cropped-logo-site-mag2-1.png\",\"width\":320,\"height\":90,\"caption\":\"Pol\u00edcia Militar da Para\u00edba\"},\"image\":{\"@id\":\"https:\/\/www.pm.pb.gov.br\/portal\/#\/schema\/logo\/image\/\"}},{\"@type\":\"Person\",\"@id\":\"https:\/\/www.pm.pb.gov.br\/portal\/#\/schema\/person\/f84f56dcc78ce4357054da888b8247fd\",\"name\":\"Tarcisio Oliveira\",\"image\":{\"@type\":\"ImageObject\",\"inLanguage\":\"pt-BR\",\"@id\":\"https:\/\/www.pm.pb.gov.br\/portal\/#\/schema\/person\/image\/\",\"url\":\"https:\/\/secure.gravatar.com\/avatar\/72917b630b69d31cd0297507f34bac97?s=96&d=mm&r=g\",\"contentUrl\":\"https:\/\/secure.gravatar.com\/avatar\/72917b630b69d31cd0297507f34bac97?s=96&d=mm&r=g\",\"caption\":\"Tarcisio Oliveira\"},\"url\":\"https:\/\/www.pm.pb.gov.br\/portal\/author\/tarcisio\/\"}]}<\/script>\n<!-- \/ Yoast SEO plugin. -->","yoast_head_json":{"title":"Pol\u00edcia Militar prende suspeito de furtar fios de cobre e provocar \u2018apag\u00e3o\u2019 em pra\u00e7as da capital - Pol\u00edcia Militar da Para\u00edba","robots":{"index":"index","follow":"follow","max-snippet":"max-snippet:-1","max-image-preview":"max-image-preview:large","max-video-preview":"max-video-preview:-1"},"canonical":"https:\/\/www.pm.pb.gov.br\/portal\/2023\/02\/09\/policia-militar-prende-suspeito-de-furtar-fios-de-cobre-e-provocar-apagao-em-pracas-da-capital\/","og_locale":"pt_BR","og_type":"article","og_title":"Pol\u00edcia Militar prende suspeito de furtar fios de cobre e provocar \u2018apag\u00e3o\u2019 em pra\u00e7as da capital - Pol\u00edcia Militar da Para\u00edba","og_description":"A Pol\u00edcia Militar prendeu mais um suspeito de furtar fios de cobre de pra\u00e7as p\u00fablicas de Jo\u00e3o Pessoa, pr\u00e1tica criminosa","og_url":"https:\/\/www.pm.pb.gov.br\/portal\/2023\/02\/09\/policia-militar-prende-suspeito-de-furtar-fios-de-cobre-e-provocar-apagao-em-pracas-da-capital\/","og_site_name":"Pol\u00edcia Militar da Para\u00edba","article_published_time":"2023-02-09T12:00:06+00:00","article_modified_time":"2023-02-09T12:00:09+00:00","og_image":[{"width":800,"height":445,"url":"http:\/\/www.pm.pb.gov.br\/portal\/wp-content\/uploads\/2023\/02\/furtos.jpeg","type":"image\/jpeg"}],"author":"Tarcisio Oliveira","twitter_card":"summary_large_image","twitter_misc":{"Escrito por":"Tarcisio Oliveira","Est. tempo de leitura":"1 minuto"},"schema":{"@context":"https:\/\/schema.org","@graph":[{"@type":"Article","@id":"https:\/\/www.pm.pb.gov.br\/portal\/2023\/02\/09\/policia-militar-prende-suspeito-de-furtar-fios-de-cobre-e-provocar-apagao-em-pracas-da-capital\/#article","isPartOf":{"@id":"https:\/\/www.pm.pb.gov.br\/portal\/2023\/02\/09\/policia-militar-prende-suspeito-de-furtar-fios-de-cobre-e-provocar-apagao-em-pracas-da-capital\/"},"author":{"name":"Tarcisio Oliveira","@id":"https:\/\/www.pm.pb.gov.br\/portal\/#\/schema\/person\/f84f56dcc78ce4357054da888b8247fd"},"headline":"Pol\u00edcia Militar prende suspeito de furtar fios de cobre e provocar \u2018apag\u00e3o\u2019 em pra\u00e7as da capital","datePublished":"2023-02-09T12:00:06+00:00","dateModified":"2023-02-09T12:00:09+00:00","mainEntityOfPage":{"@id":"https:\/\/www.pm.pb.gov.br\/portal\/2023\/02\/09\/policia-militar-prende-suspeito-de-furtar-fios-de-cobre-e-provocar-apagao-em-pracas-da-capital\/"},"wordCount":188,"publisher":{"@id":"https:\/\/www.pm.pb.gov.br\/portal\/#organization"},"articleSection":["A\u00e7\u00f5es Policiais"],"inLanguage":"pt-BR"},{"@type":"WebPage","@id":"https:\/\/www.pm.pb.gov.br\/portal\/2023\/02\/09\/policia-militar-prende-suspeito-de-furtar-fios-de-cobre-e-provocar-apagao-em-pracas-da-capital\/","url":"https:\/\/www.pm.pb.gov.br\/portal\/2023\/02\/09\/policia-militar-prende-suspeito-de-furtar-fios-de-cobre-e-provocar-apagao-em-pracas-da-capital\/","name":"Pol\u00edcia Militar prende suspeito de furtar fios de cobre e provocar \u2018apag\u00e3o\u2019 em pra\u00e7as da capital - Pol\u00edcia Militar da Para\u00edba","isPartOf":{"@id":"https:\/\/www.pm.pb.gov.br\/portal\/#website"},"datePublished":"2023-02-09T12:00:06+00:00","dateModified":"2023-02-09T12:00:09+00:00","breadcrumb":{"@id":"https:\/\/www.pm.pb.gov.br\/portal\/2023\/02\/09\/policia-militar-prende-suspeito-de-furtar-fios-de-cobre-e-provocar-apagao-em-pracas-da-capital\/#breadcrumb"},"inLanguage":"pt-BR","potentialAction":[{"@type":"ReadAction","target":["https:\/\/www.pm.pb.gov.br\/portal\/2023\/02\/09\/policia-militar-prende-suspeito-de-furtar-fios-de-cobre-e-provocar-apagao-em-pracas-da-capital\/"]}]},{"@type":"BreadcrumbList","@id":"https:\/\/www.pm.pb.gov.br\/portal\/2023\/02\/09\/policia-militar-prende-suspeito-de-furtar-fios-de-cobre-e-provocar-apagao-em-pracas-da-capital\/#breadcrumb","itemListElement":[{"@type":"ListItem","position":1,"name":"In\u00edcio","item":"https:\/\/www.pm.pb.gov.br\/portal\/"},{"@type":"ListItem","position":2,"name":"Pol\u00edcia Militar prende suspeito de furtar fios de cobre e provocar \u2018apag\u00e3o\u2019 em pra\u00e7as da capital"}]},{"@type":"WebSite","@id":"https:\/\/www.pm.pb.gov.br\/portal\/#website","url":"https:\/\/www.pm.pb.gov.br\/portal\/","name":"Pol\u00edcia Militar da Para\u00edba","description":"","publisher":{"@id":"https:\/\/www.pm.pb.gov.br\/portal\/#organization"},"potentialAction":[{"@type":"SearchAction","target":{"@type":"EntryPoint","urlTemplate":"https:\/\/www.pm.pb.gov.br\/portal\/?s={search_term_string}"},"query-input":"required name=search_term_string"}],"inLanguage":"pt-BR"},{"@type":"Organization","@id":"https:\/\/www.pm.pb.gov.br\/portal\/#organization","name":"Pol\u00edcia Militar da Para\u00edba","url":"https:\/\/www.pm.pb.gov.br\/portal\/","logo":{"@type":"ImageObject","inLanguage":"pt-BR","@id":"https:\/\/www.pm.pb.gov.br\/portal\/#\/schema\/logo\/image\/","url":"https:\/\/www.pm.pb.gov.br\/portal\/wp-content\/uploads\/2025\/03\/cropped-logo-site-mag2-1.png","contentUrl":"https:\/\/www.pm.pb.gov.br\/portal\/wp-content\/uploads\/2025\/03\/cropped-logo-site-mag2-1.png","width":320,"height":90,"caption":"Pol\u00edcia Militar da Para\u00edba"},"image":{"@id":"https:\/\/www.pm.pb.gov.br\/portal\/#\/schema\/logo\/image\/"}},{"@type":"Person","@id":"https:\/\/www.pm.pb.gov.br\/portal\/#\/schema\/person\/f84f56dcc78ce4357054da888b8247fd","name":"Tarcisio Oliveira","image":{"@type":"ImageObject","inLanguage":"pt-BR","@id":"https:\/\/www.pm.pb.gov.br\/portal\/#\/schema\/person\/image\/","url":"https:\/\/secure.gravatar.com\/avatar\/72917b630b69d31cd0297507f34bac97?s=96&d=mm&r=g","contentUrl":"https:\/\/secure.gravatar.com\/avatar\/72917b630b69d31cd0297507f34bac97?s=96&d=mm&r=g","caption":"Tarcisio Oliveira"},"url":"https:\/\/www.pm.pb.gov.br\/portal\/author\/tarcisio\/"}]}},"_links":{"self":[{"href":"https:\/\/www.pm.pb.gov.br\/portal\/wp-json\/wp\/v2\/posts\/915692"}],"collection":[{"href":"https:\/\/www.pm.pb.gov.br\/portal\/wp-json\/wp\/v2\/posts"}],"about":[{"href":"https:\/\/www.pm.pb.gov.br\/portal\/wp-json\/wp\/v2\/types\/post"}],"author":[{"embeddable":true,"href":"https:\/\/www.pm.pb.gov.br\/portal\/wp-json\/wp\/v2\/users\/12"}],"replies":[{"embeddable":true,"href":"https:\/\/www.pm.pb.gov.br\/portal\/wp-json\/wp\/v2\/comments?post=915692"}],"version-history":[{"count":1,"href":"https:\/\/www.pm.pb.gov.br\/portal\/wp-json\/wp\/v2\/posts\/915692\/revisions"}],"predecessor-version":[{"id":915694,"href":"https:\/\/www.pm.pb.gov.br\/portal\/wp-json\/wp\/v2\/posts\/915692\/revisions\/915694"}],"wp:featuredmedia":[{"embeddable":true,"href":"https:\/\/www.pm.pb.gov.br\/portal\/wp-json\/wp\/v2\/media\/915693"}],"wp:attachment":[{"href":"https:\/\/www.pm.pb.gov.br\/portal\/wp-json\/wp\/v2\/media?parent=915692"}],"wp:term":[{"taxonomy":"category","embeddable":true,"href":"https:\/\/www.pm.pb.gov.br\/portal\/wp-json\/wp\/v2\/categories?post=915692"},{"taxonomy":"post_tag","embeddable":true,"href":"https:\/\/www.pm.pb.gov.br\/portal\/wp-json\/wp\/v2\/tags?post=915692"}],"curies":[{"name":"wp","href":"https:\/\/api.w.org\/{rel}","templated":true}]}}