{"id":915643,"date":"2023-02-03T18:21:00","date_gmt":"2023-02-03T21:21:00","guid":{"rendered":"https:\/\/www.pm.pb.gov.br\/portal\/?p=915643"},"modified":"2023-02-04T16:25:49","modified_gmt":"2023-02-04T19:25:49","slug":"operacao-conjunta-apreende-quatro-armas-de-fogo-e-mais-de-300-municoes-no-sertao","status":"publish","type":"post","link":"https:\/\/www.pm.pb.gov.br\/portal\/2023\/02\/03\/operacao-conjunta-apreende-quatro-armas-de-fogo-e-mais-de-300-municoes-no-sertao\/","title":{"rendered":"<strong>Opera\u00e7\u00e3o conjunta apreende quatro armas de fogo e mais de 300 muni\u00e7\u00f5es, no Sert\u00e3o<\/strong>"},"content":{"rendered":"\n<p>Uma opera\u00e7\u00e3o conjunta entre as Pol\u00edcias Militar e Civil conseguiu apreender quatro armas de fogo, 322 muni\u00e7\u00f5es de diversos calibres, 430 gramas de pasta base de coca\u00edna, 20 comprimidos de LSD e 2 balan\u00e7as de precis\u00e3o. A a\u00e7\u00e3o aconteceu na sexta-feira (03), no munic\u00edpio de S\u00e3o Bento, durante a Opera\u00e7\u00e3o Antagonista.<\/p>\n<p>As apreens\u00f5es ocorreram atrav\u00e9s de cumprimento de mandados de busca e apreens\u00e3o expedidos pela Justi\u00e7a contra suspeitos de envolvimento em homic\u00eddios e tr\u00e1fico de drogas. O material apreendido e tr\u00eas suspeitos foram levados para a delegacia de Pol\u00edcia Civil da cidade para serem tomadas as medidas cab\u00edveis.<\/p>\n<p><img loading=\"lazy\" decoding=\"async\" class=\"size-medium wp-image-915645 aligncenter\" src=\"http:\/\/www.pm.pb.gov.br\/portal\/wp-content\/uploads\/2023\/02\/WhatsApp-Image-2023-02-03-at-17.45.00-593x445.jpeg\" alt=\"\" width=\"593\" height=\"445\" srcset=\"https:\/\/www.pm.pb.gov.br\/portal\/wp-content\/uploads\/2023\/02\/WhatsApp-Image-2023-02-03-at-17.45.00-593x445.jpeg 593w, https:\/\/www.pm.pb.gov.br\/portal\/wp-content\/uploads\/2023\/02\/WhatsApp-Image-2023-02-03-at-17.45.00-760x570.jpeg 760w, https:\/\/www.pm.pb.gov.br\/portal\/wp-content\/uploads\/2023\/02\/WhatsApp-Image-2023-02-03-at-17.45.00-768x576.jpeg 768w, https:\/\/www.pm.pb.gov.br\/portal\/wp-content\/uploads\/2023\/02\/WhatsApp-Image-2023-02-03-at-17.45.00-1536x1152.jpeg 1536w, https:\/\/www.pm.pb.gov.br\/portal\/wp-content\/uploads\/2023\/02\/WhatsApp-Image-2023-02-03-at-17.45.00.jpeg 1600w\" sizes=\"(max-width: 593px) 100vw, 593px\" \/><\/p>\n<p>Policiais militares do 12\u00ba BPM, Batalh\u00e3o de Opera\u00e7\u00f5es Especiais (Bope), de Tr\u00e2nsito (BPTran), Ambiental (BPAmb), For\u00e7a Regional, e policiais civis da Delegacia de Repress\u00e3o ao Crime Organizado (Draco), participaram da Opera\u00e7\u00e3o<\/p>\n\n\n","protected":false},"excerpt":{"rendered":"<p>Uma opera\u00e7\u00e3o conjunta entre as Pol\u00edcias Militar e Civil conseguiu apreender quatro armas de fogo, 322 muni\u00e7\u00f5es de diversos calibres,<\/p>\n","protected":false},"author":12,"featured_media":915644,"comment_status":"closed","ping_status":"closed","sticky":false,"template":"","format":"standard","meta":{"_exactmetrics_skip_tracking":false,"_exactmetrics_sitenote_active":false,"_exactmetrics_sitenote_note":"","_exactmetrics_sitenote_category":0,"footnotes":""},"categories":[4],"tags":[],"yoast_head":"<!-- This site is optimized with the Yoast SEO plugin v22.0 - https:\/\/yoast.com\/wordpress\/plugins\/seo\/ -->\n<title>Opera\u00e7\u00e3o conjunta apreende quatro armas de fogo e mais de 300 muni\u00e7\u00f5es, no Sert\u00e3o - Pol\u00edcia Militar da Para\u00edba<\/title>\n<meta name=\"robots\" content=\"index, follow, max-snippet:-1, max-image-preview:large, max-video-preview:-1\" \/>\n<link rel=\"canonical\" href=\"https:\/\/www.pm.pb.gov.br\/portal\/2023\/02\/03\/operacao-conjunta-apreende-quatro-armas-de-fogo-e-mais-de-300-municoes-no-sertao\/\" \/>\n<meta property=\"og:locale\" content=\"pt_BR\" \/>\n<meta property=\"og:type\" content=\"article\" \/>\n<meta property=\"og:title\" content=\"Opera\u00e7\u00e3o conjunta apreende quatro armas de fogo e mais de 300 muni\u00e7\u00f5es, no Sert\u00e3o - Pol\u00edcia Militar da Para\u00edba\" \/>\n<meta property=\"og:description\" content=\"Uma opera\u00e7\u00e3o conjunta entre as Pol\u00edcias Militar e Civil conseguiu apreender quatro armas de fogo, 322 muni\u00e7\u00f5es de diversos calibres,\" \/>\n<meta property=\"og:url\" content=\"https:\/\/www.pm.pb.gov.br\/portal\/2023\/02\/03\/operacao-conjunta-apreende-quatro-armas-de-fogo-e-mais-de-300-municoes-no-sertao\/\" \/>\n<meta property=\"og:site_name\" content=\"Pol\u00edcia Militar da Para\u00edba\" \/>\n<meta property=\"article:published_time\" content=\"2023-02-03T21:21:00+00:00\" \/>\n<meta property=\"article:modified_time\" content=\"2023-02-04T19:25:49+00:00\" \/>\n<meta property=\"og:image\" content=\"http:\/\/www.pm.pb.gov.br\/portal\/wp-content\/uploads\/2023\/02\/op.jpeg\" \/>\n\t<meta property=\"og:image:width\" content=\"800\" \/>\n\t<meta property=\"og:image:height\" content=\"445\" \/>\n\t<meta property=\"og:image:type\" content=\"image\/jpeg\" \/>\n<meta name=\"author\" content=\"Tarcisio Oliveira\" \/>\n<meta name=\"twitter:card\" content=\"summary_large_image\" \/>\n<meta name=\"twitter:label1\" content=\"Escrito por\" \/>\n\t<meta name=\"twitter:data1\" content=\"Tarcisio Oliveira\" \/>\n\t<meta name=\"twitter:label2\" content=\"Est. tempo de leitura\" \/>\n\t<meta name=\"twitter:data2\" content=\"1 minuto\" \/>\n<script type=\"application\/ld+json\" class=\"yoast-schema-graph\">{\"@context\":\"https:\/\/schema.org\",\"@graph\":[{\"@type\":\"Article\",\"@id\":\"https:\/\/www.pm.pb.gov.br\/portal\/2023\/02\/03\/operacao-conjunta-apreende-quatro-armas-de-fogo-e-mais-de-300-municoes-no-sertao\/#article\",\"isPartOf\":{\"@id\":\"https:\/\/www.pm.pb.gov.br\/portal\/2023\/02\/03\/operacao-conjunta-apreende-quatro-armas-de-fogo-e-mais-de-300-municoes-no-sertao\/\"},\"author\":{\"name\":\"Tarcisio Oliveira\",\"@id\":\"https:\/\/www.pm.pb.gov.br\/portal\/#\/schema\/person\/f84f56dcc78ce4357054da888b8247fd\"},\"headline\":\"Opera\u00e7\u00e3o conjunta apreende quatro armas de fogo e mais de 300 muni\u00e7\u00f5es, no Sert\u00e3o\",\"datePublished\":\"2023-02-03T21:21:00+00:00\",\"dateModified\":\"2023-02-04T19:25:49+00:00\",\"mainEntityOfPage\":{\"@id\":\"https:\/\/www.pm.pb.gov.br\/portal\/2023\/02\/03\/operacao-conjunta-apreende-quatro-armas-de-fogo-e-mais-de-300-municoes-no-sertao\/\"},\"wordCount\":164,\"publisher\":{\"@id\":\"https:\/\/www.pm.pb.gov.br\/portal\/#organization\"},\"articleSection\":[\"A\u00e7\u00f5es Policiais\"],\"inLanguage\":\"pt-BR\"},{\"@type\":\"WebPage\",\"@id\":\"https:\/\/www.pm.pb.gov.br\/portal\/2023\/02\/03\/operacao-conjunta-apreende-quatro-armas-de-fogo-e-mais-de-300-municoes-no-sertao\/\",\"url\":\"https:\/\/www.pm.pb.gov.br\/portal\/2023\/02\/03\/operacao-conjunta-apreende-quatro-armas-de-fogo-e-mais-de-300-municoes-no-sertao\/\",\"name\":\"Opera\u00e7\u00e3o conjunta apreende quatro armas de fogo e mais de 300 muni\u00e7\u00f5es, no Sert\u00e3o - Pol\u00edcia Militar da Para\u00edba\",\"isPartOf\":{\"@id\":\"https:\/\/www.pm.pb.gov.br\/portal\/#website\"},\"datePublished\":\"2023-02-03T21:21:00+00:00\",\"dateModified\":\"2023-02-04T19:25:49+00:00\",\"breadcrumb\":{\"@id\":\"https:\/\/www.pm.pb.gov.br\/portal\/2023\/02\/03\/operacao-conjunta-apreende-quatro-armas-de-fogo-e-mais-de-300-municoes-no-sertao\/#breadcrumb\"},\"inLanguage\":\"pt-BR\",\"potentialAction\":[{\"@type\":\"ReadAction\",\"target\":[\"https:\/\/www.pm.pb.gov.br\/portal\/2023\/02\/03\/operacao-conjunta-apreende-quatro-armas-de-fogo-e-mais-de-300-municoes-no-sertao\/\"]}]},{\"@type\":\"BreadcrumbList\",\"@id\":\"https:\/\/www.pm.pb.gov.br\/portal\/2023\/02\/03\/operacao-conjunta-apreende-quatro-armas-de-fogo-e-mais-de-300-municoes-no-sertao\/#breadcrumb\",\"itemListElement\":[{\"@type\":\"ListItem\",\"position\":1,\"name\":\"In\u00edcio\",\"item\":\"https:\/\/www.pm.pb.gov.br\/portal\/\"},{\"@type\":\"ListItem\",\"position\":2,\"name\":\"Opera\u00e7\u00e3o conjunta apreende quatro armas de fogo e mais de 300 muni\u00e7\u00f5es, no Sert\u00e3o\"}]},{\"@type\":\"WebSite\",\"@id\":\"https:\/\/www.pm.pb.gov.br\/portal\/#website\",\"url\":\"https:\/\/www.pm.pb.gov.br\/portal\/\",\"name\":\"Pol\u00edcia Militar da Para\u00edba\",\"description\":\"\",\"publisher\":{\"@id\":\"https:\/\/www.pm.pb.gov.br\/portal\/#organization\"},\"potentialAction\":[{\"@type\":\"SearchAction\",\"target\":{\"@type\":\"EntryPoint\",\"urlTemplate\":\"https:\/\/www.pm.pb.gov.br\/portal\/?s={search_term_string}\"},\"query-input\":\"required name=search_term_string\"}],\"inLanguage\":\"pt-BR\"},{\"@type\":\"Organization\",\"@id\":\"https:\/\/www.pm.pb.gov.br\/portal\/#organization\",\"name\":\"Pol\u00edcia Militar da Para\u00edba\",\"url\":\"https:\/\/www.pm.pb.gov.br\/portal\/\",\"logo\":{\"@type\":\"ImageObject\",\"inLanguage\":\"pt-BR\",\"@id\":\"https:\/\/www.pm.pb.gov.br\/portal\/#\/schema\/logo\/image\/\",\"url\":\"https:\/\/www.pm.pb.gov.br\/portal\/wp-content\/uploads\/2025\/03\/cropped-logo-site-mag2-1.png\",\"contentUrl\":\"https:\/\/www.pm.pb.gov.br\/portal\/wp-content\/uploads\/2025\/03\/cropped-logo-site-mag2-1.png\",\"width\":320,\"height\":90,\"caption\":\"Pol\u00edcia Militar da Para\u00edba\"},\"image\":{\"@id\":\"https:\/\/www.pm.pb.gov.br\/portal\/#\/schema\/logo\/image\/\"}},{\"@type\":\"Person\",\"@id\":\"https:\/\/www.pm.pb.gov.br\/portal\/#\/schema\/person\/f84f56dcc78ce4357054da888b8247fd\",\"name\":\"Tarcisio Oliveira\",\"image\":{\"@type\":\"ImageObject\",\"inLanguage\":\"pt-BR\",\"@id\":\"https:\/\/www.pm.pb.gov.br\/portal\/#\/schema\/person\/image\/\",\"url\":\"https:\/\/secure.gravatar.com\/avatar\/72917b630b69d31cd0297507f34bac97?s=96&d=mm&r=g\",\"contentUrl\":\"https:\/\/secure.gravatar.com\/avatar\/72917b630b69d31cd0297507f34bac97?s=96&d=mm&r=g\",\"caption\":\"Tarcisio Oliveira\"},\"url\":\"https:\/\/www.pm.pb.gov.br\/portal\/author\/tarcisio\/\"}]}<\/script>\n<!-- \/ Yoast SEO plugin. -->","yoast_head_json":{"title":"Opera\u00e7\u00e3o conjunta apreende quatro armas de fogo e mais de 300 muni\u00e7\u00f5es, no Sert\u00e3o - Pol\u00edcia Militar da Para\u00edba","robots":{"index":"index","follow":"follow","max-snippet":"max-snippet:-1","max-image-preview":"max-image-preview:large","max-video-preview":"max-video-preview:-1"},"canonical":"https:\/\/www.pm.pb.gov.br\/portal\/2023\/02\/03\/operacao-conjunta-apreende-quatro-armas-de-fogo-e-mais-de-300-municoes-no-sertao\/","og_locale":"pt_BR","og_type":"article","og_title":"Opera\u00e7\u00e3o conjunta apreende quatro armas de fogo e mais de 300 muni\u00e7\u00f5es, no Sert\u00e3o - Pol\u00edcia Militar da Para\u00edba","og_description":"Uma opera\u00e7\u00e3o conjunta entre as Pol\u00edcias Militar e Civil conseguiu apreender quatro armas de fogo, 322 muni\u00e7\u00f5es de diversos calibres,","og_url":"https:\/\/www.pm.pb.gov.br\/portal\/2023\/02\/03\/operacao-conjunta-apreende-quatro-armas-de-fogo-e-mais-de-300-municoes-no-sertao\/","og_site_name":"Pol\u00edcia Militar da Para\u00edba","article_published_time":"2023-02-03T21:21:00+00:00","article_modified_time":"2023-02-04T19:25:49+00:00","og_image":[{"width":800,"height":445,"url":"http:\/\/www.pm.pb.gov.br\/portal\/wp-content\/uploads\/2023\/02\/op.jpeg","type":"image\/jpeg"}],"author":"Tarcisio Oliveira","twitter_card":"summary_large_image","twitter_misc":{"Escrito por":"Tarcisio Oliveira","Est. tempo de leitura":"1 minuto"},"schema":{"@context":"https:\/\/schema.org","@graph":[{"@type":"Article","@id":"https:\/\/www.pm.pb.gov.br\/portal\/2023\/02\/03\/operacao-conjunta-apreende-quatro-armas-de-fogo-e-mais-de-300-municoes-no-sertao\/#article","isPartOf":{"@id":"https:\/\/www.pm.pb.gov.br\/portal\/2023\/02\/03\/operacao-conjunta-apreende-quatro-armas-de-fogo-e-mais-de-300-municoes-no-sertao\/"},"author":{"name":"Tarcisio Oliveira","@id":"https:\/\/www.pm.pb.gov.br\/portal\/#\/schema\/person\/f84f56dcc78ce4357054da888b8247fd"},"headline":"Opera\u00e7\u00e3o conjunta apreende quatro armas de fogo e mais de 300 muni\u00e7\u00f5es, no Sert\u00e3o","datePublished":"2023-02-03T21:21:00+00:00","dateModified":"2023-02-04T19:25:49+00:00","mainEntityOfPage":{"@id":"https:\/\/www.pm.pb.gov.br\/portal\/2023\/02\/03\/operacao-conjunta-apreende-quatro-armas-de-fogo-e-mais-de-300-municoes-no-sertao\/"},"wordCount":164,"publisher":{"@id":"https:\/\/www.pm.pb.gov.br\/portal\/#organization"},"articleSection":["A\u00e7\u00f5es Policiais"],"inLanguage":"pt-BR"},{"@type":"WebPage","@id":"https:\/\/www.pm.pb.gov.br\/portal\/2023\/02\/03\/operacao-conjunta-apreende-quatro-armas-de-fogo-e-mais-de-300-municoes-no-sertao\/","url":"https:\/\/www.pm.pb.gov.br\/portal\/2023\/02\/03\/operacao-conjunta-apreende-quatro-armas-de-fogo-e-mais-de-300-municoes-no-sertao\/","name":"Opera\u00e7\u00e3o conjunta apreende quatro armas de fogo e mais de 300 muni\u00e7\u00f5es, no Sert\u00e3o - Pol\u00edcia Militar da Para\u00edba","isPartOf":{"@id":"https:\/\/www.pm.pb.gov.br\/portal\/#website"},"datePublished":"2023-02-03T21:21:00+00:00","dateModified":"2023-02-04T19:25:49+00:00","breadcrumb":{"@id":"https:\/\/www.pm.pb.gov.br\/portal\/2023\/02\/03\/operacao-conjunta-apreende-quatro-armas-de-fogo-e-mais-de-300-municoes-no-sertao\/#breadcrumb"},"inLanguage":"pt-BR","potentialAction":[{"@type":"ReadAction","target":["https:\/\/www.pm.pb.gov.br\/portal\/2023\/02\/03\/operacao-conjunta-apreende-quatro-armas-de-fogo-e-mais-de-300-municoes-no-sertao\/"]}]},{"@type":"BreadcrumbList","@id":"https:\/\/www.pm.pb.gov.br\/portal\/2023\/02\/03\/operacao-conjunta-apreende-quatro-armas-de-fogo-e-mais-de-300-municoes-no-sertao\/#breadcrumb","itemListElement":[{"@type":"ListItem","position":1,"name":"In\u00edcio","item":"https:\/\/www.pm.pb.gov.br\/portal\/"},{"@type":"ListItem","position":2,"name":"Opera\u00e7\u00e3o conjunta apreende quatro armas de fogo e mais de 300 muni\u00e7\u00f5es, no Sert\u00e3o"}]},{"@type":"WebSite","@id":"https:\/\/www.pm.pb.gov.br\/portal\/#website","url":"https:\/\/www.pm.pb.gov.br\/portal\/","name":"Pol\u00edcia Militar da Para\u00edba","description":"","publisher":{"@id":"https:\/\/www.pm.pb.gov.br\/portal\/#organization"},"potentialAction":[{"@type":"SearchAction","target":{"@type":"EntryPoint","urlTemplate":"https:\/\/www.pm.pb.gov.br\/portal\/?s={search_term_string}"},"query-input":"required name=search_term_string"}],"inLanguage":"pt-BR"},{"@type":"Organization","@id":"https:\/\/www.pm.pb.gov.br\/portal\/#organization","name":"Pol\u00edcia Militar da Para\u00edba","url":"https:\/\/www.pm.pb.gov.br\/portal\/","logo":{"@type":"ImageObject","inLanguage":"pt-BR","@id":"https:\/\/www.pm.pb.gov.br\/portal\/#\/schema\/logo\/image\/","url":"https:\/\/www.pm.pb.gov.br\/portal\/wp-content\/uploads\/2025\/03\/cropped-logo-site-mag2-1.png","contentUrl":"https:\/\/www.pm.pb.gov.br\/portal\/wp-content\/uploads\/2025\/03\/cropped-logo-site-mag2-1.png","width":320,"height":90,"caption":"Pol\u00edcia Militar da Para\u00edba"},"image":{"@id":"https:\/\/www.pm.pb.gov.br\/portal\/#\/schema\/logo\/image\/"}},{"@type":"Person","@id":"https:\/\/www.pm.pb.gov.br\/portal\/#\/schema\/person\/f84f56dcc78ce4357054da888b8247fd","name":"Tarcisio Oliveira","image":{"@type":"ImageObject","inLanguage":"pt-BR","@id":"https:\/\/www.pm.pb.gov.br\/portal\/#\/schema\/person\/image\/","url":"https:\/\/secure.gravatar.com\/avatar\/72917b630b69d31cd0297507f34bac97?s=96&d=mm&r=g","contentUrl":"https:\/\/secure.gravatar.com\/avatar\/72917b630b69d31cd0297507f34bac97?s=96&d=mm&r=g","caption":"Tarcisio Oliveira"},"url":"https:\/\/www.pm.pb.gov.br\/portal\/author\/tarcisio\/"}]}},"_links":{"self":[{"href":"https:\/\/www.pm.pb.gov.br\/portal\/wp-json\/wp\/v2\/posts\/915643"}],"collection":[{"href":"https:\/\/www.pm.pb.gov.br\/portal\/wp-json\/wp\/v2\/posts"}],"about":[{"href":"https:\/\/www.pm.pb.gov.br\/portal\/wp-json\/wp\/v2\/types\/post"}],"author":[{"embeddable":true,"href":"https:\/\/www.pm.pb.gov.br\/portal\/wp-json\/wp\/v2\/users\/12"}],"replies":[{"embeddable":true,"href":"https:\/\/www.pm.pb.gov.br\/portal\/wp-json\/wp\/v2\/comments?post=915643"}],"version-history":[{"count":1,"href":"https:\/\/www.pm.pb.gov.br\/portal\/wp-json\/wp\/v2\/posts\/915643\/revisions"}],"predecessor-version":[{"id":915646,"href":"https:\/\/www.pm.pb.gov.br\/portal\/wp-json\/wp\/v2\/posts\/915643\/revisions\/915646"}],"wp:featuredmedia":[{"embeddable":true,"href":"https:\/\/www.pm.pb.gov.br\/portal\/wp-json\/wp\/v2\/media\/915644"}],"wp:attachment":[{"href":"https:\/\/www.pm.pb.gov.br\/portal\/wp-json\/wp\/v2\/media?parent=915643"}],"wp:term":[{"taxonomy":"category","embeddable":true,"href":"https:\/\/www.pm.pb.gov.br\/portal\/wp-json\/wp\/v2\/categories?post=915643"},{"taxonomy":"post_tag","embeddable":true,"href":"https:\/\/www.pm.pb.gov.br\/portal\/wp-json\/wp\/v2\/tags?post=915643"}],"curies":[{"name":"wp","href":"https:\/\/api.w.org\/{rel}","templated":true}]}}