{"id":915633,"date":"2023-02-03T12:08:57","date_gmt":"2023-02-03T15:08:57","guid":{"rendered":"https:\/\/www.pm.pb.gov.br\/portal\/?p=915633"},"modified":"2023-02-03T12:09:34","modified_gmt":"2023-02-03T15:09:34","slug":"governador-joao-azevedo-prestigia-solenidade-de-comemoracao-dos-191-anos-da-policia-militar-e-destaca-resultados-positivos-na-seguranca-publica","status":"publish","type":"post","link":"https:\/\/www.pm.pb.gov.br\/portal\/2023\/02\/03\/governador-joao-azevedo-prestigia-solenidade-de-comemoracao-dos-191-anos-da-policia-militar-e-destaca-resultados-positivos-na-seguranca-publica\/","title":{"rendered":"Governador Jo\u00e3o Azev\u00eado prestigia solenidade de comemora\u00e7\u00e3o dos 191 anos da Pol\u00edcia Militar e destaca resultados positivos na Seguran\u00e7a P\u00fablica"},"content":{"rendered":"\n<p>O governador Jo\u00e3o Azev\u00eado prestigiou, nesta sexta-feira (3), a solenidade de comemora\u00e7\u00e3o dos 191 anos da Pol\u00edcia Militar da Para\u00edba (PMPB). O evento ocorreu no Pavilh\u00e3o de Feiras do Centro de Conven\u00e7\u00f5es de Jo\u00e3o Pessoa e foi marcado pela entrega de l\u00e1ureas e medalhas a militares reconhecidos pela notabilidade dos servi\u00e7os prestados \u00e0 sociedade, contribuindo com a promo\u00e7\u00e3o da paz social e combate ao crime (foto acima).\u00a0<\/p>\n<p>Na ocasi\u00e3o, o chefe do Executivo estadual parabenizou a corpora\u00e7\u00e3o pelos 191 anos e ressaltou a efici\u00eancia do trabalho das for\u00e7as de Seguran\u00e7a, que tem resultado na melhoria de \u00edndices no enfrentamento da viol\u00eancia. \u201cA Pol\u00edcia Militar tem uma longa vida de servi\u00e7os prestados \u00e0 popula\u00e7\u00e3o e n\u00f3s temos implementado a\u00e7\u00f5es ao longo dos \u00faltimos quatro anos, voltadas para a valoriza\u00e7\u00e3o de homens e mulheres que fazem a seguran\u00e7a p\u00fablica e que muito nos orgulham porque temos dado a resposta \u00e0 sociedade e somos a melhor seguran\u00e7a p\u00fablica do Norte\/Nordeste pelo Centro de Lideran\u00e7a P\u00fablica, uma demonstra\u00e7\u00e3o de que o trabalho est\u00e1 sendo bem feito e ser\u00e1 continuado nos pr\u00f3ximos anos. Nesse dia de comemora\u00e7\u00e3o tivemos a oportunidade de homenagear pessoas que contribu\u00edram para que esses \u00edndices foram alcan\u00e7ados\u201d, frisou.\u00a0<\/p>\n<p>O secret\u00e1rio de estado da Seguran\u00e7a e da Defesa Social, Jean Francisco Nunes, agradeceu aos homens e mulheres que integram a Pol\u00edcia Militar pela excel\u00eancia do servi\u00e7o prestado \u00e0 popula\u00e7\u00e3o. \u201cHoje \u00e9 um dia de festa para a Pol\u00edcia Militar e para todas as for\u00e7as de Seguran\u00e7a. A nossa PM tem se profissionalizado cada vez mais, conquistado grandes resultados e a confian\u00e7a da nossa popula\u00e7\u00e3o e tem todo o nosso respeito pela sua produtividade e responsabilidade\u201d, afirmou.\u00a0<\/p>\n<p><img loading=\"lazy\" decoding=\"async\" class=\" wp-image-915635 aligncenter\" src=\"http:\/\/www.pm.pb.gov.br\/portal\/wp-content\/uploads\/2023\/02\/sesds-669x445.jpeg\" alt=\"\" width=\"553\" height=\"368\" srcset=\"https:\/\/www.pm.pb.gov.br\/portal\/wp-content\/uploads\/2023\/02\/sesds-669x445.jpeg 669w, https:\/\/www.pm.pb.gov.br\/portal\/wp-content\/uploads\/2023\/02\/sesds-272x182.jpeg 272w, https:\/\/www.pm.pb.gov.br\/portal\/wp-content\/uploads\/2023\/02\/sesds.jpeg 768w\" sizes=\"(max-width: 553px) 100vw, 553px\" \/><\/p>\n<p>O comandante-geral da Pol\u00edcia Militar, coronel S\u00e9rgio Fonseca, destacou a efici\u00eancia, inova\u00e7\u00e3o e boas pr\u00e1ticas operacionais e administrativas da corpora\u00e7\u00e3o. \u201cPara mim \u00e9 uma honra estar \u00e0 frente da institui\u00e7\u00e3o, composta por homens e mulheres abnegados, que v\u00eam dando o seu melhor \u00e0 popula\u00e7\u00e3o paraibana. Esse \u00e9 um momento de muita felicidade porque temos muito o que comemorar porque temos elevado o nome da PMPB, com a integra\u00e7\u00e3o de todas as for\u00e7as de Seguran\u00e7a\u201d, falou.\u00a0<\/p>\n<p><img loading=\"lazy\" decoding=\"async\" class=\" wp-image-915636 aligncenter\" src=\"http:\/\/www.pm.pb.gov.br\/portal\/wp-content\/uploads\/2023\/02\/WhatsApp-Image-2023-02-03-at-10.46.25-667x445.jpeg\" alt=\"\" width=\"567\" height=\"378\" srcset=\"https:\/\/www.pm.pb.gov.br\/portal\/wp-content\/uploads\/2023\/02\/WhatsApp-Image-2023-02-03-at-10.46.25-667x445.jpeg 667w, https:\/\/www.pm.pb.gov.br\/portal\/wp-content\/uploads\/2023\/02\/WhatsApp-Image-2023-02-03-at-10.46.25-854x570.jpeg 854w, https:\/\/www.pm.pb.gov.br\/portal\/wp-content\/uploads\/2023\/02\/WhatsApp-Image-2023-02-03-at-10.46.25-768x513.jpeg 768w, https:\/\/www.pm.pb.gov.br\/portal\/wp-content\/uploads\/2023\/02\/WhatsApp-Image-2023-02-03-at-10.46.25-1536x1025.jpeg 1536w, https:\/\/www.pm.pb.gov.br\/portal\/wp-content\/uploads\/2023\/02\/WhatsApp-Image-2023-02-03-at-10.46.25-272x182.jpeg 272w, https:\/\/www.pm.pb.gov.br\/portal\/wp-content\/uploads\/2023\/02\/WhatsApp-Image-2023-02-03-at-10.46.25.jpeg 1600w\" sizes=\"(max-width: 567px) 100vw, 567px\" \/><\/p>\n<p>O vice-governador Lucas Ribeiro; o presidente da Assembleia Legislativa, Adriano Galdino; o prefeito de Jo\u00e3o Pessoa, C\u00edcero Lucena; o vice-prefeito L\u00e9o Bezerra; os deputados estaduais Jutay Meneses, Wilson Filho, Danielle do Vale, Chico Mendes e Jo\u00e3o Gon\u00e7alves; o capit\u00e3o de fragata, Erijansen Maciel; a superintendente da Pol\u00edcia Rodovi\u00e1ria Federal da Para\u00edba, Keilla Melo; al\u00e9m de auxiliares da gest\u00e3o estadual, a exemplo do comandante-geral do Corpo de Bombeiros, Marcelo Ara\u00fajo; o secret\u00e1rio da Administra\u00e7\u00e3o Penitenci\u00e1ria, Jo\u00e3o Alves; o subcomandante da Pol\u00edcia Militar, coronel Ronildo de Souza; e o secret\u00e1rio chefe de governo, Roberto Paulino, estiveram presentes.<\/p>\n<p><img loading=\"lazy\" decoding=\"async\" class=\" wp-image-915637 aligncenter\" src=\"http:\/\/www.pm.pb.gov.br\/portal\/wp-content\/uploads\/2023\/02\/WhatsApp-Image-2023-02-03-at-10.46.11-667x445.jpeg\" alt=\"\" width=\"615\" height=\"410\" srcset=\"https:\/\/www.pm.pb.gov.br\/portal\/wp-content\/uploads\/2023\/02\/WhatsApp-Image-2023-02-03-at-10.46.11-667x445.jpeg 667w, https:\/\/www.pm.pb.gov.br\/portal\/wp-content\/uploads\/2023\/02\/WhatsApp-Image-2023-02-03-at-10.46.11-854x570.jpeg 854w, https:\/\/www.pm.pb.gov.br\/portal\/wp-content\/uploads\/2023\/02\/WhatsApp-Image-2023-02-03-at-10.46.11-768x513.jpeg 768w, https:\/\/www.pm.pb.gov.br\/portal\/wp-content\/uploads\/2023\/02\/WhatsApp-Image-2023-02-03-at-10.46.11-1536x1025.jpeg 1536w, https:\/\/www.pm.pb.gov.br\/portal\/wp-content\/uploads\/2023\/02\/WhatsApp-Image-2023-02-03-at-10.46.11-272x182.jpeg 272w, https:\/\/www.pm.pb.gov.br\/portal\/wp-content\/uploads\/2023\/02\/WhatsApp-Image-2023-02-03-at-10.46.11.jpeg 1600w\" sizes=\"(max-width: 615px) 100vw, 615px\" \/><\/p>\n<p>A Pol\u00edcia Militar da Para\u00edba foi criada em 3 de fevereiro de 1832, por meio de resolu\u00e7\u00e3o do ent\u00e3o presidente da prov\u00edncia da Parahyba do Norte, padre Galdino da Costa Vilar e \u00e9 a institui\u00e7\u00e3o mais antiga do estado.<\/p>\n<p><em>Texto: Secom \/ Fotos: Secom e Coord. de Comunica\u00e7\u00e3o da PMPB<\/em><\/p>\n\n\n","protected":false},"excerpt":{"rendered":"<p>O governador Jo\u00e3o Azev\u00eado prestigiou, nesta sexta-feira (3), a solenidade de comemora\u00e7\u00e3o dos 191 anos da Pol\u00edcia Militar da Para\u00edba<\/p>\n","protected":false},"author":12,"featured_media":915634,"comment_status":"closed","ping_status":"closed","sticky":false,"template":"","format":"standard","meta":{"_exactmetrics_skip_tracking":false,"_exactmetrics_sitenote_active":false,"_exactmetrics_sitenote_note":"","_exactmetrics_sitenote_category":0,"footnotes":""},"categories":[9,5],"tags":[],"yoast_head":"<!-- This site is optimized with the Yoast SEO plugin v22.0 - https:\/\/yoast.com\/wordpress\/plugins\/seo\/ -->\n<title>Governador Jo\u00e3o Azev\u00eado prestigia solenidade de comemora\u00e7\u00e3o dos 191 anos da Pol\u00edcia Militar e destaca resultados positivos na Seguran\u00e7a P\u00fablica - Pol\u00edcia Militar da Para\u00edba<\/title>\n<meta name=\"robots\" content=\"index, follow, max-snippet:-1, max-image-preview:large, max-video-preview:-1\" \/>\n<link rel=\"canonical\" href=\"https:\/\/www.pm.pb.gov.br\/portal\/2023\/02\/03\/governador-joao-azevedo-prestigia-solenidade-de-comemoracao-dos-191-anos-da-policia-militar-e-destaca-resultados-positivos-na-seguranca-publica\/\" \/>\n<meta property=\"og:locale\" content=\"pt_BR\" \/>\n<meta property=\"og:type\" content=\"article\" \/>\n<meta property=\"og:title\" content=\"Governador Jo\u00e3o Azev\u00eado prestigia solenidade de comemora\u00e7\u00e3o dos 191 anos da Pol\u00edcia Militar e destaca resultados positivos na Seguran\u00e7a P\u00fablica - Pol\u00edcia Militar da Para\u00edba\" \/>\n<meta property=\"og:description\" content=\"O governador Jo\u00e3o Azev\u00eado prestigiou, nesta sexta-feira (3), a solenidade de comemora\u00e7\u00e3o dos 191 anos da Pol\u00edcia Militar da Para\u00edba\" \/>\n<meta property=\"og:url\" content=\"https:\/\/www.pm.pb.gov.br\/portal\/2023\/02\/03\/governador-joao-azevedo-prestigia-solenidade-de-comemoracao-dos-191-anos-da-policia-militar-e-destaca-resultados-positivos-na-seguranca-publica\/\" \/>\n<meta property=\"og:site_name\" content=\"Pol\u00edcia Militar da Para\u00edba\" \/>\n<meta property=\"article:published_time\" content=\"2023-02-03T15:08:57+00:00\" \/>\n<meta property=\"article:modified_time\" content=\"2023-02-03T15:09:34+00:00\" \/>\n<meta property=\"og:image\" content=\"http:\/\/www.pm.pb.gov.br\/portal\/wp-content\/uploads\/2023\/02\/191anos.jpeg\" \/>\n\t<meta property=\"og:image:width\" content=\"800\" \/>\n\t<meta property=\"og:image:height\" content=\"445\" \/>\n\t<meta property=\"og:image:type\" content=\"image\/jpeg\" \/>\n<meta name=\"author\" content=\"Tarcisio Oliveira\" \/>\n<meta name=\"twitter:card\" content=\"summary_large_image\" \/>\n<meta name=\"twitter:label1\" content=\"Escrito por\" \/>\n\t<meta name=\"twitter:data1\" content=\"Tarcisio Oliveira\" \/>\n\t<meta name=\"twitter:label2\" content=\"Est. tempo de leitura\" \/>\n\t<meta name=\"twitter:data2\" content=\"4 minutos\" \/>\n<script type=\"application\/ld+json\" class=\"yoast-schema-graph\">{\"@context\":\"https:\/\/schema.org\",\"@graph\":[{\"@type\":\"Article\",\"@id\":\"https:\/\/www.pm.pb.gov.br\/portal\/2023\/02\/03\/governador-joao-azevedo-prestigia-solenidade-de-comemoracao-dos-191-anos-da-policia-militar-e-destaca-resultados-positivos-na-seguranca-publica\/#article\",\"isPartOf\":{\"@id\":\"https:\/\/www.pm.pb.gov.br\/portal\/2023\/02\/03\/governador-joao-azevedo-prestigia-solenidade-de-comemoracao-dos-191-anos-da-policia-militar-e-destaca-resultados-positivos-na-seguranca-publica\/\"},\"author\":{\"name\":\"Tarcisio Oliveira\",\"@id\":\"https:\/\/www.pm.pb.gov.br\/portal\/#\/schema\/person\/f84f56dcc78ce4357054da888b8247fd\"},\"headline\":\"Governador Jo\u00e3o Azev\u00eado prestigia solenidade de comemora\u00e7\u00e3o dos 191 anos da Pol\u00edcia Militar e destaca resultados positivos na Seguran\u00e7a P\u00fablica\",\"datePublished\":\"2023-02-03T15:08:57+00:00\",\"dateModified\":\"2023-02-03T15:09:34+00:00\",\"mainEntityOfPage\":{\"@id\":\"https:\/\/www.pm.pb.gov.br\/portal\/2023\/02\/03\/governador-joao-azevedo-prestigia-solenidade-de-comemoracao-dos-191-anos-da-policia-militar-e-destaca-resultados-positivos-na-seguranca-publica\/\"},\"wordCount\":586,\"publisher\":{\"@id\":\"https:\/\/www.pm.pb.gov.br\/portal\/#organization\"},\"articleSection\":[\"Eventos\",\"Homenagens\"],\"inLanguage\":\"pt-BR\"},{\"@type\":\"WebPage\",\"@id\":\"https:\/\/www.pm.pb.gov.br\/portal\/2023\/02\/03\/governador-joao-azevedo-prestigia-solenidade-de-comemoracao-dos-191-anos-da-policia-militar-e-destaca-resultados-positivos-na-seguranca-publica\/\",\"url\":\"https:\/\/www.pm.pb.gov.br\/portal\/2023\/02\/03\/governador-joao-azevedo-prestigia-solenidade-de-comemoracao-dos-191-anos-da-policia-militar-e-destaca-resultados-positivos-na-seguranca-publica\/\",\"name\":\"Governador Jo\u00e3o Azev\u00eado prestigia solenidade de comemora\u00e7\u00e3o dos 191 anos da Pol\u00edcia Militar e destaca resultados positivos na Seguran\u00e7a P\u00fablica - Pol\u00edcia Militar da Para\u00edba\",\"isPartOf\":{\"@id\":\"https:\/\/www.pm.pb.gov.br\/portal\/#website\"},\"datePublished\":\"2023-02-03T15:08:57+00:00\",\"dateModified\":\"2023-02-03T15:09:34+00:00\",\"breadcrumb\":{\"@id\":\"https:\/\/www.pm.pb.gov.br\/portal\/2023\/02\/03\/governador-joao-azevedo-prestigia-solenidade-de-comemoracao-dos-191-anos-da-policia-militar-e-destaca-resultados-positivos-na-seguranca-publica\/#breadcrumb\"},\"inLanguage\":\"pt-BR\",\"potentialAction\":[{\"@type\":\"ReadAction\",\"target\":[\"https:\/\/www.pm.pb.gov.br\/portal\/2023\/02\/03\/governador-joao-azevedo-prestigia-solenidade-de-comemoracao-dos-191-anos-da-policia-militar-e-destaca-resultados-positivos-na-seguranca-publica\/\"]}]},{\"@type\":\"BreadcrumbList\",\"@id\":\"https:\/\/www.pm.pb.gov.br\/portal\/2023\/02\/03\/governador-joao-azevedo-prestigia-solenidade-de-comemoracao-dos-191-anos-da-policia-militar-e-destaca-resultados-positivos-na-seguranca-publica\/#breadcrumb\",\"itemListElement\":[{\"@type\":\"ListItem\",\"position\":1,\"name\":\"In\u00edcio\",\"item\":\"https:\/\/www.pm.pb.gov.br\/portal\/\"},{\"@type\":\"ListItem\",\"position\":2,\"name\":\"Governador Jo\u00e3o Azev\u00eado prestigia solenidade de comemora\u00e7\u00e3o dos 191 anos da Pol\u00edcia Militar e destaca resultados positivos na Seguran\u00e7a P\u00fablica\"}]},{\"@type\":\"WebSite\",\"@id\":\"https:\/\/www.pm.pb.gov.br\/portal\/#website\",\"url\":\"https:\/\/www.pm.pb.gov.br\/portal\/\",\"name\":\"Pol\u00edcia Militar da Para\u00edba\",\"description\":\"\",\"publisher\":{\"@id\":\"https:\/\/www.pm.pb.gov.br\/portal\/#organization\"},\"potentialAction\":[{\"@type\":\"SearchAction\",\"target\":{\"@type\":\"EntryPoint\",\"urlTemplate\":\"https:\/\/www.pm.pb.gov.br\/portal\/?s={search_term_string}\"},\"query-input\":\"required name=search_term_string\"}],\"inLanguage\":\"pt-BR\"},{\"@type\":\"Organization\",\"@id\":\"https:\/\/www.pm.pb.gov.br\/portal\/#organization\",\"name\":\"Pol\u00edcia Militar da Para\u00edba\",\"url\":\"https:\/\/www.pm.pb.gov.br\/portal\/\",\"logo\":{\"@type\":\"ImageObject\",\"inLanguage\":\"pt-BR\",\"@id\":\"https:\/\/www.pm.pb.gov.br\/portal\/#\/schema\/logo\/image\/\",\"url\":\"https:\/\/www.pm.pb.gov.br\/portal\/wp-content\/uploads\/2025\/03\/cropped-logo-site-mag2-1.png\",\"contentUrl\":\"https:\/\/www.pm.pb.gov.br\/portal\/wp-content\/uploads\/2025\/03\/cropped-logo-site-mag2-1.png\",\"width\":320,\"height\":90,\"caption\":\"Pol\u00edcia Militar da Para\u00edba\"},\"image\":{\"@id\":\"https:\/\/www.pm.pb.gov.br\/portal\/#\/schema\/logo\/image\/\"}},{\"@type\":\"Person\",\"@id\":\"https:\/\/www.pm.pb.gov.br\/portal\/#\/schema\/person\/f84f56dcc78ce4357054da888b8247fd\",\"name\":\"Tarcisio Oliveira\",\"image\":{\"@type\":\"ImageObject\",\"inLanguage\":\"pt-BR\",\"@id\":\"https:\/\/www.pm.pb.gov.br\/portal\/#\/schema\/person\/image\/\",\"url\":\"https:\/\/secure.gravatar.com\/avatar\/72917b630b69d31cd0297507f34bac97?s=96&d=mm&r=g\",\"contentUrl\":\"https:\/\/secure.gravatar.com\/avatar\/72917b630b69d31cd0297507f34bac97?s=96&d=mm&r=g\",\"caption\":\"Tarcisio Oliveira\"},\"url\":\"https:\/\/www.pm.pb.gov.br\/portal\/author\/tarcisio\/\"}]}<\/script>\n<!-- \/ Yoast SEO plugin. -->","yoast_head_json":{"title":"Governador Jo\u00e3o Azev\u00eado prestigia solenidade de comemora\u00e7\u00e3o dos 191 anos da Pol\u00edcia Militar e destaca resultados positivos na Seguran\u00e7a P\u00fablica - Pol\u00edcia Militar da Para\u00edba","robots":{"index":"index","follow":"follow","max-snippet":"max-snippet:-1","max-image-preview":"max-image-preview:large","max-video-preview":"max-video-preview:-1"},"canonical":"https:\/\/www.pm.pb.gov.br\/portal\/2023\/02\/03\/governador-joao-azevedo-prestigia-solenidade-de-comemoracao-dos-191-anos-da-policia-militar-e-destaca-resultados-positivos-na-seguranca-publica\/","og_locale":"pt_BR","og_type":"article","og_title":"Governador Jo\u00e3o Azev\u00eado prestigia solenidade de comemora\u00e7\u00e3o dos 191 anos da Pol\u00edcia Militar e destaca resultados positivos na Seguran\u00e7a P\u00fablica - Pol\u00edcia Militar da Para\u00edba","og_description":"O governador Jo\u00e3o Azev\u00eado prestigiou, nesta sexta-feira (3), a solenidade de comemora\u00e7\u00e3o dos 191 anos da Pol\u00edcia Militar da Para\u00edba","og_url":"https:\/\/www.pm.pb.gov.br\/portal\/2023\/02\/03\/governador-joao-azevedo-prestigia-solenidade-de-comemoracao-dos-191-anos-da-policia-militar-e-destaca-resultados-positivos-na-seguranca-publica\/","og_site_name":"Pol\u00edcia Militar da Para\u00edba","article_published_time":"2023-02-03T15:08:57+00:00","article_modified_time":"2023-02-03T15:09:34+00:00","og_image":[{"width":800,"height":445,"url":"http:\/\/www.pm.pb.gov.br\/portal\/wp-content\/uploads\/2023\/02\/191anos.jpeg","type":"image\/jpeg"}],"author":"Tarcisio Oliveira","twitter_card":"summary_large_image","twitter_misc":{"Escrito por":"Tarcisio Oliveira","Est. tempo de leitura":"4 minutos"},"schema":{"@context":"https:\/\/schema.org","@graph":[{"@type":"Article","@id":"https:\/\/www.pm.pb.gov.br\/portal\/2023\/02\/03\/governador-joao-azevedo-prestigia-solenidade-de-comemoracao-dos-191-anos-da-policia-militar-e-destaca-resultados-positivos-na-seguranca-publica\/#article","isPartOf":{"@id":"https:\/\/www.pm.pb.gov.br\/portal\/2023\/02\/03\/governador-joao-azevedo-prestigia-solenidade-de-comemoracao-dos-191-anos-da-policia-militar-e-destaca-resultados-positivos-na-seguranca-publica\/"},"author":{"name":"Tarcisio Oliveira","@id":"https:\/\/www.pm.pb.gov.br\/portal\/#\/schema\/person\/f84f56dcc78ce4357054da888b8247fd"},"headline":"Governador Jo\u00e3o Azev\u00eado prestigia solenidade de comemora\u00e7\u00e3o dos 191 anos da Pol\u00edcia Militar e destaca resultados positivos na Seguran\u00e7a P\u00fablica","datePublished":"2023-02-03T15:08:57+00:00","dateModified":"2023-02-03T15:09:34+00:00","mainEntityOfPage":{"@id":"https:\/\/www.pm.pb.gov.br\/portal\/2023\/02\/03\/governador-joao-azevedo-prestigia-solenidade-de-comemoracao-dos-191-anos-da-policia-militar-e-destaca-resultados-positivos-na-seguranca-publica\/"},"wordCount":586,"publisher":{"@id":"https:\/\/www.pm.pb.gov.br\/portal\/#organization"},"articleSection":["Eventos","Homenagens"],"inLanguage":"pt-BR"},{"@type":"WebPage","@id":"https:\/\/www.pm.pb.gov.br\/portal\/2023\/02\/03\/governador-joao-azevedo-prestigia-solenidade-de-comemoracao-dos-191-anos-da-policia-militar-e-destaca-resultados-positivos-na-seguranca-publica\/","url":"https:\/\/www.pm.pb.gov.br\/portal\/2023\/02\/03\/governador-joao-azevedo-prestigia-solenidade-de-comemoracao-dos-191-anos-da-policia-militar-e-destaca-resultados-positivos-na-seguranca-publica\/","name":"Governador Jo\u00e3o Azev\u00eado prestigia solenidade de comemora\u00e7\u00e3o dos 191 anos da Pol\u00edcia Militar e destaca resultados positivos na Seguran\u00e7a P\u00fablica - Pol\u00edcia Militar da Para\u00edba","isPartOf":{"@id":"https:\/\/www.pm.pb.gov.br\/portal\/#website"},"datePublished":"2023-02-03T15:08:57+00:00","dateModified":"2023-02-03T15:09:34+00:00","breadcrumb":{"@id":"https:\/\/www.pm.pb.gov.br\/portal\/2023\/02\/03\/governador-joao-azevedo-prestigia-solenidade-de-comemoracao-dos-191-anos-da-policia-militar-e-destaca-resultados-positivos-na-seguranca-publica\/#breadcrumb"},"inLanguage":"pt-BR","potentialAction":[{"@type":"ReadAction","target":["https:\/\/www.pm.pb.gov.br\/portal\/2023\/02\/03\/governador-joao-azevedo-prestigia-solenidade-de-comemoracao-dos-191-anos-da-policia-militar-e-destaca-resultados-positivos-na-seguranca-publica\/"]}]},{"@type":"BreadcrumbList","@id":"https:\/\/www.pm.pb.gov.br\/portal\/2023\/02\/03\/governador-joao-azevedo-prestigia-solenidade-de-comemoracao-dos-191-anos-da-policia-militar-e-destaca-resultados-positivos-na-seguranca-publica\/#breadcrumb","itemListElement":[{"@type":"ListItem","position":1,"name":"In\u00edcio","item":"https:\/\/www.pm.pb.gov.br\/portal\/"},{"@type":"ListItem","position":2,"name":"Governador Jo\u00e3o Azev\u00eado prestigia solenidade de comemora\u00e7\u00e3o dos 191 anos da Pol\u00edcia Militar e destaca resultados positivos na Seguran\u00e7a P\u00fablica"}]},{"@type":"WebSite","@id":"https:\/\/www.pm.pb.gov.br\/portal\/#website","url":"https:\/\/www.pm.pb.gov.br\/portal\/","name":"Pol\u00edcia Militar da Para\u00edba","description":"","publisher":{"@id":"https:\/\/www.pm.pb.gov.br\/portal\/#organization"},"potentialAction":[{"@type":"SearchAction","target":{"@type":"EntryPoint","urlTemplate":"https:\/\/www.pm.pb.gov.br\/portal\/?s={search_term_string}"},"query-input":"required name=search_term_string"}],"inLanguage":"pt-BR"},{"@type":"Organization","@id":"https:\/\/www.pm.pb.gov.br\/portal\/#organization","name":"Pol\u00edcia Militar da Para\u00edba","url":"https:\/\/www.pm.pb.gov.br\/portal\/","logo":{"@type":"ImageObject","inLanguage":"pt-BR","@id":"https:\/\/www.pm.pb.gov.br\/portal\/#\/schema\/logo\/image\/","url":"https:\/\/www.pm.pb.gov.br\/portal\/wp-content\/uploads\/2025\/03\/cropped-logo-site-mag2-1.png","contentUrl":"https:\/\/www.pm.pb.gov.br\/portal\/wp-content\/uploads\/2025\/03\/cropped-logo-site-mag2-1.png","width":320,"height":90,"caption":"Pol\u00edcia Militar da Para\u00edba"},"image":{"@id":"https:\/\/www.pm.pb.gov.br\/portal\/#\/schema\/logo\/image\/"}},{"@type":"Person","@id":"https:\/\/www.pm.pb.gov.br\/portal\/#\/schema\/person\/f84f56dcc78ce4357054da888b8247fd","name":"Tarcisio Oliveira","image":{"@type":"ImageObject","inLanguage":"pt-BR","@id":"https:\/\/www.pm.pb.gov.br\/portal\/#\/schema\/person\/image\/","url":"https:\/\/secure.gravatar.com\/avatar\/72917b630b69d31cd0297507f34bac97?s=96&d=mm&r=g","contentUrl":"https:\/\/secure.gravatar.com\/avatar\/72917b630b69d31cd0297507f34bac97?s=96&d=mm&r=g","caption":"Tarcisio Oliveira"},"url":"https:\/\/www.pm.pb.gov.br\/portal\/author\/tarcisio\/"}]}},"_links":{"self":[{"href":"https:\/\/www.pm.pb.gov.br\/portal\/wp-json\/wp\/v2\/posts\/915633"}],"collection":[{"href":"https:\/\/www.pm.pb.gov.br\/portal\/wp-json\/wp\/v2\/posts"}],"about":[{"href":"https:\/\/www.pm.pb.gov.br\/portal\/wp-json\/wp\/v2\/types\/post"}],"author":[{"embeddable":true,"href":"https:\/\/www.pm.pb.gov.br\/portal\/wp-json\/wp\/v2\/users\/12"}],"replies":[{"embeddable":true,"href":"https:\/\/www.pm.pb.gov.br\/portal\/wp-json\/wp\/v2\/comments?post=915633"}],"version-history":[{"count":3,"href":"https:\/\/www.pm.pb.gov.br\/portal\/wp-json\/wp\/v2\/posts\/915633\/revisions"}],"predecessor-version":[{"id":915640,"href":"https:\/\/www.pm.pb.gov.br\/portal\/wp-json\/wp\/v2\/posts\/915633\/revisions\/915640"}],"wp:featuredmedia":[{"embeddable":true,"href":"https:\/\/www.pm.pb.gov.br\/portal\/wp-json\/wp\/v2\/media\/915634"}],"wp:attachment":[{"href":"https:\/\/www.pm.pb.gov.br\/portal\/wp-json\/wp\/v2\/media?parent=915633"}],"wp:term":[{"taxonomy":"category","embeddable":true,"href":"https:\/\/www.pm.pb.gov.br\/portal\/wp-json\/wp\/v2\/categories?post=915633"},{"taxonomy":"post_tag","embeddable":true,"href":"https:\/\/www.pm.pb.gov.br\/portal\/wp-json\/wp\/v2\/tags?post=915633"}],"curies":[{"name":"wp","href":"https:\/\/api.w.org\/{rel}","templated":true}]}}