{"id":915607,"date":"2023-01-30T15:53:48","date_gmt":"2023-01-30T18:53:48","guid":{"rendered":"https:\/\/www.pm.pb.gov.br\/portal\/?p=915607"},"modified":"2023-01-30T15:53:54","modified_gmt":"2023-01-30T18:53:54","slug":"novo-curso-capacita-oficiais-e-pracas-da-pmpb-para-nova-lei-de-licitacoes","status":"publish","type":"post","link":"https:\/\/www.pm.pb.gov.br\/portal\/2023\/01\/30\/novo-curso-capacita-oficiais-e-pracas-da-pmpb-para-nova-lei-de-licitacoes\/","title":{"rendered":"Novo curso capacita oficiais e pra\u00e7as da PMPB para nova Lei de Licita\u00e7\u00f5es"},"content":{"rendered":"\n<p>O m\u00eas de janeiro termina com capacita\u00e7\u00e3o de policiais militares e fortalecimento das atividades administrativas da institui\u00e7\u00e3o. Nesta segunda-feira (30), a Pol\u00edcia Militar, em parceria com a Escola de Servi\u00e7o P\u00fablico do Estado da Para\u00edba (ESPEP), iniciou o curso \u201cNova Lei de Licita\u00e7\u00f5es\u201d, com 30 horas-aulas, e atividades pedag\u00f3gicas presenciais (foto acima da atividade no audit\u00f3rio do Quartel do Comando-Geral).<\/p>\n<p>O curso visa capacitar os profissionais acerca das normas constantes na Lei n\u00ba 14.133\/21, novo dispositivo legal que versa sobre licita\u00e7\u00f5es e contratos da Administra\u00e7\u00e3o P\u00fablica, bem como a import\u00e2ncia do planejamento como ponto inicial para os processos de aquisi\u00e7\u00e3o de bens e servi\u00e7os.<\/p>\n<p>A atividade tem como p\u00fablico-alvo os policiais militares da regi\u00e3o metropolitana de Jo\u00e3o Pessoa, lotados em unidades operacionais e administrativas, mas deve atingir tamb\u00e9m os Comandos Regionais do interior, nos meses seguintes. No \u00faltimo m\u00eas de dezembro, policiais j\u00e1 foram alcan\u00e7ados pelo curso, ficando aptos a atuarem na gest\u00e3o de licita\u00e7\u00f5es e contrata\u00e7\u00f5es de bens e servi\u00e7os para a corpora\u00e7\u00e3o.<\/p>\n<p>A nova lei das licita\u00e7\u00f5es passa a vigorar integralmente no pr\u00f3ximo m\u00eas de abril.<\/p>\n\n\n","protected":false},"excerpt":{"rendered":"<p>O m\u00eas de janeiro termina com capacita\u00e7\u00e3o de policiais militares e fortalecimento das atividades administrativas da institui\u00e7\u00e3o. Nesta segunda-feira (30),<\/p>\n","protected":false},"author":12,"featured_media":915609,"comment_status":"closed","ping_status":"closed","sticky":false,"template":"","format":"standard","meta":{"_exactmetrics_skip_tracking":false,"_exactmetrics_sitenote_active":false,"_exactmetrics_sitenote_note":"","_exactmetrics_sitenote_category":0,"footnotes":""},"categories":[6],"tags":[],"yoast_head":"<!-- This site is optimized with the Yoast SEO plugin v22.0 - https:\/\/yoast.com\/wordpress\/plugins\/seo\/ -->\n<title>Novo curso capacita oficiais e pra\u00e7as da PMPB para nova Lei de Licita\u00e7\u00f5es - Pol\u00edcia Militar da Para\u00edba<\/title>\n<meta name=\"robots\" content=\"index, follow, max-snippet:-1, max-image-preview:large, max-video-preview:-1\" \/>\n<link rel=\"canonical\" href=\"https:\/\/www.pm.pb.gov.br\/portal\/2023\/01\/30\/novo-curso-capacita-oficiais-e-pracas-da-pmpb-para-nova-lei-de-licitacoes\/\" \/>\n<meta property=\"og:locale\" content=\"pt_BR\" \/>\n<meta property=\"og:type\" content=\"article\" \/>\n<meta property=\"og:title\" content=\"Novo curso capacita oficiais e pra\u00e7as da PMPB para nova Lei de Licita\u00e7\u00f5es - Pol\u00edcia Militar da Para\u00edba\" \/>\n<meta property=\"og:description\" content=\"O m\u00eas de janeiro termina com capacita\u00e7\u00e3o de policiais militares e fortalecimento das atividades administrativas da institui\u00e7\u00e3o. Nesta segunda-feira (30),\" \/>\n<meta property=\"og:url\" content=\"https:\/\/www.pm.pb.gov.br\/portal\/2023\/01\/30\/novo-curso-capacita-oficiais-e-pracas-da-pmpb-para-nova-lei-de-licitacoes\/\" \/>\n<meta property=\"og:site_name\" content=\"Pol\u00edcia Militar da Para\u00edba\" \/>\n<meta property=\"article:published_time\" content=\"2023-01-30T18:53:48+00:00\" \/>\n<meta property=\"article:modified_time\" content=\"2023-01-30T18:53:54+00:00\" \/>\n<meta property=\"og:image\" content=\"http:\/\/www.pm.pb.gov.br\/portal\/wp-content\/uploads\/2023\/01\/WhatsApp-Image-2023-01-30-at-14.46.18.jpeg\" \/>\n\t<meta property=\"og:image:width\" content=\"800\" \/>\n\t<meta property=\"og:image:height\" content=\"445\" \/>\n\t<meta property=\"og:image:type\" content=\"image\/jpeg\" \/>\n<meta name=\"author\" content=\"Tarcisio Oliveira\" \/>\n<meta name=\"twitter:card\" content=\"summary_large_image\" \/>\n<meta name=\"twitter:label1\" content=\"Escrito por\" \/>\n\t<meta name=\"twitter:data1\" content=\"Tarcisio Oliveira\" \/>\n\t<meta name=\"twitter:label2\" content=\"Est. tempo de leitura\" \/>\n\t<meta name=\"twitter:data2\" content=\"1 minuto\" \/>\n<script type=\"application\/ld+json\" class=\"yoast-schema-graph\">{\"@context\":\"https:\/\/schema.org\",\"@graph\":[{\"@type\":\"Article\",\"@id\":\"https:\/\/www.pm.pb.gov.br\/portal\/2023\/01\/30\/novo-curso-capacita-oficiais-e-pracas-da-pmpb-para-nova-lei-de-licitacoes\/#article\",\"isPartOf\":{\"@id\":\"https:\/\/www.pm.pb.gov.br\/portal\/2023\/01\/30\/novo-curso-capacita-oficiais-e-pracas-da-pmpb-para-nova-lei-de-licitacoes\/\"},\"author\":{\"name\":\"Tarcisio Oliveira\",\"@id\":\"https:\/\/www.pm.pb.gov.br\/portal\/#\/schema\/person\/f84f56dcc78ce4357054da888b8247fd\"},\"headline\":\"Novo curso capacita oficiais e pra\u00e7as da PMPB para nova Lei de Licita\u00e7\u00f5es\",\"datePublished\":\"2023-01-30T18:53:48+00:00\",\"dateModified\":\"2023-01-30T18:53:54+00:00\",\"mainEntityOfPage\":{\"@id\":\"https:\/\/www.pm.pb.gov.br\/portal\/2023\/01\/30\/novo-curso-capacita-oficiais-e-pracas-da-pmpb-para-nova-lei-de-licitacoes\/\"},\"wordCount\":220,\"publisher\":{\"@id\":\"https:\/\/www.pm.pb.gov.br\/portal\/#organization\"},\"articleSection\":[\"Cursos\"],\"inLanguage\":\"pt-BR\"},{\"@type\":\"WebPage\",\"@id\":\"https:\/\/www.pm.pb.gov.br\/portal\/2023\/01\/30\/novo-curso-capacita-oficiais-e-pracas-da-pmpb-para-nova-lei-de-licitacoes\/\",\"url\":\"https:\/\/www.pm.pb.gov.br\/portal\/2023\/01\/30\/novo-curso-capacita-oficiais-e-pracas-da-pmpb-para-nova-lei-de-licitacoes\/\",\"name\":\"Novo curso capacita oficiais e pra\u00e7as da PMPB para nova Lei de Licita\u00e7\u00f5es - Pol\u00edcia Militar da Para\u00edba\",\"isPartOf\":{\"@id\":\"https:\/\/www.pm.pb.gov.br\/portal\/#website\"},\"datePublished\":\"2023-01-30T18:53:48+00:00\",\"dateModified\":\"2023-01-30T18:53:54+00:00\",\"breadcrumb\":{\"@id\":\"https:\/\/www.pm.pb.gov.br\/portal\/2023\/01\/30\/novo-curso-capacita-oficiais-e-pracas-da-pmpb-para-nova-lei-de-licitacoes\/#breadcrumb\"},\"inLanguage\":\"pt-BR\",\"potentialAction\":[{\"@type\":\"ReadAction\",\"target\":[\"https:\/\/www.pm.pb.gov.br\/portal\/2023\/01\/30\/novo-curso-capacita-oficiais-e-pracas-da-pmpb-para-nova-lei-de-licitacoes\/\"]}]},{\"@type\":\"BreadcrumbList\",\"@id\":\"https:\/\/www.pm.pb.gov.br\/portal\/2023\/01\/30\/novo-curso-capacita-oficiais-e-pracas-da-pmpb-para-nova-lei-de-licitacoes\/#breadcrumb\",\"itemListElement\":[{\"@type\":\"ListItem\",\"position\":1,\"name\":\"In\u00edcio\",\"item\":\"https:\/\/www.pm.pb.gov.br\/portal\/\"},{\"@type\":\"ListItem\",\"position\":2,\"name\":\"Novo curso capacita oficiais e pra\u00e7as da PMPB para nova Lei de Licita\u00e7\u00f5es\"}]},{\"@type\":\"WebSite\",\"@id\":\"https:\/\/www.pm.pb.gov.br\/portal\/#website\",\"url\":\"https:\/\/www.pm.pb.gov.br\/portal\/\",\"name\":\"Pol\u00edcia Militar da Para\u00edba\",\"description\":\"\",\"publisher\":{\"@id\":\"https:\/\/www.pm.pb.gov.br\/portal\/#organization\"},\"potentialAction\":[{\"@type\":\"SearchAction\",\"target\":{\"@type\":\"EntryPoint\",\"urlTemplate\":\"https:\/\/www.pm.pb.gov.br\/portal\/?s={search_term_string}\"},\"query-input\":\"required name=search_term_string\"}],\"inLanguage\":\"pt-BR\"},{\"@type\":\"Organization\",\"@id\":\"https:\/\/www.pm.pb.gov.br\/portal\/#organization\",\"name\":\"Pol\u00edcia Militar da Para\u00edba\",\"url\":\"https:\/\/www.pm.pb.gov.br\/portal\/\",\"logo\":{\"@type\":\"ImageObject\",\"inLanguage\":\"pt-BR\",\"@id\":\"https:\/\/www.pm.pb.gov.br\/portal\/#\/schema\/logo\/image\/\",\"url\":\"https:\/\/www.pm.pb.gov.br\/portal\/wp-content\/uploads\/2025\/03\/cropped-logo-site-mag2-1.png\",\"contentUrl\":\"https:\/\/www.pm.pb.gov.br\/portal\/wp-content\/uploads\/2025\/03\/cropped-logo-site-mag2-1.png\",\"width\":320,\"height\":90,\"caption\":\"Pol\u00edcia Militar da Para\u00edba\"},\"image\":{\"@id\":\"https:\/\/www.pm.pb.gov.br\/portal\/#\/schema\/logo\/image\/\"}},{\"@type\":\"Person\",\"@id\":\"https:\/\/www.pm.pb.gov.br\/portal\/#\/schema\/person\/f84f56dcc78ce4357054da888b8247fd\",\"name\":\"Tarcisio Oliveira\",\"image\":{\"@type\":\"ImageObject\",\"inLanguage\":\"pt-BR\",\"@id\":\"https:\/\/www.pm.pb.gov.br\/portal\/#\/schema\/person\/image\/\",\"url\":\"https:\/\/secure.gravatar.com\/avatar\/72917b630b69d31cd0297507f34bac97?s=96&d=mm&r=g\",\"contentUrl\":\"https:\/\/secure.gravatar.com\/avatar\/72917b630b69d31cd0297507f34bac97?s=96&d=mm&r=g\",\"caption\":\"Tarcisio Oliveira\"},\"url\":\"https:\/\/www.pm.pb.gov.br\/portal\/author\/tarcisio\/\"}]}<\/script>\n<!-- \/ Yoast SEO plugin. -->","yoast_head_json":{"title":"Novo curso capacita oficiais e pra\u00e7as da PMPB para nova Lei de Licita\u00e7\u00f5es - Pol\u00edcia Militar da Para\u00edba","robots":{"index":"index","follow":"follow","max-snippet":"max-snippet:-1","max-image-preview":"max-image-preview:large","max-video-preview":"max-video-preview:-1"},"canonical":"https:\/\/www.pm.pb.gov.br\/portal\/2023\/01\/30\/novo-curso-capacita-oficiais-e-pracas-da-pmpb-para-nova-lei-de-licitacoes\/","og_locale":"pt_BR","og_type":"article","og_title":"Novo curso capacita oficiais e pra\u00e7as da PMPB para nova Lei de Licita\u00e7\u00f5es - Pol\u00edcia Militar da Para\u00edba","og_description":"O m\u00eas de janeiro termina com capacita\u00e7\u00e3o de policiais militares e fortalecimento das atividades administrativas da institui\u00e7\u00e3o. Nesta segunda-feira (30),","og_url":"https:\/\/www.pm.pb.gov.br\/portal\/2023\/01\/30\/novo-curso-capacita-oficiais-e-pracas-da-pmpb-para-nova-lei-de-licitacoes\/","og_site_name":"Pol\u00edcia Militar da Para\u00edba","article_published_time":"2023-01-30T18:53:48+00:00","article_modified_time":"2023-01-30T18:53:54+00:00","og_image":[{"width":800,"height":445,"url":"http:\/\/www.pm.pb.gov.br\/portal\/wp-content\/uploads\/2023\/01\/WhatsApp-Image-2023-01-30-at-14.46.18.jpeg","type":"image\/jpeg"}],"author":"Tarcisio Oliveira","twitter_card":"summary_large_image","twitter_misc":{"Escrito por":"Tarcisio Oliveira","Est. tempo de leitura":"1 minuto"},"schema":{"@context":"https:\/\/schema.org","@graph":[{"@type":"Article","@id":"https:\/\/www.pm.pb.gov.br\/portal\/2023\/01\/30\/novo-curso-capacita-oficiais-e-pracas-da-pmpb-para-nova-lei-de-licitacoes\/#article","isPartOf":{"@id":"https:\/\/www.pm.pb.gov.br\/portal\/2023\/01\/30\/novo-curso-capacita-oficiais-e-pracas-da-pmpb-para-nova-lei-de-licitacoes\/"},"author":{"name":"Tarcisio Oliveira","@id":"https:\/\/www.pm.pb.gov.br\/portal\/#\/schema\/person\/f84f56dcc78ce4357054da888b8247fd"},"headline":"Novo curso capacita oficiais e pra\u00e7as da PMPB para nova Lei de Licita\u00e7\u00f5es","datePublished":"2023-01-30T18:53:48+00:00","dateModified":"2023-01-30T18:53:54+00:00","mainEntityOfPage":{"@id":"https:\/\/www.pm.pb.gov.br\/portal\/2023\/01\/30\/novo-curso-capacita-oficiais-e-pracas-da-pmpb-para-nova-lei-de-licitacoes\/"},"wordCount":220,"publisher":{"@id":"https:\/\/www.pm.pb.gov.br\/portal\/#organization"},"articleSection":["Cursos"],"inLanguage":"pt-BR"},{"@type":"WebPage","@id":"https:\/\/www.pm.pb.gov.br\/portal\/2023\/01\/30\/novo-curso-capacita-oficiais-e-pracas-da-pmpb-para-nova-lei-de-licitacoes\/","url":"https:\/\/www.pm.pb.gov.br\/portal\/2023\/01\/30\/novo-curso-capacita-oficiais-e-pracas-da-pmpb-para-nova-lei-de-licitacoes\/","name":"Novo curso capacita oficiais e pra\u00e7as da PMPB para nova Lei de Licita\u00e7\u00f5es - Pol\u00edcia Militar da Para\u00edba","isPartOf":{"@id":"https:\/\/www.pm.pb.gov.br\/portal\/#website"},"datePublished":"2023-01-30T18:53:48+00:00","dateModified":"2023-01-30T18:53:54+00:00","breadcrumb":{"@id":"https:\/\/www.pm.pb.gov.br\/portal\/2023\/01\/30\/novo-curso-capacita-oficiais-e-pracas-da-pmpb-para-nova-lei-de-licitacoes\/#breadcrumb"},"inLanguage":"pt-BR","potentialAction":[{"@type":"ReadAction","target":["https:\/\/www.pm.pb.gov.br\/portal\/2023\/01\/30\/novo-curso-capacita-oficiais-e-pracas-da-pmpb-para-nova-lei-de-licitacoes\/"]}]},{"@type":"BreadcrumbList","@id":"https:\/\/www.pm.pb.gov.br\/portal\/2023\/01\/30\/novo-curso-capacita-oficiais-e-pracas-da-pmpb-para-nova-lei-de-licitacoes\/#breadcrumb","itemListElement":[{"@type":"ListItem","position":1,"name":"In\u00edcio","item":"https:\/\/www.pm.pb.gov.br\/portal\/"},{"@type":"ListItem","position":2,"name":"Novo curso capacita oficiais e pra\u00e7as da PMPB para nova Lei de Licita\u00e7\u00f5es"}]},{"@type":"WebSite","@id":"https:\/\/www.pm.pb.gov.br\/portal\/#website","url":"https:\/\/www.pm.pb.gov.br\/portal\/","name":"Pol\u00edcia Militar da Para\u00edba","description":"","publisher":{"@id":"https:\/\/www.pm.pb.gov.br\/portal\/#organization"},"potentialAction":[{"@type":"SearchAction","target":{"@type":"EntryPoint","urlTemplate":"https:\/\/www.pm.pb.gov.br\/portal\/?s={search_term_string}"},"query-input":"required name=search_term_string"}],"inLanguage":"pt-BR"},{"@type":"Organization","@id":"https:\/\/www.pm.pb.gov.br\/portal\/#organization","name":"Pol\u00edcia Militar da Para\u00edba","url":"https:\/\/www.pm.pb.gov.br\/portal\/","logo":{"@type":"ImageObject","inLanguage":"pt-BR","@id":"https:\/\/www.pm.pb.gov.br\/portal\/#\/schema\/logo\/image\/","url":"https:\/\/www.pm.pb.gov.br\/portal\/wp-content\/uploads\/2025\/03\/cropped-logo-site-mag2-1.png","contentUrl":"https:\/\/www.pm.pb.gov.br\/portal\/wp-content\/uploads\/2025\/03\/cropped-logo-site-mag2-1.png","width":320,"height":90,"caption":"Pol\u00edcia Militar da Para\u00edba"},"image":{"@id":"https:\/\/www.pm.pb.gov.br\/portal\/#\/schema\/logo\/image\/"}},{"@type":"Person","@id":"https:\/\/www.pm.pb.gov.br\/portal\/#\/schema\/person\/f84f56dcc78ce4357054da888b8247fd","name":"Tarcisio Oliveira","image":{"@type":"ImageObject","inLanguage":"pt-BR","@id":"https:\/\/www.pm.pb.gov.br\/portal\/#\/schema\/person\/image\/","url":"https:\/\/secure.gravatar.com\/avatar\/72917b630b69d31cd0297507f34bac97?s=96&d=mm&r=g","contentUrl":"https:\/\/secure.gravatar.com\/avatar\/72917b630b69d31cd0297507f34bac97?s=96&d=mm&r=g","caption":"Tarcisio Oliveira"},"url":"https:\/\/www.pm.pb.gov.br\/portal\/author\/tarcisio\/"}]}},"_links":{"self":[{"href":"https:\/\/www.pm.pb.gov.br\/portal\/wp-json\/wp\/v2\/posts\/915607"}],"collection":[{"href":"https:\/\/www.pm.pb.gov.br\/portal\/wp-json\/wp\/v2\/posts"}],"about":[{"href":"https:\/\/www.pm.pb.gov.br\/portal\/wp-json\/wp\/v2\/types\/post"}],"author":[{"embeddable":true,"href":"https:\/\/www.pm.pb.gov.br\/portal\/wp-json\/wp\/v2\/users\/12"}],"replies":[{"embeddable":true,"href":"https:\/\/www.pm.pb.gov.br\/portal\/wp-json\/wp\/v2\/comments?post=915607"}],"version-history":[{"count":2,"href":"https:\/\/www.pm.pb.gov.br\/portal\/wp-json\/wp\/v2\/posts\/915607\/revisions"}],"predecessor-version":[{"id":915610,"href":"https:\/\/www.pm.pb.gov.br\/portal\/wp-json\/wp\/v2\/posts\/915607\/revisions\/915610"}],"wp:featuredmedia":[{"embeddable":true,"href":"https:\/\/www.pm.pb.gov.br\/portal\/wp-json\/wp\/v2\/media\/915609"}],"wp:attachment":[{"href":"https:\/\/www.pm.pb.gov.br\/portal\/wp-json\/wp\/v2\/media?parent=915607"}],"wp:term":[{"taxonomy":"category","embeddable":true,"href":"https:\/\/www.pm.pb.gov.br\/portal\/wp-json\/wp\/v2\/categories?post=915607"},{"taxonomy":"post_tag","embeddable":true,"href":"https:\/\/www.pm.pb.gov.br\/portal\/wp-json\/wp\/v2\/tags?post=915607"}],"curies":[{"name":"wp","href":"https:\/\/api.w.org\/{rel}","templated":true}]}}