{"id":915602,"date":"2023-01-29T12:00:24","date_gmt":"2023-01-29T15:00:24","guid":{"rendered":"https:\/\/www.pm.pb.gov.br\/portal\/?p=915602"},"modified":"2023-01-29T12:00:27","modified_gmt":"2023-01-29T15:00:27","slug":"policia-militar-intensifica-acoes-e-apreende-armas-de-fogo-na-regiao-metropolitana-da-capital","status":"publish","type":"post","link":"https:\/\/www.pm.pb.gov.br\/portal\/2023\/01\/29\/policia-militar-intensifica-acoes-e-apreende-armas-de-fogo-na-regiao-metropolitana-da-capital\/","title":{"rendered":"<strong>Pol\u00edcia Militar intensifica a\u00e7\u00f5es e apreende armas de fogo na regi\u00e3o metropolitana da Capital<\/strong>"},"content":{"rendered":"\n\n\n<p>A Pol\u00edcia Militar vem intensificando as a\u00e7\u00f5es de policiamento durante o fim de semana em todo Estado. Na noite desse s\u00e1bado (28), foram apreendidas duas armas de fogo, uma em Jo\u00e3o Pessoa-PB e outra em Santa Rita-PB.<\/p>\n<p>Em Jo\u00e3o Pessoa, os policiais militares do 5\u00b0 BPM estavam em rondas no bairro do Jos\u00e9 Am\u00e9rico, quando visualizaram um homem em atitude suspeita. Na abordagem, foi encontrada uma pistola, calibre 380, com muni\u00e7\u00f5es intactas. O suspeito, de 41 anos, foi preso por porte ilegal de armas.<\/p>\n<p>Em Santa Rita, os policiais da For\u00e7a T\u00e1tica do 7\u00ba BPM estavam em rondas no bairro Alto das Populares quando visualizaram dois suspeitos em uma motocicleta. Na aproxima\u00e7\u00e3o, os suspeitos tentaram fugir, mas sem \u00eaxito. Na abordagem, foi encontrada uma pistola 765, com muni\u00e7\u00f5es intactas.\u00a0 Durante a averigua\u00e7\u00e3o dos suspeitos, de 22 e 25 anos, foi constatado que havia um mandado de pris\u00e3o contra um deles, com expedi\u00e7\u00e3o desde 2019 pela 3\u00aa Vara Regional de Execu\u00e7\u00e3o Penal da Comarca do munic\u00edpio de Caruaru-PE.<\/p>\n<p>Todos os suspeitos, e as armas apreendidas, foram conduzidos \u00e0s Delegacias de Pol\u00edcia Civil, para os demais procedimentos.<\/p>\n","protected":false},"excerpt":{"rendered":"<p>A Pol\u00edcia Militar vem intensificando as a\u00e7\u00f5es de policiamento durante o fim de semana em todo Estado. Na noite desse<\/p>\n","protected":false},"author":5,"featured_media":915603,"comment_status":"closed","ping_status":"closed","sticky":false,"template":"","format":"standard","meta":{"_exactmetrics_skip_tracking":false,"_exactmetrics_sitenote_active":false,"_exactmetrics_sitenote_note":"","_exactmetrics_sitenote_category":0,"footnotes":""},"categories":[4],"tags":[],"yoast_head":"<!-- This site is optimized with the Yoast SEO plugin v22.0 - https:\/\/yoast.com\/wordpress\/plugins\/seo\/ -->\n<title>Pol\u00edcia Militar intensifica a\u00e7\u00f5es e apreende armas de fogo na regi\u00e3o metropolitana da Capital - Pol\u00edcia Militar da Para\u00edba<\/title>\n<meta name=\"robots\" content=\"index, follow, max-snippet:-1, max-image-preview:large, max-video-preview:-1\" \/>\n<link rel=\"canonical\" href=\"https:\/\/www.pm.pb.gov.br\/portal\/2023\/01\/29\/policia-militar-intensifica-acoes-e-apreende-armas-de-fogo-na-regiao-metropolitana-da-capital\/\" \/>\n<meta property=\"og:locale\" content=\"pt_BR\" \/>\n<meta property=\"og:type\" content=\"article\" \/>\n<meta property=\"og:title\" content=\"Pol\u00edcia Militar intensifica a\u00e7\u00f5es e apreende armas de fogo na regi\u00e3o metropolitana da Capital - Pol\u00edcia Militar da Para\u00edba\" \/>\n<meta property=\"og:description\" content=\"A Pol\u00edcia Militar vem intensificando as a\u00e7\u00f5es de policiamento durante o fim de semana em todo Estado. Na noite desse\" \/>\n<meta property=\"og:url\" content=\"https:\/\/www.pm.pb.gov.br\/portal\/2023\/01\/29\/policia-militar-intensifica-acoes-e-apreende-armas-de-fogo-na-regiao-metropolitana-da-capital\/\" \/>\n<meta property=\"og:site_name\" content=\"Pol\u00edcia Militar da Para\u00edba\" \/>\n<meta property=\"article:published_time\" content=\"2023-01-29T15:00:24+00:00\" \/>\n<meta property=\"article:modified_time\" content=\"2023-01-29T15:00:27+00:00\" \/>\n<meta property=\"og:image\" content=\"http:\/\/www.pm.pb.gov.br\/portal\/wp-content\/uploads\/2023\/01\/ilustrativa-1.jpeg\" \/>\n\t<meta property=\"og:image:width\" content=\"800\" \/>\n\t<meta property=\"og:image:height\" content=\"445\" \/>\n\t<meta property=\"og:image:type\" content=\"image\/jpeg\" \/>\n<meta name=\"author\" content=\"Assessoria de Imprensa da PMPB\" \/>\n<meta name=\"twitter:card\" content=\"summary_large_image\" \/>\n<meta name=\"twitter:label1\" content=\"Escrito por\" \/>\n\t<meta name=\"twitter:data1\" content=\"Assessoria de Imprensa da PMPB\" \/>\n\t<meta name=\"twitter:label2\" content=\"Est. tempo de leitura\" \/>\n\t<meta name=\"twitter:data2\" content=\"2 minutos\" \/>\n<script type=\"application\/ld+json\" class=\"yoast-schema-graph\">{\"@context\":\"https:\/\/schema.org\",\"@graph\":[{\"@type\":\"Article\",\"@id\":\"https:\/\/www.pm.pb.gov.br\/portal\/2023\/01\/29\/policia-militar-intensifica-acoes-e-apreende-armas-de-fogo-na-regiao-metropolitana-da-capital\/#article\",\"isPartOf\":{\"@id\":\"https:\/\/www.pm.pb.gov.br\/portal\/2023\/01\/29\/policia-militar-intensifica-acoes-e-apreende-armas-de-fogo-na-regiao-metropolitana-da-capital\/\"},\"author\":{\"name\":\"Assessoria de Imprensa da PMPB\",\"@id\":\"https:\/\/www.pm.pb.gov.br\/portal\/#\/schema\/person\/e8454f46651c3ecf0e1ba3c1666d9947\"},\"headline\":\"Pol\u00edcia Militar intensifica a\u00e7\u00f5es e apreende armas de fogo na regi\u00e3o metropolitana da Capital\",\"datePublished\":\"2023-01-29T15:00:24+00:00\",\"dateModified\":\"2023-01-29T15:00:27+00:00\",\"mainEntityOfPage\":{\"@id\":\"https:\/\/www.pm.pb.gov.br\/portal\/2023\/01\/29\/policia-militar-intensifica-acoes-e-apreende-armas-de-fogo-na-regiao-metropolitana-da-capital\/\"},\"wordCount\":209,\"publisher\":{\"@id\":\"https:\/\/www.pm.pb.gov.br\/portal\/#organization\"},\"articleSection\":[\"A\u00e7\u00f5es Policiais\"],\"inLanguage\":\"pt-BR\"},{\"@type\":\"WebPage\",\"@id\":\"https:\/\/www.pm.pb.gov.br\/portal\/2023\/01\/29\/policia-militar-intensifica-acoes-e-apreende-armas-de-fogo-na-regiao-metropolitana-da-capital\/\",\"url\":\"https:\/\/www.pm.pb.gov.br\/portal\/2023\/01\/29\/policia-militar-intensifica-acoes-e-apreende-armas-de-fogo-na-regiao-metropolitana-da-capital\/\",\"name\":\"Pol\u00edcia Militar intensifica a\u00e7\u00f5es e apreende armas de fogo na regi\u00e3o metropolitana da Capital - Pol\u00edcia Militar da Para\u00edba\",\"isPartOf\":{\"@id\":\"https:\/\/www.pm.pb.gov.br\/portal\/#website\"},\"datePublished\":\"2023-01-29T15:00:24+00:00\",\"dateModified\":\"2023-01-29T15:00:27+00:00\",\"breadcrumb\":{\"@id\":\"https:\/\/www.pm.pb.gov.br\/portal\/2023\/01\/29\/policia-militar-intensifica-acoes-e-apreende-armas-de-fogo-na-regiao-metropolitana-da-capital\/#breadcrumb\"},\"inLanguage\":\"pt-BR\",\"potentialAction\":[{\"@type\":\"ReadAction\",\"target\":[\"https:\/\/www.pm.pb.gov.br\/portal\/2023\/01\/29\/policia-militar-intensifica-acoes-e-apreende-armas-de-fogo-na-regiao-metropolitana-da-capital\/\"]}]},{\"@type\":\"BreadcrumbList\",\"@id\":\"https:\/\/www.pm.pb.gov.br\/portal\/2023\/01\/29\/policia-militar-intensifica-acoes-e-apreende-armas-de-fogo-na-regiao-metropolitana-da-capital\/#breadcrumb\",\"itemListElement\":[{\"@type\":\"ListItem\",\"position\":1,\"name\":\"In\u00edcio\",\"item\":\"https:\/\/www.pm.pb.gov.br\/portal\/\"},{\"@type\":\"ListItem\",\"position\":2,\"name\":\"Pol\u00edcia Militar intensifica a\u00e7\u00f5es e apreende armas de fogo na regi\u00e3o metropolitana da Capital\"}]},{\"@type\":\"WebSite\",\"@id\":\"https:\/\/www.pm.pb.gov.br\/portal\/#website\",\"url\":\"https:\/\/www.pm.pb.gov.br\/portal\/\",\"name\":\"Pol\u00edcia Militar da Para\u00edba\",\"description\":\"\",\"publisher\":{\"@id\":\"https:\/\/www.pm.pb.gov.br\/portal\/#organization\"},\"potentialAction\":[{\"@type\":\"SearchAction\",\"target\":{\"@type\":\"EntryPoint\",\"urlTemplate\":\"https:\/\/www.pm.pb.gov.br\/portal\/?s={search_term_string}\"},\"query-input\":\"required name=search_term_string\"}],\"inLanguage\":\"pt-BR\"},{\"@type\":\"Organization\",\"@id\":\"https:\/\/www.pm.pb.gov.br\/portal\/#organization\",\"name\":\"Pol\u00edcia Militar da Para\u00edba\",\"url\":\"https:\/\/www.pm.pb.gov.br\/portal\/\",\"logo\":{\"@type\":\"ImageObject\",\"inLanguage\":\"pt-BR\",\"@id\":\"https:\/\/www.pm.pb.gov.br\/portal\/#\/schema\/logo\/image\/\",\"url\":\"https:\/\/www.pm.pb.gov.br\/portal\/wp-content\/uploads\/2025\/03\/cropped-logo-site-mag2-1.png\",\"contentUrl\":\"https:\/\/www.pm.pb.gov.br\/portal\/wp-content\/uploads\/2025\/03\/cropped-logo-site-mag2-1.png\",\"width\":320,\"height\":90,\"caption\":\"Pol\u00edcia Militar da Para\u00edba\"},\"image\":{\"@id\":\"https:\/\/www.pm.pb.gov.br\/portal\/#\/schema\/logo\/image\/\"}},{\"@type\":\"Person\",\"@id\":\"https:\/\/www.pm.pb.gov.br\/portal\/#\/schema\/person\/e8454f46651c3ecf0e1ba3c1666d9947\",\"name\":\"Assessoria de Imprensa da PMPB\",\"image\":{\"@type\":\"ImageObject\",\"inLanguage\":\"pt-BR\",\"@id\":\"https:\/\/www.pm.pb.gov.br\/portal\/#\/schema\/person\/image\/\",\"url\":\"https:\/\/secure.gravatar.com\/avatar\/2efe197438265d1e90bd98c4c8e1acf8?s=96&d=mm&r=g\",\"contentUrl\":\"https:\/\/secure.gravatar.com\/avatar\/2efe197438265d1e90bd98c4c8e1acf8?s=96&d=mm&r=g\",\"caption\":\"Assessoria de Imprensa da PMPB\"},\"url\":\"https:\/\/www.pm.pb.gov.br\/portal\/author\/assessoria\/\"}]}<\/script>\n<!-- \/ Yoast SEO plugin. -->","yoast_head_json":{"title":"Pol\u00edcia Militar intensifica a\u00e7\u00f5es e apreende armas de fogo na regi\u00e3o metropolitana da Capital - Pol\u00edcia Militar da Para\u00edba","robots":{"index":"index","follow":"follow","max-snippet":"max-snippet:-1","max-image-preview":"max-image-preview:large","max-video-preview":"max-video-preview:-1"},"canonical":"https:\/\/www.pm.pb.gov.br\/portal\/2023\/01\/29\/policia-militar-intensifica-acoes-e-apreende-armas-de-fogo-na-regiao-metropolitana-da-capital\/","og_locale":"pt_BR","og_type":"article","og_title":"Pol\u00edcia Militar intensifica a\u00e7\u00f5es e apreende armas de fogo na regi\u00e3o metropolitana da Capital - Pol\u00edcia Militar da Para\u00edba","og_description":"A Pol\u00edcia Militar vem intensificando as a\u00e7\u00f5es de policiamento durante o fim de semana em todo Estado. Na noite desse","og_url":"https:\/\/www.pm.pb.gov.br\/portal\/2023\/01\/29\/policia-militar-intensifica-acoes-e-apreende-armas-de-fogo-na-regiao-metropolitana-da-capital\/","og_site_name":"Pol\u00edcia Militar da Para\u00edba","article_published_time":"2023-01-29T15:00:24+00:00","article_modified_time":"2023-01-29T15:00:27+00:00","og_image":[{"width":800,"height":445,"url":"http:\/\/www.pm.pb.gov.br\/portal\/wp-content\/uploads\/2023\/01\/ilustrativa-1.jpeg","type":"image\/jpeg"}],"author":"Assessoria de Imprensa da PMPB","twitter_card":"summary_large_image","twitter_misc":{"Escrito por":"Assessoria de Imprensa da PMPB","Est. tempo de leitura":"2 minutos"},"schema":{"@context":"https:\/\/schema.org","@graph":[{"@type":"Article","@id":"https:\/\/www.pm.pb.gov.br\/portal\/2023\/01\/29\/policia-militar-intensifica-acoes-e-apreende-armas-de-fogo-na-regiao-metropolitana-da-capital\/#article","isPartOf":{"@id":"https:\/\/www.pm.pb.gov.br\/portal\/2023\/01\/29\/policia-militar-intensifica-acoes-e-apreende-armas-de-fogo-na-regiao-metropolitana-da-capital\/"},"author":{"name":"Assessoria de Imprensa da PMPB","@id":"https:\/\/www.pm.pb.gov.br\/portal\/#\/schema\/person\/e8454f46651c3ecf0e1ba3c1666d9947"},"headline":"Pol\u00edcia Militar intensifica a\u00e7\u00f5es e apreende armas de fogo na regi\u00e3o metropolitana da Capital","datePublished":"2023-01-29T15:00:24+00:00","dateModified":"2023-01-29T15:00:27+00:00","mainEntityOfPage":{"@id":"https:\/\/www.pm.pb.gov.br\/portal\/2023\/01\/29\/policia-militar-intensifica-acoes-e-apreende-armas-de-fogo-na-regiao-metropolitana-da-capital\/"},"wordCount":209,"publisher":{"@id":"https:\/\/www.pm.pb.gov.br\/portal\/#organization"},"articleSection":["A\u00e7\u00f5es Policiais"],"inLanguage":"pt-BR"},{"@type":"WebPage","@id":"https:\/\/www.pm.pb.gov.br\/portal\/2023\/01\/29\/policia-militar-intensifica-acoes-e-apreende-armas-de-fogo-na-regiao-metropolitana-da-capital\/","url":"https:\/\/www.pm.pb.gov.br\/portal\/2023\/01\/29\/policia-militar-intensifica-acoes-e-apreende-armas-de-fogo-na-regiao-metropolitana-da-capital\/","name":"Pol\u00edcia Militar intensifica a\u00e7\u00f5es e apreende armas de fogo na regi\u00e3o metropolitana da Capital - Pol\u00edcia Militar da Para\u00edba","isPartOf":{"@id":"https:\/\/www.pm.pb.gov.br\/portal\/#website"},"datePublished":"2023-01-29T15:00:24+00:00","dateModified":"2023-01-29T15:00:27+00:00","breadcrumb":{"@id":"https:\/\/www.pm.pb.gov.br\/portal\/2023\/01\/29\/policia-militar-intensifica-acoes-e-apreende-armas-de-fogo-na-regiao-metropolitana-da-capital\/#breadcrumb"},"inLanguage":"pt-BR","potentialAction":[{"@type":"ReadAction","target":["https:\/\/www.pm.pb.gov.br\/portal\/2023\/01\/29\/policia-militar-intensifica-acoes-e-apreende-armas-de-fogo-na-regiao-metropolitana-da-capital\/"]}]},{"@type":"BreadcrumbList","@id":"https:\/\/www.pm.pb.gov.br\/portal\/2023\/01\/29\/policia-militar-intensifica-acoes-e-apreende-armas-de-fogo-na-regiao-metropolitana-da-capital\/#breadcrumb","itemListElement":[{"@type":"ListItem","position":1,"name":"In\u00edcio","item":"https:\/\/www.pm.pb.gov.br\/portal\/"},{"@type":"ListItem","position":2,"name":"Pol\u00edcia Militar intensifica a\u00e7\u00f5es e apreende armas de fogo na regi\u00e3o metropolitana da Capital"}]},{"@type":"WebSite","@id":"https:\/\/www.pm.pb.gov.br\/portal\/#website","url":"https:\/\/www.pm.pb.gov.br\/portal\/","name":"Pol\u00edcia Militar da Para\u00edba","description":"","publisher":{"@id":"https:\/\/www.pm.pb.gov.br\/portal\/#organization"},"potentialAction":[{"@type":"SearchAction","target":{"@type":"EntryPoint","urlTemplate":"https:\/\/www.pm.pb.gov.br\/portal\/?s={search_term_string}"},"query-input":"required name=search_term_string"}],"inLanguage":"pt-BR"},{"@type":"Organization","@id":"https:\/\/www.pm.pb.gov.br\/portal\/#organization","name":"Pol\u00edcia Militar da Para\u00edba","url":"https:\/\/www.pm.pb.gov.br\/portal\/","logo":{"@type":"ImageObject","inLanguage":"pt-BR","@id":"https:\/\/www.pm.pb.gov.br\/portal\/#\/schema\/logo\/image\/","url":"https:\/\/www.pm.pb.gov.br\/portal\/wp-content\/uploads\/2025\/03\/cropped-logo-site-mag2-1.png","contentUrl":"https:\/\/www.pm.pb.gov.br\/portal\/wp-content\/uploads\/2025\/03\/cropped-logo-site-mag2-1.png","width":320,"height":90,"caption":"Pol\u00edcia Militar da Para\u00edba"},"image":{"@id":"https:\/\/www.pm.pb.gov.br\/portal\/#\/schema\/logo\/image\/"}},{"@type":"Person","@id":"https:\/\/www.pm.pb.gov.br\/portal\/#\/schema\/person\/e8454f46651c3ecf0e1ba3c1666d9947","name":"Assessoria de Imprensa da PMPB","image":{"@type":"ImageObject","inLanguage":"pt-BR","@id":"https:\/\/www.pm.pb.gov.br\/portal\/#\/schema\/person\/image\/","url":"https:\/\/secure.gravatar.com\/avatar\/2efe197438265d1e90bd98c4c8e1acf8?s=96&d=mm&r=g","contentUrl":"https:\/\/secure.gravatar.com\/avatar\/2efe197438265d1e90bd98c4c8e1acf8?s=96&d=mm&r=g","caption":"Assessoria de Imprensa da PMPB"},"url":"https:\/\/www.pm.pb.gov.br\/portal\/author\/assessoria\/"}]}},"_links":{"self":[{"href":"https:\/\/www.pm.pb.gov.br\/portal\/wp-json\/wp\/v2\/posts\/915602"}],"collection":[{"href":"https:\/\/www.pm.pb.gov.br\/portal\/wp-json\/wp\/v2\/posts"}],"about":[{"href":"https:\/\/www.pm.pb.gov.br\/portal\/wp-json\/wp\/v2\/types\/post"}],"author":[{"embeddable":true,"href":"https:\/\/www.pm.pb.gov.br\/portal\/wp-json\/wp\/v2\/users\/5"}],"replies":[{"embeddable":true,"href":"https:\/\/www.pm.pb.gov.br\/portal\/wp-json\/wp\/v2\/comments?post=915602"}],"version-history":[{"count":1,"href":"https:\/\/www.pm.pb.gov.br\/portal\/wp-json\/wp\/v2\/posts\/915602\/revisions"}],"predecessor-version":[{"id":915604,"href":"https:\/\/www.pm.pb.gov.br\/portal\/wp-json\/wp\/v2\/posts\/915602\/revisions\/915604"}],"wp:featuredmedia":[{"embeddable":true,"href":"https:\/\/www.pm.pb.gov.br\/portal\/wp-json\/wp\/v2\/media\/915603"}],"wp:attachment":[{"href":"https:\/\/www.pm.pb.gov.br\/portal\/wp-json\/wp\/v2\/media?parent=915602"}],"wp:term":[{"taxonomy":"category","embeddable":true,"href":"https:\/\/www.pm.pb.gov.br\/portal\/wp-json\/wp\/v2\/categories?post=915602"},{"taxonomy":"post_tag","embeddable":true,"href":"https:\/\/www.pm.pb.gov.br\/portal\/wp-json\/wp\/v2\/tags?post=915602"}],"curies":[{"name":"wp","href":"https:\/\/api.w.org\/{rel}","templated":true}]}}