{"id":915557,"date":"2023-01-31T11:05:36","date_gmt":"2023-01-31T14:05:36","guid":{"rendered":"https:\/\/www.pm.pb.gov.br\/portal\/?p=915557"},"modified":"2023-01-31T11:05:40","modified_gmt":"2023-01-31T14:05:40","slug":"pm-apreende-mais-de-200-porcoes-de-cocaina-em-acao-de-combate-ao-trafico-em-bayeux","status":"publish","type":"post","link":"https:\/\/www.pm.pb.gov.br\/portal\/2023\/01\/31\/pm-apreende-mais-de-200-porcoes-de-cocaina-em-acao-de-combate-ao-trafico-em-bayeux\/","title":{"rendered":"PM apreende mais de 200 por\u00e7\u00f5es de coca\u00edna em a\u00e7\u00e3o de combate ao tr\u00e1fico em Bayeux"},"content":{"rendered":"\n<p>Duzentas e oito embalagens com coca\u00edna pronta para a venda foram apreendidas nessa segunda-feira (30) durante a\u00e7\u00e3o de combate ao tr\u00e1fico de drogas, na cidade de Bayeux, na grande Jo\u00e3o Pessoa. Na a\u00e7\u00e3o, que foi realizada pelas equipes da For\u00e7a T\u00e1tica da 4\u00aa Companhia Independente da Pol\u00edcia Militar, foram presos tr\u00eas suspeitos, de 20, 22 e 35 anos.<br><br>A a\u00e7\u00e3o aconteceu na comunidade conhecida como Casa dos Artistas, no bairro Alto da Boa Vista. Assim que perceberam a entrada das viaturas, os suspeitos tentaram fugir pulando o muro das casas, mas foram rendidos. A droga estava escondida em sacolas.<br><br>O caso foi levado para a 5\u00aa Delegacia Distrital, em Bayeux.<\/p>\n","protected":false},"excerpt":{"rendered":"<p>Duzentas e oito embalagens com coca\u00edna pronta para a venda foram apreendidas nessa segunda-feira (30) durante a\u00e7\u00e3o de combate ao<\/p>\n","protected":false},"author":5,"featured_media":915616,"comment_status":"closed","ping_status":"closed","sticky":false,"template":"","format":"standard","meta":{"_exactmetrics_skip_tracking":false,"_exactmetrics_sitenote_active":false,"_exactmetrics_sitenote_note":"","_exactmetrics_sitenote_category":0,"footnotes":""},"categories":[4],"tags":[],"yoast_head":"<!-- This site is optimized with the Yoast SEO plugin v22.0 - https:\/\/yoast.com\/wordpress\/plugins\/seo\/ -->\n<title>PM apreende mais de 200 por\u00e7\u00f5es de coca\u00edna em a\u00e7\u00e3o de combate ao tr\u00e1fico em Bayeux - Pol\u00edcia Militar da Para\u00edba<\/title>\n<meta name=\"robots\" content=\"index, follow, max-snippet:-1, max-image-preview:large, max-video-preview:-1\" \/>\n<link rel=\"canonical\" href=\"https:\/\/www.pm.pb.gov.br\/portal\/2023\/01\/31\/pm-apreende-mais-de-200-porcoes-de-cocaina-em-acao-de-combate-ao-trafico-em-bayeux\/\" \/>\n<meta property=\"og:locale\" content=\"pt_BR\" \/>\n<meta property=\"og:type\" content=\"article\" \/>\n<meta property=\"og:title\" content=\"PM apreende mais de 200 por\u00e7\u00f5es de coca\u00edna em a\u00e7\u00e3o de combate ao tr\u00e1fico em Bayeux - Pol\u00edcia Militar da Para\u00edba\" \/>\n<meta property=\"og:description\" content=\"Duzentas e oito embalagens com coca\u00edna pronta para a venda foram apreendidas nessa segunda-feira (30) durante a\u00e7\u00e3o de combate ao\" \/>\n<meta property=\"og:url\" content=\"https:\/\/www.pm.pb.gov.br\/portal\/2023\/01\/31\/pm-apreende-mais-de-200-porcoes-de-cocaina-em-acao-de-combate-ao-trafico-em-bayeux\/\" \/>\n<meta property=\"og:site_name\" content=\"Pol\u00edcia Militar da Para\u00edba\" \/>\n<meta property=\"article:published_time\" content=\"2023-01-31T14:05:36+00:00\" \/>\n<meta property=\"article:modified_time\" content=\"2023-01-31T14:05:40+00:00\" \/>\n<meta property=\"og:image\" content=\"http:\/\/www.pm.pb.gov.br\/portal\/wp-content\/uploads\/2023\/01\/BAYEUX-1.jpg\" \/>\n\t<meta property=\"og:image:width\" content=\"1200\" \/>\n\t<meta property=\"og:image:height\" content=\"1600\" \/>\n\t<meta property=\"og:image:type\" content=\"image\/jpeg\" \/>\n<meta name=\"author\" content=\"Assessoria de Imprensa da PMPB\" \/>\n<meta name=\"twitter:card\" content=\"summary_large_image\" \/>\n<meta name=\"twitter:label1\" content=\"Escrito por\" \/>\n\t<meta name=\"twitter:data1\" content=\"Assessoria de Imprensa da PMPB\" \/>\n\t<meta name=\"twitter:label2\" content=\"Est. tempo de leitura\" \/>\n\t<meta name=\"twitter:data2\" content=\"1 minuto\" \/>\n<script type=\"application\/ld+json\" class=\"yoast-schema-graph\">{\"@context\":\"https:\/\/schema.org\",\"@graph\":[{\"@type\":\"Article\",\"@id\":\"https:\/\/www.pm.pb.gov.br\/portal\/2023\/01\/31\/pm-apreende-mais-de-200-porcoes-de-cocaina-em-acao-de-combate-ao-trafico-em-bayeux\/#article\",\"isPartOf\":{\"@id\":\"https:\/\/www.pm.pb.gov.br\/portal\/2023\/01\/31\/pm-apreende-mais-de-200-porcoes-de-cocaina-em-acao-de-combate-ao-trafico-em-bayeux\/\"},\"author\":{\"name\":\"Assessoria de Imprensa da PMPB\",\"@id\":\"https:\/\/www.pm.pb.gov.br\/portal\/#\/schema\/person\/e8454f46651c3ecf0e1ba3c1666d9947\"},\"headline\":\"PM apreende mais de 200 por\u00e7\u00f5es de coca\u00edna em a\u00e7\u00e3o de combate ao tr\u00e1fico em Bayeux\",\"datePublished\":\"2023-01-31T14:05:36+00:00\",\"dateModified\":\"2023-01-31T14:05:40+00:00\",\"mainEntityOfPage\":{\"@id\":\"https:\/\/www.pm.pb.gov.br\/portal\/2023\/01\/31\/pm-apreende-mais-de-200-porcoes-de-cocaina-em-acao-de-combate-ao-trafico-em-bayeux\/\"},\"wordCount\":133,\"publisher\":{\"@id\":\"https:\/\/www.pm.pb.gov.br\/portal\/#organization\"},\"articleSection\":[\"A\u00e7\u00f5es Policiais\"],\"inLanguage\":\"pt-BR\"},{\"@type\":\"WebPage\",\"@id\":\"https:\/\/www.pm.pb.gov.br\/portal\/2023\/01\/31\/pm-apreende-mais-de-200-porcoes-de-cocaina-em-acao-de-combate-ao-trafico-em-bayeux\/\",\"url\":\"https:\/\/www.pm.pb.gov.br\/portal\/2023\/01\/31\/pm-apreende-mais-de-200-porcoes-de-cocaina-em-acao-de-combate-ao-trafico-em-bayeux\/\",\"name\":\"PM apreende mais de 200 por\u00e7\u00f5es de coca\u00edna em a\u00e7\u00e3o de combate ao tr\u00e1fico em Bayeux - Pol\u00edcia Militar da Para\u00edba\",\"isPartOf\":{\"@id\":\"https:\/\/www.pm.pb.gov.br\/portal\/#website\"},\"datePublished\":\"2023-01-31T14:05:36+00:00\",\"dateModified\":\"2023-01-31T14:05:40+00:00\",\"breadcrumb\":{\"@id\":\"https:\/\/www.pm.pb.gov.br\/portal\/2023\/01\/31\/pm-apreende-mais-de-200-porcoes-de-cocaina-em-acao-de-combate-ao-trafico-em-bayeux\/#breadcrumb\"},\"inLanguage\":\"pt-BR\",\"potentialAction\":[{\"@type\":\"ReadAction\",\"target\":[\"https:\/\/www.pm.pb.gov.br\/portal\/2023\/01\/31\/pm-apreende-mais-de-200-porcoes-de-cocaina-em-acao-de-combate-ao-trafico-em-bayeux\/\"]}]},{\"@type\":\"BreadcrumbList\",\"@id\":\"https:\/\/www.pm.pb.gov.br\/portal\/2023\/01\/31\/pm-apreende-mais-de-200-porcoes-de-cocaina-em-acao-de-combate-ao-trafico-em-bayeux\/#breadcrumb\",\"itemListElement\":[{\"@type\":\"ListItem\",\"position\":1,\"name\":\"In\u00edcio\",\"item\":\"https:\/\/www.pm.pb.gov.br\/portal\/\"},{\"@type\":\"ListItem\",\"position\":2,\"name\":\"PM apreende mais de 200 por\u00e7\u00f5es de coca\u00edna em a\u00e7\u00e3o de combate ao tr\u00e1fico em Bayeux\"}]},{\"@type\":\"WebSite\",\"@id\":\"https:\/\/www.pm.pb.gov.br\/portal\/#website\",\"url\":\"https:\/\/www.pm.pb.gov.br\/portal\/\",\"name\":\"Pol\u00edcia Militar da Para\u00edba\",\"description\":\"\",\"publisher\":{\"@id\":\"https:\/\/www.pm.pb.gov.br\/portal\/#organization\"},\"potentialAction\":[{\"@type\":\"SearchAction\",\"target\":{\"@type\":\"EntryPoint\",\"urlTemplate\":\"https:\/\/www.pm.pb.gov.br\/portal\/?s={search_term_string}\"},\"query-input\":\"required name=search_term_string\"}],\"inLanguage\":\"pt-BR\"},{\"@type\":\"Organization\",\"@id\":\"https:\/\/www.pm.pb.gov.br\/portal\/#organization\",\"name\":\"Pol\u00edcia Militar da Para\u00edba\",\"url\":\"https:\/\/www.pm.pb.gov.br\/portal\/\",\"logo\":{\"@type\":\"ImageObject\",\"inLanguage\":\"pt-BR\",\"@id\":\"https:\/\/www.pm.pb.gov.br\/portal\/#\/schema\/logo\/image\/\",\"url\":\"https:\/\/www.pm.pb.gov.br\/portal\/wp-content\/uploads\/2025\/03\/cropped-logo-site-mag2-1.png\",\"contentUrl\":\"https:\/\/www.pm.pb.gov.br\/portal\/wp-content\/uploads\/2025\/03\/cropped-logo-site-mag2-1.png\",\"width\":320,\"height\":90,\"caption\":\"Pol\u00edcia Militar da Para\u00edba\"},\"image\":{\"@id\":\"https:\/\/www.pm.pb.gov.br\/portal\/#\/schema\/logo\/image\/\"}},{\"@type\":\"Person\",\"@id\":\"https:\/\/www.pm.pb.gov.br\/portal\/#\/schema\/person\/e8454f46651c3ecf0e1ba3c1666d9947\",\"name\":\"Assessoria de Imprensa da PMPB\",\"image\":{\"@type\":\"ImageObject\",\"inLanguage\":\"pt-BR\",\"@id\":\"https:\/\/www.pm.pb.gov.br\/portal\/#\/schema\/person\/image\/\",\"url\":\"https:\/\/secure.gravatar.com\/avatar\/2efe197438265d1e90bd98c4c8e1acf8?s=96&d=mm&r=g\",\"contentUrl\":\"https:\/\/secure.gravatar.com\/avatar\/2efe197438265d1e90bd98c4c8e1acf8?s=96&d=mm&r=g\",\"caption\":\"Assessoria de Imprensa da PMPB\"},\"url\":\"https:\/\/www.pm.pb.gov.br\/portal\/author\/assessoria\/\"}]}<\/script>\n<!-- \/ Yoast SEO plugin. -->","yoast_head_json":{"title":"PM apreende mais de 200 por\u00e7\u00f5es de coca\u00edna em a\u00e7\u00e3o de combate ao tr\u00e1fico em Bayeux - Pol\u00edcia Militar da Para\u00edba","robots":{"index":"index","follow":"follow","max-snippet":"max-snippet:-1","max-image-preview":"max-image-preview:large","max-video-preview":"max-video-preview:-1"},"canonical":"https:\/\/www.pm.pb.gov.br\/portal\/2023\/01\/31\/pm-apreende-mais-de-200-porcoes-de-cocaina-em-acao-de-combate-ao-trafico-em-bayeux\/","og_locale":"pt_BR","og_type":"article","og_title":"PM apreende mais de 200 por\u00e7\u00f5es de coca\u00edna em a\u00e7\u00e3o de combate ao tr\u00e1fico em Bayeux - Pol\u00edcia Militar da Para\u00edba","og_description":"Duzentas e oito embalagens com coca\u00edna pronta para a venda foram apreendidas nessa segunda-feira (30) durante a\u00e7\u00e3o de combate ao","og_url":"https:\/\/www.pm.pb.gov.br\/portal\/2023\/01\/31\/pm-apreende-mais-de-200-porcoes-de-cocaina-em-acao-de-combate-ao-trafico-em-bayeux\/","og_site_name":"Pol\u00edcia Militar da Para\u00edba","article_published_time":"2023-01-31T14:05:36+00:00","article_modified_time":"2023-01-31T14:05:40+00:00","og_image":[{"width":1200,"height":1600,"url":"http:\/\/www.pm.pb.gov.br\/portal\/wp-content\/uploads\/2023\/01\/BAYEUX-1.jpg","type":"image\/jpeg"}],"author":"Assessoria de Imprensa da PMPB","twitter_card":"summary_large_image","twitter_misc":{"Escrito por":"Assessoria de Imprensa da PMPB","Est. tempo de leitura":"1 minuto"},"schema":{"@context":"https:\/\/schema.org","@graph":[{"@type":"Article","@id":"https:\/\/www.pm.pb.gov.br\/portal\/2023\/01\/31\/pm-apreende-mais-de-200-porcoes-de-cocaina-em-acao-de-combate-ao-trafico-em-bayeux\/#article","isPartOf":{"@id":"https:\/\/www.pm.pb.gov.br\/portal\/2023\/01\/31\/pm-apreende-mais-de-200-porcoes-de-cocaina-em-acao-de-combate-ao-trafico-em-bayeux\/"},"author":{"name":"Assessoria de Imprensa da PMPB","@id":"https:\/\/www.pm.pb.gov.br\/portal\/#\/schema\/person\/e8454f46651c3ecf0e1ba3c1666d9947"},"headline":"PM apreende mais de 200 por\u00e7\u00f5es de coca\u00edna em a\u00e7\u00e3o de combate ao tr\u00e1fico em Bayeux","datePublished":"2023-01-31T14:05:36+00:00","dateModified":"2023-01-31T14:05:40+00:00","mainEntityOfPage":{"@id":"https:\/\/www.pm.pb.gov.br\/portal\/2023\/01\/31\/pm-apreende-mais-de-200-porcoes-de-cocaina-em-acao-de-combate-ao-trafico-em-bayeux\/"},"wordCount":133,"publisher":{"@id":"https:\/\/www.pm.pb.gov.br\/portal\/#organization"},"articleSection":["A\u00e7\u00f5es Policiais"],"inLanguage":"pt-BR"},{"@type":"WebPage","@id":"https:\/\/www.pm.pb.gov.br\/portal\/2023\/01\/31\/pm-apreende-mais-de-200-porcoes-de-cocaina-em-acao-de-combate-ao-trafico-em-bayeux\/","url":"https:\/\/www.pm.pb.gov.br\/portal\/2023\/01\/31\/pm-apreende-mais-de-200-porcoes-de-cocaina-em-acao-de-combate-ao-trafico-em-bayeux\/","name":"PM apreende mais de 200 por\u00e7\u00f5es de coca\u00edna em a\u00e7\u00e3o de combate ao tr\u00e1fico em Bayeux - Pol\u00edcia Militar da Para\u00edba","isPartOf":{"@id":"https:\/\/www.pm.pb.gov.br\/portal\/#website"},"datePublished":"2023-01-31T14:05:36+00:00","dateModified":"2023-01-31T14:05:40+00:00","breadcrumb":{"@id":"https:\/\/www.pm.pb.gov.br\/portal\/2023\/01\/31\/pm-apreende-mais-de-200-porcoes-de-cocaina-em-acao-de-combate-ao-trafico-em-bayeux\/#breadcrumb"},"inLanguage":"pt-BR","potentialAction":[{"@type":"ReadAction","target":["https:\/\/www.pm.pb.gov.br\/portal\/2023\/01\/31\/pm-apreende-mais-de-200-porcoes-de-cocaina-em-acao-de-combate-ao-trafico-em-bayeux\/"]}]},{"@type":"BreadcrumbList","@id":"https:\/\/www.pm.pb.gov.br\/portal\/2023\/01\/31\/pm-apreende-mais-de-200-porcoes-de-cocaina-em-acao-de-combate-ao-trafico-em-bayeux\/#breadcrumb","itemListElement":[{"@type":"ListItem","position":1,"name":"In\u00edcio","item":"https:\/\/www.pm.pb.gov.br\/portal\/"},{"@type":"ListItem","position":2,"name":"PM apreende mais de 200 por\u00e7\u00f5es de coca\u00edna em a\u00e7\u00e3o de combate ao tr\u00e1fico em Bayeux"}]},{"@type":"WebSite","@id":"https:\/\/www.pm.pb.gov.br\/portal\/#website","url":"https:\/\/www.pm.pb.gov.br\/portal\/","name":"Pol\u00edcia Militar da Para\u00edba","description":"","publisher":{"@id":"https:\/\/www.pm.pb.gov.br\/portal\/#organization"},"potentialAction":[{"@type":"SearchAction","target":{"@type":"EntryPoint","urlTemplate":"https:\/\/www.pm.pb.gov.br\/portal\/?s={search_term_string}"},"query-input":"required name=search_term_string"}],"inLanguage":"pt-BR"},{"@type":"Organization","@id":"https:\/\/www.pm.pb.gov.br\/portal\/#organization","name":"Pol\u00edcia Militar da Para\u00edba","url":"https:\/\/www.pm.pb.gov.br\/portal\/","logo":{"@type":"ImageObject","inLanguage":"pt-BR","@id":"https:\/\/www.pm.pb.gov.br\/portal\/#\/schema\/logo\/image\/","url":"https:\/\/www.pm.pb.gov.br\/portal\/wp-content\/uploads\/2025\/03\/cropped-logo-site-mag2-1.png","contentUrl":"https:\/\/www.pm.pb.gov.br\/portal\/wp-content\/uploads\/2025\/03\/cropped-logo-site-mag2-1.png","width":320,"height":90,"caption":"Pol\u00edcia Militar da Para\u00edba"},"image":{"@id":"https:\/\/www.pm.pb.gov.br\/portal\/#\/schema\/logo\/image\/"}},{"@type":"Person","@id":"https:\/\/www.pm.pb.gov.br\/portal\/#\/schema\/person\/e8454f46651c3ecf0e1ba3c1666d9947","name":"Assessoria de Imprensa da PMPB","image":{"@type":"ImageObject","inLanguage":"pt-BR","@id":"https:\/\/www.pm.pb.gov.br\/portal\/#\/schema\/person\/image\/","url":"https:\/\/secure.gravatar.com\/avatar\/2efe197438265d1e90bd98c4c8e1acf8?s=96&d=mm&r=g","contentUrl":"https:\/\/secure.gravatar.com\/avatar\/2efe197438265d1e90bd98c4c8e1acf8?s=96&d=mm&r=g","caption":"Assessoria de Imprensa da PMPB"},"url":"https:\/\/www.pm.pb.gov.br\/portal\/author\/assessoria\/"}]}},"_links":{"self":[{"href":"https:\/\/www.pm.pb.gov.br\/portal\/wp-json\/wp\/v2\/posts\/915557"}],"collection":[{"href":"https:\/\/www.pm.pb.gov.br\/portal\/wp-json\/wp\/v2\/posts"}],"about":[{"href":"https:\/\/www.pm.pb.gov.br\/portal\/wp-json\/wp\/v2\/types\/post"}],"author":[{"embeddable":true,"href":"https:\/\/www.pm.pb.gov.br\/portal\/wp-json\/wp\/v2\/users\/5"}],"replies":[{"embeddable":true,"href":"https:\/\/www.pm.pb.gov.br\/portal\/wp-json\/wp\/v2\/comments?post=915557"}],"version-history":[{"count":2,"href":"https:\/\/www.pm.pb.gov.br\/portal\/wp-json\/wp\/v2\/posts\/915557\/revisions"}],"predecessor-version":[{"id":915617,"href":"https:\/\/www.pm.pb.gov.br\/portal\/wp-json\/wp\/v2\/posts\/915557\/revisions\/915617"}],"wp:featuredmedia":[{"embeddable":true,"href":"https:\/\/www.pm.pb.gov.br\/portal\/wp-json\/wp\/v2\/media\/915616"}],"wp:attachment":[{"href":"https:\/\/www.pm.pb.gov.br\/portal\/wp-json\/wp\/v2\/media?parent=915557"}],"wp:term":[{"taxonomy":"category","embeddable":true,"href":"https:\/\/www.pm.pb.gov.br\/portal\/wp-json\/wp\/v2\/categories?post=915557"},{"taxonomy":"post_tag","embeddable":true,"href":"https:\/\/www.pm.pb.gov.br\/portal\/wp-json\/wp\/v2\/tags?post=915557"}],"curies":[{"name":"wp","href":"https:\/\/api.w.org\/{rel}","templated":true}]}}