{"id":915548,"date":"2023-01-26T13:58:00","date_gmt":"2023-01-26T16:58:00","guid":{"rendered":"https:\/\/www.pm.pb.gov.br\/portal\/?p=915548"},"modified":"2023-01-26T23:37:11","modified_gmt":"2023-01-27T02:37:11","slug":"policia-militar-apreende-arma-de-fogo-municoes-e-colete-com-suspeito-de-trafico","status":"publish","type":"post","link":"https:\/\/www.pm.pb.gov.br\/portal\/2023\/01\/26\/policia-militar-apreende-arma-de-fogo-municoes-e-colete-com-suspeito-de-trafico\/","title":{"rendered":"Pol\u00edcia Militar apreende arma de fogo, muni\u00e7\u00f5es e colete com suspeito de tr\u00e1fico"},"content":{"rendered":"\n<p>O policiamento preventivo segue intensificado na regi\u00e3o norte de Jo\u00e3o Pessoa (foto acima ilustrativa). Na noite da \u00faltima quarta-feira (25) a Pol\u00edcia Militar apreendeu uma arma de fogo, mais de 20 muni\u00e7\u00f5es e at\u00e9 um colete bal\u00edstico que estavam com um suspeito de 33 anos de idade que foi preso.<\/p>\n<p>A a\u00e7\u00e3o foi realizada pelos policiais do 1\u00ba Batalh\u00e3o, que realizavam rondas na regi\u00e3o do bairro de Mandacaru. De acordo com o comando da Unidade, ao perceber a chegada da PM na regi\u00e3o, um grupo de suspeitos conseguiu fugir mas um deles foi capturado em uma casa. No local, os policiais tamb\u00e9m encontraram um rev\u00f3lver calibre 38, 24 muni\u00e7\u00f5es, um colete bal\u00edstico e 13 por\u00f5es de subst\u00e2ncia semelhante \u00e0 maconha, al\u00e9m de dinheiro (foto abaixo).<\/p>\n<p><img loading=\"lazy\" decoding=\"async\" class=\" wp-image-915549 aligncenter\" src=\"http:\/\/www.pm.pb.gov.br\/portal\/wp-content\/uploads\/2023\/01\/mandacaru.jpeg\" alt=\"\" width=\"650\" height=\"359\" srcset=\"https:\/\/www.pm.pb.gov.br\/portal\/wp-content\/uploads\/2023\/01\/mandacaru.jpeg 780w, https:\/\/www.pm.pb.gov.br\/portal\/wp-content\/uploads\/2023\/01\/mandacaru-245x136.jpeg 245w, https:\/\/www.pm.pb.gov.br\/portal\/wp-content\/uploads\/2023\/01\/mandacaru-768x424.jpeg 768w\" sizes=\"(max-width: 650px) 100vw, 650px\" \/><\/p>\n<p>Todo o material e o suspeito preso foram encaminhados para a Central de Flagrantes. Novas a\u00e7\u00f5es devem acontecer nos pr\u00f3ximos dias<\/p>\n\n\n","protected":false},"excerpt":{"rendered":"<p>O policiamento preventivo segue intensificado na regi\u00e3o norte de Jo\u00e3o Pessoa (foto acima ilustrativa). Na noite da \u00faltima quarta-feira (25)<\/p>\n","protected":false},"author":12,"featured_media":909015,"comment_status":"closed","ping_status":"closed","sticky":false,"template":"","format":"standard","meta":{"_exactmetrics_skip_tracking":false,"_exactmetrics_sitenote_active":false,"_exactmetrics_sitenote_note":"","_exactmetrics_sitenote_category":0,"footnotes":""},"categories":[4],"tags":[],"yoast_head":"<!-- This site is optimized with the Yoast SEO plugin v22.0 - https:\/\/yoast.com\/wordpress\/plugins\/seo\/ -->\n<title>Pol\u00edcia Militar apreende arma de fogo, muni\u00e7\u00f5es e colete com suspeito de tr\u00e1fico - Pol\u00edcia Militar da Para\u00edba<\/title>\n<meta name=\"robots\" content=\"index, follow, max-snippet:-1, max-image-preview:large, max-video-preview:-1\" \/>\n<link rel=\"canonical\" href=\"https:\/\/www.pm.pb.gov.br\/portal\/2023\/01\/26\/policia-militar-apreende-arma-de-fogo-municoes-e-colete-com-suspeito-de-trafico\/\" \/>\n<meta property=\"og:locale\" content=\"pt_BR\" \/>\n<meta property=\"og:type\" content=\"article\" \/>\n<meta property=\"og:title\" content=\"Pol\u00edcia Militar apreende arma de fogo, muni\u00e7\u00f5es e colete com suspeito de tr\u00e1fico - Pol\u00edcia Militar da Para\u00edba\" \/>\n<meta property=\"og:description\" content=\"O policiamento preventivo segue intensificado na regi\u00e3o norte de Jo\u00e3o Pessoa (foto acima ilustrativa). Na noite da \u00faltima quarta-feira (25)\" \/>\n<meta property=\"og:url\" content=\"https:\/\/www.pm.pb.gov.br\/portal\/2023\/01\/26\/policia-militar-apreende-arma-de-fogo-municoes-e-colete-com-suspeito-de-trafico\/\" \/>\n<meta property=\"og:site_name\" content=\"Pol\u00edcia Militar da Para\u00edba\" \/>\n<meta property=\"article:published_time\" content=\"2023-01-26T16:58:00+00:00\" \/>\n<meta property=\"article:modified_time\" content=\"2023-01-27T02:37:11+00:00\" \/>\n<meta property=\"og:image\" content=\"http:\/\/www.pm.pb.gov.br\/portal\/wp-content\/uploads\/2021\/01\/1bpm.jpeg\" \/>\n\t<meta property=\"og:image:width\" content=\"800\" \/>\n\t<meta property=\"og:image:height\" content=\"445\" \/>\n\t<meta property=\"og:image:type\" content=\"image\/jpeg\" \/>\n<meta name=\"author\" content=\"Tarcisio Oliveira\" \/>\n<meta name=\"twitter:card\" content=\"summary_large_image\" \/>\n<meta name=\"twitter:label1\" content=\"Escrito por\" \/>\n\t<meta name=\"twitter:data1\" content=\"Tarcisio Oliveira\" \/>\n\t<meta name=\"twitter:label2\" content=\"Est. tempo de leitura\" \/>\n\t<meta name=\"twitter:data2\" content=\"2 minutos\" \/>\n<script type=\"application\/ld+json\" class=\"yoast-schema-graph\">{\"@context\":\"https:\/\/schema.org\",\"@graph\":[{\"@type\":\"Article\",\"@id\":\"https:\/\/www.pm.pb.gov.br\/portal\/2023\/01\/26\/policia-militar-apreende-arma-de-fogo-municoes-e-colete-com-suspeito-de-trafico\/#article\",\"isPartOf\":{\"@id\":\"https:\/\/www.pm.pb.gov.br\/portal\/2023\/01\/26\/policia-militar-apreende-arma-de-fogo-municoes-e-colete-com-suspeito-de-trafico\/\"},\"author\":{\"name\":\"Tarcisio Oliveira\",\"@id\":\"https:\/\/www.pm.pb.gov.br\/portal\/#\/schema\/person\/f84f56dcc78ce4357054da888b8247fd\"},\"headline\":\"Pol\u00edcia Militar apreende arma de fogo, muni\u00e7\u00f5es e colete com suspeito de tr\u00e1fico\",\"datePublished\":\"2023-01-26T16:58:00+00:00\",\"dateModified\":\"2023-01-27T02:37:11+00:00\",\"mainEntityOfPage\":{\"@id\":\"https:\/\/www.pm.pb.gov.br\/portal\/2023\/01\/26\/policia-militar-apreende-arma-de-fogo-municoes-e-colete-com-suspeito-de-trafico\/\"},\"wordCount\":172,\"publisher\":{\"@id\":\"https:\/\/www.pm.pb.gov.br\/portal\/#organization\"},\"articleSection\":[\"A\u00e7\u00f5es Policiais\"],\"inLanguage\":\"pt-BR\"},{\"@type\":\"WebPage\",\"@id\":\"https:\/\/www.pm.pb.gov.br\/portal\/2023\/01\/26\/policia-militar-apreende-arma-de-fogo-municoes-e-colete-com-suspeito-de-trafico\/\",\"url\":\"https:\/\/www.pm.pb.gov.br\/portal\/2023\/01\/26\/policia-militar-apreende-arma-de-fogo-municoes-e-colete-com-suspeito-de-trafico\/\",\"name\":\"Pol\u00edcia Militar apreende arma de fogo, muni\u00e7\u00f5es e colete com suspeito de tr\u00e1fico - Pol\u00edcia Militar da Para\u00edba\",\"isPartOf\":{\"@id\":\"https:\/\/www.pm.pb.gov.br\/portal\/#website\"},\"datePublished\":\"2023-01-26T16:58:00+00:00\",\"dateModified\":\"2023-01-27T02:37:11+00:00\",\"breadcrumb\":{\"@id\":\"https:\/\/www.pm.pb.gov.br\/portal\/2023\/01\/26\/policia-militar-apreende-arma-de-fogo-municoes-e-colete-com-suspeito-de-trafico\/#breadcrumb\"},\"inLanguage\":\"pt-BR\",\"potentialAction\":[{\"@type\":\"ReadAction\",\"target\":[\"https:\/\/www.pm.pb.gov.br\/portal\/2023\/01\/26\/policia-militar-apreende-arma-de-fogo-municoes-e-colete-com-suspeito-de-trafico\/\"]}]},{\"@type\":\"BreadcrumbList\",\"@id\":\"https:\/\/www.pm.pb.gov.br\/portal\/2023\/01\/26\/policia-militar-apreende-arma-de-fogo-municoes-e-colete-com-suspeito-de-trafico\/#breadcrumb\",\"itemListElement\":[{\"@type\":\"ListItem\",\"position\":1,\"name\":\"In\u00edcio\",\"item\":\"https:\/\/www.pm.pb.gov.br\/portal\/\"},{\"@type\":\"ListItem\",\"position\":2,\"name\":\"Pol\u00edcia Militar apreende arma de fogo, muni\u00e7\u00f5es e colete com suspeito de tr\u00e1fico\"}]},{\"@type\":\"WebSite\",\"@id\":\"https:\/\/www.pm.pb.gov.br\/portal\/#website\",\"url\":\"https:\/\/www.pm.pb.gov.br\/portal\/\",\"name\":\"Pol\u00edcia Militar da Para\u00edba\",\"description\":\"\",\"publisher\":{\"@id\":\"https:\/\/www.pm.pb.gov.br\/portal\/#organization\"},\"potentialAction\":[{\"@type\":\"SearchAction\",\"target\":{\"@type\":\"EntryPoint\",\"urlTemplate\":\"https:\/\/www.pm.pb.gov.br\/portal\/?s={search_term_string}\"},\"query-input\":\"required name=search_term_string\"}],\"inLanguage\":\"pt-BR\"},{\"@type\":\"Organization\",\"@id\":\"https:\/\/www.pm.pb.gov.br\/portal\/#organization\",\"name\":\"Pol\u00edcia Militar da Para\u00edba\",\"url\":\"https:\/\/www.pm.pb.gov.br\/portal\/\",\"logo\":{\"@type\":\"ImageObject\",\"inLanguage\":\"pt-BR\",\"@id\":\"https:\/\/www.pm.pb.gov.br\/portal\/#\/schema\/logo\/image\/\",\"url\":\"https:\/\/www.pm.pb.gov.br\/portal\/wp-content\/uploads\/2025\/03\/cropped-logo-site-mag2-1.png\",\"contentUrl\":\"https:\/\/www.pm.pb.gov.br\/portal\/wp-content\/uploads\/2025\/03\/cropped-logo-site-mag2-1.png\",\"width\":320,\"height\":90,\"caption\":\"Pol\u00edcia Militar da Para\u00edba\"},\"image\":{\"@id\":\"https:\/\/www.pm.pb.gov.br\/portal\/#\/schema\/logo\/image\/\"}},{\"@type\":\"Person\",\"@id\":\"https:\/\/www.pm.pb.gov.br\/portal\/#\/schema\/person\/f84f56dcc78ce4357054da888b8247fd\",\"name\":\"Tarcisio Oliveira\",\"image\":{\"@type\":\"ImageObject\",\"inLanguage\":\"pt-BR\",\"@id\":\"https:\/\/www.pm.pb.gov.br\/portal\/#\/schema\/person\/image\/\",\"url\":\"https:\/\/secure.gravatar.com\/avatar\/72917b630b69d31cd0297507f34bac97?s=96&d=mm&r=g\",\"contentUrl\":\"https:\/\/secure.gravatar.com\/avatar\/72917b630b69d31cd0297507f34bac97?s=96&d=mm&r=g\",\"caption\":\"Tarcisio Oliveira\"},\"url\":\"https:\/\/www.pm.pb.gov.br\/portal\/author\/tarcisio\/\"}]}<\/script>\n<!-- \/ Yoast SEO plugin. -->","yoast_head_json":{"title":"Pol\u00edcia Militar apreende arma de fogo, muni\u00e7\u00f5es e colete com suspeito de tr\u00e1fico - Pol\u00edcia Militar da Para\u00edba","robots":{"index":"index","follow":"follow","max-snippet":"max-snippet:-1","max-image-preview":"max-image-preview:large","max-video-preview":"max-video-preview:-1"},"canonical":"https:\/\/www.pm.pb.gov.br\/portal\/2023\/01\/26\/policia-militar-apreende-arma-de-fogo-municoes-e-colete-com-suspeito-de-trafico\/","og_locale":"pt_BR","og_type":"article","og_title":"Pol\u00edcia Militar apreende arma de fogo, muni\u00e7\u00f5es e colete com suspeito de tr\u00e1fico - Pol\u00edcia Militar da Para\u00edba","og_description":"O policiamento preventivo segue intensificado na regi\u00e3o norte de Jo\u00e3o Pessoa (foto acima ilustrativa). Na noite da \u00faltima quarta-feira (25)","og_url":"https:\/\/www.pm.pb.gov.br\/portal\/2023\/01\/26\/policia-militar-apreende-arma-de-fogo-municoes-e-colete-com-suspeito-de-trafico\/","og_site_name":"Pol\u00edcia Militar da Para\u00edba","article_published_time":"2023-01-26T16:58:00+00:00","article_modified_time":"2023-01-27T02:37:11+00:00","og_image":[{"width":800,"height":445,"url":"http:\/\/www.pm.pb.gov.br\/portal\/wp-content\/uploads\/2021\/01\/1bpm.jpeg","type":"image\/jpeg"}],"author":"Tarcisio Oliveira","twitter_card":"summary_large_image","twitter_misc":{"Escrito por":"Tarcisio Oliveira","Est. tempo de leitura":"2 minutos"},"schema":{"@context":"https:\/\/schema.org","@graph":[{"@type":"Article","@id":"https:\/\/www.pm.pb.gov.br\/portal\/2023\/01\/26\/policia-militar-apreende-arma-de-fogo-municoes-e-colete-com-suspeito-de-trafico\/#article","isPartOf":{"@id":"https:\/\/www.pm.pb.gov.br\/portal\/2023\/01\/26\/policia-militar-apreende-arma-de-fogo-municoes-e-colete-com-suspeito-de-trafico\/"},"author":{"name":"Tarcisio Oliveira","@id":"https:\/\/www.pm.pb.gov.br\/portal\/#\/schema\/person\/f84f56dcc78ce4357054da888b8247fd"},"headline":"Pol\u00edcia Militar apreende arma de fogo, muni\u00e7\u00f5es e colete com suspeito de tr\u00e1fico","datePublished":"2023-01-26T16:58:00+00:00","dateModified":"2023-01-27T02:37:11+00:00","mainEntityOfPage":{"@id":"https:\/\/www.pm.pb.gov.br\/portal\/2023\/01\/26\/policia-militar-apreende-arma-de-fogo-municoes-e-colete-com-suspeito-de-trafico\/"},"wordCount":172,"publisher":{"@id":"https:\/\/www.pm.pb.gov.br\/portal\/#organization"},"articleSection":["A\u00e7\u00f5es Policiais"],"inLanguage":"pt-BR"},{"@type":"WebPage","@id":"https:\/\/www.pm.pb.gov.br\/portal\/2023\/01\/26\/policia-militar-apreende-arma-de-fogo-municoes-e-colete-com-suspeito-de-trafico\/","url":"https:\/\/www.pm.pb.gov.br\/portal\/2023\/01\/26\/policia-militar-apreende-arma-de-fogo-municoes-e-colete-com-suspeito-de-trafico\/","name":"Pol\u00edcia Militar apreende arma de fogo, muni\u00e7\u00f5es e colete com suspeito de tr\u00e1fico - Pol\u00edcia Militar da Para\u00edba","isPartOf":{"@id":"https:\/\/www.pm.pb.gov.br\/portal\/#website"},"datePublished":"2023-01-26T16:58:00+00:00","dateModified":"2023-01-27T02:37:11+00:00","breadcrumb":{"@id":"https:\/\/www.pm.pb.gov.br\/portal\/2023\/01\/26\/policia-militar-apreende-arma-de-fogo-municoes-e-colete-com-suspeito-de-trafico\/#breadcrumb"},"inLanguage":"pt-BR","potentialAction":[{"@type":"ReadAction","target":["https:\/\/www.pm.pb.gov.br\/portal\/2023\/01\/26\/policia-militar-apreende-arma-de-fogo-municoes-e-colete-com-suspeito-de-trafico\/"]}]},{"@type":"BreadcrumbList","@id":"https:\/\/www.pm.pb.gov.br\/portal\/2023\/01\/26\/policia-militar-apreende-arma-de-fogo-municoes-e-colete-com-suspeito-de-trafico\/#breadcrumb","itemListElement":[{"@type":"ListItem","position":1,"name":"In\u00edcio","item":"https:\/\/www.pm.pb.gov.br\/portal\/"},{"@type":"ListItem","position":2,"name":"Pol\u00edcia Militar apreende arma de fogo, muni\u00e7\u00f5es e colete com suspeito de tr\u00e1fico"}]},{"@type":"WebSite","@id":"https:\/\/www.pm.pb.gov.br\/portal\/#website","url":"https:\/\/www.pm.pb.gov.br\/portal\/","name":"Pol\u00edcia Militar da Para\u00edba","description":"","publisher":{"@id":"https:\/\/www.pm.pb.gov.br\/portal\/#organization"},"potentialAction":[{"@type":"SearchAction","target":{"@type":"EntryPoint","urlTemplate":"https:\/\/www.pm.pb.gov.br\/portal\/?s={search_term_string}"},"query-input":"required name=search_term_string"}],"inLanguage":"pt-BR"},{"@type":"Organization","@id":"https:\/\/www.pm.pb.gov.br\/portal\/#organization","name":"Pol\u00edcia Militar da Para\u00edba","url":"https:\/\/www.pm.pb.gov.br\/portal\/","logo":{"@type":"ImageObject","inLanguage":"pt-BR","@id":"https:\/\/www.pm.pb.gov.br\/portal\/#\/schema\/logo\/image\/","url":"https:\/\/www.pm.pb.gov.br\/portal\/wp-content\/uploads\/2025\/03\/cropped-logo-site-mag2-1.png","contentUrl":"https:\/\/www.pm.pb.gov.br\/portal\/wp-content\/uploads\/2025\/03\/cropped-logo-site-mag2-1.png","width":320,"height":90,"caption":"Pol\u00edcia Militar da Para\u00edba"},"image":{"@id":"https:\/\/www.pm.pb.gov.br\/portal\/#\/schema\/logo\/image\/"}},{"@type":"Person","@id":"https:\/\/www.pm.pb.gov.br\/portal\/#\/schema\/person\/f84f56dcc78ce4357054da888b8247fd","name":"Tarcisio Oliveira","image":{"@type":"ImageObject","inLanguage":"pt-BR","@id":"https:\/\/www.pm.pb.gov.br\/portal\/#\/schema\/person\/image\/","url":"https:\/\/secure.gravatar.com\/avatar\/72917b630b69d31cd0297507f34bac97?s=96&d=mm&r=g","contentUrl":"https:\/\/secure.gravatar.com\/avatar\/72917b630b69d31cd0297507f34bac97?s=96&d=mm&r=g","caption":"Tarcisio Oliveira"},"url":"https:\/\/www.pm.pb.gov.br\/portal\/author\/tarcisio\/"}]}},"_links":{"self":[{"href":"https:\/\/www.pm.pb.gov.br\/portal\/wp-json\/wp\/v2\/posts\/915548"}],"collection":[{"href":"https:\/\/www.pm.pb.gov.br\/portal\/wp-json\/wp\/v2\/posts"}],"about":[{"href":"https:\/\/www.pm.pb.gov.br\/portal\/wp-json\/wp\/v2\/types\/post"}],"author":[{"embeddable":true,"href":"https:\/\/www.pm.pb.gov.br\/portal\/wp-json\/wp\/v2\/users\/12"}],"replies":[{"embeddable":true,"href":"https:\/\/www.pm.pb.gov.br\/portal\/wp-json\/wp\/v2\/comments?post=915548"}],"version-history":[{"count":2,"href":"https:\/\/www.pm.pb.gov.br\/portal\/wp-json\/wp\/v2\/posts\/915548\/revisions"}],"predecessor-version":[{"id":915555,"href":"https:\/\/www.pm.pb.gov.br\/portal\/wp-json\/wp\/v2\/posts\/915548\/revisions\/915555"}],"wp:featuredmedia":[{"embeddable":true,"href":"https:\/\/www.pm.pb.gov.br\/portal\/wp-json\/wp\/v2\/media\/909015"}],"wp:attachment":[{"href":"https:\/\/www.pm.pb.gov.br\/portal\/wp-json\/wp\/v2\/media?parent=915548"}],"wp:term":[{"taxonomy":"category","embeddable":true,"href":"https:\/\/www.pm.pb.gov.br\/portal\/wp-json\/wp\/v2\/categories?post=915548"},{"taxonomy":"post_tag","embeddable":true,"href":"https:\/\/www.pm.pb.gov.br\/portal\/wp-json\/wp\/v2\/tags?post=915548"}],"curies":[{"name":"wp","href":"https:\/\/api.w.org\/{rel}","templated":true}]}}