{"id":915449,"date":"2023-01-18T10:46:43","date_gmt":"2023-01-18T13:46:43","guid":{"rendered":"https:\/\/www.pm.pb.gov.br\/portal\/?p=915449"},"modified":"2023-01-18T10:46:45","modified_gmt":"2023-01-18T13:46:45","slug":"nesta-terca-policia-militar-prende-dez-procurados-da-justica-pelos-crimes-de-homicidio-e-roubo","status":"publish","type":"post","link":"https:\/\/www.pm.pb.gov.br\/portal\/2023\/01\/18\/nesta-terca-policia-militar-prende-dez-procurados-da-justica-pelos-crimes-de-homicidio-e-roubo\/","title":{"rendered":"Nesta ter\u00e7a: Pol\u00edcia Militar prende dez procurados da justi\u00e7a pelos crimes de homic\u00eddio e roubo"},"content":{"rendered":"\n<p>A Pol\u00edcia Militar cumpriu dez mandados de pris\u00e3o, nessa ter\u00e7a-feira (17), contra acusados que estavam sendo procurados pela justi\u00e7a por homic\u00eddios e roubos. As pris\u00f5es aconteceram nas cidades de Jo\u00e3o Pessoa, Sousa, Campina Grande, Itaporanga e Areia.<br><br>Um dos presos dessa ter\u00e7a-feira \u00e9 apontado como suspeito de ter assassinado uma mulher de 42 anos, na madrugada da \u00faltima quinta-feira (12), na escadaria do pa\u00e7o municipal de Jo\u00e3o Pessoa, no Centro. Ele foi localizado na avenida General Os\u00f3rio, tamb\u00e9m no Centro, e apresentado na Central de Pol\u00edcia.<br><br>Entre os dez presos, estava um homem de 50 anos que era procurado pela justi\u00e7a de Pernambuco, por causa de um homic\u00eddio ocorrido em Jaboat\u00e3o dos Guararapes \u2013 PE.<br><br><\/p>\n","protected":false},"excerpt":{"rendered":"<p>A Pol\u00edcia Militar cumpriu dez mandados de pris\u00e3o, nessa ter\u00e7a-feira (17), contra acusados que estavam sendo procurados pela justi\u00e7a por<\/p>\n","protected":false},"author":5,"featured_media":905270,"comment_status":"closed","ping_status":"closed","sticky":false,"template":"","format":"standard","meta":{"_exactmetrics_skip_tracking":false,"_exactmetrics_sitenote_active":false,"_exactmetrics_sitenote_note":"","_exactmetrics_sitenote_category":0,"footnotes":""},"categories":[4],"tags":[],"yoast_head":"<!-- This site is optimized with the Yoast SEO plugin v22.0 - https:\/\/yoast.com\/wordpress\/plugins\/seo\/ -->\n<title>Nesta ter\u00e7a: Pol\u00edcia Militar prende dez procurados da justi\u00e7a pelos crimes de homic\u00eddio e roubo - Pol\u00edcia Militar da Para\u00edba<\/title>\n<meta name=\"robots\" content=\"index, follow, max-snippet:-1, max-image-preview:large, max-video-preview:-1\" \/>\n<link rel=\"canonical\" href=\"https:\/\/www.pm.pb.gov.br\/portal\/2023\/01\/18\/nesta-terca-policia-militar-prende-dez-procurados-da-justica-pelos-crimes-de-homicidio-e-roubo\/\" \/>\n<meta property=\"og:locale\" content=\"pt_BR\" \/>\n<meta property=\"og:type\" content=\"article\" \/>\n<meta property=\"og:title\" content=\"Nesta ter\u00e7a: Pol\u00edcia Militar prende dez procurados da justi\u00e7a pelos crimes de homic\u00eddio e roubo - Pol\u00edcia Militar da Para\u00edba\" \/>\n<meta property=\"og:description\" content=\"A Pol\u00edcia Militar cumpriu dez mandados de pris\u00e3o, nessa ter\u00e7a-feira (17), contra acusados que estavam sendo procurados pela justi\u00e7a por\" \/>\n<meta property=\"og:url\" content=\"https:\/\/www.pm.pb.gov.br\/portal\/2023\/01\/18\/nesta-terca-policia-militar-prende-dez-procurados-da-justica-pelos-crimes-de-homicidio-e-roubo\/\" \/>\n<meta property=\"og:site_name\" content=\"Pol\u00edcia Militar da Para\u00edba\" \/>\n<meta property=\"article:published_time\" content=\"2023-01-18T13:46:43+00:00\" \/>\n<meta property=\"article:modified_time\" content=\"2023-01-18T13:46:45+00:00\" \/>\n<meta property=\"og:image\" content=\"http:\/\/www.pm.pb.gov.br\/portal\/wp-content\/uploads\/2020\/05\/legenda.jpg\" \/>\n\t<meta property=\"og:image:width\" content=\"1280\" \/>\n\t<meta property=\"og:image:height\" content=\"854\" \/>\n\t<meta property=\"og:image:type\" content=\"image\/jpeg\" \/>\n<meta name=\"author\" content=\"Assessoria de Imprensa da PMPB\" \/>\n<meta name=\"twitter:card\" content=\"summary_large_image\" \/>\n<meta name=\"twitter:label1\" content=\"Escrito por\" \/>\n\t<meta name=\"twitter:data1\" content=\"Assessoria de Imprensa da PMPB\" \/>\n\t<meta name=\"twitter:label2\" content=\"Est. tempo de leitura\" \/>\n\t<meta name=\"twitter:data2\" content=\"1 minuto\" \/>\n<script type=\"application\/ld+json\" class=\"yoast-schema-graph\">{\"@context\":\"https:\/\/schema.org\",\"@graph\":[{\"@type\":\"Article\",\"@id\":\"https:\/\/www.pm.pb.gov.br\/portal\/2023\/01\/18\/nesta-terca-policia-militar-prende-dez-procurados-da-justica-pelos-crimes-de-homicidio-e-roubo\/#article\",\"isPartOf\":{\"@id\":\"https:\/\/www.pm.pb.gov.br\/portal\/2023\/01\/18\/nesta-terca-policia-militar-prende-dez-procurados-da-justica-pelos-crimes-de-homicidio-e-roubo\/\"},\"author\":{\"name\":\"Assessoria de Imprensa da PMPB\",\"@id\":\"https:\/\/www.pm.pb.gov.br\/portal\/#\/schema\/person\/e8454f46651c3ecf0e1ba3c1666d9947\"},\"headline\":\"Nesta ter\u00e7a: Pol\u00edcia Militar prende dez procurados da justi\u00e7a pelos crimes de homic\u00eddio e roubo\",\"datePublished\":\"2023-01-18T13:46:43+00:00\",\"dateModified\":\"2023-01-18T13:46:45+00:00\",\"mainEntityOfPage\":{\"@id\":\"https:\/\/www.pm.pb.gov.br\/portal\/2023\/01\/18\/nesta-terca-policia-militar-prende-dez-procurados-da-justica-pelos-crimes-de-homicidio-e-roubo\/\"},\"wordCount\":144,\"publisher\":{\"@id\":\"https:\/\/www.pm.pb.gov.br\/portal\/#organization\"},\"articleSection\":[\"A\u00e7\u00f5es Policiais\"],\"inLanguage\":\"pt-BR\"},{\"@type\":\"WebPage\",\"@id\":\"https:\/\/www.pm.pb.gov.br\/portal\/2023\/01\/18\/nesta-terca-policia-militar-prende-dez-procurados-da-justica-pelos-crimes-de-homicidio-e-roubo\/\",\"url\":\"https:\/\/www.pm.pb.gov.br\/portal\/2023\/01\/18\/nesta-terca-policia-militar-prende-dez-procurados-da-justica-pelos-crimes-de-homicidio-e-roubo\/\",\"name\":\"Nesta ter\u00e7a: Pol\u00edcia Militar prende dez procurados da justi\u00e7a pelos crimes de homic\u00eddio e roubo - Pol\u00edcia Militar da Para\u00edba\",\"isPartOf\":{\"@id\":\"https:\/\/www.pm.pb.gov.br\/portal\/#website\"},\"datePublished\":\"2023-01-18T13:46:43+00:00\",\"dateModified\":\"2023-01-18T13:46:45+00:00\",\"breadcrumb\":{\"@id\":\"https:\/\/www.pm.pb.gov.br\/portal\/2023\/01\/18\/nesta-terca-policia-militar-prende-dez-procurados-da-justica-pelos-crimes-de-homicidio-e-roubo\/#breadcrumb\"},\"inLanguage\":\"pt-BR\",\"potentialAction\":[{\"@type\":\"ReadAction\",\"target\":[\"https:\/\/www.pm.pb.gov.br\/portal\/2023\/01\/18\/nesta-terca-policia-militar-prende-dez-procurados-da-justica-pelos-crimes-de-homicidio-e-roubo\/\"]}]},{\"@type\":\"BreadcrumbList\",\"@id\":\"https:\/\/www.pm.pb.gov.br\/portal\/2023\/01\/18\/nesta-terca-policia-militar-prende-dez-procurados-da-justica-pelos-crimes-de-homicidio-e-roubo\/#breadcrumb\",\"itemListElement\":[{\"@type\":\"ListItem\",\"position\":1,\"name\":\"In\u00edcio\",\"item\":\"https:\/\/www.pm.pb.gov.br\/portal\/\"},{\"@type\":\"ListItem\",\"position\":2,\"name\":\"Nesta ter\u00e7a: Pol\u00edcia Militar prende dez procurados da justi\u00e7a pelos crimes de homic\u00eddio e roubo\"}]},{\"@type\":\"WebSite\",\"@id\":\"https:\/\/www.pm.pb.gov.br\/portal\/#website\",\"url\":\"https:\/\/www.pm.pb.gov.br\/portal\/\",\"name\":\"Pol\u00edcia Militar da Para\u00edba\",\"description\":\"\",\"publisher\":{\"@id\":\"https:\/\/www.pm.pb.gov.br\/portal\/#organization\"},\"potentialAction\":[{\"@type\":\"SearchAction\",\"target\":{\"@type\":\"EntryPoint\",\"urlTemplate\":\"https:\/\/www.pm.pb.gov.br\/portal\/?s={search_term_string}\"},\"query-input\":\"required name=search_term_string\"}],\"inLanguage\":\"pt-BR\"},{\"@type\":\"Organization\",\"@id\":\"https:\/\/www.pm.pb.gov.br\/portal\/#organization\",\"name\":\"Pol\u00edcia Militar da Para\u00edba\",\"url\":\"https:\/\/www.pm.pb.gov.br\/portal\/\",\"logo\":{\"@type\":\"ImageObject\",\"inLanguage\":\"pt-BR\",\"@id\":\"https:\/\/www.pm.pb.gov.br\/portal\/#\/schema\/logo\/image\/\",\"url\":\"https:\/\/www.pm.pb.gov.br\/portal\/wp-content\/uploads\/2025\/03\/cropped-logo-site-mag2-1.png\",\"contentUrl\":\"https:\/\/www.pm.pb.gov.br\/portal\/wp-content\/uploads\/2025\/03\/cropped-logo-site-mag2-1.png\",\"width\":320,\"height\":90,\"caption\":\"Pol\u00edcia Militar da Para\u00edba\"},\"image\":{\"@id\":\"https:\/\/www.pm.pb.gov.br\/portal\/#\/schema\/logo\/image\/\"}},{\"@type\":\"Person\",\"@id\":\"https:\/\/www.pm.pb.gov.br\/portal\/#\/schema\/person\/e8454f46651c3ecf0e1ba3c1666d9947\",\"name\":\"Assessoria de Imprensa da PMPB\",\"image\":{\"@type\":\"ImageObject\",\"inLanguage\":\"pt-BR\",\"@id\":\"https:\/\/www.pm.pb.gov.br\/portal\/#\/schema\/person\/image\/\",\"url\":\"https:\/\/secure.gravatar.com\/avatar\/2efe197438265d1e90bd98c4c8e1acf8?s=96&d=mm&r=g\",\"contentUrl\":\"https:\/\/secure.gravatar.com\/avatar\/2efe197438265d1e90bd98c4c8e1acf8?s=96&d=mm&r=g\",\"caption\":\"Assessoria de Imprensa da PMPB\"},\"url\":\"https:\/\/www.pm.pb.gov.br\/portal\/author\/assessoria\/\"}]}<\/script>\n<!-- \/ Yoast SEO plugin. -->","yoast_head_json":{"title":"Nesta ter\u00e7a: Pol\u00edcia Militar prende dez procurados da justi\u00e7a pelos crimes de homic\u00eddio e roubo - Pol\u00edcia Militar da Para\u00edba","robots":{"index":"index","follow":"follow","max-snippet":"max-snippet:-1","max-image-preview":"max-image-preview:large","max-video-preview":"max-video-preview:-1"},"canonical":"https:\/\/www.pm.pb.gov.br\/portal\/2023\/01\/18\/nesta-terca-policia-militar-prende-dez-procurados-da-justica-pelos-crimes-de-homicidio-e-roubo\/","og_locale":"pt_BR","og_type":"article","og_title":"Nesta ter\u00e7a: Pol\u00edcia Militar prende dez procurados da justi\u00e7a pelos crimes de homic\u00eddio e roubo - Pol\u00edcia Militar da Para\u00edba","og_description":"A Pol\u00edcia Militar cumpriu dez mandados de pris\u00e3o, nessa ter\u00e7a-feira (17), contra acusados que estavam sendo procurados pela justi\u00e7a por","og_url":"https:\/\/www.pm.pb.gov.br\/portal\/2023\/01\/18\/nesta-terca-policia-militar-prende-dez-procurados-da-justica-pelos-crimes-de-homicidio-e-roubo\/","og_site_name":"Pol\u00edcia Militar da Para\u00edba","article_published_time":"2023-01-18T13:46:43+00:00","article_modified_time":"2023-01-18T13:46:45+00:00","og_image":[{"width":1280,"height":854,"url":"http:\/\/www.pm.pb.gov.br\/portal\/wp-content\/uploads\/2020\/05\/legenda.jpg","type":"image\/jpeg"}],"author":"Assessoria de Imprensa da PMPB","twitter_card":"summary_large_image","twitter_misc":{"Escrito por":"Assessoria de Imprensa da PMPB","Est. tempo de leitura":"1 minuto"},"schema":{"@context":"https:\/\/schema.org","@graph":[{"@type":"Article","@id":"https:\/\/www.pm.pb.gov.br\/portal\/2023\/01\/18\/nesta-terca-policia-militar-prende-dez-procurados-da-justica-pelos-crimes-de-homicidio-e-roubo\/#article","isPartOf":{"@id":"https:\/\/www.pm.pb.gov.br\/portal\/2023\/01\/18\/nesta-terca-policia-militar-prende-dez-procurados-da-justica-pelos-crimes-de-homicidio-e-roubo\/"},"author":{"name":"Assessoria de Imprensa da PMPB","@id":"https:\/\/www.pm.pb.gov.br\/portal\/#\/schema\/person\/e8454f46651c3ecf0e1ba3c1666d9947"},"headline":"Nesta ter\u00e7a: Pol\u00edcia Militar prende dez procurados da justi\u00e7a pelos crimes de homic\u00eddio e roubo","datePublished":"2023-01-18T13:46:43+00:00","dateModified":"2023-01-18T13:46:45+00:00","mainEntityOfPage":{"@id":"https:\/\/www.pm.pb.gov.br\/portal\/2023\/01\/18\/nesta-terca-policia-militar-prende-dez-procurados-da-justica-pelos-crimes-de-homicidio-e-roubo\/"},"wordCount":144,"publisher":{"@id":"https:\/\/www.pm.pb.gov.br\/portal\/#organization"},"articleSection":["A\u00e7\u00f5es Policiais"],"inLanguage":"pt-BR"},{"@type":"WebPage","@id":"https:\/\/www.pm.pb.gov.br\/portal\/2023\/01\/18\/nesta-terca-policia-militar-prende-dez-procurados-da-justica-pelos-crimes-de-homicidio-e-roubo\/","url":"https:\/\/www.pm.pb.gov.br\/portal\/2023\/01\/18\/nesta-terca-policia-militar-prende-dez-procurados-da-justica-pelos-crimes-de-homicidio-e-roubo\/","name":"Nesta ter\u00e7a: Pol\u00edcia Militar prende dez procurados da justi\u00e7a pelos crimes de homic\u00eddio e roubo - Pol\u00edcia Militar da Para\u00edba","isPartOf":{"@id":"https:\/\/www.pm.pb.gov.br\/portal\/#website"},"datePublished":"2023-01-18T13:46:43+00:00","dateModified":"2023-01-18T13:46:45+00:00","breadcrumb":{"@id":"https:\/\/www.pm.pb.gov.br\/portal\/2023\/01\/18\/nesta-terca-policia-militar-prende-dez-procurados-da-justica-pelos-crimes-de-homicidio-e-roubo\/#breadcrumb"},"inLanguage":"pt-BR","potentialAction":[{"@type":"ReadAction","target":["https:\/\/www.pm.pb.gov.br\/portal\/2023\/01\/18\/nesta-terca-policia-militar-prende-dez-procurados-da-justica-pelos-crimes-de-homicidio-e-roubo\/"]}]},{"@type":"BreadcrumbList","@id":"https:\/\/www.pm.pb.gov.br\/portal\/2023\/01\/18\/nesta-terca-policia-militar-prende-dez-procurados-da-justica-pelos-crimes-de-homicidio-e-roubo\/#breadcrumb","itemListElement":[{"@type":"ListItem","position":1,"name":"In\u00edcio","item":"https:\/\/www.pm.pb.gov.br\/portal\/"},{"@type":"ListItem","position":2,"name":"Nesta ter\u00e7a: Pol\u00edcia Militar prende dez procurados da justi\u00e7a pelos crimes de homic\u00eddio e roubo"}]},{"@type":"WebSite","@id":"https:\/\/www.pm.pb.gov.br\/portal\/#website","url":"https:\/\/www.pm.pb.gov.br\/portal\/","name":"Pol\u00edcia Militar da Para\u00edba","description":"","publisher":{"@id":"https:\/\/www.pm.pb.gov.br\/portal\/#organization"},"potentialAction":[{"@type":"SearchAction","target":{"@type":"EntryPoint","urlTemplate":"https:\/\/www.pm.pb.gov.br\/portal\/?s={search_term_string}"},"query-input":"required name=search_term_string"}],"inLanguage":"pt-BR"},{"@type":"Organization","@id":"https:\/\/www.pm.pb.gov.br\/portal\/#organization","name":"Pol\u00edcia Militar da Para\u00edba","url":"https:\/\/www.pm.pb.gov.br\/portal\/","logo":{"@type":"ImageObject","inLanguage":"pt-BR","@id":"https:\/\/www.pm.pb.gov.br\/portal\/#\/schema\/logo\/image\/","url":"https:\/\/www.pm.pb.gov.br\/portal\/wp-content\/uploads\/2025\/03\/cropped-logo-site-mag2-1.png","contentUrl":"https:\/\/www.pm.pb.gov.br\/portal\/wp-content\/uploads\/2025\/03\/cropped-logo-site-mag2-1.png","width":320,"height":90,"caption":"Pol\u00edcia Militar da Para\u00edba"},"image":{"@id":"https:\/\/www.pm.pb.gov.br\/portal\/#\/schema\/logo\/image\/"}},{"@type":"Person","@id":"https:\/\/www.pm.pb.gov.br\/portal\/#\/schema\/person\/e8454f46651c3ecf0e1ba3c1666d9947","name":"Assessoria de Imprensa da PMPB","image":{"@type":"ImageObject","inLanguage":"pt-BR","@id":"https:\/\/www.pm.pb.gov.br\/portal\/#\/schema\/person\/image\/","url":"https:\/\/secure.gravatar.com\/avatar\/2efe197438265d1e90bd98c4c8e1acf8?s=96&d=mm&r=g","contentUrl":"https:\/\/secure.gravatar.com\/avatar\/2efe197438265d1e90bd98c4c8e1acf8?s=96&d=mm&r=g","caption":"Assessoria de Imprensa da PMPB"},"url":"https:\/\/www.pm.pb.gov.br\/portal\/author\/assessoria\/"}]}},"_links":{"self":[{"href":"https:\/\/www.pm.pb.gov.br\/portal\/wp-json\/wp\/v2\/posts\/915449"}],"collection":[{"href":"https:\/\/www.pm.pb.gov.br\/portal\/wp-json\/wp\/v2\/posts"}],"about":[{"href":"https:\/\/www.pm.pb.gov.br\/portal\/wp-json\/wp\/v2\/types\/post"}],"author":[{"embeddable":true,"href":"https:\/\/www.pm.pb.gov.br\/portal\/wp-json\/wp\/v2\/users\/5"}],"replies":[{"embeddable":true,"href":"https:\/\/www.pm.pb.gov.br\/portal\/wp-json\/wp\/v2\/comments?post=915449"}],"version-history":[{"count":2,"href":"https:\/\/www.pm.pb.gov.br\/portal\/wp-json\/wp\/v2\/posts\/915449\/revisions"}],"predecessor-version":[{"id":915456,"href":"https:\/\/www.pm.pb.gov.br\/portal\/wp-json\/wp\/v2\/posts\/915449\/revisions\/915456"}],"wp:featuredmedia":[{"embeddable":true,"href":"https:\/\/www.pm.pb.gov.br\/portal\/wp-json\/wp\/v2\/media\/905270"}],"wp:attachment":[{"href":"https:\/\/www.pm.pb.gov.br\/portal\/wp-json\/wp\/v2\/media?parent=915449"}],"wp:term":[{"taxonomy":"category","embeddable":true,"href":"https:\/\/www.pm.pb.gov.br\/portal\/wp-json\/wp\/v2\/categories?post=915449"},{"taxonomy":"post_tag","embeddable":true,"href":"https:\/\/www.pm.pb.gov.br\/portal\/wp-json\/wp\/v2\/tags?post=915449"}],"curies":[{"name":"wp","href":"https:\/\/api.w.org\/{rel}","templated":true}]}}