{"id":915433,"date":"2023-01-18T10:44:36","date_gmt":"2023-01-18T13:44:36","guid":{"rendered":"https:\/\/www.pm.pb.gov.br\/portal\/?p=915433"},"modified":"2023-01-18T10:44:38","modified_gmt":"2023-01-18T13:44:38","slug":"suspeito-de-trafico-e-apreendido-com-arma-e-drogas-durante-reforco-das-acoes-em-cruz-do-espirito-santo","status":"publish","type":"post","link":"https:\/\/www.pm.pb.gov.br\/portal\/2023\/01\/18\/suspeito-de-trafico-e-apreendido-com-arma-e-drogas-durante-reforco-das-acoes-em-cruz-do-espirito-santo\/","title":{"rendered":"Suspeito de tr\u00e1fico \u00e9 apreendido com arma e drogas durante refor\u00e7o das a\u00e7\u00f5es em Cruz do Esp\u00edrito Santo"},"content":{"rendered":"\n<p>A Pol\u00edcia Militar apreendeu dois rev\u00f3lveres, trinta pedras de crack, vinte e nove papelotes de maconha e dinheiro trocado, nessa ter\u00e7a-feira (17), durante as a\u00e7\u00f5es de refor\u00e7o do policiamento na cidade de Cruz do Esp\u00edrito Santo. O material estava com um jovem de 15 anos, que \u00e9 suspeito de atuar no tr\u00e1fico de drogas.  Ele foi localizado em uma casa abandonada.<br><br>A regi\u00e3o vem sendo alvo de v\u00e1rias a\u00e7\u00f5es e opera\u00e7\u00f5es da Pol\u00edcia Militar, com o objetivo de combater o tr\u00e1fico de drogas e prevenir crimes decorrentes do tr\u00e1fico, a exemplo dos homic\u00eddios. No come\u00e7o do m\u00eas, a PM j\u00e1 tinha prendido um suspeito de 24 anos que seria respons\u00e1vel por mais de dez assassinatos, no munic\u00edpio.<br><br>O jovem detido nessa ter\u00e7a-feira (17) foi levado para a delegacia seccional de Santa Rita.<br><br><\/p>\n","protected":false},"excerpt":{"rendered":"<p>A Pol\u00edcia Militar apreendeu dois rev\u00f3lveres, trinta pedras de crack, vinte e nove papelotes de maconha e dinheiro trocado, nessa<\/p>\n","protected":false},"author":5,"featured_media":915454,"comment_status":"closed","ping_status":"closed","sticky":false,"template":"","format":"standard","meta":{"_exactmetrics_skip_tracking":false,"_exactmetrics_sitenote_active":false,"_exactmetrics_sitenote_note":"","_exactmetrics_sitenote_category":0,"footnotes":""},"categories":[4],"tags":[],"yoast_head":"<!-- This site is optimized with the Yoast SEO plugin v22.0 - https:\/\/yoast.com\/wordpress\/plugins\/seo\/ -->\n<title>Suspeito de tr\u00e1fico \u00e9 apreendido com arma e drogas durante refor\u00e7o das a\u00e7\u00f5es em Cruz do Esp\u00edrito Santo - Pol\u00edcia Militar da Para\u00edba<\/title>\n<meta name=\"robots\" content=\"index, follow, max-snippet:-1, max-image-preview:large, max-video-preview:-1\" \/>\n<link rel=\"canonical\" href=\"https:\/\/www.pm.pb.gov.br\/portal\/2023\/01\/18\/suspeito-de-trafico-e-apreendido-com-arma-e-drogas-durante-reforco-das-acoes-em-cruz-do-espirito-santo\/\" \/>\n<meta property=\"og:locale\" content=\"pt_BR\" \/>\n<meta property=\"og:type\" content=\"article\" \/>\n<meta property=\"og:title\" content=\"Suspeito de tr\u00e1fico \u00e9 apreendido com arma e drogas durante refor\u00e7o das a\u00e7\u00f5es em Cruz do Esp\u00edrito Santo - Pol\u00edcia Militar da Para\u00edba\" \/>\n<meta property=\"og:description\" content=\"A Pol\u00edcia Militar apreendeu dois rev\u00f3lveres, trinta pedras de crack, vinte e nove papelotes de maconha e dinheiro trocado, nessa\" \/>\n<meta property=\"og:url\" content=\"https:\/\/www.pm.pb.gov.br\/portal\/2023\/01\/18\/suspeito-de-trafico-e-apreendido-com-arma-e-drogas-durante-reforco-das-acoes-em-cruz-do-espirito-santo\/\" \/>\n<meta property=\"og:site_name\" content=\"Pol\u00edcia Militar da Para\u00edba\" \/>\n<meta property=\"article:published_time\" content=\"2023-01-18T13:44:36+00:00\" \/>\n<meta property=\"article:modified_time\" content=\"2023-01-18T13:44:38+00:00\" \/>\n<meta property=\"og:image\" content=\"http:\/\/www.pm.pb.gov.br\/portal\/wp-content\/uploads\/2023\/01\/9d56c7e9-5699-44bb-8f5d-2699fe3dbbaa.jpg\" \/>\n\t<meta property=\"og:image:width\" content=\"1600\" \/>\n\t<meta property=\"og:image:height\" content=\"1135\" \/>\n\t<meta property=\"og:image:type\" content=\"image\/jpeg\" \/>\n<meta name=\"author\" content=\"Assessoria de Imprensa da PMPB\" \/>\n<meta name=\"twitter:card\" content=\"summary_large_image\" \/>\n<meta name=\"twitter:label1\" content=\"Escrito por\" \/>\n\t<meta name=\"twitter:data1\" content=\"Assessoria de Imprensa da PMPB\" \/>\n\t<meta name=\"twitter:label2\" content=\"Est. tempo de leitura\" \/>\n\t<meta name=\"twitter:data2\" content=\"1 minuto\" \/>\n<script type=\"application\/ld+json\" class=\"yoast-schema-graph\">{\"@context\":\"https:\/\/schema.org\",\"@graph\":[{\"@type\":\"Article\",\"@id\":\"https:\/\/www.pm.pb.gov.br\/portal\/2023\/01\/18\/suspeito-de-trafico-e-apreendido-com-arma-e-drogas-durante-reforco-das-acoes-em-cruz-do-espirito-santo\/#article\",\"isPartOf\":{\"@id\":\"https:\/\/www.pm.pb.gov.br\/portal\/2023\/01\/18\/suspeito-de-trafico-e-apreendido-com-arma-e-drogas-durante-reforco-das-acoes-em-cruz-do-espirito-santo\/\"},\"author\":{\"name\":\"Assessoria de Imprensa da PMPB\",\"@id\":\"https:\/\/www.pm.pb.gov.br\/portal\/#\/schema\/person\/e8454f46651c3ecf0e1ba3c1666d9947\"},\"headline\":\"Suspeito de tr\u00e1fico \u00e9 apreendido com arma e drogas durante refor\u00e7o das a\u00e7\u00f5es em Cruz do Esp\u00edrito Santo\",\"datePublished\":\"2023-01-18T13:44:36+00:00\",\"dateModified\":\"2023-01-18T13:44:38+00:00\",\"mainEntityOfPage\":{\"@id\":\"https:\/\/www.pm.pb.gov.br\/portal\/2023\/01\/18\/suspeito-de-trafico-e-apreendido-com-arma-e-drogas-durante-reforco-das-acoes-em-cruz-do-espirito-santo\/\"},\"wordCount\":168,\"publisher\":{\"@id\":\"https:\/\/www.pm.pb.gov.br\/portal\/#organization\"},\"articleSection\":[\"A\u00e7\u00f5es Policiais\"],\"inLanguage\":\"pt-BR\"},{\"@type\":\"WebPage\",\"@id\":\"https:\/\/www.pm.pb.gov.br\/portal\/2023\/01\/18\/suspeito-de-trafico-e-apreendido-com-arma-e-drogas-durante-reforco-das-acoes-em-cruz-do-espirito-santo\/\",\"url\":\"https:\/\/www.pm.pb.gov.br\/portal\/2023\/01\/18\/suspeito-de-trafico-e-apreendido-com-arma-e-drogas-durante-reforco-das-acoes-em-cruz-do-espirito-santo\/\",\"name\":\"Suspeito de tr\u00e1fico \u00e9 apreendido com arma e drogas durante refor\u00e7o das a\u00e7\u00f5es em Cruz do Esp\u00edrito Santo - Pol\u00edcia Militar da Para\u00edba\",\"isPartOf\":{\"@id\":\"https:\/\/www.pm.pb.gov.br\/portal\/#website\"},\"datePublished\":\"2023-01-18T13:44:36+00:00\",\"dateModified\":\"2023-01-18T13:44:38+00:00\",\"breadcrumb\":{\"@id\":\"https:\/\/www.pm.pb.gov.br\/portal\/2023\/01\/18\/suspeito-de-trafico-e-apreendido-com-arma-e-drogas-durante-reforco-das-acoes-em-cruz-do-espirito-santo\/#breadcrumb\"},\"inLanguage\":\"pt-BR\",\"potentialAction\":[{\"@type\":\"ReadAction\",\"target\":[\"https:\/\/www.pm.pb.gov.br\/portal\/2023\/01\/18\/suspeito-de-trafico-e-apreendido-com-arma-e-drogas-durante-reforco-das-acoes-em-cruz-do-espirito-santo\/\"]}]},{\"@type\":\"BreadcrumbList\",\"@id\":\"https:\/\/www.pm.pb.gov.br\/portal\/2023\/01\/18\/suspeito-de-trafico-e-apreendido-com-arma-e-drogas-durante-reforco-das-acoes-em-cruz-do-espirito-santo\/#breadcrumb\",\"itemListElement\":[{\"@type\":\"ListItem\",\"position\":1,\"name\":\"In\u00edcio\",\"item\":\"https:\/\/www.pm.pb.gov.br\/portal\/\"},{\"@type\":\"ListItem\",\"position\":2,\"name\":\"Suspeito de tr\u00e1fico \u00e9 apreendido com arma e drogas durante refor\u00e7o das a\u00e7\u00f5es em Cruz do Esp\u00edrito Santo\"}]},{\"@type\":\"WebSite\",\"@id\":\"https:\/\/www.pm.pb.gov.br\/portal\/#website\",\"url\":\"https:\/\/www.pm.pb.gov.br\/portal\/\",\"name\":\"Pol\u00edcia Militar da Para\u00edba\",\"description\":\"\",\"publisher\":{\"@id\":\"https:\/\/www.pm.pb.gov.br\/portal\/#organization\"},\"potentialAction\":[{\"@type\":\"SearchAction\",\"target\":{\"@type\":\"EntryPoint\",\"urlTemplate\":\"https:\/\/www.pm.pb.gov.br\/portal\/?s={search_term_string}\"},\"query-input\":\"required name=search_term_string\"}],\"inLanguage\":\"pt-BR\"},{\"@type\":\"Organization\",\"@id\":\"https:\/\/www.pm.pb.gov.br\/portal\/#organization\",\"name\":\"Pol\u00edcia Militar da Para\u00edba\",\"url\":\"https:\/\/www.pm.pb.gov.br\/portal\/\",\"logo\":{\"@type\":\"ImageObject\",\"inLanguage\":\"pt-BR\",\"@id\":\"https:\/\/www.pm.pb.gov.br\/portal\/#\/schema\/logo\/image\/\",\"url\":\"https:\/\/www.pm.pb.gov.br\/portal\/wp-content\/uploads\/2025\/03\/cropped-logo-site-mag2-1.png\",\"contentUrl\":\"https:\/\/www.pm.pb.gov.br\/portal\/wp-content\/uploads\/2025\/03\/cropped-logo-site-mag2-1.png\",\"width\":320,\"height\":90,\"caption\":\"Pol\u00edcia Militar da Para\u00edba\"},\"image\":{\"@id\":\"https:\/\/www.pm.pb.gov.br\/portal\/#\/schema\/logo\/image\/\"}},{\"@type\":\"Person\",\"@id\":\"https:\/\/www.pm.pb.gov.br\/portal\/#\/schema\/person\/e8454f46651c3ecf0e1ba3c1666d9947\",\"name\":\"Assessoria de Imprensa da PMPB\",\"image\":{\"@type\":\"ImageObject\",\"inLanguage\":\"pt-BR\",\"@id\":\"https:\/\/www.pm.pb.gov.br\/portal\/#\/schema\/person\/image\/\",\"url\":\"https:\/\/secure.gravatar.com\/avatar\/2efe197438265d1e90bd98c4c8e1acf8?s=96&d=mm&r=g\",\"contentUrl\":\"https:\/\/secure.gravatar.com\/avatar\/2efe197438265d1e90bd98c4c8e1acf8?s=96&d=mm&r=g\",\"caption\":\"Assessoria de Imprensa da PMPB\"},\"url\":\"https:\/\/www.pm.pb.gov.br\/portal\/author\/assessoria\/\"}]}<\/script>\n<!-- \/ Yoast SEO plugin. -->","yoast_head_json":{"title":"Suspeito de tr\u00e1fico \u00e9 apreendido com arma e drogas durante refor\u00e7o das a\u00e7\u00f5es em Cruz do Esp\u00edrito Santo - Pol\u00edcia Militar da Para\u00edba","robots":{"index":"index","follow":"follow","max-snippet":"max-snippet:-1","max-image-preview":"max-image-preview:large","max-video-preview":"max-video-preview:-1"},"canonical":"https:\/\/www.pm.pb.gov.br\/portal\/2023\/01\/18\/suspeito-de-trafico-e-apreendido-com-arma-e-drogas-durante-reforco-das-acoes-em-cruz-do-espirito-santo\/","og_locale":"pt_BR","og_type":"article","og_title":"Suspeito de tr\u00e1fico \u00e9 apreendido com arma e drogas durante refor\u00e7o das a\u00e7\u00f5es em Cruz do Esp\u00edrito Santo - Pol\u00edcia Militar da Para\u00edba","og_description":"A Pol\u00edcia Militar apreendeu dois rev\u00f3lveres, trinta pedras de crack, vinte e nove papelotes de maconha e dinheiro trocado, nessa","og_url":"https:\/\/www.pm.pb.gov.br\/portal\/2023\/01\/18\/suspeito-de-trafico-e-apreendido-com-arma-e-drogas-durante-reforco-das-acoes-em-cruz-do-espirito-santo\/","og_site_name":"Pol\u00edcia Militar da Para\u00edba","article_published_time":"2023-01-18T13:44:36+00:00","article_modified_time":"2023-01-18T13:44:38+00:00","og_image":[{"width":1600,"height":1135,"url":"http:\/\/www.pm.pb.gov.br\/portal\/wp-content\/uploads\/2023\/01\/9d56c7e9-5699-44bb-8f5d-2699fe3dbbaa.jpg","type":"image\/jpeg"}],"author":"Assessoria de Imprensa da PMPB","twitter_card":"summary_large_image","twitter_misc":{"Escrito por":"Assessoria de Imprensa da PMPB","Est. tempo de leitura":"1 minuto"},"schema":{"@context":"https:\/\/schema.org","@graph":[{"@type":"Article","@id":"https:\/\/www.pm.pb.gov.br\/portal\/2023\/01\/18\/suspeito-de-trafico-e-apreendido-com-arma-e-drogas-durante-reforco-das-acoes-em-cruz-do-espirito-santo\/#article","isPartOf":{"@id":"https:\/\/www.pm.pb.gov.br\/portal\/2023\/01\/18\/suspeito-de-trafico-e-apreendido-com-arma-e-drogas-durante-reforco-das-acoes-em-cruz-do-espirito-santo\/"},"author":{"name":"Assessoria de Imprensa da PMPB","@id":"https:\/\/www.pm.pb.gov.br\/portal\/#\/schema\/person\/e8454f46651c3ecf0e1ba3c1666d9947"},"headline":"Suspeito de tr\u00e1fico \u00e9 apreendido com arma e drogas durante refor\u00e7o das a\u00e7\u00f5es em Cruz do Esp\u00edrito Santo","datePublished":"2023-01-18T13:44:36+00:00","dateModified":"2023-01-18T13:44:38+00:00","mainEntityOfPage":{"@id":"https:\/\/www.pm.pb.gov.br\/portal\/2023\/01\/18\/suspeito-de-trafico-e-apreendido-com-arma-e-drogas-durante-reforco-das-acoes-em-cruz-do-espirito-santo\/"},"wordCount":168,"publisher":{"@id":"https:\/\/www.pm.pb.gov.br\/portal\/#organization"},"articleSection":["A\u00e7\u00f5es Policiais"],"inLanguage":"pt-BR"},{"@type":"WebPage","@id":"https:\/\/www.pm.pb.gov.br\/portal\/2023\/01\/18\/suspeito-de-trafico-e-apreendido-com-arma-e-drogas-durante-reforco-das-acoes-em-cruz-do-espirito-santo\/","url":"https:\/\/www.pm.pb.gov.br\/portal\/2023\/01\/18\/suspeito-de-trafico-e-apreendido-com-arma-e-drogas-durante-reforco-das-acoes-em-cruz-do-espirito-santo\/","name":"Suspeito de tr\u00e1fico \u00e9 apreendido com arma e drogas durante refor\u00e7o das a\u00e7\u00f5es em Cruz do Esp\u00edrito Santo - Pol\u00edcia Militar da Para\u00edba","isPartOf":{"@id":"https:\/\/www.pm.pb.gov.br\/portal\/#website"},"datePublished":"2023-01-18T13:44:36+00:00","dateModified":"2023-01-18T13:44:38+00:00","breadcrumb":{"@id":"https:\/\/www.pm.pb.gov.br\/portal\/2023\/01\/18\/suspeito-de-trafico-e-apreendido-com-arma-e-drogas-durante-reforco-das-acoes-em-cruz-do-espirito-santo\/#breadcrumb"},"inLanguage":"pt-BR","potentialAction":[{"@type":"ReadAction","target":["https:\/\/www.pm.pb.gov.br\/portal\/2023\/01\/18\/suspeito-de-trafico-e-apreendido-com-arma-e-drogas-durante-reforco-das-acoes-em-cruz-do-espirito-santo\/"]}]},{"@type":"BreadcrumbList","@id":"https:\/\/www.pm.pb.gov.br\/portal\/2023\/01\/18\/suspeito-de-trafico-e-apreendido-com-arma-e-drogas-durante-reforco-das-acoes-em-cruz-do-espirito-santo\/#breadcrumb","itemListElement":[{"@type":"ListItem","position":1,"name":"In\u00edcio","item":"https:\/\/www.pm.pb.gov.br\/portal\/"},{"@type":"ListItem","position":2,"name":"Suspeito de tr\u00e1fico \u00e9 apreendido com arma e drogas durante refor\u00e7o das a\u00e7\u00f5es em Cruz do Esp\u00edrito Santo"}]},{"@type":"WebSite","@id":"https:\/\/www.pm.pb.gov.br\/portal\/#website","url":"https:\/\/www.pm.pb.gov.br\/portal\/","name":"Pol\u00edcia Militar da Para\u00edba","description":"","publisher":{"@id":"https:\/\/www.pm.pb.gov.br\/portal\/#organization"},"potentialAction":[{"@type":"SearchAction","target":{"@type":"EntryPoint","urlTemplate":"https:\/\/www.pm.pb.gov.br\/portal\/?s={search_term_string}"},"query-input":"required name=search_term_string"}],"inLanguage":"pt-BR"},{"@type":"Organization","@id":"https:\/\/www.pm.pb.gov.br\/portal\/#organization","name":"Pol\u00edcia Militar da Para\u00edba","url":"https:\/\/www.pm.pb.gov.br\/portal\/","logo":{"@type":"ImageObject","inLanguage":"pt-BR","@id":"https:\/\/www.pm.pb.gov.br\/portal\/#\/schema\/logo\/image\/","url":"https:\/\/www.pm.pb.gov.br\/portal\/wp-content\/uploads\/2025\/03\/cropped-logo-site-mag2-1.png","contentUrl":"https:\/\/www.pm.pb.gov.br\/portal\/wp-content\/uploads\/2025\/03\/cropped-logo-site-mag2-1.png","width":320,"height":90,"caption":"Pol\u00edcia Militar da Para\u00edba"},"image":{"@id":"https:\/\/www.pm.pb.gov.br\/portal\/#\/schema\/logo\/image\/"}},{"@type":"Person","@id":"https:\/\/www.pm.pb.gov.br\/portal\/#\/schema\/person\/e8454f46651c3ecf0e1ba3c1666d9947","name":"Assessoria de Imprensa da PMPB","image":{"@type":"ImageObject","inLanguage":"pt-BR","@id":"https:\/\/www.pm.pb.gov.br\/portal\/#\/schema\/person\/image\/","url":"https:\/\/secure.gravatar.com\/avatar\/2efe197438265d1e90bd98c4c8e1acf8?s=96&d=mm&r=g","contentUrl":"https:\/\/secure.gravatar.com\/avatar\/2efe197438265d1e90bd98c4c8e1acf8?s=96&d=mm&r=g","caption":"Assessoria de Imprensa da PMPB"},"url":"https:\/\/www.pm.pb.gov.br\/portal\/author\/assessoria\/"}]}},"_links":{"self":[{"href":"https:\/\/www.pm.pb.gov.br\/portal\/wp-json\/wp\/v2\/posts\/915433"}],"collection":[{"href":"https:\/\/www.pm.pb.gov.br\/portal\/wp-json\/wp\/v2\/posts"}],"about":[{"href":"https:\/\/www.pm.pb.gov.br\/portal\/wp-json\/wp\/v2\/types\/post"}],"author":[{"embeddable":true,"href":"https:\/\/www.pm.pb.gov.br\/portal\/wp-json\/wp\/v2\/users\/5"}],"replies":[{"embeddable":true,"href":"https:\/\/www.pm.pb.gov.br\/portal\/wp-json\/wp\/v2\/comments?post=915433"}],"version-history":[{"count":2,"href":"https:\/\/www.pm.pb.gov.br\/portal\/wp-json\/wp\/v2\/posts\/915433\/revisions"}],"predecessor-version":[{"id":915455,"href":"https:\/\/www.pm.pb.gov.br\/portal\/wp-json\/wp\/v2\/posts\/915433\/revisions\/915455"}],"wp:featuredmedia":[{"embeddable":true,"href":"https:\/\/www.pm.pb.gov.br\/portal\/wp-json\/wp\/v2\/media\/915454"}],"wp:attachment":[{"href":"https:\/\/www.pm.pb.gov.br\/portal\/wp-json\/wp\/v2\/media?parent=915433"}],"wp:term":[{"taxonomy":"category","embeddable":true,"href":"https:\/\/www.pm.pb.gov.br\/portal\/wp-json\/wp\/v2\/categories?post=915433"},{"taxonomy":"post_tag","embeddable":true,"href":"https:\/\/www.pm.pb.gov.br\/portal\/wp-json\/wp\/v2\/tags?post=915433"}],"curies":[{"name":"wp","href":"https:\/\/api.w.org\/{rel}","templated":true}]}}