{"id":915401,"date":"2023-01-11T22:18:31","date_gmt":"2023-01-12T01:18:31","guid":{"rendered":"https:\/\/www.pm.pb.gov.br\/portal\/?p=915401"},"modified":"2023-01-11T22:18:35","modified_gmt":"2023-01-12T01:18:35","slug":"policiais-paraibanos-embarcam-para-auxiliar-no-reforco-da-seguranca-em-brasilia","status":"publish","type":"post","link":"https:\/\/www.pm.pb.gov.br\/portal\/2023\/01\/11\/policiais-paraibanos-embarcam-para-auxiliar-no-reforco-da-seguranca-em-brasilia\/","title":{"rendered":"<strong>Policiais paraibanos embarcam para auxiliar no refor\u00e7o da seguran\u00e7a em Bras\u00edlia<\/strong>"},"content":{"rendered":"\n<p>O Governo da Para\u00edba embarcou, nesta quarta-feira (11), os 30 policiais da Tropa de Choque da Pol\u00edcia Militar para auxiliar no refor\u00e7o da seguran\u00e7a em Bras\u00edlia (foto acima). Eles possuem alto n\u00edvel de conhecimentos t\u00e9cnico e t\u00e1tico no controle de dist\u00farbios civis e devem atuar na prote\u00e7\u00e3o da Esplanada dos Minist\u00e9rios e da Pra\u00e7a dos Tr\u00eas Poderes, juntamente com policiais de outros nove estados.<\/p>\n<p><img loading=\"lazy\" decoding=\"async\" class=\" wp-image-915403 aligncenter\" src=\"http:\/\/www.pm.pb.gov.br\/portal\/wp-content\/uploads\/2023\/01\/embarque2-668x445.jpg\" alt=\"\" width=\"573\" height=\"382\" srcset=\"https:\/\/www.pm.pb.gov.br\/portal\/wp-content\/uploads\/2023\/01\/embarque2-668x445.jpg 668w, https:\/\/www.pm.pb.gov.br\/portal\/wp-content\/uploads\/2023\/01\/embarque2-768x512.jpg 768w, https:\/\/www.pm.pb.gov.br\/portal\/wp-content\/uploads\/2023\/01\/embarque2-272x182.jpg 272w, https:\/\/www.pm.pb.gov.br\/portal\/wp-content\/uploads\/2023\/01\/embarque2.jpg 800w\" sizes=\"(max-width: 573px) 100vw, 573px\" \/><br \/>Eles embarcaram em um avi\u00e3o da For\u00e7a A\u00e9rea Brasileira (FAB), por volta das 16h30, no Aeroporto Castro Pinto.\u00a0\u00a0Ainda no domingo (8), logo ap\u00f3s os ataques \u00e0s sedes dos tr\u00eas poderes da Rep\u00fablica do Brasil, o governador Jo\u00e3o Azev\u00eado anunciou a autoriza\u00e7\u00e3o, a pedido do Governo Federal, do envio de refor\u00e7o \u201cpara ajudar as for\u00e7as de seguran\u00e7a nacional a manter a ordem, proteger as institui\u00e7\u00f5es e o patrim\u00f4nio p\u00fablico, bem como combater o vandalismo e o terrorismo no Distrito Federal\u201d.\u00a0<br \/><br \/>Logo ap\u00f3s o embarque dos policiais, em suas redes sociais, o governador Jo\u00e3o Azev\u00eado destacou que \u201ca Para\u00edba \u00e9 solid\u00e1ria a todo e qualquer esfor\u00e7o pela prote\u00e7\u00e3o da nossa democracia\u201d.<\/p>\n<p><img loading=\"lazy\" decoding=\"async\" class=\" wp-image-915404 aligncenter\" src=\"http:\/\/www.pm.pb.gov.br\/portal\/wp-content\/uploads\/2023\/01\/embarque3-668x445.jpg\" alt=\"\" width=\"566\" height=\"377\" srcset=\"https:\/\/www.pm.pb.gov.br\/portal\/wp-content\/uploads\/2023\/01\/embarque3-668x445.jpg 668w, https:\/\/www.pm.pb.gov.br\/portal\/wp-content\/uploads\/2023\/01\/embarque3-768x512.jpg 768w, https:\/\/www.pm.pb.gov.br\/portal\/wp-content\/uploads\/2023\/01\/embarque3-272x182.jpg 272w, https:\/\/www.pm.pb.gov.br\/portal\/wp-content\/uploads\/2023\/01\/embarque3.jpg 800w\" sizes=\"(max-width: 566px) 100vw, 566px\" \/><br \/>O embarque foi acompanhado pelo secret\u00e1rio de Seguran\u00e7a e Defesa Social, Jean Nunes, pelos comandantes-gerais da Pol\u00edcia Militar, coronel S\u00e9rgio Fonseca, e do Corpo de Bombeiros Militar, coronel Marcelo Ara\u00fajo, e pelo delegado-geral da Pol\u00edcia Civil, Andr\u00e9 Rabelo, al\u00e9m do secret\u00e1rio da Administra\u00e7\u00e3o Penitenci\u00e1ria, Jo\u00e3o Alves.<br \/>A efetiva\u00e7\u00e3o da mobiliza\u00e7\u00e3o dos policiais dos estados foi feita atrav\u00e9s de portaria do Minist\u00e9rio da Justi\u00e7a e Seguran\u00e7a P\u00fablica. Eles ser\u00e3o empregados na For\u00e7a Nacional de Seguran\u00e7a P\u00fablica at\u00e9 o pr\u00f3ximo dia 31, de acordo com o documento.<\/p>\n\n\n","protected":false},"excerpt":{"rendered":"<p>O Governo da Para\u00edba embarcou, nesta quarta-feira (11), os 30 policiais da Tropa de Choque da Pol\u00edcia Militar para auxiliar<\/p>\n","protected":false},"author":12,"featured_media":915402,"comment_status":"closed","ping_status":"closed","sticky":false,"template":"","format":"standard","meta":{"_exactmetrics_skip_tracking":false,"_exactmetrics_sitenote_active":false,"_exactmetrics_sitenote_note":"","_exactmetrics_sitenote_category":0,"footnotes":""},"categories":[4],"tags":[],"yoast_head":"<!-- This site is optimized with the Yoast SEO plugin v22.0 - https:\/\/yoast.com\/wordpress\/plugins\/seo\/ -->\n<title>Policiais paraibanos embarcam para auxiliar no refor\u00e7o da seguran\u00e7a em Bras\u00edlia - Pol\u00edcia Militar da Para\u00edba<\/title>\n<meta name=\"robots\" content=\"index, follow, max-snippet:-1, max-image-preview:large, max-video-preview:-1\" \/>\n<link rel=\"canonical\" href=\"https:\/\/www.pm.pb.gov.br\/portal\/2023\/01\/11\/policiais-paraibanos-embarcam-para-auxiliar-no-reforco-da-seguranca-em-brasilia\/\" \/>\n<meta property=\"og:locale\" content=\"pt_BR\" \/>\n<meta property=\"og:type\" content=\"article\" \/>\n<meta property=\"og:title\" content=\"Policiais paraibanos embarcam para auxiliar no refor\u00e7o da seguran\u00e7a em Bras\u00edlia - Pol\u00edcia Militar da Para\u00edba\" \/>\n<meta property=\"og:description\" content=\"O Governo da Para\u00edba embarcou, nesta quarta-feira (11), os 30 policiais da Tropa de Choque da Pol\u00edcia Militar para auxiliar\" \/>\n<meta property=\"og:url\" content=\"https:\/\/www.pm.pb.gov.br\/portal\/2023\/01\/11\/policiais-paraibanos-embarcam-para-auxiliar-no-reforco-da-seguranca-em-brasilia\/\" \/>\n<meta property=\"og:site_name\" content=\"Pol\u00edcia Militar da Para\u00edba\" \/>\n<meta property=\"article:published_time\" content=\"2023-01-12T01:18:31+00:00\" \/>\n<meta property=\"article:modified_time\" content=\"2023-01-12T01:18:35+00:00\" \/>\n<meta property=\"og:image\" content=\"http:\/\/www.pm.pb.gov.br\/portal\/wp-content\/uploads\/2023\/01\/embarque.jpg\" \/>\n\t<meta property=\"og:image:width\" content=\"800\" \/>\n\t<meta property=\"og:image:height\" content=\"445\" \/>\n\t<meta property=\"og:image:type\" content=\"image\/jpeg\" \/>\n<meta name=\"author\" content=\"Tarcisio Oliveira\" \/>\n<meta name=\"twitter:card\" content=\"summary_large_image\" \/>\n<meta name=\"twitter:label1\" content=\"Escrito por\" \/>\n\t<meta name=\"twitter:data1\" content=\"Tarcisio Oliveira\" \/>\n\t<meta name=\"twitter:label2\" content=\"Est. tempo de leitura\" \/>\n\t<meta name=\"twitter:data2\" content=\"2 minutos\" \/>\n<script type=\"application\/ld+json\" class=\"yoast-schema-graph\">{\"@context\":\"https:\/\/schema.org\",\"@graph\":[{\"@type\":\"Article\",\"@id\":\"https:\/\/www.pm.pb.gov.br\/portal\/2023\/01\/11\/policiais-paraibanos-embarcam-para-auxiliar-no-reforco-da-seguranca-em-brasilia\/#article\",\"isPartOf\":{\"@id\":\"https:\/\/www.pm.pb.gov.br\/portal\/2023\/01\/11\/policiais-paraibanos-embarcam-para-auxiliar-no-reforco-da-seguranca-em-brasilia\/\"},\"author\":{\"name\":\"Tarcisio Oliveira\",\"@id\":\"https:\/\/www.pm.pb.gov.br\/portal\/#\/schema\/person\/f84f56dcc78ce4357054da888b8247fd\"},\"headline\":\"Policiais paraibanos embarcam para auxiliar no refor\u00e7o da seguran\u00e7a em Bras\u00edlia\",\"datePublished\":\"2023-01-12T01:18:31+00:00\",\"dateModified\":\"2023-01-12T01:18:35+00:00\",\"mainEntityOfPage\":{\"@id\":\"https:\/\/www.pm.pb.gov.br\/portal\/2023\/01\/11\/policiais-paraibanos-embarcam-para-auxiliar-no-reforco-da-seguranca-em-brasilia\/\"},\"wordCount\":326,\"publisher\":{\"@id\":\"https:\/\/www.pm.pb.gov.br\/portal\/#organization\"},\"articleSection\":[\"A\u00e7\u00f5es Policiais\"],\"inLanguage\":\"pt-BR\"},{\"@type\":\"WebPage\",\"@id\":\"https:\/\/www.pm.pb.gov.br\/portal\/2023\/01\/11\/policiais-paraibanos-embarcam-para-auxiliar-no-reforco-da-seguranca-em-brasilia\/\",\"url\":\"https:\/\/www.pm.pb.gov.br\/portal\/2023\/01\/11\/policiais-paraibanos-embarcam-para-auxiliar-no-reforco-da-seguranca-em-brasilia\/\",\"name\":\"Policiais paraibanos embarcam para auxiliar no refor\u00e7o da seguran\u00e7a em Bras\u00edlia - Pol\u00edcia Militar da Para\u00edba\",\"isPartOf\":{\"@id\":\"https:\/\/www.pm.pb.gov.br\/portal\/#website\"},\"datePublished\":\"2023-01-12T01:18:31+00:00\",\"dateModified\":\"2023-01-12T01:18:35+00:00\",\"breadcrumb\":{\"@id\":\"https:\/\/www.pm.pb.gov.br\/portal\/2023\/01\/11\/policiais-paraibanos-embarcam-para-auxiliar-no-reforco-da-seguranca-em-brasilia\/#breadcrumb\"},\"inLanguage\":\"pt-BR\",\"potentialAction\":[{\"@type\":\"ReadAction\",\"target\":[\"https:\/\/www.pm.pb.gov.br\/portal\/2023\/01\/11\/policiais-paraibanos-embarcam-para-auxiliar-no-reforco-da-seguranca-em-brasilia\/\"]}]},{\"@type\":\"BreadcrumbList\",\"@id\":\"https:\/\/www.pm.pb.gov.br\/portal\/2023\/01\/11\/policiais-paraibanos-embarcam-para-auxiliar-no-reforco-da-seguranca-em-brasilia\/#breadcrumb\",\"itemListElement\":[{\"@type\":\"ListItem\",\"position\":1,\"name\":\"In\u00edcio\",\"item\":\"https:\/\/www.pm.pb.gov.br\/portal\/\"},{\"@type\":\"ListItem\",\"position\":2,\"name\":\"Policiais paraibanos embarcam para auxiliar no refor\u00e7o da seguran\u00e7a em Bras\u00edlia\"}]},{\"@type\":\"WebSite\",\"@id\":\"https:\/\/www.pm.pb.gov.br\/portal\/#website\",\"url\":\"https:\/\/www.pm.pb.gov.br\/portal\/\",\"name\":\"Pol\u00edcia Militar da Para\u00edba\",\"description\":\"\",\"publisher\":{\"@id\":\"https:\/\/www.pm.pb.gov.br\/portal\/#organization\"},\"potentialAction\":[{\"@type\":\"SearchAction\",\"target\":{\"@type\":\"EntryPoint\",\"urlTemplate\":\"https:\/\/www.pm.pb.gov.br\/portal\/?s={search_term_string}\"},\"query-input\":\"required name=search_term_string\"}],\"inLanguage\":\"pt-BR\"},{\"@type\":\"Organization\",\"@id\":\"https:\/\/www.pm.pb.gov.br\/portal\/#organization\",\"name\":\"Pol\u00edcia Militar da Para\u00edba\",\"url\":\"https:\/\/www.pm.pb.gov.br\/portal\/\",\"logo\":{\"@type\":\"ImageObject\",\"inLanguage\":\"pt-BR\",\"@id\":\"https:\/\/www.pm.pb.gov.br\/portal\/#\/schema\/logo\/image\/\",\"url\":\"https:\/\/www.pm.pb.gov.br\/portal\/wp-content\/uploads\/2025\/03\/cropped-logo-site-mag2-1.png\",\"contentUrl\":\"https:\/\/www.pm.pb.gov.br\/portal\/wp-content\/uploads\/2025\/03\/cropped-logo-site-mag2-1.png\",\"width\":320,\"height\":90,\"caption\":\"Pol\u00edcia Militar da Para\u00edba\"},\"image\":{\"@id\":\"https:\/\/www.pm.pb.gov.br\/portal\/#\/schema\/logo\/image\/\"}},{\"@type\":\"Person\",\"@id\":\"https:\/\/www.pm.pb.gov.br\/portal\/#\/schema\/person\/f84f56dcc78ce4357054da888b8247fd\",\"name\":\"Tarcisio Oliveira\",\"image\":{\"@type\":\"ImageObject\",\"inLanguage\":\"pt-BR\",\"@id\":\"https:\/\/www.pm.pb.gov.br\/portal\/#\/schema\/person\/image\/\",\"url\":\"https:\/\/secure.gravatar.com\/avatar\/72917b630b69d31cd0297507f34bac97?s=96&d=mm&r=g\",\"contentUrl\":\"https:\/\/secure.gravatar.com\/avatar\/72917b630b69d31cd0297507f34bac97?s=96&d=mm&r=g\",\"caption\":\"Tarcisio Oliveira\"},\"url\":\"https:\/\/www.pm.pb.gov.br\/portal\/author\/tarcisio\/\"}]}<\/script>\n<!-- \/ Yoast SEO plugin. -->","yoast_head_json":{"title":"Policiais paraibanos embarcam para auxiliar no refor\u00e7o da seguran\u00e7a em Bras\u00edlia - Pol\u00edcia Militar da Para\u00edba","robots":{"index":"index","follow":"follow","max-snippet":"max-snippet:-1","max-image-preview":"max-image-preview:large","max-video-preview":"max-video-preview:-1"},"canonical":"https:\/\/www.pm.pb.gov.br\/portal\/2023\/01\/11\/policiais-paraibanos-embarcam-para-auxiliar-no-reforco-da-seguranca-em-brasilia\/","og_locale":"pt_BR","og_type":"article","og_title":"Policiais paraibanos embarcam para auxiliar no refor\u00e7o da seguran\u00e7a em Bras\u00edlia - Pol\u00edcia Militar da Para\u00edba","og_description":"O Governo da Para\u00edba embarcou, nesta quarta-feira (11), os 30 policiais da Tropa de Choque da Pol\u00edcia Militar para auxiliar","og_url":"https:\/\/www.pm.pb.gov.br\/portal\/2023\/01\/11\/policiais-paraibanos-embarcam-para-auxiliar-no-reforco-da-seguranca-em-brasilia\/","og_site_name":"Pol\u00edcia Militar da Para\u00edba","article_published_time":"2023-01-12T01:18:31+00:00","article_modified_time":"2023-01-12T01:18:35+00:00","og_image":[{"width":800,"height":445,"url":"http:\/\/www.pm.pb.gov.br\/portal\/wp-content\/uploads\/2023\/01\/embarque.jpg","type":"image\/jpeg"}],"author":"Tarcisio Oliveira","twitter_card":"summary_large_image","twitter_misc":{"Escrito por":"Tarcisio Oliveira","Est. tempo de leitura":"2 minutos"},"schema":{"@context":"https:\/\/schema.org","@graph":[{"@type":"Article","@id":"https:\/\/www.pm.pb.gov.br\/portal\/2023\/01\/11\/policiais-paraibanos-embarcam-para-auxiliar-no-reforco-da-seguranca-em-brasilia\/#article","isPartOf":{"@id":"https:\/\/www.pm.pb.gov.br\/portal\/2023\/01\/11\/policiais-paraibanos-embarcam-para-auxiliar-no-reforco-da-seguranca-em-brasilia\/"},"author":{"name":"Tarcisio Oliveira","@id":"https:\/\/www.pm.pb.gov.br\/portal\/#\/schema\/person\/f84f56dcc78ce4357054da888b8247fd"},"headline":"Policiais paraibanos embarcam para auxiliar no refor\u00e7o da seguran\u00e7a em Bras\u00edlia","datePublished":"2023-01-12T01:18:31+00:00","dateModified":"2023-01-12T01:18:35+00:00","mainEntityOfPage":{"@id":"https:\/\/www.pm.pb.gov.br\/portal\/2023\/01\/11\/policiais-paraibanos-embarcam-para-auxiliar-no-reforco-da-seguranca-em-brasilia\/"},"wordCount":326,"publisher":{"@id":"https:\/\/www.pm.pb.gov.br\/portal\/#organization"},"articleSection":["A\u00e7\u00f5es Policiais"],"inLanguage":"pt-BR"},{"@type":"WebPage","@id":"https:\/\/www.pm.pb.gov.br\/portal\/2023\/01\/11\/policiais-paraibanos-embarcam-para-auxiliar-no-reforco-da-seguranca-em-brasilia\/","url":"https:\/\/www.pm.pb.gov.br\/portal\/2023\/01\/11\/policiais-paraibanos-embarcam-para-auxiliar-no-reforco-da-seguranca-em-brasilia\/","name":"Policiais paraibanos embarcam para auxiliar no refor\u00e7o da seguran\u00e7a em Bras\u00edlia - Pol\u00edcia Militar da Para\u00edba","isPartOf":{"@id":"https:\/\/www.pm.pb.gov.br\/portal\/#website"},"datePublished":"2023-01-12T01:18:31+00:00","dateModified":"2023-01-12T01:18:35+00:00","breadcrumb":{"@id":"https:\/\/www.pm.pb.gov.br\/portal\/2023\/01\/11\/policiais-paraibanos-embarcam-para-auxiliar-no-reforco-da-seguranca-em-brasilia\/#breadcrumb"},"inLanguage":"pt-BR","potentialAction":[{"@type":"ReadAction","target":["https:\/\/www.pm.pb.gov.br\/portal\/2023\/01\/11\/policiais-paraibanos-embarcam-para-auxiliar-no-reforco-da-seguranca-em-brasilia\/"]}]},{"@type":"BreadcrumbList","@id":"https:\/\/www.pm.pb.gov.br\/portal\/2023\/01\/11\/policiais-paraibanos-embarcam-para-auxiliar-no-reforco-da-seguranca-em-brasilia\/#breadcrumb","itemListElement":[{"@type":"ListItem","position":1,"name":"In\u00edcio","item":"https:\/\/www.pm.pb.gov.br\/portal\/"},{"@type":"ListItem","position":2,"name":"Policiais paraibanos embarcam para auxiliar no refor\u00e7o da seguran\u00e7a em Bras\u00edlia"}]},{"@type":"WebSite","@id":"https:\/\/www.pm.pb.gov.br\/portal\/#website","url":"https:\/\/www.pm.pb.gov.br\/portal\/","name":"Pol\u00edcia Militar da Para\u00edba","description":"","publisher":{"@id":"https:\/\/www.pm.pb.gov.br\/portal\/#organization"},"potentialAction":[{"@type":"SearchAction","target":{"@type":"EntryPoint","urlTemplate":"https:\/\/www.pm.pb.gov.br\/portal\/?s={search_term_string}"},"query-input":"required name=search_term_string"}],"inLanguage":"pt-BR"},{"@type":"Organization","@id":"https:\/\/www.pm.pb.gov.br\/portal\/#organization","name":"Pol\u00edcia Militar da Para\u00edba","url":"https:\/\/www.pm.pb.gov.br\/portal\/","logo":{"@type":"ImageObject","inLanguage":"pt-BR","@id":"https:\/\/www.pm.pb.gov.br\/portal\/#\/schema\/logo\/image\/","url":"https:\/\/www.pm.pb.gov.br\/portal\/wp-content\/uploads\/2025\/03\/cropped-logo-site-mag2-1.png","contentUrl":"https:\/\/www.pm.pb.gov.br\/portal\/wp-content\/uploads\/2025\/03\/cropped-logo-site-mag2-1.png","width":320,"height":90,"caption":"Pol\u00edcia Militar da Para\u00edba"},"image":{"@id":"https:\/\/www.pm.pb.gov.br\/portal\/#\/schema\/logo\/image\/"}},{"@type":"Person","@id":"https:\/\/www.pm.pb.gov.br\/portal\/#\/schema\/person\/f84f56dcc78ce4357054da888b8247fd","name":"Tarcisio Oliveira","image":{"@type":"ImageObject","inLanguage":"pt-BR","@id":"https:\/\/www.pm.pb.gov.br\/portal\/#\/schema\/person\/image\/","url":"https:\/\/secure.gravatar.com\/avatar\/72917b630b69d31cd0297507f34bac97?s=96&d=mm&r=g","contentUrl":"https:\/\/secure.gravatar.com\/avatar\/72917b630b69d31cd0297507f34bac97?s=96&d=mm&r=g","caption":"Tarcisio Oliveira"},"url":"https:\/\/www.pm.pb.gov.br\/portal\/author\/tarcisio\/"}]}},"_links":{"self":[{"href":"https:\/\/www.pm.pb.gov.br\/portal\/wp-json\/wp\/v2\/posts\/915401"}],"collection":[{"href":"https:\/\/www.pm.pb.gov.br\/portal\/wp-json\/wp\/v2\/posts"}],"about":[{"href":"https:\/\/www.pm.pb.gov.br\/portal\/wp-json\/wp\/v2\/types\/post"}],"author":[{"embeddable":true,"href":"https:\/\/www.pm.pb.gov.br\/portal\/wp-json\/wp\/v2\/users\/12"}],"replies":[{"embeddable":true,"href":"https:\/\/www.pm.pb.gov.br\/portal\/wp-json\/wp\/v2\/comments?post=915401"}],"version-history":[{"count":1,"href":"https:\/\/www.pm.pb.gov.br\/portal\/wp-json\/wp\/v2\/posts\/915401\/revisions"}],"predecessor-version":[{"id":915405,"href":"https:\/\/www.pm.pb.gov.br\/portal\/wp-json\/wp\/v2\/posts\/915401\/revisions\/915405"}],"wp:featuredmedia":[{"embeddable":true,"href":"https:\/\/www.pm.pb.gov.br\/portal\/wp-json\/wp\/v2\/media\/915402"}],"wp:attachment":[{"href":"https:\/\/www.pm.pb.gov.br\/portal\/wp-json\/wp\/v2\/media?parent=915401"}],"wp:term":[{"taxonomy":"category","embeddable":true,"href":"https:\/\/www.pm.pb.gov.br\/portal\/wp-json\/wp\/v2\/categories?post=915401"},{"taxonomy":"post_tag","embeddable":true,"href":"https:\/\/www.pm.pb.gov.br\/portal\/wp-json\/wp\/v2\/tags?post=915401"}],"curies":[{"name":"wp","href":"https:\/\/api.w.org\/{rel}","templated":true}]}}