{"id":915393,"date":"2023-01-11T12:02:01","date_gmt":"2023-01-11T15:02:01","guid":{"rendered":"https:\/\/www.pm.pb.gov.br\/portal\/?p=915393"},"modified":"2023-01-11T12:02:04","modified_gmt":"2023-01-11T15:02:04","slug":"operacao-prende-no-sertao-da-paraiba-homem-acusado-de-estupro-em-sao-paulo","status":"publish","type":"post","link":"https:\/\/www.pm.pb.gov.br\/portal\/2023\/01\/11\/operacao-prende-no-sertao-da-paraiba-homem-acusado-de-estupro-em-sao-paulo\/","title":{"rendered":"<strong>Opera\u00e7\u00e3o prende no Sert\u00e3o da Para\u00edba homem acusado de estupro em S\u00e3o Paulo<\/strong>"},"content":{"rendered":"\n\n\n<p>Uma opera\u00e7\u00e3o das Pol\u00edcias Militar e Civil prendeu, nas primeiras horas desta quarta-feira (11), na zona rural de Vieir\u00f3polis, no Sert\u00e3o da Para\u00edba, um homem de 38 anos que estava sendo procurado pela justi\u00e7a de S\u00e3o Paulo, desde 2018, onde ele \u00e9 acusado de estuprar uma jovem de 19 anos que estava indo ao trabalho (foto acima ilustrativa).<\/p>\n<p>O crime aconteceu na cidade paulista de Suzano, em mar\u00e7o de 2018. Ap\u00f3s o estupro, ele fugiu para a Para\u00edba e tentou levar uma vida acima de qualquer suspeita, n\u00e3o deixando transparecer que ele era um procurado da justi\u00e7a. Ao ser preso pelas equipes da 6\u00aa Companhia do Batalh\u00e3o de Opera\u00e7\u00f5es Especiais (BOPE), sob o comando do major Feitosa, e da Delegacia Especializada de Atendimento \u00e0 Mulher de Sousa, sob a coordena\u00e7\u00e3o da delegada Patr\u00edcia Forny, o acusado confessou o crime.\u00a0<\/p>\n<p>Ele foi levado para a Delegacia Especializada de Atendimento \u00e0 Mulher, em Sousa. A pris\u00e3o dele \u00e9 resultado de investiga\u00e7\u00f5es que duraram tr\u00eas anos.<\/p>\n","protected":false},"excerpt":{"rendered":"<p>Uma opera\u00e7\u00e3o das Pol\u00edcias Militar e Civil prendeu, nas primeiras horas desta quarta-feira (11), na zona rural de Vieir\u00f3polis, no<\/p>\n","protected":false},"author":12,"featured_media":915350,"comment_status":"closed","ping_status":"closed","sticky":false,"template":"","format":"standard","meta":{"_exactmetrics_skip_tracking":false,"_exactmetrics_sitenote_active":false,"_exactmetrics_sitenote_note":"","_exactmetrics_sitenote_category":0,"footnotes":""},"categories":[4],"tags":[],"yoast_head":"<!-- This site is optimized with the Yoast SEO plugin v22.0 - https:\/\/yoast.com\/wordpress\/plugins\/seo\/ -->\n<title>Opera\u00e7\u00e3o prende no Sert\u00e3o da Para\u00edba homem acusado de estupro em S\u00e3o Paulo - Pol\u00edcia Militar da Para\u00edba<\/title>\n<meta name=\"robots\" content=\"index, follow, max-snippet:-1, max-image-preview:large, max-video-preview:-1\" \/>\n<link rel=\"canonical\" href=\"https:\/\/www.pm.pb.gov.br\/portal\/2023\/01\/11\/operacao-prende-no-sertao-da-paraiba-homem-acusado-de-estupro-em-sao-paulo\/\" \/>\n<meta property=\"og:locale\" content=\"pt_BR\" \/>\n<meta property=\"og:type\" content=\"article\" \/>\n<meta property=\"og:title\" content=\"Opera\u00e7\u00e3o prende no Sert\u00e3o da Para\u00edba homem acusado de estupro em S\u00e3o Paulo - Pol\u00edcia Militar da Para\u00edba\" \/>\n<meta property=\"og:description\" content=\"Uma opera\u00e7\u00e3o das Pol\u00edcias Militar e Civil prendeu, nas primeiras horas desta quarta-feira (11), na zona rural de Vieir\u00f3polis, no\" \/>\n<meta property=\"og:url\" content=\"https:\/\/www.pm.pb.gov.br\/portal\/2023\/01\/11\/operacao-prende-no-sertao-da-paraiba-homem-acusado-de-estupro-em-sao-paulo\/\" \/>\n<meta property=\"og:site_name\" content=\"Pol\u00edcia Militar da Para\u00edba\" \/>\n<meta property=\"article:published_time\" content=\"2023-01-11T15:02:01+00:00\" \/>\n<meta property=\"article:modified_time\" content=\"2023-01-11T15:02:04+00:00\" \/>\n<meta property=\"og:image\" content=\"http:\/\/www.pm.pb.gov.br\/portal\/wp-content\/uploads\/2023\/01\/bopes.jpeg\" \/>\n\t<meta property=\"og:image:width\" content=\"800\" \/>\n\t<meta property=\"og:image:height\" content=\"445\" \/>\n\t<meta property=\"og:image:type\" content=\"image\/jpeg\" \/>\n<meta name=\"author\" content=\"Tarcisio Oliveira\" \/>\n<meta name=\"twitter:card\" content=\"summary_large_image\" \/>\n<meta name=\"twitter:label1\" content=\"Escrito por\" \/>\n\t<meta name=\"twitter:data1\" content=\"Tarcisio Oliveira\" \/>\n\t<meta name=\"twitter:label2\" content=\"Est. tempo de leitura\" \/>\n\t<meta name=\"twitter:data2\" content=\"1 minuto\" \/>\n<script type=\"application\/ld+json\" class=\"yoast-schema-graph\">{\"@context\":\"https:\/\/schema.org\",\"@graph\":[{\"@type\":\"Article\",\"@id\":\"https:\/\/www.pm.pb.gov.br\/portal\/2023\/01\/11\/operacao-prende-no-sertao-da-paraiba-homem-acusado-de-estupro-em-sao-paulo\/#article\",\"isPartOf\":{\"@id\":\"https:\/\/www.pm.pb.gov.br\/portal\/2023\/01\/11\/operacao-prende-no-sertao-da-paraiba-homem-acusado-de-estupro-em-sao-paulo\/\"},\"author\":{\"name\":\"Tarcisio Oliveira\",\"@id\":\"https:\/\/www.pm.pb.gov.br\/portal\/#\/schema\/person\/f84f56dcc78ce4357054da888b8247fd\"},\"headline\":\"Opera\u00e7\u00e3o prende no Sert\u00e3o da Para\u00edba homem acusado de estupro em S\u00e3o Paulo\",\"datePublished\":\"2023-01-11T15:02:01+00:00\",\"dateModified\":\"2023-01-11T15:02:04+00:00\",\"mainEntityOfPage\":{\"@id\":\"https:\/\/www.pm.pb.gov.br\/portal\/2023\/01\/11\/operacao-prende-no-sertao-da-paraiba-homem-acusado-de-estupro-em-sao-paulo\/\"},\"wordCount\":189,\"publisher\":{\"@id\":\"https:\/\/www.pm.pb.gov.br\/portal\/#organization\"},\"articleSection\":[\"A\u00e7\u00f5es Policiais\"],\"inLanguage\":\"pt-BR\"},{\"@type\":\"WebPage\",\"@id\":\"https:\/\/www.pm.pb.gov.br\/portal\/2023\/01\/11\/operacao-prende-no-sertao-da-paraiba-homem-acusado-de-estupro-em-sao-paulo\/\",\"url\":\"https:\/\/www.pm.pb.gov.br\/portal\/2023\/01\/11\/operacao-prende-no-sertao-da-paraiba-homem-acusado-de-estupro-em-sao-paulo\/\",\"name\":\"Opera\u00e7\u00e3o prende no Sert\u00e3o da Para\u00edba homem acusado de estupro em S\u00e3o Paulo - Pol\u00edcia Militar da Para\u00edba\",\"isPartOf\":{\"@id\":\"https:\/\/www.pm.pb.gov.br\/portal\/#website\"},\"datePublished\":\"2023-01-11T15:02:01+00:00\",\"dateModified\":\"2023-01-11T15:02:04+00:00\",\"breadcrumb\":{\"@id\":\"https:\/\/www.pm.pb.gov.br\/portal\/2023\/01\/11\/operacao-prende-no-sertao-da-paraiba-homem-acusado-de-estupro-em-sao-paulo\/#breadcrumb\"},\"inLanguage\":\"pt-BR\",\"potentialAction\":[{\"@type\":\"ReadAction\",\"target\":[\"https:\/\/www.pm.pb.gov.br\/portal\/2023\/01\/11\/operacao-prende-no-sertao-da-paraiba-homem-acusado-de-estupro-em-sao-paulo\/\"]}]},{\"@type\":\"BreadcrumbList\",\"@id\":\"https:\/\/www.pm.pb.gov.br\/portal\/2023\/01\/11\/operacao-prende-no-sertao-da-paraiba-homem-acusado-de-estupro-em-sao-paulo\/#breadcrumb\",\"itemListElement\":[{\"@type\":\"ListItem\",\"position\":1,\"name\":\"In\u00edcio\",\"item\":\"https:\/\/www.pm.pb.gov.br\/portal\/\"},{\"@type\":\"ListItem\",\"position\":2,\"name\":\"Opera\u00e7\u00e3o prende no Sert\u00e3o da Para\u00edba homem acusado de estupro em S\u00e3o Paulo\"}]},{\"@type\":\"WebSite\",\"@id\":\"https:\/\/www.pm.pb.gov.br\/portal\/#website\",\"url\":\"https:\/\/www.pm.pb.gov.br\/portal\/\",\"name\":\"Pol\u00edcia Militar da Para\u00edba\",\"description\":\"\",\"publisher\":{\"@id\":\"https:\/\/www.pm.pb.gov.br\/portal\/#organization\"},\"potentialAction\":[{\"@type\":\"SearchAction\",\"target\":{\"@type\":\"EntryPoint\",\"urlTemplate\":\"https:\/\/www.pm.pb.gov.br\/portal\/?s={search_term_string}\"},\"query-input\":\"required name=search_term_string\"}],\"inLanguage\":\"pt-BR\"},{\"@type\":\"Organization\",\"@id\":\"https:\/\/www.pm.pb.gov.br\/portal\/#organization\",\"name\":\"Pol\u00edcia Militar da Para\u00edba\",\"url\":\"https:\/\/www.pm.pb.gov.br\/portal\/\",\"logo\":{\"@type\":\"ImageObject\",\"inLanguage\":\"pt-BR\",\"@id\":\"https:\/\/www.pm.pb.gov.br\/portal\/#\/schema\/logo\/image\/\",\"url\":\"https:\/\/www.pm.pb.gov.br\/portal\/wp-content\/uploads\/2025\/03\/cropped-logo-site-mag2-1.png\",\"contentUrl\":\"https:\/\/www.pm.pb.gov.br\/portal\/wp-content\/uploads\/2025\/03\/cropped-logo-site-mag2-1.png\",\"width\":320,\"height\":90,\"caption\":\"Pol\u00edcia Militar da Para\u00edba\"},\"image\":{\"@id\":\"https:\/\/www.pm.pb.gov.br\/portal\/#\/schema\/logo\/image\/\"}},{\"@type\":\"Person\",\"@id\":\"https:\/\/www.pm.pb.gov.br\/portal\/#\/schema\/person\/f84f56dcc78ce4357054da888b8247fd\",\"name\":\"Tarcisio Oliveira\",\"image\":{\"@type\":\"ImageObject\",\"inLanguage\":\"pt-BR\",\"@id\":\"https:\/\/www.pm.pb.gov.br\/portal\/#\/schema\/person\/image\/\",\"url\":\"https:\/\/secure.gravatar.com\/avatar\/72917b630b69d31cd0297507f34bac97?s=96&d=mm&r=g\",\"contentUrl\":\"https:\/\/secure.gravatar.com\/avatar\/72917b630b69d31cd0297507f34bac97?s=96&d=mm&r=g\",\"caption\":\"Tarcisio Oliveira\"},\"url\":\"https:\/\/www.pm.pb.gov.br\/portal\/author\/tarcisio\/\"}]}<\/script>\n<!-- \/ Yoast SEO plugin. -->","yoast_head_json":{"title":"Opera\u00e7\u00e3o prende no Sert\u00e3o da Para\u00edba homem acusado de estupro em S\u00e3o Paulo - Pol\u00edcia Militar da Para\u00edba","robots":{"index":"index","follow":"follow","max-snippet":"max-snippet:-1","max-image-preview":"max-image-preview:large","max-video-preview":"max-video-preview:-1"},"canonical":"https:\/\/www.pm.pb.gov.br\/portal\/2023\/01\/11\/operacao-prende-no-sertao-da-paraiba-homem-acusado-de-estupro-em-sao-paulo\/","og_locale":"pt_BR","og_type":"article","og_title":"Opera\u00e7\u00e3o prende no Sert\u00e3o da Para\u00edba homem acusado de estupro em S\u00e3o Paulo - Pol\u00edcia Militar da Para\u00edba","og_description":"Uma opera\u00e7\u00e3o das Pol\u00edcias Militar e Civil prendeu, nas primeiras horas desta quarta-feira (11), na zona rural de Vieir\u00f3polis, no","og_url":"https:\/\/www.pm.pb.gov.br\/portal\/2023\/01\/11\/operacao-prende-no-sertao-da-paraiba-homem-acusado-de-estupro-em-sao-paulo\/","og_site_name":"Pol\u00edcia Militar da Para\u00edba","article_published_time":"2023-01-11T15:02:01+00:00","article_modified_time":"2023-01-11T15:02:04+00:00","og_image":[{"width":800,"height":445,"url":"http:\/\/www.pm.pb.gov.br\/portal\/wp-content\/uploads\/2023\/01\/bopes.jpeg","type":"image\/jpeg"}],"author":"Tarcisio Oliveira","twitter_card":"summary_large_image","twitter_misc":{"Escrito por":"Tarcisio Oliveira","Est. tempo de leitura":"1 minuto"},"schema":{"@context":"https:\/\/schema.org","@graph":[{"@type":"Article","@id":"https:\/\/www.pm.pb.gov.br\/portal\/2023\/01\/11\/operacao-prende-no-sertao-da-paraiba-homem-acusado-de-estupro-em-sao-paulo\/#article","isPartOf":{"@id":"https:\/\/www.pm.pb.gov.br\/portal\/2023\/01\/11\/operacao-prende-no-sertao-da-paraiba-homem-acusado-de-estupro-em-sao-paulo\/"},"author":{"name":"Tarcisio Oliveira","@id":"https:\/\/www.pm.pb.gov.br\/portal\/#\/schema\/person\/f84f56dcc78ce4357054da888b8247fd"},"headline":"Opera\u00e7\u00e3o prende no Sert\u00e3o da Para\u00edba homem acusado de estupro em S\u00e3o Paulo","datePublished":"2023-01-11T15:02:01+00:00","dateModified":"2023-01-11T15:02:04+00:00","mainEntityOfPage":{"@id":"https:\/\/www.pm.pb.gov.br\/portal\/2023\/01\/11\/operacao-prende-no-sertao-da-paraiba-homem-acusado-de-estupro-em-sao-paulo\/"},"wordCount":189,"publisher":{"@id":"https:\/\/www.pm.pb.gov.br\/portal\/#organization"},"articleSection":["A\u00e7\u00f5es Policiais"],"inLanguage":"pt-BR"},{"@type":"WebPage","@id":"https:\/\/www.pm.pb.gov.br\/portal\/2023\/01\/11\/operacao-prende-no-sertao-da-paraiba-homem-acusado-de-estupro-em-sao-paulo\/","url":"https:\/\/www.pm.pb.gov.br\/portal\/2023\/01\/11\/operacao-prende-no-sertao-da-paraiba-homem-acusado-de-estupro-em-sao-paulo\/","name":"Opera\u00e7\u00e3o prende no Sert\u00e3o da Para\u00edba homem acusado de estupro em S\u00e3o Paulo - Pol\u00edcia Militar da Para\u00edba","isPartOf":{"@id":"https:\/\/www.pm.pb.gov.br\/portal\/#website"},"datePublished":"2023-01-11T15:02:01+00:00","dateModified":"2023-01-11T15:02:04+00:00","breadcrumb":{"@id":"https:\/\/www.pm.pb.gov.br\/portal\/2023\/01\/11\/operacao-prende-no-sertao-da-paraiba-homem-acusado-de-estupro-em-sao-paulo\/#breadcrumb"},"inLanguage":"pt-BR","potentialAction":[{"@type":"ReadAction","target":["https:\/\/www.pm.pb.gov.br\/portal\/2023\/01\/11\/operacao-prende-no-sertao-da-paraiba-homem-acusado-de-estupro-em-sao-paulo\/"]}]},{"@type":"BreadcrumbList","@id":"https:\/\/www.pm.pb.gov.br\/portal\/2023\/01\/11\/operacao-prende-no-sertao-da-paraiba-homem-acusado-de-estupro-em-sao-paulo\/#breadcrumb","itemListElement":[{"@type":"ListItem","position":1,"name":"In\u00edcio","item":"https:\/\/www.pm.pb.gov.br\/portal\/"},{"@type":"ListItem","position":2,"name":"Opera\u00e7\u00e3o prende no Sert\u00e3o da Para\u00edba homem acusado de estupro em S\u00e3o Paulo"}]},{"@type":"WebSite","@id":"https:\/\/www.pm.pb.gov.br\/portal\/#website","url":"https:\/\/www.pm.pb.gov.br\/portal\/","name":"Pol\u00edcia Militar da Para\u00edba","description":"","publisher":{"@id":"https:\/\/www.pm.pb.gov.br\/portal\/#organization"},"potentialAction":[{"@type":"SearchAction","target":{"@type":"EntryPoint","urlTemplate":"https:\/\/www.pm.pb.gov.br\/portal\/?s={search_term_string}"},"query-input":"required name=search_term_string"}],"inLanguage":"pt-BR"},{"@type":"Organization","@id":"https:\/\/www.pm.pb.gov.br\/portal\/#organization","name":"Pol\u00edcia Militar da Para\u00edba","url":"https:\/\/www.pm.pb.gov.br\/portal\/","logo":{"@type":"ImageObject","inLanguage":"pt-BR","@id":"https:\/\/www.pm.pb.gov.br\/portal\/#\/schema\/logo\/image\/","url":"https:\/\/www.pm.pb.gov.br\/portal\/wp-content\/uploads\/2025\/03\/cropped-logo-site-mag2-1.png","contentUrl":"https:\/\/www.pm.pb.gov.br\/portal\/wp-content\/uploads\/2025\/03\/cropped-logo-site-mag2-1.png","width":320,"height":90,"caption":"Pol\u00edcia Militar da Para\u00edba"},"image":{"@id":"https:\/\/www.pm.pb.gov.br\/portal\/#\/schema\/logo\/image\/"}},{"@type":"Person","@id":"https:\/\/www.pm.pb.gov.br\/portal\/#\/schema\/person\/f84f56dcc78ce4357054da888b8247fd","name":"Tarcisio Oliveira","image":{"@type":"ImageObject","inLanguage":"pt-BR","@id":"https:\/\/www.pm.pb.gov.br\/portal\/#\/schema\/person\/image\/","url":"https:\/\/secure.gravatar.com\/avatar\/72917b630b69d31cd0297507f34bac97?s=96&d=mm&r=g","contentUrl":"https:\/\/secure.gravatar.com\/avatar\/72917b630b69d31cd0297507f34bac97?s=96&d=mm&r=g","caption":"Tarcisio Oliveira"},"url":"https:\/\/www.pm.pb.gov.br\/portal\/author\/tarcisio\/"}]}},"_links":{"self":[{"href":"https:\/\/www.pm.pb.gov.br\/portal\/wp-json\/wp\/v2\/posts\/915393"}],"collection":[{"href":"https:\/\/www.pm.pb.gov.br\/portal\/wp-json\/wp\/v2\/posts"}],"about":[{"href":"https:\/\/www.pm.pb.gov.br\/portal\/wp-json\/wp\/v2\/types\/post"}],"author":[{"embeddable":true,"href":"https:\/\/www.pm.pb.gov.br\/portal\/wp-json\/wp\/v2\/users\/12"}],"replies":[{"embeddable":true,"href":"https:\/\/www.pm.pb.gov.br\/portal\/wp-json\/wp\/v2\/comments?post=915393"}],"version-history":[{"count":1,"href":"https:\/\/www.pm.pb.gov.br\/portal\/wp-json\/wp\/v2\/posts\/915393\/revisions"}],"predecessor-version":[{"id":915394,"href":"https:\/\/www.pm.pb.gov.br\/portal\/wp-json\/wp\/v2\/posts\/915393\/revisions\/915394"}],"wp:featuredmedia":[{"embeddable":true,"href":"https:\/\/www.pm.pb.gov.br\/portal\/wp-json\/wp\/v2\/media\/915350"}],"wp:attachment":[{"href":"https:\/\/www.pm.pb.gov.br\/portal\/wp-json\/wp\/v2\/media?parent=915393"}],"wp:term":[{"taxonomy":"category","embeddable":true,"href":"https:\/\/www.pm.pb.gov.br\/portal\/wp-json\/wp\/v2\/categories?post=915393"},{"taxonomy":"post_tag","embeddable":true,"href":"https:\/\/www.pm.pb.gov.br\/portal\/wp-json\/wp\/v2\/tags?post=915393"}],"curies":[{"name":"wp","href":"https:\/\/api.w.org\/{rel}","templated":true}]}}