{"id":915381,"date":"2023-01-09T17:48:50","date_gmt":"2023-01-09T20:48:50","guid":{"rendered":"https:\/\/www.pm.pb.gov.br\/portal\/?p=915381"},"modified":"2023-01-10T13:30:45","modified_gmt":"2023-01-10T16:30:45","slug":"operacao-verao-policia-militar-prende-nove-suspeitos-por-crimes-patrimoniais-trafico-e-outros-delitos-na-regiao-metropolitana-da-capital","status":"publish","type":"post","link":"https:\/\/www.pm.pb.gov.br\/portal\/2023\/01\/09\/operacao-verao-policia-militar-prende-nove-suspeitos-por-crimes-patrimoniais-trafico-e-outros-delitos-na-regiao-metropolitana-da-capital\/","title":{"rendered":"<strong>OPERA\u00c7\u00c3O VER\u00c3O: Pol\u00edcia Militar prende nove suspeitos por crimes patrimoniais, tr\u00e1fico e outros delitos na regi\u00e3o metropolitana da Capital<\/strong>"},"content":{"rendered":"\n\n\n<p>As a\u00e7\u00f5es da Opera\u00e7\u00e3o Ver\u00e3o levaram a pris\u00e3o e apreens\u00e3o de pelo menos nove suspeitos nesta segunda-feira (09) e durante o \u00faltimo final de semana na Para\u00edba. A maioria das pris\u00f5es foi pelos crimes de roubo, porte ilegal de arma de fogo e tr\u00e1fico de drogas nas cidades de Jo\u00e3o Pessoa, Cabedelo, Lucena e Pitimbu. Ve\u00edculos e outros objetos das v\u00edtimas foram recuperados.<\/p>\n<p>Na tarde desta segunda-feira (09), a Pol\u00edcia Militar em Cabedelo prendeu, no bairro Jardim Manguinhos, um homem suspeito de roubar dois celulares no bairro de Camboinha. De acordo com informa\u00e7\u00f5es dos policiais, ele j\u00e1 tinha passagem na Justi\u00e7a pelo mesmo crime. Os aparelhos foram recuperados.<\/p>\n<p>Em Pitimbu, nas noites de s\u00e1bado e domingo, tr\u00eas pessoas foram presas com duas pistolas e por\u00e7\u00f5es de drogas, prontas para o tr\u00e1fico. Um dos homens presos j\u00e1 estava com mandado de pris\u00e3o em aberto, expedido pela 1\u00aa Vara Regional Criminal de Mangabeira, pelos crimes de adultera\u00e7\u00e3o veicular, peculato e outros.<\/p>\n<p><img loading=\"lazy\" decoding=\"async\" class=\" wp-image-915384 aligncenter\" src=\"http:\/\/www.pm.pb.gov.br\/portal\/wp-content\/uploads\/2023\/01\/WhatsApp-Image-2023-01-09-at-19.09.18-593x445.jpeg\" alt=\"\" width=\"501\" height=\"376\" srcset=\"https:\/\/www.pm.pb.gov.br\/portal\/wp-content\/uploads\/2023\/01\/WhatsApp-Image-2023-01-09-at-19.09.18-593x445.jpeg 593w, https:\/\/www.pm.pb.gov.br\/portal\/wp-content\/uploads\/2023\/01\/WhatsApp-Image-2023-01-09-at-19.09.18-760x570.jpeg 760w, https:\/\/www.pm.pb.gov.br\/portal\/wp-content\/uploads\/2023\/01\/WhatsApp-Image-2023-01-09-at-19.09.18-768x576.jpeg 768w, https:\/\/www.pm.pb.gov.br\/portal\/wp-content\/uploads\/2023\/01\/WhatsApp-Image-2023-01-09-at-19.09.18-1536x1152.jpeg 1536w, https:\/\/www.pm.pb.gov.br\/portal\/wp-content\/uploads\/2023\/01\/WhatsApp-Image-2023-01-09-at-19.09.18.jpeg 1600w\" sizes=\"(max-width: 501px) 100vw, 501px\" \/><\/p>\n<p>Ainda no s\u00e1bado, em Lucena, tr\u00eas suspeitos foram presos pelos policiais ap\u00f3s assaltar um transeunte e um estabelecimento comercial. Em Jo\u00e3o Pessoa, dois menores foram apreendidos. Um deles foi localizado no Bessa, ap\u00f3s um ato infracional an\u00e1logo a roubo, no s\u00e1bado, e o outro menor foi abordado em um checkpoint na sexta \u00e0 noite, em Cabo Branco, quando conduzia uma motocicleta com registro de roubo.<\/p>\n<p>Al\u00e9m da moto recuperada, um caminh\u00e3o ba\u00fa tamb\u00e9m foi recuperado pela PM em Mana\u00edra, e um carro em Lucena, ambos no domingo.<\/p>\n<p>Todas as ocorr\u00eancias foram apresentadas nas delegacias para os procedimentos cab\u00edveis. As a\u00e7\u00f5es da Opera\u00e7\u00e3o Ver\u00e3o com refor\u00e7o do policiamento continuam.<\/p>\n<p>\u00a0<\/p>\n<p><em>Atualizado \u00e0s 13h45 em 10\/01 para inser\u00e7\u00e3o de imagem.<\/em><\/p>\n","protected":false},"excerpt":{"rendered":"<p>As a\u00e7\u00f5es da Opera\u00e7\u00e3o Ver\u00e3o levaram a pris\u00e3o e apreens\u00e3o de pelo menos nove suspeitos nesta segunda-feira (09) e durante<\/p>\n","protected":false},"author":5,"featured_media":915382,"comment_status":"closed","ping_status":"closed","sticky":false,"template":"","format":"standard","meta":{"_exactmetrics_skip_tracking":false,"_exactmetrics_sitenote_active":false,"_exactmetrics_sitenote_note":"","_exactmetrics_sitenote_category":0,"footnotes":""},"categories":[4],"tags":[],"yoast_head":"<!-- This site is optimized with the Yoast SEO plugin v22.0 - https:\/\/yoast.com\/wordpress\/plugins\/seo\/ -->\n<title>OPERA\u00c7\u00c3O VER\u00c3O: Pol\u00edcia Militar prende nove suspeitos por crimes patrimoniais, tr\u00e1fico e outros delitos na regi\u00e3o metropolitana da Capital - Pol\u00edcia Militar da Para\u00edba<\/title>\n<meta name=\"robots\" content=\"index, follow, max-snippet:-1, max-image-preview:large, max-video-preview:-1\" \/>\n<link rel=\"canonical\" href=\"https:\/\/www.pm.pb.gov.br\/portal\/2023\/01\/09\/operacao-verao-policia-militar-prende-nove-suspeitos-por-crimes-patrimoniais-trafico-e-outros-delitos-na-regiao-metropolitana-da-capital\/\" \/>\n<meta property=\"og:locale\" content=\"pt_BR\" \/>\n<meta property=\"og:type\" content=\"article\" \/>\n<meta property=\"og:title\" content=\"OPERA\u00c7\u00c3O VER\u00c3O: Pol\u00edcia Militar prende nove suspeitos por crimes patrimoniais, tr\u00e1fico e outros delitos na regi\u00e3o metropolitana da Capital - Pol\u00edcia Militar da Para\u00edba\" \/>\n<meta property=\"og:description\" content=\"As a\u00e7\u00f5es da Opera\u00e7\u00e3o Ver\u00e3o levaram a pris\u00e3o e apreens\u00e3o de pelo menos nove suspeitos nesta segunda-feira (09) e durante\" \/>\n<meta property=\"og:url\" content=\"https:\/\/www.pm.pb.gov.br\/portal\/2023\/01\/09\/operacao-verao-policia-militar-prende-nove-suspeitos-por-crimes-patrimoniais-trafico-e-outros-delitos-na-regiao-metropolitana-da-capital\/\" \/>\n<meta property=\"og:site_name\" content=\"Pol\u00edcia Militar da Para\u00edba\" \/>\n<meta property=\"article:published_time\" content=\"2023-01-09T20:48:50+00:00\" \/>\n<meta property=\"article:modified_time\" content=\"2023-01-10T16:30:45+00:00\" \/>\n<meta property=\"og:image\" content=\"http:\/\/www.pm.pb.gov.br\/portal\/wp-content\/uploads\/2023\/01\/Op.Verao-PMPB.jpeg\" \/>\n\t<meta property=\"og:image:width\" content=\"800\" \/>\n\t<meta property=\"og:image:height\" content=\"445\" \/>\n\t<meta property=\"og:image:type\" content=\"image\/jpeg\" \/>\n<meta name=\"author\" content=\"Assessoria de Imprensa da PMPB\" \/>\n<meta name=\"twitter:card\" content=\"summary_large_image\" \/>\n<meta name=\"twitter:label1\" content=\"Escrito por\" \/>\n\t<meta name=\"twitter:data1\" content=\"Assessoria de Imprensa da PMPB\" \/>\n\t<meta name=\"twitter:label2\" content=\"Est. tempo de leitura\" \/>\n\t<meta name=\"twitter:data2\" content=\"2 minutos\" \/>\n<script type=\"application\/ld+json\" class=\"yoast-schema-graph\">{\"@context\":\"https:\/\/schema.org\",\"@graph\":[{\"@type\":\"Article\",\"@id\":\"https:\/\/www.pm.pb.gov.br\/portal\/2023\/01\/09\/operacao-verao-policia-militar-prende-nove-suspeitos-por-crimes-patrimoniais-trafico-e-outros-delitos-na-regiao-metropolitana-da-capital\/#article\",\"isPartOf\":{\"@id\":\"https:\/\/www.pm.pb.gov.br\/portal\/2023\/01\/09\/operacao-verao-policia-militar-prende-nove-suspeitos-por-crimes-patrimoniais-trafico-e-outros-delitos-na-regiao-metropolitana-da-capital\/\"},\"author\":{\"name\":\"Assessoria de Imprensa da PMPB\",\"@id\":\"https:\/\/www.pm.pb.gov.br\/portal\/#\/schema\/person\/e8454f46651c3ecf0e1ba3c1666d9947\"},\"headline\":\"OPERA\u00c7\u00c3O VER\u00c3O: Pol\u00edcia Militar prende nove suspeitos por crimes patrimoniais, tr\u00e1fico e outros delitos na regi\u00e3o metropolitana da Capital\",\"datePublished\":\"2023-01-09T20:48:50+00:00\",\"dateModified\":\"2023-01-10T16:30:45+00:00\",\"mainEntityOfPage\":{\"@id\":\"https:\/\/www.pm.pb.gov.br\/portal\/2023\/01\/09\/operacao-verao-policia-militar-prende-nove-suspeitos-por-crimes-patrimoniais-trafico-e-outros-delitos-na-regiao-metropolitana-da-capital\/\"},\"wordCount\":333,\"publisher\":{\"@id\":\"https:\/\/www.pm.pb.gov.br\/portal\/#organization\"},\"articleSection\":[\"A\u00e7\u00f5es Policiais\"],\"inLanguage\":\"pt-BR\"},{\"@type\":\"WebPage\",\"@id\":\"https:\/\/www.pm.pb.gov.br\/portal\/2023\/01\/09\/operacao-verao-policia-militar-prende-nove-suspeitos-por-crimes-patrimoniais-trafico-e-outros-delitos-na-regiao-metropolitana-da-capital\/\",\"url\":\"https:\/\/www.pm.pb.gov.br\/portal\/2023\/01\/09\/operacao-verao-policia-militar-prende-nove-suspeitos-por-crimes-patrimoniais-trafico-e-outros-delitos-na-regiao-metropolitana-da-capital\/\",\"name\":\"OPERA\u00c7\u00c3O VER\u00c3O: Pol\u00edcia Militar prende nove suspeitos por crimes patrimoniais, tr\u00e1fico e outros delitos na regi\u00e3o metropolitana da Capital - Pol\u00edcia Militar da Para\u00edba\",\"isPartOf\":{\"@id\":\"https:\/\/www.pm.pb.gov.br\/portal\/#website\"},\"datePublished\":\"2023-01-09T20:48:50+00:00\",\"dateModified\":\"2023-01-10T16:30:45+00:00\",\"breadcrumb\":{\"@id\":\"https:\/\/www.pm.pb.gov.br\/portal\/2023\/01\/09\/operacao-verao-policia-militar-prende-nove-suspeitos-por-crimes-patrimoniais-trafico-e-outros-delitos-na-regiao-metropolitana-da-capital\/#breadcrumb\"},\"inLanguage\":\"pt-BR\",\"potentialAction\":[{\"@type\":\"ReadAction\",\"target\":[\"https:\/\/www.pm.pb.gov.br\/portal\/2023\/01\/09\/operacao-verao-policia-militar-prende-nove-suspeitos-por-crimes-patrimoniais-trafico-e-outros-delitos-na-regiao-metropolitana-da-capital\/\"]}]},{\"@type\":\"BreadcrumbList\",\"@id\":\"https:\/\/www.pm.pb.gov.br\/portal\/2023\/01\/09\/operacao-verao-policia-militar-prende-nove-suspeitos-por-crimes-patrimoniais-trafico-e-outros-delitos-na-regiao-metropolitana-da-capital\/#breadcrumb\",\"itemListElement\":[{\"@type\":\"ListItem\",\"position\":1,\"name\":\"In\u00edcio\",\"item\":\"https:\/\/www.pm.pb.gov.br\/portal\/\"},{\"@type\":\"ListItem\",\"position\":2,\"name\":\"OPERA\u00c7\u00c3O VER\u00c3O: Pol\u00edcia Militar prende nove suspeitos por crimes patrimoniais, tr\u00e1fico e outros delitos na regi\u00e3o metropolitana da Capital\"}]},{\"@type\":\"WebSite\",\"@id\":\"https:\/\/www.pm.pb.gov.br\/portal\/#website\",\"url\":\"https:\/\/www.pm.pb.gov.br\/portal\/\",\"name\":\"Pol\u00edcia Militar da Para\u00edba\",\"description\":\"\",\"publisher\":{\"@id\":\"https:\/\/www.pm.pb.gov.br\/portal\/#organization\"},\"potentialAction\":[{\"@type\":\"SearchAction\",\"target\":{\"@type\":\"EntryPoint\",\"urlTemplate\":\"https:\/\/www.pm.pb.gov.br\/portal\/?s={search_term_string}\"},\"query-input\":\"required name=search_term_string\"}],\"inLanguage\":\"pt-BR\"},{\"@type\":\"Organization\",\"@id\":\"https:\/\/www.pm.pb.gov.br\/portal\/#organization\",\"name\":\"Pol\u00edcia Militar da Para\u00edba\",\"url\":\"https:\/\/www.pm.pb.gov.br\/portal\/\",\"logo\":{\"@type\":\"ImageObject\",\"inLanguage\":\"pt-BR\",\"@id\":\"https:\/\/www.pm.pb.gov.br\/portal\/#\/schema\/logo\/image\/\",\"url\":\"https:\/\/www.pm.pb.gov.br\/portal\/wp-content\/uploads\/2025\/03\/cropped-logo-site-mag2-1.png\",\"contentUrl\":\"https:\/\/www.pm.pb.gov.br\/portal\/wp-content\/uploads\/2025\/03\/cropped-logo-site-mag2-1.png\",\"width\":320,\"height\":90,\"caption\":\"Pol\u00edcia Militar da Para\u00edba\"},\"image\":{\"@id\":\"https:\/\/www.pm.pb.gov.br\/portal\/#\/schema\/logo\/image\/\"}},{\"@type\":\"Person\",\"@id\":\"https:\/\/www.pm.pb.gov.br\/portal\/#\/schema\/person\/e8454f46651c3ecf0e1ba3c1666d9947\",\"name\":\"Assessoria de Imprensa da PMPB\",\"image\":{\"@type\":\"ImageObject\",\"inLanguage\":\"pt-BR\",\"@id\":\"https:\/\/www.pm.pb.gov.br\/portal\/#\/schema\/person\/image\/\",\"url\":\"https:\/\/secure.gravatar.com\/avatar\/2efe197438265d1e90bd98c4c8e1acf8?s=96&d=mm&r=g\",\"contentUrl\":\"https:\/\/secure.gravatar.com\/avatar\/2efe197438265d1e90bd98c4c8e1acf8?s=96&d=mm&r=g\",\"caption\":\"Assessoria de Imprensa da PMPB\"},\"url\":\"https:\/\/www.pm.pb.gov.br\/portal\/author\/assessoria\/\"}]}<\/script>\n<!-- \/ Yoast SEO plugin. -->","yoast_head_json":{"title":"OPERA\u00c7\u00c3O VER\u00c3O: Pol\u00edcia Militar prende nove suspeitos por crimes patrimoniais, tr\u00e1fico e outros delitos na regi\u00e3o metropolitana da Capital - Pol\u00edcia Militar da Para\u00edba","robots":{"index":"index","follow":"follow","max-snippet":"max-snippet:-1","max-image-preview":"max-image-preview:large","max-video-preview":"max-video-preview:-1"},"canonical":"https:\/\/www.pm.pb.gov.br\/portal\/2023\/01\/09\/operacao-verao-policia-militar-prende-nove-suspeitos-por-crimes-patrimoniais-trafico-e-outros-delitos-na-regiao-metropolitana-da-capital\/","og_locale":"pt_BR","og_type":"article","og_title":"OPERA\u00c7\u00c3O VER\u00c3O: Pol\u00edcia Militar prende nove suspeitos por crimes patrimoniais, tr\u00e1fico e outros delitos na regi\u00e3o metropolitana da Capital - Pol\u00edcia Militar da Para\u00edba","og_description":"As a\u00e7\u00f5es da Opera\u00e7\u00e3o Ver\u00e3o levaram a pris\u00e3o e apreens\u00e3o de pelo menos nove suspeitos nesta segunda-feira (09) e durante","og_url":"https:\/\/www.pm.pb.gov.br\/portal\/2023\/01\/09\/operacao-verao-policia-militar-prende-nove-suspeitos-por-crimes-patrimoniais-trafico-e-outros-delitos-na-regiao-metropolitana-da-capital\/","og_site_name":"Pol\u00edcia Militar da Para\u00edba","article_published_time":"2023-01-09T20:48:50+00:00","article_modified_time":"2023-01-10T16:30:45+00:00","og_image":[{"width":800,"height":445,"url":"http:\/\/www.pm.pb.gov.br\/portal\/wp-content\/uploads\/2023\/01\/Op.Verao-PMPB.jpeg","type":"image\/jpeg"}],"author":"Assessoria de Imprensa da PMPB","twitter_card":"summary_large_image","twitter_misc":{"Escrito por":"Assessoria de Imprensa da PMPB","Est. tempo de leitura":"2 minutos"},"schema":{"@context":"https:\/\/schema.org","@graph":[{"@type":"Article","@id":"https:\/\/www.pm.pb.gov.br\/portal\/2023\/01\/09\/operacao-verao-policia-militar-prende-nove-suspeitos-por-crimes-patrimoniais-trafico-e-outros-delitos-na-regiao-metropolitana-da-capital\/#article","isPartOf":{"@id":"https:\/\/www.pm.pb.gov.br\/portal\/2023\/01\/09\/operacao-verao-policia-militar-prende-nove-suspeitos-por-crimes-patrimoniais-trafico-e-outros-delitos-na-regiao-metropolitana-da-capital\/"},"author":{"name":"Assessoria de Imprensa da PMPB","@id":"https:\/\/www.pm.pb.gov.br\/portal\/#\/schema\/person\/e8454f46651c3ecf0e1ba3c1666d9947"},"headline":"OPERA\u00c7\u00c3O VER\u00c3O: Pol\u00edcia Militar prende nove suspeitos por crimes patrimoniais, tr\u00e1fico e outros delitos na regi\u00e3o metropolitana da Capital","datePublished":"2023-01-09T20:48:50+00:00","dateModified":"2023-01-10T16:30:45+00:00","mainEntityOfPage":{"@id":"https:\/\/www.pm.pb.gov.br\/portal\/2023\/01\/09\/operacao-verao-policia-militar-prende-nove-suspeitos-por-crimes-patrimoniais-trafico-e-outros-delitos-na-regiao-metropolitana-da-capital\/"},"wordCount":333,"publisher":{"@id":"https:\/\/www.pm.pb.gov.br\/portal\/#organization"},"articleSection":["A\u00e7\u00f5es Policiais"],"inLanguage":"pt-BR"},{"@type":"WebPage","@id":"https:\/\/www.pm.pb.gov.br\/portal\/2023\/01\/09\/operacao-verao-policia-militar-prende-nove-suspeitos-por-crimes-patrimoniais-trafico-e-outros-delitos-na-regiao-metropolitana-da-capital\/","url":"https:\/\/www.pm.pb.gov.br\/portal\/2023\/01\/09\/operacao-verao-policia-militar-prende-nove-suspeitos-por-crimes-patrimoniais-trafico-e-outros-delitos-na-regiao-metropolitana-da-capital\/","name":"OPERA\u00c7\u00c3O VER\u00c3O: Pol\u00edcia Militar prende nove suspeitos por crimes patrimoniais, tr\u00e1fico e outros delitos na regi\u00e3o metropolitana da Capital - Pol\u00edcia Militar da Para\u00edba","isPartOf":{"@id":"https:\/\/www.pm.pb.gov.br\/portal\/#website"},"datePublished":"2023-01-09T20:48:50+00:00","dateModified":"2023-01-10T16:30:45+00:00","breadcrumb":{"@id":"https:\/\/www.pm.pb.gov.br\/portal\/2023\/01\/09\/operacao-verao-policia-militar-prende-nove-suspeitos-por-crimes-patrimoniais-trafico-e-outros-delitos-na-regiao-metropolitana-da-capital\/#breadcrumb"},"inLanguage":"pt-BR","potentialAction":[{"@type":"ReadAction","target":["https:\/\/www.pm.pb.gov.br\/portal\/2023\/01\/09\/operacao-verao-policia-militar-prende-nove-suspeitos-por-crimes-patrimoniais-trafico-e-outros-delitos-na-regiao-metropolitana-da-capital\/"]}]},{"@type":"BreadcrumbList","@id":"https:\/\/www.pm.pb.gov.br\/portal\/2023\/01\/09\/operacao-verao-policia-militar-prende-nove-suspeitos-por-crimes-patrimoniais-trafico-e-outros-delitos-na-regiao-metropolitana-da-capital\/#breadcrumb","itemListElement":[{"@type":"ListItem","position":1,"name":"In\u00edcio","item":"https:\/\/www.pm.pb.gov.br\/portal\/"},{"@type":"ListItem","position":2,"name":"OPERA\u00c7\u00c3O VER\u00c3O: Pol\u00edcia Militar prende nove suspeitos por crimes patrimoniais, tr\u00e1fico e outros delitos na regi\u00e3o metropolitana da Capital"}]},{"@type":"WebSite","@id":"https:\/\/www.pm.pb.gov.br\/portal\/#website","url":"https:\/\/www.pm.pb.gov.br\/portal\/","name":"Pol\u00edcia Militar da Para\u00edba","description":"","publisher":{"@id":"https:\/\/www.pm.pb.gov.br\/portal\/#organization"},"potentialAction":[{"@type":"SearchAction","target":{"@type":"EntryPoint","urlTemplate":"https:\/\/www.pm.pb.gov.br\/portal\/?s={search_term_string}"},"query-input":"required name=search_term_string"}],"inLanguage":"pt-BR"},{"@type":"Organization","@id":"https:\/\/www.pm.pb.gov.br\/portal\/#organization","name":"Pol\u00edcia Militar da Para\u00edba","url":"https:\/\/www.pm.pb.gov.br\/portal\/","logo":{"@type":"ImageObject","inLanguage":"pt-BR","@id":"https:\/\/www.pm.pb.gov.br\/portal\/#\/schema\/logo\/image\/","url":"https:\/\/www.pm.pb.gov.br\/portal\/wp-content\/uploads\/2025\/03\/cropped-logo-site-mag2-1.png","contentUrl":"https:\/\/www.pm.pb.gov.br\/portal\/wp-content\/uploads\/2025\/03\/cropped-logo-site-mag2-1.png","width":320,"height":90,"caption":"Pol\u00edcia Militar da Para\u00edba"},"image":{"@id":"https:\/\/www.pm.pb.gov.br\/portal\/#\/schema\/logo\/image\/"}},{"@type":"Person","@id":"https:\/\/www.pm.pb.gov.br\/portal\/#\/schema\/person\/e8454f46651c3ecf0e1ba3c1666d9947","name":"Assessoria de Imprensa da PMPB","image":{"@type":"ImageObject","inLanguage":"pt-BR","@id":"https:\/\/www.pm.pb.gov.br\/portal\/#\/schema\/person\/image\/","url":"https:\/\/secure.gravatar.com\/avatar\/2efe197438265d1e90bd98c4c8e1acf8?s=96&d=mm&r=g","contentUrl":"https:\/\/secure.gravatar.com\/avatar\/2efe197438265d1e90bd98c4c8e1acf8?s=96&d=mm&r=g","caption":"Assessoria de Imprensa da PMPB"},"url":"https:\/\/www.pm.pb.gov.br\/portal\/author\/assessoria\/"}]}},"_links":{"self":[{"href":"https:\/\/www.pm.pb.gov.br\/portal\/wp-json\/wp\/v2\/posts\/915381"}],"collection":[{"href":"https:\/\/www.pm.pb.gov.br\/portal\/wp-json\/wp\/v2\/posts"}],"about":[{"href":"https:\/\/www.pm.pb.gov.br\/portal\/wp-json\/wp\/v2\/types\/post"}],"author":[{"embeddable":true,"href":"https:\/\/www.pm.pb.gov.br\/portal\/wp-json\/wp\/v2\/users\/5"}],"replies":[{"embeddable":true,"href":"https:\/\/www.pm.pb.gov.br\/portal\/wp-json\/wp\/v2\/comments?post=915381"}],"version-history":[{"count":3,"href":"https:\/\/www.pm.pb.gov.br\/portal\/wp-json\/wp\/v2\/posts\/915381\/revisions"}],"predecessor-version":[{"id":915387,"href":"https:\/\/www.pm.pb.gov.br\/portal\/wp-json\/wp\/v2\/posts\/915381\/revisions\/915387"}],"wp:featuredmedia":[{"embeddable":true,"href":"https:\/\/www.pm.pb.gov.br\/portal\/wp-json\/wp\/v2\/media\/915382"}],"wp:attachment":[{"href":"https:\/\/www.pm.pb.gov.br\/portal\/wp-json\/wp\/v2\/media?parent=915381"}],"wp:term":[{"taxonomy":"category","embeddable":true,"href":"https:\/\/www.pm.pb.gov.br\/portal\/wp-json\/wp\/v2\/categories?post=915381"},{"taxonomy":"post_tag","embeddable":true,"href":"https:\/\/www.pm.pb.gov.br\/portal\/wp-json\/wp\/v2\/tags?post=915381"}],"curies":[{"name":"wp","href":"https:\/\/api.w.org\/{rel}","templated":true}]}}