{"id":915376,"date":"2023-01-09T14:45:48","date_gmt":"2023-01-09T17:45:48","guid":{"rendered":"https:\/\/www.pm.pb.gov.br\/portal\/?p=915376"},"modified":"2023-01-09T14:45:51","modified_gmt":"2023-01-09T17:45:51","slug":"policia-militar-desocupa-frente-do-quartel-do-grupamento-e-permanece-no-local-para-impedir-volta-de-movimentos-antidemocraticos","status":"publish","type":"post","link":"https:\/\/www.pm.pb.gov.br\/portal\/2023\/01\/09\/policia-militar-desocupa-frente-do-quartel-do-grupamento-e-permanece-no-local-para-impedir-volta-de-movimentos-antidemocraticos\/","title":{"rendered":"Pol\u00edcia Militar desocupa frente do quartel do Grupamento e permanece no local para impedir volta de movimentos antidemocr\u00e1ticos"},"content":{"rendered":"\n<p>A Pol\u00edcia Militar da Para\u00edba iniciou, \u00e0s 10h30 desta segunda-feira (9), o trabalho da retirada de pessoas e tendas montadas em frente ao quartel do 1\u00ba Grupamento de Engenharia de Constru\u00e7\u00e3o, na Avenida Epit\u00e1cio Pessoa, na Capital, cumprindo decis\u00e3o do ministro do Superior Tribunal Federal, Alexandre de Moraes. Os ocupantes retiraram as estruturas e as colocaram em um caminh\u00e3o. E a PM refor\u00e7ou sobre o teor da decis\u00e3o, com retirada, inclusive, de banheiros qu\u00edmicos instalados no local.<\/p>\n<p>A Pol\u00edcia Militar permanece no local nas pr\u00f3ximas horas, a fim de garantir que organizadores e demais participantes n\u00e3o retornem ao local.<\/p>\n<p><img loading=\"lazy\" decoding=\"async\" class=\" wp-image-915378 aligncenter\" src=\"http:\/\/www.pm.pb.gov.br\/portal\/wp-content\/uploads\/2023\/01\/unnamed-666x445.jpg\" alt=\"\" width=\"590\" height=\"394\" srcset=\"https:\/\/www.pm.pb.gov.br\/portal\/wp-content\/uploads\/2023\/01\/unnamed-666x445.jpg 666w, https:\/\/www.pm.pb.gov.br\/portal\/wp-content\/uploads\/2023\/01\/unnamed-853x570.jpg 853w, https:\/\/www.pm.pb.gov.br\/portal\/wp-content\/uploads\/2023\/01\/unnamed-768x513.jpg 768w, https:\/\/www.pm.pb.gov.br\/portal\/wp-content\/uploads\/2023\/01\/unnamed-272x182.jpg 272w, https:\/\/www.pm.pb.gov.br\/portal\/wp-content\/uploads\/2023\/01\/unnamed.jpg 1280w\" sizes=\"(max-width: 590px) 100vw, 590px\" \/><\/p>\n<p>Antes da a\u00e7\u00e3o, o secret\u00e1rio da Seguran\u00e7a e da Defesa Social, Jean Nunes, promoveu reuni\u00e3o (foto acima) com a participa\u00e7\u00e3o da Pol\u00edcia Militar, Pol\u00edcia Civil, Corpo de Bombeiros Militar, Pol\u00edcia Federal, Pol\u00edcia Rodovi\u00e1ria Federal, Minist\u00e9rio P\u00fablico Federal, e Guarda Municipal de Jo\u00e3o Pessoa, al\u00e9m de ag\u00eancias de Intelig\u00eancia. O objetivo foi articular for\u00e7as para dar cumprimento \u00e0 retirada de movimentos antidemocr\u00e1ticos das ruas, em todos os munic\u00edpios da Para\u00edba, de acordo com decis\u00e3o do ministro do Superior Tribunal Federal, Alexandre de Moraes.<\/p>\n<p>Jean Nunes frisou que quem n\u00e3o cumprir a decis\u00e3o pode ser preso. \u201cA pr\u00f3pria decis\u00e3o faz refer\u00eancia \u00e0 pris\u00e3o em flagrante de quem estiver descumprindo. Essas pessoas ser\u00e3o levadas para a Central de Pol\u00edcia ou para a Pol\u00edcia Federal, de acordo com a compet\u00eancia\u201d, explicou, acrescentando que a Seguran\u00e7a P\u00fablica da Para\u00edba est\u00e1 em coopera\u00e7\u00e3o com as ag\u00eancias de Intelig\u00eancia do Brasil, colaborando com as investiga\u00e7\u00f5es e identificando pessoas, financiadores, redes sociais, ve\u00edculos utilizados, informando \u00e0 Pol\u00edcia Federal e ao Minist\u00e9rio da Justi\u00e7a para robustecer as investiga\u00e7\u00f5es.<\/p>\n<p><img loading=\"lazy\" decoding=\"async\" class=\" wp-image-915379 aligncenter\" src=\"http:\/\/www.pm.pb.gov.br\/portal\/wp-content\/uploads\/2023\/01\/unnamed-2-668x445.jpg\" alt=\"\" width=\"602\" height=\"401\" srcset=\"https:\/\/www.pm.pb.gov.br\/portal\/wp-content\/uploads\/2023\/01\/unnamed-2-668x445.jpg 668w, https:\/\/www.pm.pb.gov.br\/portal\/wp-content\/uploads\/2023\/01\/unnamed-2-855x570.jpg 855w, https:\/\/www.pm.pb.gov.br\/portal\/wp-content\/uploads\/2023\/01\/unnamed-2-768x512.jpg 768w, https:\/\/www.pm.pb.gov.br\/portal\/wp-content\/uploads\/2023\/01\/unnamed-2-272x182.jpg 272w, https:\/\/www.pm.pb.gov.br\/portal\/wp-content\/uploads\/2023\/01\/unnamed-2.jpg 1280w\" sizes=\"(max-width: 602px) 100vw, 602px\" \/><\/p>\n<p>Ele ainda destacou que embarcam ainda hoje, para Bras\u00edlia, 30 policiais militares do Batalh\u00e3o de Choque, que v\u00e3o compor esse grupo que vai refor\u00e7ar a seguran\u00e7a no Distrito Federal. \u201cSe houver necessidade podemos reavaliar para aumentar esse efetivo. O ministro Fl\u00e1vio Dino tem tratado isso diretamente com o governador\u201d, detalhou.<\/p>\n\n\n","protected":false},"excerpt":{"rendered":"<p>A Pol\u00edcia Militar da Para\u00edba iniciou, \u00e0s 10h30 desta segunda-feira (9), o trabalho da retirada de pessoas e tendas montadas<\/p>\n","protected":false},"author":5,"featured_media":915377,"comment_status":"closed","ping_status":"closed","sticky":false,"template":"","format":"standard","meta":{"_exactmetrics_skip_tracking":false,"_exactmetrics_sitenote_active":false,"_exactmetrics_sitenote_note":"","_exactmetrics_sitenote_category":0,"footnotes":""},"categories":[4],"tags":[],"yoast_head":"<!-- This site is optimized with the Yoast SEO plugin v22.0 - https:\/\/yoast.com\/wordpress\/plugins\/seo\/ -->\n<title>Pol\u00edcia Militar desocupa frente do quartel do Grupamento e permanece no local para impedir volta de movimentos antidemocr\u00e1ticos - Pol\u00edcia Militar da Para\u00edba<\/title>\n<meta name=\"robots\" content=\"index, follow, max-snippet:-1, max-image-preview:large, max-video-preview:-1\" \/>\n<link rel=\"canonical\" href=\"https:\/\/www.pm.pb.gov.br\/portal\/2023\/01\/09\/policia-militar-desocupa-frente-do-quartel-do-grupamento-e-permanece-no-local-para-impedir-volta-de-movimentos-antidemocraticos\/\" \/>\n<meta property=\"og:locale\" content=\"pt_BR\" \/>\n<meta property=\"og:type\" content=\"article\" \/>\n<meta property=\"og:title\" content=\"Pol\u00edcia Militar desocupa frente do quartel do Grupamento e permanece no local para impedir volta de movimentos antidemocr\u00e1ticos - Pol\u00edcia Militar da Para\u00edba\" \/>\n<meta property=\"og:description\" content=\"A Pol\u00edcia Militar da Para\u00edba iniciou, \u00e0s 10h30 desta segunda-feira (9), o trabalho da retirada de pessoas e tendas montadas\" \/>\n<meta property=\"og:url\" content=\"https:\/\/www.pm.pb.gov.br\/portal\/2023\/01\/09\/policia-militar-desocupa-frente-do-quartel-do-grupamento-e-permanece-no-local-para-impedir-volta-de-movimentos-antidemocraticos\/\" \/>\n<meta property=\"og:site_name\" content=\"Pol\u00edcia Militar da Para\u00edba\" \/>\n<meta property=\"article:published_time\" content=\"2023-01-09T17:45:48+00:00\" \/>\n<meta property=\"article:modified_time\" content=\"2023-01-09T17:45:51+00:00\" \/>\n<meta property=\"og:image\" content=\"http:\/\/www.pm.pb.gov.br\/portal\/wp-content\/uploads\/2023\/01\/engenharia.jpg\" \/>\n\t<meta property=\"og:image:width\" content=\"800\" \/>\n\t<meta property=\"og:image:height\" content=\"445\" \/>\n\t<meta property=\"og:image:type\" content=\"image\/jpeg\" \/>\n<meta name=\"author\" content=\"Assessoria de Imprensa da PMPB\" \/>\n<meta name=\"twitter:card\" content=\"summary_large_image\" \/>\n<meta name=\"twitter:label1\" content=\"Escrito por\" \/>\n\t<meta name=\"twitter:data1\" content=\"Assessoria de Imprensa da PMPB\" \/>\n\t<meta name=\"twitter:label2\" content=\"Est. tempo de leitura\" \/>\n\t<meta name=\"twitter:data2\" content=\"3 minutos\" \/>\n<script type=\"application\/ld+json\" class=\"yoast-schema-graph\">{\"@context\":\"https:\/\/schema.org\",\"@graph\":[{\"@type\":\"Article\",\"@id\":\"https:\/\/www.pm.pb.gov.br\/portal\/2023\/01\/09\/policia-militar-desocupa-frente-do-quartel-do-grupamento-e-permanece-no-local-para-impedir-volta-de-movimentos-antidemocraticos\/#article\",\"isPartOf\":{\"@id\":\"https:\/\/www.pm.pb.gov.br\/portal\/2023\/01\/09\/policia-militar-desocupa-frente-do-quartel-do-grupamento-e-permanece-no-local-para-impedir-volta-de-movimentos-antidemocraticos\/\"},\"author\":{\"name\":\"Assessoria de Imprensa da PMPB\",\"@id\":\"https:\/\/www.pm.pb.gov.br\/portal\/#\/schema\/person\/e8454f46651c3ecf0e1ba3c1666d9947\"},\"headline\":\"Pol\u00edcia Militar desocupa frente do quartel do Grupamento e permanece no local para impedir volta de movimentos antidemocr\u00e1ticos\",\"datePublished\":\"2023-01-09T17:45:48+00:00\",\"dateModified\":\"2023-01-09T17:45:51+00:00\",\"mainEntityOfPage\":{\"@id\":\"https:\/\/www.pm.pb.gov.br\/portal\/2023\/01\/09\/policia-militar-desocupa-frente-do-quartel-do-grupamento-e-permanece-no-local-para-impedir-volta-de-movimentos-antidemocraticos\/\"},\"wordCount\":393,\"publisher\":{\"@id\":\"https:\/\/www.pm.pb.gov.br\/portal\/#organization\"},\"articleSection\":[\"A\u00e7\u00f5es Policiais\"],\"inLanguage\":\"pt-BR\"},{\"@type\":\"WebPage\",\"@id\":\"https:\/\/www.pm.pb.gov.br\/portal\/2023\/01\/09\/policia-militar-desocupa-frente-do-quartel-do-grupamento-e-permanece-no-local-para-impedir-volta-de-movimentos-antidemocraticos\/\",\"url\":\"https:\/\/www.pm.pb.gov.br\/portal\/2023\/01\/09\/policia-militar-desocupa-frente-do-quartel-do-grupamento-e-permanece-no-local-para-impedir-volta-de-movimentos-antidemocraticos\/\",\"name\":\"Pol\u00edcia Militar desocupa frente do quartel do Grupamento e permanece no local para impedir volta de movimentos antidemocr\u00e1ticos - Pol\u00edcia Militar da Para\u00edba\",\"isPartOf\":{\"@id\":\"https:\/\/www.pm.pb.gov.br\/portal\/#website\"},\"datePublished\":\"2023-01-09T17:45:48+00:00\",\"dateModified\":\"2023-01-09T17:45:51+00:00\",\"breadcrumb\":{\"@id\":\"https:\/\/www.pm.pb.gov.br\/portal\/2023\/01\/09\/policia-militar-desocupa-frente-do-quartel-do-grupamento-e-permanece-no-local-para-impedir-volta-de-movimentos-antidemocraticos\/#breadcrumb\"},\"inLanguage\":\"pt-BR\",\"potentialAction\":[{\"@type\":\"ReadAction\",\"target\":[\"https:\/\/www.pm.pb.gov.br\/portal\/2023\/01\/09\/policia-militar-desocupa-frente-do-quartel-do-grupamento-e-permanece-no-local-para-impedir-volta-de-movimentos-antidemocraticos\/\"]}]},{\"@type\":\"BreadcrumbList\",\"@id\":\"https:\/\/www.pm.pb.gov.br\/portal\/2023\/01\/09\/policia-militar-desocupa-frente-do-quartel-do-grupamento-e-permanece-no-local-para-impedir-volta-de-movimentos-antidemocraticos\/#breadcrumb\",\"itemListElement\":[{\"@type\":\"ListItem\",\"position\":1,\"name\":\"In\u00edcio\",\"item\":\"https:\/\/www.pm.pb.gov.br\/portal\/\"},{\"@type\":\"ListItem\",\"position\":2,\"name\":\"Pol\u00edcia Militar desocupa frente do quartel do Grupamento e permanece no local para impedir volta de movimentos antidemocr\u00e1ticos\"}]},{\"@type\":\"WebSite\",\"@id\":\"https:\/\/www.pm.pb.gov.br\/portal\/#website\",\"url\":\"https:\/\/www.pm.pb.gov.br\/portal\/\",\"name\":\"Pol\u00edcia Militar da Para\u00edba\",\"description\":\"\",\"publisher\":{\"@id\":\"https:\/\/www.pm.pb.gov.br\/portal\/#organization\"},\"potentialAction\":[{\"@type\":\"SearchAction\",\"target\":{\"@type\":\"EntryPoint\",\"urlTemplate\":\"https:\/\/www.pm.pb.gov.br\/portal\/?s={search_term_string}\"},\"query-input\":\"required name=search_term_string\"}],\"inLanguage\":\"pt-BR\"},{\"@type\":\"Organization\",\"@id\":\"https:\/\/www.pm.pb.gov.br\/portal\/#organization\",\"name\":\"Pol\u00edcia Militar da Para\u00edba\",\"url\":\"https:\/\/www.pm.pb.gov.br\/portal\/\",\"logo\":{\"@type\":\"ImageObject\",\"inLanguage\":\"pt-BR\",\"@id\":\"https:\/\/www.pm.pb.gov.br\/portal\/#\/schema\/logo\/image\/\",\"url\":\"https:\/\/www.pm.pb.gov.br\/portal\/wp-content\/uploads\/2025\/03\/cropped-logo-site-mag2-1.png\",\"contentUrl\":\"https:\/\/www.pm.pb.gov.br\/portal\/wp-content\/uploads\/2025\/03\/cropped-logo-site-mag2-1.png\",\"width\":320,\"height\":90,\"caption\":\"Pol\u00edcia Militar da Para\u00edba\"},\"image\":{\"@id\":\"https:\/\/www.pm.pb.gov.br\/portal\/#\/schema\/logo\/image\/\"}},{\"@type\":\"Person\",\"@id\":\"https:\/\/www.pm.pb.gov.br\/portal\/#\/schema\/person\/e8454f46651c3ecf0e1ba3c1666d9947\",\"name\":\"Assessoria de Imprensa da PMPB\",\"image\":{\"@type\":\"ImageObject\",\"inLanguage\":\"pt-BR\",\"@id\":\"https:\/\/www.pm.pb.gov.br\/portal\/#\/schema\/person\/image\/\",\"url\":\"https:\/\/secure.gravatar.com\/avatar\/2efe197438265d1e90bd98c4c8e1acf8?s=96&d=mm&r=g\",\"contentUrl\":\"https:\/\/secure.gravatar.com\/avatar\/2efe197438265d1e90bd98c4c8e1acf8?s=96&d=mm&r=g\",\"caption\":\"Assessoria de Imprensa da PMPB\"},\"url\":\"https:\/\/www.pm.pb.gov.br\/portal\/author\/assessoria\/\"}]}<\/script>\n<!-- \/ Yoast SEO plugin. -->","yoast_head_json":{"title":"Pol\u00edcia Militar desocupa frente do quartel do Grupamento e permanece no local para impedir volta de movimentos antidemocr\u00e1ticos - Pol\u00edcia Militar da Para\u00edba","robots":{"index":"index","follow":"follow","max-snippet":"max-snippet:-1","max-image-preview":"max-image-preview:large","max-video-preview":"max-video-preview:-1"},"canonical":"https:\/\/www.pm.pb.gov.br\/portal\/2023\/01\/09\/policia-militar-desocupa-frente-do-quartel-do-grupamento-e-permanece-no-local-para-impedir-volta-de-movimentos-antidemocraticos\/","og_locale":"pt_BR","og_type":"article","og_title":"Pol\u00edcia Militar desocupa frente do quartel do Grupamento e permanece no local para impedir volta de movimentos antidemocr\u00e1ticos - Pol\u00edcia Militar da Para\u00edba","og_description":"A Pol\u00edcia Militar da Para\u00edba iniciou, \u00e0s 10h30 desta segunda-feira (9), o trabalho da retirada de pessoas e tendas montadas","og_url":"https:\/\/www.pm.pb.gov.br\/portal\/2023\/01\/09\/policia-militar-desocupa-frente-do-quartel-do-grupamento-e-permanece-no-local-para-impedir-volta-de-movimentos-antidemocraticos\/","og_site_name":"Pol\u00edcia Militar da Para\u00edba","article_published_time":"2023-01-09T17:45:48+00:00","article_modified_time":"2023-01-09T17:45:51+00:00","og_image":[{"width":800,"height":445,"url":"http:\/\/www.pm.pb.gov.br\/portal\/wp-content\/uploads\/2023\/01\/engenharia.jpg","type":"image\/jpeg"}],"author":"Assessoria de Imprensa da PMPB","twitter_card":"summary_large_image","twitter_misc":{"Escrito por":"Assessoria de Imprensa da PMPB","Est. tempo de leitura":"3 minutos"},"schema":{"@context":"https:\/\/schema.org","@graph":[{"@type":"Article","@id":"https:\/\/www.pm.pb.gov.br\/portal\/2023\/01\/09\/policia-militar-desocupa-frente-do-quartel-do-grupamento-e-permanece-no-local-para-impedir-volta-de-movimentos-antidemocraticos\/#article","isPartOf":{"@id":"https:\/\/www.pm.pb.gov.br\/portal\/2023\/01\/09\/policia-militar-desocupa-frente-do-quartel-do-grupamento-e-permanece-no-local-para-impedir-volta-de-movimentos-antidemocraticos\/"},"author":{"name":"Assessoria de Imprensa da PMPB","@id":"https:\/\/www.pm.pb.gov.br\/portal\/#\/schema\/person\/e8454f46651c3ecf0e1ba3c1666d9947"},"headline":"Pol\u00edcia Militar desocupa frente do quartel do Grupamento e permanece no local para impedir volta de movimentos antidemocr\u00e1ticos","datePublished":"2023-01-09T17:45:48+00:00","dateModified":"2023-01-09T17:45:51+00:00","mainEntityOfPage":{"@id":"https:\/\/www.pm.pb.gov.br\/portal\/2023\/01\/09\/policia-militar-desocupa-frente-do-quartel-do-grupamento-e-permanece-no-local-para-impedir-volta-de-movimentos-antidemocraticos\/"},"wordCount":393,"publisher":{"@id":"https:\/\/www.pm.pb.gov.br\/portal\/#organization"},"articleSection":["A\u00e7\u00f5es Policiais"],"inLanguage":"pt-BR"},{"@type":"WebPage","@id":"https:\/\/www.pm.pb.gov.br\/portal\/2023\/01\/09\/policia-militar-desocupa-frente-do-quartel-do-grupamento-e-permanece-no-local-para-impedir-volta-de-movimentos-antidemocraticos\/","url":"https:\/\/www.pm.pb.gov.br\/portal\/2023\/01\/09\/policia-militar-desocupa-frente-do-quartel-do-grupamento-e-permanece-no-local-para-impedir-volta-de-movimentos-antidemocraticos\/","name":"Pol\u00edcia Militar desocupa frente do quartel do Grupamento e permanece no local para impedir volta de movimentos antidemocr\u00e1ticos - Pol\u00edcia Militar da Para\u00edba","isPartOf":{"@id":"https:\/\/www.pm.pb.gov.br\/portal\/#website"},"datePublished":"2023-01-09T17:45:48+00:00","dateModified":"2023-01-09T17:45:51+00:00","breadcrumb":{"@id":"https:\/\/www.pm.pb.gov.br\/portal\/2023\/01\/09\/policia-militar-desocupa-frente-do-quartel-do-grupamento-e-permanece-no-local-para-impedir-volta-de-movimentos-antidemocraticos\/#breadcrumb"},"inLanguage":"pt-BR","potentialAction":[{"@type":"ReadAction","target":["https:\/\/www.pm.pb.gov.br\/portal\/2023\/01\/09\/policia-militar-desocupa-frente-do-quartel-do-grupamento-e-permanece-no-local-para-impedir-volta-de-movimentos-antidemocraticos\/"]}]},{"@type":"BreadcrumbList","@id":"https:\/\/www.pm.pb.gov.br\/portal\/2023\/01\/09\/policia-militar-desocupa-frente-do-quartel-do-grupamento-e-permanece-no-local-para-impedir-volta-de-movimentos-antidemocraticos\/#breadcrumb","itemListElement":[{"@type":"ListItem","position":1,"name":"In\u00edcio","item":"https:\/\/www.pm.pb.gov.br\/portal\/"},{"@type":"ListItem","position":2,"name":"Pol\u00edcia Militar desocupa frente do quartel do Grupamento e permanece no local para impedir volta de movimentos antidemocr\u00e1ticos"}]},{"@type":"WebSite","@id":"https:\/\/www.pm.pb.gov.br\/portal\/#website","url":"https:\/\/www.pm.pb.gov.br\/portal\/","name":"Pol\u00edcia Militar da Para\u00edba","description":"","publisher":{"@id":"https:\/\/www.pm.pb.gov.br\/portal\/#organization"},"potentialAction":[{"@type":"SearchAction","target":{"@type":"EntryPoint","urlTemplate":"https:\/\/www.pm.pb.gov.br\/portal\/?s={search_term_string}"},"query-input":"required name=search_term_string"}],"inLanguage":"pt-BR"},{"@type":"Organization","@id":"https:\/\/www.pm.pb.gov.br\/portal\/#organization","name":"Pol\u00edcia Militar da Para\u00edba","url":"https:\/\/www.pm.pb.gov.br\/portal\/","logo":{"@type":"ImageObject","inLanguage":"pt-BR","@id":"https:\/\/www.pm.pb.gov.br\/portal\/#\/schema\/logo\/image\/","url":"https:\/\/www.pm.pb.gov.br\/portal\/wp-content\/uploads\/2025\/03\/cropped-logo-site-mag2-1.png","contentUrl":"https:\/\/www.pm.pb.gov.br\/portal\/wp-content\/uploads\/2025\/03\/cropped-logo-site-mag2-1.png","width":320,"height":90,"caption":"Pol\u00edcia Militar da Para\u00edba"},"image":{"@id":"https:\/\/www.pm.pb.gov.br\/portal\/#\/schema\/logo\/image\/"}},{"@type":"Person","@id":"https:\/\/www.pm.pb.gov.br\/portal\/#\/schema\/person\/e8454f46651c3ecf0e1ba3c1666d9947","name":"Assessoria de Imprensa da PMPB","image":{"@type":"ImageObject","inLanguage":"pt-BR","@id":"https:\/\/www.pm.pb.gov.br\/portal\/#\/schema\/person\/image\/","url":"https:\/\/secure.gravatar.com\/avatar\/2efe197438265d1e90bd98c4c8e1acf8?s=96&d=mm&r=g","contentUrl":"https:\/\/secure.gravatar.com\/avatar\/2efe197438265d1e90bd98c4c8e1acf8?s=96&d=mm&r=g","caption":"Assessoria de Imprensa da PMPB"},"url":"https:\/\/www.pm.pb.gov.br\/portal\/author\/assessoria\/"}]}},"_links":{"self":[{"href":"https:\/\/www.pm.pb.gov.br\/portal\/wp-json\/wp\/v2\/posts\/915376"}],"collection":[{"href":"https:\/\/www.pm.pb.gov.br\/portal\/wp-json\/wp\/v2\/posts"}],"about":[{"href":"https:\/\/www.pm.pb.gov.br\/portal\/wp-json\/wp\/v2\/types\/post"}],"author":[{"embeddable":true,"href":"https:\/\/www.pm.pb.gov.br\/portal\/wp-json\/wp\/v2\/users\/5"}],"replies":[{"embeddable":true,"href":"https:\/\/www.pm.pb.gov.br\/portal\/wp-json\/wp\/v2\/comments?post=915376"}],"version-history":[{"count":1,"href":"https:\/\/www.pm.pb.gov.br\/portal\/wp-json\/wp\/v2\/posts\/915376\/revisions"}],"predecessor-version":[{"id":915380,"href":"https:\/\/www.pm.pb.gov.br\/portal\/wp-json\/wp\/v2\/posts\/915376\/revisions\/915380"}],"wp:featuredmedia":[{"embeddable":true,"href":"https:\/\/www.pm.pb.gov.br\/portal\/wp-json\/wp\/v2\/media\/915377"}],"wp:attachment":[{"href":"https:\/\/www.pm.pb.gov.br\/portal\/wp-json\/wp\/v2\/media?parent=915376"}],"wp:term":[{"taxonomy":"category","embeddable":true,"href":"https:\/\/www.pm.pb.gov.br\/portal\/wp-json\/wp\/v2\/categories?post=915376"},{"taxonomy":"post_tag","embeddable":true,"href":"https:\/\/www.pm.pb.gov.br\/portal\/wp-json\/wp\/v2\/tags?post=915376"}],"curies":[{"name":"wp","href":"https:\/\/api.w.org\/{rel}","templated":true}]}}