{"id":915374,"date":"2023-01-08T13:31:52","date_gmt":"2023-01-08T16:31:52","guid":{"rendered":"https:\/\/www.pm.pb.gov.br\/portal\/?p=915374"},"modified":"2023-01-08T13:31:55","modified_gmt":"2023-01-08T16:31:55","slug":"policia-militar-intensifica-acoes-e-apreende-armas-de-fogo-na-paraiba","status":"publish","type":"post","link":"https:\/\/www.pm.pb.gov.br\/portal\/2023\/01\/08\/policia-militar-intensifica-acoes-e-apreende-armas-de-fogo-na-paraiba\/","title":{"rendered":"<strong>Pol\u00edcia Militar intensifica a\u00e7\u00f5es e apreende armas de fogo na Para\u00edba<\/strong>"},"content":{"rendered":"\n\n\n<p style=\"font-weight: 400;\">A Pol\u00edcia Militar vem intensificando as a\u00e7\u00f5es de policiamento durante o fim de semana em todo Estado.\u00a0Com a intensifica\u00e7\u00e3o das a\u00e7\u00f5es,\u00a0foram apreendidas seis\u00a0armas de fogo durante a noite\u00a0desse s\u00e1bado (7). As apreens\u00f5es ocorreram nas cidades de Jo\u00e3o Pessoa, Pitimb\u00fa, Santa Rita, Mari e Guarabira.<\/p>\n<p style=\"font-weight: 400;\">Na Capital, policiais militares do radiopatrulhamento estavam em rondas no bairro Alto do Mateus, quando visualizaram um homem em atitude suspeita. Na abordagem, foi encontrado um rev\u00f3lver, calibre 38, com quatro muni\u00e7\u00f5es intactas. Durante averigua\u00e7\u00e3o, foi constatado que havia um mandado de pris\u00e3o contra o suspeito, de 23 anos. Ele \u00e9 acusado e respondia em liberdade pelo crime de roubo.<\/p>\n<p style=\"font-weight: 400;\">No bairro Funcion\u00e1rios, a equipe policial recebeu informa\u00e7\u00f5es do CIOp\u00a0que estava ocorrendo disparos de arma de fogo na localidade. Rapidamente, a equipe partiu em dilig\u00eancias, foram realizadas rondas e no local foi localizada uma arma de fogo abandonada. A arma foi apreendida e entregue na Central de Flagrantes.<\/p>\n<p style=\"font-weight: 400;\">Em Pitimb\u00fa, litoral sul da Para\u00edba, os policiais foram acionados para uma ocorr\u00eancia de perturba\u00e7\u00e3o de sossego. Chegando ao local, a equipe se deparou com um homem armado com uma pistola, calibre 380, com dois carregadores e trinta muni\u00e7\u00f5es intactas. O suspeito, de 31 anos, foi preso e encaminhado \u00e0 Delegacia de Alhandra.<\/p>\n<p style=\"font-weight: 400;\">Em Santa Rita,\u00a0durante abordagem a um suspeito foi encontrado uma pistola, calibre 380, com treze muni\u00e7\u00f5es intactas, no bairro de V\u00e1rzea Nova. O suspeito, de 28 anos, foi conduzido para a 6\u00aa Delegacia Distrital da cidade.<\/p>\n<p style=\"font-weight: 400;\">Na cidade de Mari, policiais da For\u00e7a T\u00e1tica receberam informa\u00e7\u00f5es de que estava havendo tr\u00e1fico de drogas em um bar na localidade de Lagoa do F\u00e9lix. Chegando ao local, dois suspeitos foram abordados e com eles foi encontrado um rev\u00f3lver, calibre 38, e uma por\u00e7\u00e3o de coca\u00edna. Os suspeitos, de 35 e 40 anos, foram encaminhados \u00e0 Delegacia de Itabaiana, para os demais procedimentos.<\/p>\n<p style=\"font-weight: 400;\">Em Guarabira, os policiais estavam em rondas no bairro Ros\u00e1rio quando visualizaram um homem em atitudes suspeitas. Na aproxima\u00e7\u00e3o, o suspeito entrou em uma casa abandonada e tentou se desvencilhar de uma sacola com drogas, balan\u00e7a de precis\u00e3o e dinheiro. Na casa, ainda foi encontrado um rev\u00f3lver, calibre 38. Na a\u00e7\u00e3o, tr\u00eas suspeitos foram detidos e conduzidos \u00e0 Delegacia da cidade de Guarabira.<\/p>\n","protected":false},"excerpt":{"rendered":"<p>A Pol\u00edcia Militar vem intensificando as a\u00e7\u00f5es de policiamento durante o fim de semana em todo Estado.\u00a0Com a intensifica\u00e7\u00e3o das<\/p>\n","protected":false},"author":5,"featured_media":912768,"comment_status":"closed","ping_status":"closed","sticky":false,"template":"","format":"standard","meta":{"_exactmetrics_skip_tracking":false,"_exactmetrics_sitenote_active":false,"_exactmetrics_sitenote_note":"","_exactmetrics_sitenote_category":0,"footnotes":""},"categories":[4],"tags":[],"yoast_head":"<!-- This site is optimized with the Yoast SEO plugin v22.0 - https:\/\/yoast.com\/wordpress\/plugins\/seo\/ -->\n<title>Pol\u00edcia Militar intensifica a\u00e7\u00f5es e apreende armas de fogo na Para\u00edba - Pol\u00edcia Militar da Para\u00edba<\/title>\n<meta name=\"robots\" content=\"index, follow, max-snippet:-1, max-image-preview:large, max-video-preview:-1\" \/>\n<link rel=\"canonical\" href=\"https:\/\/www.pm.pb.gov.br\/portal\/2023\/01\/08\/policia-militar-intensifica-acoes-e-apreende-armas-de-fogo-na-paraiba\/\" \/>\n<meta property=\"og:locale\" content=\"pt_BR\" \/>\n<meta property=\"og:type\" content=\"article\" \/>\n<meta property=\"og:title\" content=\"Pol\u00edcia Militar intensifica a\u00e7\u00f5es e apreende armas de fogo na Para\u00edba - Pol\u00edcia Militar da Para\u00edba\" \/>\n<meta property=\"og:description\" content=\"A Pol\u00edcia Militar vem intensificando as a\u00e7\u00f5es de policiamento durante o fim de semana em todo Estado.\u00a0Com a intensifica\u00e7\u00e3o das\" \/>\n<meta property=\"og:url\" content=\"https:\/\/www.pm.pb.gov.br\/portal\/2023\/01\/08\/policia-militar-intensifica-acoes-e-apreende-armas-de-fogo-na-paraiba\/\" \/>\n<meta property=\"og:site_name\" content=\"Pol\u00edcia Militar da Para\u00edba\" \/>\n<meta property=\"article:published_time\" content=\"2023-01-08T16:31:52+00:00\" \/>\n<meta property=\"article:modified_time\" content=\"2023-01-08T16:31:55+00:00\" \/>\n<meta property=\"og:image\" content=\"http:\/\/www.pm.pb.gov.br\/portal\/wp-content\/uploads\/2021\/09\/imagem-ilustrativa2.jpg\" \/>\n\t<meta property=\"og:image:width\" content=\"855\" \/>\n\t<meta property=\"og:image:height\" content=\"476\" \/>\n\t<meta property=\"og:image:type\" content=\"image\/jpeg\" \/>\n<meta name=\"author\" content=\"Assessoria de Imprensa da PMPB\" \/>\n<meta name=\"twitter:card\" content=\"summary_large_image\" \/>\n<meta name=\"twitter:label1\" content=\"Escrito por\" \/>\n\t<meta name=\"twitter:data1\" content=\"Assessoria de Imprensa da PMPB\" \/>\n\t<meta name=\"twitter:label2\" content=\"Est. tempo de leitura\" \/>\n\t<meta name=\"twitter:data2\" content=\"3 minutos\" \/>\n<script type=\"application\/ld+json\" class=\"yoast-schema-graph\">{\"@context\":\"https:\/\/schema.org\",\"@graph\":[{\"@type\":\"Article\",\"@id\":\"https:\/\/www.pm.pb.gov.br\/portal\/2023\/01\/08\/policia-militar-intensifica-acoes-e-apreende-armas-de-fogo-na-paraiba\/#article\",\"isPartOf\":{\"@id\":\"https:\/\/www.pm.pb.gov.br\/portal\/2023\/01\/08\/policia-militar-intensifica-acoes-e-apreende-armas-de-fogo-na-paraiba\/\"},\"author\":{\"name\":\"Assessoria de Imprensa da PMPB\",\"@id\":\"https:\/\/www.pm.pb.gov.br\/portal\/#\/schema\/person\/e8454f46651c3ecf0e1ba3c1666d9947\"},\"headline\":\"Pol\u00edcia Militar intensifica a\u00e7\u00f5es e apreende armas de fogo na Para\u00edba\",\"datePublished\":\"2023-01-08T16:31:52+00:00\",\"dateModified\":\"2023-01-08T16:31:55+00:00\",\"mainEntityOfPage\":{\"@id\":\"https:\/\/www.pm.pb.gov.br\/portal\/2023\/01\/08\/policia-militar-intensifica-acoes-e-apreende-armas-de-fogo-na-paraiba\/\"},\"wordCount\":407,\"publisher\":{\"@id\":\"https:\/\/www.pm.pb.gov.br\/portal\/#organization\"},\"articleSection\":[\"A\u00e7\u00f5es Policiais\"],\"inLanguage\":\"pt-BR\"},{\"@type\":\"WebPage\",\"@id\":\"https:\/\/www.pm.pb.gov.br\/portal\/2023\/01\/08\/policia-militar-intensifica-acoes-e-apreende-armas-de-fogo-na-paraiba\/\",\"url\":\"https:\/\/www.pm.pb.gov.br\/portal\/2023\/01\/08\/policia-militar-intensifica-acoes-e-apreende-armas-de-fogo-na-paraiba\/\",\"name\":\"Pol\u00edcia Militar intensifica a\u00e7\u00f5es e apreende armas de fogo na Para\u00edba - Pol\u00edcia Militar da Para\u00edba\",\"isPartOf\":{\"@id\":\"https:\/\/www.pm.pb.gov.br\/portal\/#website\"},\"datePublished\":\"2023-01-08T16:31:52+00:00\",\"dateModified\":\"2023-01-08T16:31:55+00:00\",\"breadcrumb\":{\"@id\":\"https:\/\/www.pm.pb.gov.br\/portal\/2023\/01\/08\/policia-militar-intensifica-acoes-e-apreende-armas-de-fogo-na-paraiba\/#breadcrumb\"},\"inLanguage\":\"pt-BR\",\"potentialAction\":[{\"@type\":\"ReadAction\",\"target\":[\"https:\/\/www.pm.pb.gov.br\/portal\/2023\/01\/08\/policia-militar-intensifica-acoes-e-apreende-armas-de-fogo-na-paraiba\/\"]}]},{\"@type\":\"BreadcrumbList\",\"@id\":\"https:\/\/www.pm.pb.gov.br\/portal\/2023\/01\/08\/policia-militar-intensifica-acoes-e-apreende-armas-de-fogo-na-paraiba\/#breadcrumb\",\"itemListElement\":[{\"@type\":\"ListItem\",\"position\":1,\"name\":\"In\u00edcio\",\"item\":\"https:\/\/www.pm.pb.gov.br\/portal\/\"},{\"@type\":\"ListItem\",\"position\":2,\"name\":\"Pol\u00edcia Militar intensifica a\u00e7\u00f5es e apreende armas de fogo na Para\u00edba\"}]},{\"@type\":\"WebSite\",\"@id\":\"https:\/\/www.pm.pb.gov.br\/portal\/#website\",\"url\":\"https:\/\/www.pm.pb.gov.br\/portal\/\",\"name\":\"Pol\u00edcia Militar da Para\u00edba\",\"description\":\"\",\"publisher\":{\"@id\":\"https:\/\/www.pm.pb.gov.br\/portal\/#organization\"},\"potentialAction\":[{\"@type\":\"SearchAction\",\"target\":{\"@type\":\"EntryPoint\",\"urlTemplate\":\"https:\/\/www.pm.pb.gov.br\/portal\/?s={search_term_string}\"},\"query-input\":\"required name=search_term_string\"}],\"inLanguage\":\"pt-BR\"},{\"@type\":\"Organization\",\"@id\":\"https:\/\/www.pm.pb.gov.br\/portal\/#organization\",\"name\":\"Pol\u00edcia Militar da Para\u00edba\",\"url\":\"https:\/\/www.pm.pb.gov.br\/portal\/\",\"logo\":{\"@type\":\"ImageObject\",\"inLanguage\":\"pt-BR\",\"@id\":\"https:\/\/www.pm.pb.gov.br\/portal\/#\/schema\/logo\/image\/\",\"url\":\"https:\/\/www.pm.pb.gov.br\/portal\/wp-content\/uploads\/2025\/03\/cropped-logo-site-mag2-1.png\",\"contentUrl\":\"https:\/\/www.pm.pb.gov.br\/portal\/wp-content\/uploads\/2025\/03\/cropped-logo-site-mag2-1.png\",\"width\":320,\"height\":90,\"caption\":\"Pol\u00edcia Militar da Para\u00edba\"},\"image\":{\"@id\":\"https:\/\/www.pm.pb.gov.br\/portal\/#\/schema\/logo\/image\/\"}},{\"@type\":\"Person\",\"@id\":\"https:\/\/www.pm.pb.gov.br\/portal\/#\/schema\/person\/e8454f46651c3ecf0e1ba3c1666d9947\",\"name\":\"Assessoria de Imprensa da PMPB\",\"image\":{\"@type\":\"ImageObject\",\"inLanguage\":\"pt-BR\",\"@id\":\"https:\/\/www.pm.pb.gov.br\/portal\/#\/schema\/person\/image\/\",\"url\":\"https:\/\/secure.gravatar.com\/avatar\/2efe197438265d1e90bd98c4c8e1acf8?s=96&d=mm&r=g\",\"contentUrl\":\"https:\/\/secure.gravatar.com\/avatar\/2efe197438265d1e90bd98c4c8e1acf8?s=96&d=mm&r=g\",\"caption\":\"Assessoria de Imprensa da PMPB\"},\"url\":\"https:\/\/www.pm.pb.gov.br\/portal\/author\/assessoria\/\"}]}<\/script>\n<!-- \/ Yoast SEO plugin. -->","yoast_head_json":{"title":"Pol\u00edcia Militar intensifica a\u00e7\u00f5es e apreende armas de fogo na Para\u00edba - Pol\u00edcia Militar da Para\u00edba","robots":{"index":"index","follow":"follow","max-snippet":"max-snippet:-1","max-image-preview":"max-image-preview:large","max-video-preview":"max-video-preview:-1"},"canonical":"https:\/\/www.pm.pb.gov.br\/portal\/2023\/01\/08\/policia-militar-intensifica-acoes-e-apreende-armas-de-fogo-na-paraiba\/","og_locale":"pt_BR","og_type":"article","og_title":"Pol\u00edcia Militar intensifica a\u00e7\u00f5es e apreende armas de fogo na Para\u00edba - Pol\u00edcia Militar da Para\u00edba","og_description":"A Pol\u00edcia Militar vem intensificando as a\u00e7\u00f5es de policiamento durante o fim de semana em todo Estado.\u00a0Com a intensifica\u00e7\u00e3o das","og_url":"https:\/\/www.pm.pb.gov.br\/portal\/2023\/01\/08\/policia-militar-intensifica-acoes-e-apreende-armas-de-fogo-na-paraiba\/","og_site_name":"Pol\u00edcia Militar da Para\u00edba","article_published_time":"2023-01-08T16:31:52+00:00","article_modified_time":"2023-01-08T16:31:55+00:00","og_image":[{"width":855,"height":476,"url":"http:\/\/www.pm.pb.gov.br\/portal\/wp-content\/uploads\/2021\/09\/imagem-ilustrativa2.jpg","type":"image\/jpeg"}],"author":"Assessoria de Imprensa da PMPB","twitter_card":"summary_large_image","twitter_misc":{"Escrito por":"Assessoria de Imprensa da PMPB","Est. tempo de leitura":"3 minutos"},"schema":{"@context":"https:\/\/schema.org","@graph":[{"@type":"Article","@id":"https:\/\/www.pm.pb.gov.br\/portal\/2023\/01\/08\/policia-militar-intensifica-acoes-e-apreende-armas-de-fogo-na-paraiba\/#article","isPartOf":{"@id":"https:\/\/www.pm.pb.gov.br\/portal\/2023\/01\/08\/policia-militar-intensifica-acoes-e-apreende-armas-de-fogo-na-paraiba\/"},"author":{"name":"Assessoria de Imprensa da PMPB","@id":"https:\/\/www.pm.pb.gov.br\/portal\/#\/schema\/person\/e8454f46651c3ecf0e1ba3c1666d9947"},"headline":"Pol\u00edcia Militar intensifica a\u00e7\u00f5es e apreende armas de fogo na Para\u00edba","datePublished":"2023-01-08T16:31:52+00:00","dateModified":"2023-01-08T16:31:55+00:00","mainEntityOfPage":{"@id":"https:\/\/www.pm.pb.gov.br\/portal\/2023\/01\/08\/policia-militar-intensifica-acoes-e-apreende-armas-de-fogo-na-paraiba\/"},"wordCount":407,"publisher":{"@id":"https:\/\/www.pm.pb.gov.br\/portal\/#organization"},"articleSection":["A\u00e7\u00f5es Policiais"],"inLanguage":"pt-BR"},{"@type":"WebPage","@id":"https:\/\/www.pm.pb.gov.br\/portal\/2023\/01\/08\/policia-militar-intensifica-acoes-e-apreende-armas-de-fogo-na-paraiba\/","url":"https:\/\/www.pm.pb.gov.br\/portal\/2023\/01\/08\/policia-militar-intensifica-acoes-e-apreende-armas-de-fogo-na-paraiba\/","name":"Pol\u00edcia Militar intensifica a\u00e7\u00f5es e apreende armas de fogo na Para\u00edba - Pol\u00edcia Militar da Para\u00edba","isPartOf":{"@id":"https:\/\/www.pm.pb.gov.br\/portal\/#website"},"datePublished":"2023-01-08T16:31:52+00:00","dateModified":"2023-01-08T16:31:55+00:00","breadcrumb":{"@id":"https:\/\/www.pm.pb.gov.br\/portal\/2023\/01\/08\/policia-militar-intensifica-acoes-e-apreende-armas-de-fogo-na-paraiba\/#breadcrumb"},"inLanguage":"pt-BR","potentialAction":[{"@type":"ReadAction","target":["https:\/\/www.pm.pb.gov.br\/portal\/2023\/01\/08\/policia-militar-intensifica-acoes-e-apreende-armas-de-fogo-na-paraiba\/"]}]},{"@type":"BreadcrumbList","@id":"https:\/\/www.pm.pb.gov.br\/portal\/2023\/01\/08\/policia-militar-intensifica-acoes-e-apreende-armas-de-fogo-na-paraiba\/#breadcrumb","itemListElement":[{"@type":"ListItem","position":1,"name":"In\u00edcio","item":"https:\/\/www.pm.pb.gov.br\/portal\/"},{"@type":"ListItem","position":2,"name":"Pol\u00edcia Militar intensifica a\u00e7\u00f5es e apreende armas de fogo na Para\u00edba"}]},{"@type":"WebSite","@id":"https:\/\/www.pm.pb.gov.br\/portal\/#website","url":"https:\/\/www.pm.pb.gov.br\/portal\/","name":"Pol\u00edcia Militar da Para\u00edba","description":"","publisher":{"@id":"https:\/\/www.pm.pb.gov.br\/portal\/#organization"},"potentialAction":[{"@type":"SearchAction","target":{"@type":"EntryPoint","urlTemplate":"https:\/\/www.pm.pb.gov.br\/portal\/?s={search_term_string}"},"query-input":"required name=search_term_string"}],"inLanguage":"pt-BR"},{"@type":"Organization","@id":"https:\/\/www.pm.pb.gov.br\/portal\/#organization","name":"Pol\u00edcia Militar da Para\u00edba","url":"https:\/\/www.pm.pb.gov.br\/portal\/","logo":{"@type":"ImageObject","inLanguage":"pt-BR","@id":"https:\/\/www.pm.pb.gov.br\/portal\/#\/schema\/logo\/image\/","url":"https:\/\/www.pm.pb.gov.br\/portal\/wp-content\/uploads\/2025\/03\/cropped-logo-site-mag2-1.png","contentUrl":"https:\/\/www.pm.pb.gov.br\/portal\/wp-content\/uploads\/2025\/03\/cropped-logo-site-mag2-1.png","width":320,"height":90,"caption":"Pol\u00edcia Militar da Para\u00edba"},"image":{"@id":"https:\/\/www.pm.pb.gov.br\/portal\/#\/schema\/logo\/image\/"}},{"@type":"Person","@id":"https:\/\/www.pm.pb.gov.br\/portal\/#\/schema\/person\/e8454f46651c3ecf0e1ba3c1666d9947","name":"Assessoria de Imprensa da PMPB","image":{"@type":"ImageObject","inLanguage":"pt-BR","@id":"https:\/\/www.pm.pb.gov.br\/portal\/#\/schema\/person\/image\/","url":"https:\/\/secure.gravatar.com\/avatar\/2efe197438265d1e90bd98c4c8e1acf8?s=96&d=mm&r=g","contentUrl":"https:\/\/secure.gravatar.com\/avatar\/2efe197438265d1e90bd98c4c8e1acf8?s=96&d=mm&r=g","caption":"Assessoria de Imprensa da PMPB"},"url":"https:\/\/www.pm.pb.gov.br\/portal\/author\/assessoria\/"}]}},"_links":{"self":[{"href":"https:\/\/www.pm.pb.gov.br\/portal\/wp-json\/wp\/v2\/posts\/915374"}],"collection":[{"href":"https:\/\/www.pm.pb.gov.br\/portal\/wp-json\/wp\/v2\/posts"}],"about":[{"href":"https:\/\/www.pm.pb.gov.br\/portal\/wp-json\/wp\/v2\/types\/post"}],"author":[{"embeddable":true,"href":"https:\/\/www.pm.pb.gov.br\/portal\/wp-json\/wp\/v2\/users\/5"}],"replies":[{"embeddable":true,"href":"https:\/\/www.pm.pb.gov.br\/portal\/wp-json\/wp\/v2\/comments?post=915374"}],"version-history":[{"count":1,"href":"https:\/\/www.pm.pb.gov.br\/portal\/wp-json\/wp\/v2\/posts\/915374\/revisions"}],"predecessor-version":[{"id":915375,"href":"https:\/\/www.pm.pb.gov.br\/portal\/wp-json\/wp\/v2\/posts\/915374\/revisions\/915375"}],"wp:featuredmedia":[{"embeddable":true,"href":"https:\/\/www.pm.pb.gov.br\/portal\/wp-json\/wp\/v2\/media\/912768"}],"wp:attachment":[{"href":"https:\/\/www.pm.pb.gov.br\/portal\/wp-json\/wp\/v2\/media?parent=915374"}],"wp:term":[{"taxonomy":"category","embeddable":true,"href":"https:\/\/www.pm.pb.gov.br\/portal\/wp-json\/wp\/v2\/categories?post=915374"},{"taxonomy":"post_tag","embeddable":true,"href":"https:\/\/www.pm.pb.gov.br\/portal\/wp-json\/wp\/v2\/tags?post=915374"}],"curies":[{"name":"wp","href":"https:\/\/api.w.org\/{rel}","templated":true}]}}