{"id":915336,"date":"2022-12-28T22:39:10","date_gmt":"2022-12-29T01:39:10","guid":{"rendered":"https:\/\/www.pm.pb.gov.br\/portal\/?p=915336"},"modified":"2022-12-28T22:39:15","modified_gmt":"2022-12-29T01:39:15","slug":"policia-militar-apreende-arma-de-fogo-e-adolescente-com-drogas-durante-operacao-verao","status":"publish","type":"post","link":"https:\/\/www.pm.pb.gov.br\/portal\/2022\/12\/28\/policia-militar-apreende-arma-de-fogo-e-adolescente-com-drogas-durante-operacao-verao\/","title":{"rendered":"<strong>Pol\u00edcia Militar apreende arma de fogo e adolescente com drogas, durante Opera\u00e7\u00e3o Ver\u00e3o<\/strong>"},"content":{"rendered":"\n<p>A Pol\u00edcia Militar apreendeu uma arma de fogo e um adolescente que estava com drogas, na tarde desta quarta-feira (28), no munic\u00edpio de Lucena e regi\u00e3o. As a\u00e7\u00f5es aconteceram durante a Opera\u00e7\u00e3o Ver\u00e3o, que conta com refor\u00e7o das a\u00e7\u00f5es das For\u00e7as de Seguran\u00e7a (foto acima ilustrativa).<\/p>\n<p>A arma de fogo foi apreendida em uma incurs\u00e3o dos policiais do Batalh\u00e3o Especializado em Policiamento Tur\u00edstico (BEPTur), em uma regi\u00e3o rural de Lucena. Durante a aproxima\u00e7\u00e3o, os suspeitos conseguiram fugir mas a PM localizou e apreendeu o armamento e muni\u00e7\u00f5es deflagradas. Mais tarde, nas proximidades do distrito de Lerol\u00e2ndia, nas margens da rodovia estadual PB 025, um adolescente foi abordado pelo BEPTur com mais de 400 por\u00e7\u00f5es de subst\u00e2ncia an\u00e1loga \u00e0 maconha e crack, al\u00e9m de dinheiro e balan\u00e7a de precis\u00e3o.<\/p>\n<p><img loading=\"lazy\" decoding=\"async\" class=\" wp-image-915337 aligncenter\" src=\"http:\/\/www.pm.pb.gov.br\/portal\/wp-content\/uploads\/2022\/12\/apreensao-2-790x445.jpeg\" alt=\"\" width=\"598\" height=\"337\" srcset=\"https:\/\/www.pm.pb.gov.br\/portal\/wp-content\/uploads\/2022\/12\/apreensao-2-790x445.jpeg 790w, https:\/\/www.pm.pb.gov.br\/portal\/wp-content\/uploads\/2022\/12\/apreensao-2-1012x570.jpeg 1012w, https:\/\/www.pm.pb.gov.br\/portal\/wp-content\/uploads\/2022\/12\/apreensao-2-768x432.jpeg 768w, https:\/\/www.pm.pb.gov.br\/portal\/wp-content\/uploads\/2022\/12\/apreensao-2.jpeg 1156w\" sizes=\"(max-width: 598px) 100vw, 598px\" \/><\/p>\n<p>As duas ocorr\u00eancias foram apresentadas na 6\u00aa Delegacia Distrital em Santa Rita.<\/p>\n<p><img loading=\"lazy\" decoding=\"async\" class=\" wp-image-915338 aligncenter\" src=\"http:\/\/www.pm.pb.gov.br\/portal\/wp-content\/uploads\/2022\/12\/apreensao-1-790x445.jpeg\" alt=\"\" width=\"603\" height=\"339\" srcset=\"https:\/\/www.pm.pb.gov.br\/portal\/wp-content\/uploads\/2022\/12\/apreensao-1-790x445.jpeg 790w, https:\/\/www.pm.pb.gov.br\/portal\/wp-content\/uploads\/2022\/12\/apreensao-1-1012x570.jpeg 1012w, https:\/\/www.pm.pb.gov.br\/portal\/wp-content\/uploads\/2022\/12\/apreensao-1-768x432.jpeg 768w, https:\/\/www.pm.pb.gov.br\/portal\/wp-content\/uploads\/2022\/12\/apreensao-1.jpeg 1156w\" sizes=\"(max-width: 603px) 100vw, 603px\" \/><\/p>\n<p><strong>Dados &#8211;<\/strong> Com essa a\u00e7\u00e3o, as pris\u00f5es, apreens\u00f5es e capturas de foragidos da Justi\u00e7a na Opera\u00e7\u00e3o Ver\u00e3o pela Pol\u00edcia Militar sobem para 19, ocorrendo nas cidades da regi\u00e3o metropolitana de Jo\u00e3o Pessoa, e do litoral, com Lucena e Pitimbu, onde at\u00e9 uma submetralhadora foi apreendida na v\u00e9spera de Natal.<\/p>\n\n\n","protected":false},"excerpt":{"rendered":"<p>A Pol\u00edcia Militar apreendeu uma arma de fogo e um adolescente que estava com drogas, na tarde desta quarta-feira (28),<\/p>\n","protected":false},"author":12,"featured_media":905174,"comment_status":"closed","ping_status":"closed","sticky":false,"template":"","format":"standard","meta":{"_exactmetrics_skip_tracking":false,"_exactmetrics_sitenote_active":false,"_exactmetrics_sitenote_note":"","_exactmetrics_sitenote_category":0,"footnotes":""},"categories":[4],"tags":[],"yoast_head":"<!-- This site is optimized with the Yoast SEO plugin v22.0 - https:\/\/yoast.com\/wordpress\/plugins\/seo\/ -->\n<title>Pol\u00edcia Militar apreende arma de fogo e adolescente com drogas, durante Opera\u00e7\u00e3o Ver\u00e3o - Pol\u00edcia Militar da Para\u00edba<\/title>\n<meta name=\"robots\" content=\"index, follow, max-snippet:-1, max-image-preview:large, max-video-preview:-1\" \/>\n<link rel=\"canonical\" href=\"https:\/\/www.pm.pb.gov.br\/portal\/2022\/12\/28\/policia-militar-apreende-arma-de-fogo-e-adolescente-com-drogas-durante-operacao-verao\/\" \/>\n<meta property=\"og:locale\" content=\"pt_BR\" \/>\n<meta property=\"og:type\" content=\"article\" \/>\n<meta property=\"og:title\" content=\"Pol\u00edcia Militar apreende arma de fogo e adolescente com drogas, durante Opera\u00e7\u00e3o Ver\u00e3o - Pol\u00edcia Militar da Para\u00edba\" \/>\n<meta property=\"og:description\" content=\"A Pol\u00edcia Militar apreendeu uma arma de fogo e um adolescente que estava com drogas, na tarde desta quarta-feira (28),\" \/>\n<meta property=\"og:url\" content=\"https:\/\/www.pm.pb.gov.br\/portal\/2022\/12\/28\/policia-militar-apreende-arma-de-fogo-e-adolescente-com-drogas-durante-operacao-verao\/\" \/>\n<meta property=\"og:site_name\" content=\"Pol\u00edcia Militar da Para\u00edba\" \/>\n<meta property=\"article:published_time\" content=\"2022-12-29T01:39:10+00:00\" \/>\n<meta property=\"article:modified_time\" content=\"2022-12-29T01:39:15+00:00\" \/>\n<meta property=\"og:image\" content=\"http:\/\/www.pm.pb.gov.br\/portal\/wp-content\/uploads\/2020\/05\/ceatur-1.jpeg\" \/>\n\t<meta property=\"og:image:width\" content=\"800\" \/>\n\t<meta property=\"og:image:height\" content=\"445\" \/>\n\t<meta property=\"og:image:type\" content=\"image\/jpeg\" \/>\n<meta name=\"author\" content=\"Tarcisio Oliveira\" \/>\n<meta name=\"twitter:card\" content=\"summary_large_image\" \/>\n<meta name=\"twitter:label1\" content=\"Escrito por\" \/>\n\t<meta name=\"twitter:data1\" content=\"Tarcisio Oliveira\" \/>\n\t<meta name=\"twitter:label2\" content=\"Est. tempo de leitura\" \/>\n\t<meta name=\"twitter:data2\" content=\"2 minutos\" \/>\n<script type=\"application\/ld+json\" class=\"yoast-schema-graph\">{\"@context\":\"https:\/\/schema.org\",\"@graph\":[{\"@type\":\"Article\",\"@id\":\"https:\/\/www.pm.pb.gov.br\/portal\/2022\/12\/28\/policia-militar-apreende-arma-de-fogo-e-adolescente-com-drogas-durante-operacao-verao\/#article\",\"isPartOf\":{\"@id\":\"https:\/\/www.pm.pb.gov.br\/portal\/2022\/12\/28\/policia-militar-apreende-arma-de-fogo-e-adolescente-com-drogas-durante-operacao-verao\/\"},\"author\":{\"name\":\"Tarcisio Oliveira\",\"@id\":\"https:\/\/www.pm.pb.gov.br\/portal\/#\/schema\/person\/f84f56dcc78ce4357054da888b8247fd\"},\"headline\":\"Pol\u00edcia Militar apreende arma de fogo e adolescente com drogas, durante Opera\u00e7\u00e3o Ver\u00e3o\",\"datePublished\":\"2022-12-29T01:39:10+00:00\",\"dateModified\":\"2022-12-29T01:39:15+00:00\",\"mainEntityOfPage\":{\"@id\":\"https:\/\/www.pm.pb.gov.br\/portal\/2022\/12\/28\/policia-militar-apreende-arma-de-fogo-e-adolescente-com-drogas-durante-operacao-verao\/\"},\"wordCount\":233,\"publisher\":{\"@id\":\"https:\/\/www.pm.pb.gov.br\/portal\/#organization\"},\"articleSection\":[\"A\u00e7\u00f5es Policiais\"],\"inLanguage\":\"pt-BR\"},{\"@type\":\"WebPage\",\"@id\":\"https:\/\/www.pm.pb.gov.br\/portal\/2022\/12\/28\/policia-militar-apreende-arma-de-fogo-e-adolescente-com-drogas-durante-operacao-verao\/\",\"url\":\"https:\/\/www.pm.pb.gov.br\/portal\/2022\/12\/28\/policia-militar-apreende-arma-de-fogo-e-adolescente-com-drogas-durante-operacao-verao\/\",\"name\":\"Pol\u00edcia Militar apreende arma de fogo e adolescente com drogas, durante Opera\u00e7\u00e3o Ver\u00e3o - Pol\u00edcia Militar da Para\u00edba\",\"isPartOf\":{\"@id\":\"https:\/\/www.pm.pb.gov.br\/portal\/#website\"},\"datePublished\":\"2022-12-29T01:39:10+00:00\",\"dateModified\":\"2022-12-29T01:39:15+00:00\",\"breadcrumb\":{\"@id\":\"https:\/\/www.pm.pb.gov.br\/portal\/2022\/12\/28\/policia-militar-apreende-arma-de-fogo-e-adolescente-com-drogas-durante-operacao-verao\/#breadcrumb\"},\"inLanguage\":\"pt-BR\",\"potentialAction\":[{\"@type\":\"ReadAction\",\"target\":[\"https:\/\/www.pm.pb.gov.br\/portal\/2022\/12\/28\/policia-militar-apreende-arma-de-fogo-e-adolescente-com-drogas-durante-operacao-verao\/\"]}]},{\"@type\":\"BreadcrumbList\",\"@id\":\"https:\/\/www.pm.pb.gov.br\/portal\/2022\/12\/28\/policia-militar-apreende-arma-de-fogo-e-adolescente-com-drogas-durante-operacao-verao\/#breadcrumb\",\"itemListElement\":[{\"@type\":\"ListItem\",\"position\":1,\"name\":\"In\u00edcio\",\"item\":\"https:\/\/www.pm.pb.gov.br\/portal\/\"},{\"@type\":\"ListItem\",\"position\":2,\"name\":\"Pol\u00edcia Militar apreende arma de fogo e adolescente com drogas, durante Opera\u00e7\u00e3o Ver\u00e3o\"}]},{\"@type\":\"WebSite\",\"@id\":\"https:\/\/www.pm.pb.gov.br\/portal\/#website\",\"url\":\"https:\/\/www.pm.pb.gov.br\/portal\/\",\"name\":\"Pol\u00edcia Militar da Para\u00edba\",\"description\":\"\",\"publisher\":{\"@id\":\"https:\/\/www.pm.pb.gov.br\/portal\/#organization\"},\"potentialAction\":[{\"@type\":\"SearchAction\",\"target\":{\"@type\":\"EntryPoint\",\"urlTemplate\":\"https:\/\/www.pm.pb.gov.br\/portal\/?s={search_term_string}\"},\"query-input\":\"required name=search_term_string\"}],\"inLanguage\":\"pt-BR\"},{\"@type\":\"Organization\",\"@id\":\"https:\/\/www.pm.pb.gov.br\/portal\/#organization\",\"name\":\"Pol\u00edcia Militar da Para\u00edba\",\"url\":\"https:\/\/www.pm.pb.gov.br\/portal\/\",\"logo\":{\"@type\":\"ImageObject\",\"inLanguage\":\"pt-BR\",\"@id\":\"https:\/\/www.pm.pb.gov.br\/portal\/#\/schema\/logo\/image\/\",\"url\":\"https:\/\/www.pm.pb.gov.br\/portal\/wp-content\/uploads\/2025\/03\/cropped-logo-site-mag2-1.png\",\"contentUrl\":\"https:\/\/www.pm.pb.gov.br\/portal\/wp-content\/uploads\/2025\/03\/cropped-logo-site-mag2-1.png\",\"width\":320,\"height\":90,\"caption\":\"Pol\u00edcia Militar da Para\u00edba\"},\"image\":{\"@id\":\"https:\/\/www.pm.pb.gov.br\/portal\/#\/schema\/logo\/image\/\"}},{\"@type\":\"Person\",\"@id\":\"https:\/\/www.pm.pb.gov.br\/portal\/#\/schema\/person\/f84f56dcc78ce4357054da888b8247fd\",\"name\":\"Tarcisio Oliveira\",\"image\":{\"@type\":\"ImageObject\",\"inLanguage\":\"pt-BR\",\"@id\":\"https:\/\/www.pm.pb.gov.br\/portal\/#\/schema\/person\/image\/\",\"url\":\"https:\/\/secure.gravatar.com\/avatar\/72917b630b69d31cd0297507f34bac97?s=96&d=mm&r=g\",\"contentUrl\":\"https:\/\/secure.gravatar.com\/avatar\/72917b630b69d31cd0297507f34bac97?s=96&d=mm&r=g\",\"caption\":\"Tarcisio Oliveira\"},\"url\":\"https:\/\/www.pm.pb.gov.br\/portal\/author\/tarcisio\/\"}]}<\/script>\n<!-- \/ Yoast SEO plugin. -->","yoast_head_json":{"title":"Pol\u00edcia Militar apreende arma de fogo e adolescente com drogas, durante Opera\u00e7\u00e3o Ver\u00e3o - Pol\u00edcia Militar da Para\u00edba","robots":{"index":"index","follow":"follow","max-snippet":"max-snippet:-1","max-image-preview":"max-image-preview:large","max-video-preview":"max-video-preview:-1"},"canonical":"https:\/\/www.pm.pb.gov.br\/portal\/2022\/12\/28\/policia-militar-apreende-arma-de-fogo-e-adolescente-com-drogas-durante-operacao-verao\/","og_locale":"pt_BR","og_type":"article","og_title":"Pol\u00edcia Militar apreende arma de fogo e adolescente com drogas, durante Opera\u00e7\u00e3o Ver\u00e3o - Pol\u00edcia Militar da Para\u00edba","og_description":"A Pol\u00edcia Militar apreendeu uma arma de fogo e um adolescente que estava com drogas, na tarde desta quarta-feira (28),","og_url":"https:\/\/www.pm.pb.gov.br\/portal\/2022\/12\/28\/policia-militar-apreende-arma-de-fogo-e-adolescente-com-drogas-durante-operacao-verao\/","og_site_name":"Pol\u00edcia Militar da Para\u00edba","article_published_time":"2022-12-29T01:39:10+00:00","article_modified_time":"2022-12-29T01:39:15+00:00","og_image":[{"width":800,"height":445,"url":"http:\/\/www.pm.pb.gov.br\/portal\/wp-content\/uploads\/2020\/05\/ceatur-1.jpeg","type":"image\/jpeg"}],"author":"Tarcisio Oliveira","twitter_card":"summary_large_image","twitter_misc":{"Escrito por":"Tarcisio Oliveira","Est. tempo de leitura":"2 minutos"},"schema":{"@context":"https:\/\/schema.org","@graph":[{"@type":"Article","@id":"https:\/\/www.pm.pb.gov.br\/portal\/2022\/12\/28\/policia-militar-apreende-arma-de-fogo-e-adolescente-com-drogas-durante-operacao-verao\/#article","isPartOf":{"@id":"https:\/\/www.pm.pb.gov.br\/portal\/2022\/12\/28\/policia-militar-apreende-arma-de-fogo-e-adolescente-com-drogas-durante-operacao-verao\/"},"author":{"name":"Tarcisio Oliveira","@id":"https:\/\/www.pm.pb.gov.br\/portal\/#\/schema\/person\/f84f56dcc78ce4357054da888b8247fd"},"headline":"Pol\u00edcia Militar apreende arma de fogo e adolescente com drogas, durante Opera\u00e7\u00e3o Ver\u00e3o","datePublished":"2022-12-29T01:39:10+00:00","dateModified":"2022-12-29T01:39:15+00:00","mainEntityOfPage":{"@id":"https:\/\/www.pm.pb.gov.br\/portal\/2022\/12\/28\/policia-militar-apreende-arma-de-fogo-e-adolescente-com-drogas-durante-operacao-verao\/"},"wordCount":233,"publisher":{"@id":"https:\/\/www.pm.pb.gov.br\/portal\/#organization"},"articleSection":["A\u00e7\u00f5es Policiais"],"inLanguage":"pt-BR"},{"@type":"WebPage","@id":"https:\/\/www.pm.pb.gov.br\/portal\/2022\/12\/28\/policia-militar-apreende-arma-de-fogo-e-adolescente-com-drogas-durante-operacao-verao\/","url":"https:\/\/www.pm.pb.gov.br\/portal\/2022\/12\/28\/policia-militar-apreende-arma-de-fogo-e-adolescente-com-drogas-durante-operacao-verao\/","name":"Pol\u00edcia Militar apreende arma de fogo e adolescente com drogas, durante Opera\u00e7\u00e3o Ver\u00e3o - Pol\u00edcia Militar da Para\u00edba","isPartOf":{"@id":"https:\/\/www.pm.pb.gov.br\/portal\/#website"},"datePublished":"2022-12-29T01:39:10+00:00","dateModified":"2022-12-29T01:39:15+00:00","breadcrumb":{"@id":"https:\/\/www.pm.pb.gov.br\/portal\/2022\/12\/28\/policia-militar-apreende-arma-de-fogo-e-adolescente-com-drogas-durante-operacao-verao\/#breadcrumb"},"inLanguage":"pt-BR","potentialAction":[{"@type":"ReadAction","target":["https:\/\/www.pm.pb.gov.br\/portal\/2022\/12\/28\/policia-militar-apreende-arma-de-fogo-e-adolescente-com-drogas-durante-operacao-verao\/"]}]},{"@type":"BreadcrumbList","@id":"https:\/\/www.pm.pb.gov.br\/portal\/2022\/12\/28\/policia-militar-apreende-arma-de-fogo-e-adolescente-com-drogas-durante-operacao-verao\/#breadcrumb","itemListElement":[{"@type":"ListItem","position":1,"name":"In\u00edcio","item":"https:\/\/www.pm.pb.gov.br\/portal\/"},{"@type":"ListItem","position":2,"name":"Pol\u00edcia Militar apreende arma de fogo e adolescente com drogas, durante Opera\u00e7\u00e3o Ver\u00e3o"}]},{"@type":"WebSite","@id":"https:\/\/www.pm.pb.gov.br\/portal\/#website","url":"https:\/\/www.pm.pb.gov.br\/portal\/","name":"Pol\u00edcia Militar da Para\u00edba","description":"","publisher":{"@id":"https:\/\/www.pm.pb.gov.br\/portal\/#organization"},"potentialAction":[{"@type":"SearchAction","target":{"@type":"EntryPoint","urlTemplate":"https:\/\/www.pm.pb.gov.br\/portal\/?s={search_term_string}"},"query-input":"required name=search_term_string"}],"inLanguage":"pt-BR"},{"@type":"Organization","@id":"https:\/\/www.pm.pb.gov.br\/portal\/#organization","name":"Pol\u00edcia Militar da Para\u00edba","url":"https:\/\/www.pm.pb.gov.br\/portal\/","logo":{"@type":"ImageObject","inLanguage":"pt-BR","@id":"https:\/\/www.pm.pb.gov.br\/portal\/#\/schema\/logo\/image\/","url":"https:\/\/www.pm.pb.gov.br\/portal\/wp-content\/uploads\/2025\/03\/cropped-logo-site-mag2-1.png","contentUrl":"https:\/\/www.pm.pb.gov.br\/portal\/wp-content\/uploads\/2025\/03\/cropped-logo-site-mag2-1.png","width":320,"height":90,"caption":"Pol\u00edcia Militar da Para\u00edba"},"image":{"@id":"https:\/\/www.pm.pb.gov.br\/portal\/#\/schema\/logo\/image\/"}},{"@type":"Person","@id":"https:\/\/www.pm.pb.gov.br\/portal\/#\/schema\/person\/f84f56dcc78ce4357054da888b8247fd","name":"Tarcisio Oliveira","image":{"@type":"ImageObject","inLanguage":"pt-BR","@id":"https:\/\/www.pm.pb.gov.br\/portal\/#\/schema\/person\/image\/","url":"https:\/\/secure.gravatar.com\/avatar\/72917b630b69d31cd0297507f34bac97?s=96&d=mm&r=g","contentUrl":"https:\/\/secure.gravatar.com\/avatar\/72917b630b69d31cd0297507f34bac97?s=96&d=mm&r=g","caption":"Tarcisio Oliveira"},"url":"https:\/\/www.pm.pb.gov.br\/portal\/author\/tarcisio\/"}]}},"_links":{"self":[{"href":"https:\/\/www.pm.pb.gov.br\/portal\/wp-json\/wp\/v2\/posts\/915336"}],"collection":[{"href":"https:\/\/www.pm.pb.gov.br\/portal\/wp-json\/wp\/v2\/posts"}],"about":[{"href":"https:\/\/www.pm.pb.gov.br\/portal\/wp-json\/wp\/v2\/types\/post"}],"author":[{"embeddable":true,"href":"https:\/\/www.pm.pb.gov.br\/portal\/wp-json\/wp\/v2\/users\/12"}],"replies":[{"embeddable":true,"href":"https:\/\/www.pm.pb.gov.br\/portal\/wp-json\/wp\/v2\/comments?post=915336"}],"version-history":[{"count":1,"href":"https:\/\/www.pm.pb.gov.br\/portal\/wp-json\/wp\/v2\/posts\/915336\/revisions"}],"predecessor-version":[{"id":915339,"href":"https:\/\/www.pm.pb.gov.br\/portal\/wp-json\/wp\/v2\/posts\/915336\/revisions\/915339"}],"wp:featuredmedia":[{"embeddable":true,"href":"https:\/\/www.pm.pb.gov.br\/portal\/wp-json\/wp\/v2\/media\/905174"}],"wp:attachment":[{"href":"https:\/\/www.pm.pb.gov.br\/portal\/wp-json\/wp\/v2\/media?parent=915336"}],"wp:term":[{"taxonomy":"category","embeddable":true,"href":"https:\/\/www.pm.pb.gov.br\/portal\/wp-json\/wp\/v2\/categories?post=915336"},{"taxonomy":"post_tag","embeddable":true,"href":"https:\/\/www.pm.pb.gov.br\/portal\/wp-json\/wp\/v2\/tags?post=915336"}],"curies":[{"name":"wp","href":"https:\/\/api.w.org\/{rel}","templated":true}]}}