{"id":915322,"date":"2022-12-27T23:45:52","date_gmt":"2022-12-28T02:45:52","guid":{"rendered":"https:\/\/www.pm.pb.gov.br\/portal\/?p=915322"},"modified":"2022-12-27T23:45:56","modified_gmt":"2022-12-28T02:45:56","slug":"reincidencia-suspeitos-presos-pela-pm-em-balsa-de-cabedelo-ja-tinham-passagem-pela-policia","status":"publish","type":"post","link":"https:\/\/www.pm.pb.gov.br\/portal\/2022\/12\/27\/reincidencia-suspeitos-presos-pela-pm-em-balsa-de-cabedelo-ja-tinham-passagem-pela-policia\/","title":{"rendered":"REINCID\u00caNCIA: Suspeitos presos pela PM em balsa de Cabedelo j\u00e1 tinham passagem pela Pol\u00edcia"},"content":{"rendered":"\n<p><img loading=\"lazy\" decoding=\"async\" class=\"size-medium wp-image-915324 alignright\" src=\"http:\/\/www.pm.pb.gov.br\/portal\/wp-content\/uploads\/2022\/12\/WhatsApp-Image-2022-12-27-at-21.10.23-334x445.jpeg\" alt=\"\" width=\"334\" height=\"445\" srcset=\"https:\/\/www.pm.pb.gov.br\/portal\/wp-content\/uploads\/2022\/12\/WhatsApp-Image-2022-12-27-at-21.10.23-334x445.jpeg 334w, https:\/\/www.pm.pb.gov.br\/portal\/wp-content\/uploads\/2022\/12\/WhatsApp-Image-2022-12-27-at-21.10.23-428x570.jpeg 428w, https:\/\/www.pm.pb.gov.br\/portal\/wp-content\/uploads\/2022\/12\/WhatsApp-Image-2022-12-27-at-21.10.23-768x1024.jpeg 768w, https:\/\/www.pm.pb.gov.br\/portal\/wp-content\/uploads\/2022\/12\/WhatsApp-Image-2022-12-27-at-21.10.23-1152x1536.jpeg 1152w, https:\/\/www.pm.pb.gov.br\/portal\/wp-content\/uploads\/2022\/12\/WhatsApp-Image-2022-12-27-at-21.10.23.jpeg 1200w\" sizes=\"(max-width: 334px) 100vw, 334px\" \/>Os dois suspeitos presos e o adolescente apreendido pela Pol\u00edcia Militar ap\u00f3s tentativa de roubo em Lucena, fuga e amea\u00e7a aos passageiros da balsa entre Costinha e Cabedelo, j\u00e1 tinham passagem pela pol\u00edcia. A informa\u00e7\u00e3o \u00e9 do comando da 6\u00aa Companhia Independente (6\u00aa CIPM). Ap\u00f3s o \u00faltimo crime do trio, no fim da tarde desta ter\u00e7a-feira (27), os suspeitos foram detidos em uma a\u00e7\u00e3o conjunta da PM e do Grupamento T\u00e1tico A\u00e9reo (GTA), e apresentados em delegacia.<\/p>\n<p>Os dois adultos, de 20 e 18 anos de idade, e o menor de 17, estavam com uma pistola, usado para cometer os delitos e intimidar as v\u00edtimas em Lucena e na balsa. A arma foi apreendida (foto acima). \u201cUm dos suspeitos presos, em apenas dois anos, j\u00e1 havia sido preso em Cabedelo seis vezes. A maioria das ocorr\u00eancias foram por crimes patrimoniais, como assaltos\u201d, revelou o tenente-coronel Temoteo, comandante da 6\u00aa CIPM. \u201cO outro adulto preso j\u00e1 cumpria pena, mas foi beneficiado com a sa\u00edda tempor\u00e1ria de Natal. J\u00e1 o adolescente, \u00e9 conhecido por cometer atos infracionais\u201d, disse o comandante.<\/p>\n<p>O trio foi detido por um cerco montado pela 6\u00aa CIPM (foto ao lado), Batalh\u00e3o Especializado em Policiamento Tur\u00edstico (BEPTur), For\u00e7a Regional e o Acau\u00e3, do GTA, em Cabedelo. Eles foram apresentados para a 7\u00aa Delegacia Distrital em Cabedelo, onde foram reconhecidos pelas v\u00edtimas. A participa\u00e7\u00e3o deles em outros delitos na regi\u00e3o dever\u00e1 ser investigada.<\/p>\n\n\n","protected":false},"excerpt":{"rendered":"<p>Os dois suspeitos presos e o adolescente apreendido pela Pol\u00edcia Militar ap\u00f3s tentativa de roubo em Lucena, fuga e amea\u00e7a<\/p>\n","protected":false},"author":12,"featured_media":915323,"comment_status":"closed","ping_status":"closed","sticky":false,"template":"","format":"standard","meta":{"_exactmetrics_skip_tracking":false,"_exactmetrics_sitenote_active":false,"_exactmetrics_sitenote_note":"","_exactmetrics_sitenote_category":0,"footnotes":""},"categories":[4],"tags":[],"yoast_head":"<!-- This site is optimized with the Yoast SEO plugin v22.0 - https:\/\/yoast.com\/wordpress\/plugins\/seo\/ -->\n<title>REINCID\u00caNCIA: Suspeitos presos pela PM em balsa de Cabedelo j\u00e1 tinham passagem pela Pol\u00edcia - Pol\u00edcia Militar da Para\u00edba<\/title>\n<meta name=\"robots\" content=\"index, follow, max-snippet:-1, max-image-preview:large, max-video-preview:-1\" \/>\n<link rel=\"canonical\" href=\"https:\/\/www.pm.pb.gov.br\/portal\/2022\/12\/27\/reincidencia-suspeitos-presos-pela-pm-em-balsa-de-cabedelo-ja-tinham-passagem-pela-policia\/\" \/>\n<meta property=\"og:locale\" content=\"pt_BR\" \/>\n<meta property=\"og:type\" content=\"article\" \/>\n<meta property=\"og:title\" content=\"REINCID\u00caNCIA: Suspeitos presos pela PM em balsa de Cabedelo j\u00e1 tinham passagem pela Pol\u00edcia - Pol\u00edcia Militar da Para\u00edba\" \/>\n<meta property=\"og:description\" content=\"Os dois suspeitos presos e o adolescente apreendido pela Pol\u00edcia Militar ap\u00f3s tentativa de roubo em Lucena, fuga e amea\u00e7a\" \/>\n<meta property=\"og:url\" content=\"https:\/\/www.pm.pb.gov.br\/portal\/2022\/12\/27\/reincidencia-suspeitos-presos-pela-pm-em-balsa-de-cabedelo-ja-tinham-passagem-pela-policia\/\" \/>\n<meta property=\"og:site_name\" content=\"Pol\u00edcia Militar da Para\u00edba\" \/>\n<meta property=\"article:published_time\" content=\"2022-12-28T02:45:52+00:00\" \/>\n<meta property=\"article:modified_time\" content=\"2022-12-28T02:45:56+00:00\" \/>\n<meta property=\"og:image\" content=\"http:\/\/www.pm.pb.gov.br\/portal\/wp-content\/uploads\/2022\/12\/cabedelo.jpeg\" \/>\n\t<meta property=\"og:image:width\" content=\"800\" \/>\n\t<meta property=\"og:image:height\" content=\"445\" \/>\n\t<meta property=\"og:image:type\" content=\"image\/jpeg\" \/>\n<meta name=\"author\" content=\"Tarcisio Oliveira\" \/>\n<meta name=\"twitter:card\" content=\"summary_large_image\" \/>\n<meta name=\"twitter:label1\" content=\"Escrito por\" \/>\n\t<meta name=\"twitter:data1\" content=\"Tarcisio Oliveira\" \/>\n\t<meta name=\"twitter:label2\" content=\"Est. tempo de leitura\" \/>\n\t<meta name=\"twitter:data2\" content=\"2 minutos\" \/>\n<script type=\"application\/ld+json\" class=\"yoast-schema-graph\">{\"@context\":\"https:\/\/schema.org\",\"@graph\":[{\"@type\":\"Article\",\"@id\":\"https:\/\/www.pm.pb.gov.br\/portal\/2022\/12\/27\/reincidencia-suspeitos-presos-pela-pm-em-balsa-de-cabedelo-ja-tinham-passagem-pela-policia\/#article\",\"isPartOf\":{\"@id\":\"https:\/\/www.pm.pb.gov.br\/portal\/2022\/12\/27\/reincidencia-suspeitos-presos-pela-pm-em-balsa-de-cabedelo-ja-tinham-passagem-pela-policia\/\"},\"author\":{\"name\":\"Tarcisio Oliveira\",\"@id\":\"https:\/\/www.pm.pb.gov.br\/portal\/#\/schema\/person\/f84f56dcc78ce4357054da888b8247fd\"},\"headline\":\"REINCID\u00caNCIA: Suspeitos presos pela PM em balsa de Cabedelo j\u00e1 tinham passagem pela Pol\u00edcia\",\"datePublished\":\"2022-12-28T02:45:52+00:00\",\"dateModified\":\"2022-12-28T02:45:56+00:00\",\"mainEntityOfPage\":{\"@id\":\"https:\/\/www.pm.pb.gov.br\/portal\/2022\/12\/27\/reincidencia-suspeitos-presos-pela-pm-em-balsa-de-cabedelo-ja-tinham-passagem-pela-policia\/\"},\"wordCount\":258,\"publisher\":{\"@id\":\"https:\/\/www.pm.pb.gov.br\/portal\/#organization\"},\"articleSection\":[\"A\u00e7\u00f5es Policiais\"],\"inLanguage\":\"pt-BR\"},{\"@type\":\"WebPage\",\"@id\":\"https:\/\/www.pm.pb.gov.br\/portal\/2022\/12\/27\/reincidencia-suspeitos-presos-pela-pm-em-balsa-de-cabedelo-ja-tinham-passagem-pela-policia\/\",\"url\":\"https:\/\/www.pm.pb.gov.br\/portal\/2022\/12\/27\/reincidencia-suspeitos-presos-pela-pm-em-balsa-de-cabedelo-ja-tinham-passagem-pela-policia\/\",\"name\":\"REINCID\u00caNCIA: Suspeitos presos pela PM em balsa de Cabedelo j\u00e1 tinham passagem pela Pol\u00edcia - Pol\u00edcia Militar da Para\u00edba\",\"isPartOf\":{\"@id\":\"https:\/\/www.pm.pb.gov.br\/portal\/#website\"},\"datePublished\":\"2022-12-28T02:45:52+00:00\",\"dateModified\":\"2022-12-28T02:45:56+00:00\",\"breadcrumb\":{\"@id\":\"https:\/\/www.pm.pb.gov.br\/portal\/2022\/12\/27\/reincidencia-suspeitos-presos-pela-pm-em-balsa-de-cabedelo-ja-tinham-passagem-pela-policia\/#breadcrumb\"},\"inLanguage\":\"pt-BR\",\"potentialAction\":[{\"@type\":\"ReadAction\",\"target\":[\"https:\/\/www.pm.pb.gov.br\/portal\/2022\/12\/27\/reincidencia-suspeitos-presos-pela-pm-em-balsa-de-cabedelo-ja-tinham-passagem-pela-policia\/\"]}]},{\"@type\":\"BreadcrumbList\",\"@id\":\"https:\/\/www.pm.pb.gov.br\/portal\/2022\/12\/27\/reincidencia-suspeitos-presos-pela-pm-em-balsa-de-cabedelo-ja-tinham-passagem-pela-policia\/#breadcrumb\",\"itemListElement\":[{\"@type\":\"ListItem\",\"position\":1,\"name\":\"In\u00edcio\",\"item\":\"https:\/\/www.pm.pb.gov.br\/portal\/\"},{\"@type\":\"ListItem\",\"position\":2,\"name\":\"REINCID\u00caNCIA: Suspeitos presos pela PM em balsa de Cabedelo j\u00e1 tinham passagem pela Pol\u00edcia\"}]},{\"@type\":\"WebSite\",\"@id\":\"https:\/\/www.pm.pb.gov.br\/portal\/#website\",\"url\":\"https:\/\/www.pm.pb.gov.br\/portal\/\",\"name\":\"Pol\u00edcia Militar da Para\u00edba\",\"description\":\"\",\"publisher\":{\"@id\":\"https:\/\/www.pm.pb.gov.br\/portal\/#organization\"},\"potentialAction\":[{\"@type\":\"SearchAction\",\"target\":{\"@type\":\"EntryPoint\",\"urlTemplate\":\"https:\/\/www.pm.pb.gov.br\/portal\/?s={search_term_string}\"},\"query-input\":\"required name=search_term_string\"}],\"inLanguage\":\"pt-BR\"},{\"@type\":\"Organization\",\"@id\":\"https:\/\/www.pm.pb.gov.br\/portal\/#organization\",\"name\":\"Pol\u00edcia Militar da Para\u00edba\",\"url\":\"https:\/\/www.pm.pb.gov.br\/portal\/\",\"logo\":{\"@type\":\"ImageObject\",\"inLanguage\":\"pt-BR\",\"@id\":\"https:\/\/www.pm.pb.gov.br\/portal\/#\/schema\/logo\/image\/\",\"url\":\"https:\/\/www.pm.pb.gov.br\/portal\/wp-content\/uploads\/2025\/03\/cropped-logo-site-mag2-1.png\",\"contentUrl\":\"https:\/\/www.pm.pb.gov.br\/portal\/wp-content\/uploads\/2025\/03\/cropped-logo-site-mag2-1.png\",\"width\":320,\"height\":90,\"caption\":\"Pol\u00edcia Militar da Para\u00edba\"},\"image\":{\"@id\":\"https:\/\/www.pm.pb.gov.br\/portal\/#\/schema\/logo\/image\/\"}},{\"@type\":\"Person\",\"@id\":\"https:\/\/www.pm.pb.gov.br\/portal\/#\/schema\/person\/f84f56dcc78ce4357054da888b8247fd\",\"name\":\"Tarcisio Oliveira\",\"image\":{\"@type\":\"ImageObject\",\"inLanguage\":\"pt-BR\",\"@id\":\"https:\/\/www.pm.pb.gov.br\/portal\/#\/schema\/person\/image\/\",\"url\":\"https:\/\/secure.gravatar.com\/avatar\/72917b630b69d31cd0297507f34bac97?s=96&d=mm&r=g\",\"contentUrl\":\"https:\/\/secure.gravatar.com\/avatar\/72917b630b69d31cd0297507f34bac97?s=96&d=mm&r=g\",\"caption\":\"Tarcisio Oliveira\"},\"url\":\"https:\/\/www.pm.pb.gov.br\/portal\/author\/tarcisio\/\"}]}<\/script>\n<!-- \/ Yoast SEO plugin. -->","yoast_head_json":{"title":"REINCID\u00caNCIA: Suspeitos presos pela PM em balsa de Cabedelo j\u00e1 tinham passagem pela Pol\u00edcia - Pol\u00edcia Militar da Para\u00edba","robots":{"index":"index","follow":"follow","max-snippet":"max-snippet:-1","max-image-preview":"max-image-preview:large","max-video-preview":"max-video-preview:-1"},"canonical":"https:\/\/www.pm.pb.gov.br\/portal\/2022\/12\/27\/reincidencia-suspeitos-presos-pela-pm-em-balsa-de-cabedelo-ja-tinham-passagem-pela-policia\/","og_locale":"pt_BR","og_type":"article","og_title":"REINCID\u00caNCIA: Suspeitos presos pela PM em balsa de Cabedelo j\u00e1 tinham passagem pela Pol\u00edcia - Pol\u00edcia Militar da Para\u00edba","og_description":"Os dois suspeitos presos e o adolescente apreendido pela Pol\u00edcia Militar ap\u00f3s tentativa de roubo em Lucena, fuga e amea\u00e7a","og_url":"https:\/\/www.pm.pb.gov.br\/portal\/2022\/12\/27\/reincidencia-suspeitos-presos-pela-pm-em-balsa-de-cabedelo-ja-tinham-passagem-pela-policia\/","og_site_name":"Pol\u00edcia Militar da Para\u00edba","article_published_time":"2022-12-28T02:45:52+00:00","article_modified_time":"2022-12-28T02:45:56+00:00","og_image":[{"width":800,"height":445,"url":"http:\/\/www.pm.pb.gov.br\/portal\/wp-content\/uploads\/2022\/12\/cabedelo.jpeg","type":"image\/jpeg"}],"author":"Tarcisio Oliveira","twitter_card":"summary_large_image","twitter_misc":{"Escrito por":"Tarcisio Oliveira","Est. tempo de leitura":"2 minutos"},"schema":{"@context":"https:\/\/schema.org","@graph":[{"@type":"Article","@id":"https:\/\/www.pm.pb.gov.br\/portal\/2022\/12\/27\/reincidencia-suspeitos-presos-pela-pm-em-balsa-de-cabedelo-ja-tinham-passagem-pela-policia\/#article","isPartOf":{"@id":"https:\/\/www.pm.pb.gov.br\/portal\/2022\/12\/27\/reincidencia-suspeitos-presos-pela-pm-em-balsa-de-cabedelo-ja-tinham-passagem-pela-policia\/"},"author":{"name":"Tarcisio Oliveira","@id":"https:\/\/www.pm.pb.gov.br\/portal\/#\/schema\/person\/f84f56dcc78ce4357054da888b8247fd"},"headline":"REINCID\u00caNCIA: Suspeitos presos pela PM em balsa de Cabedelo j\u00e1 tinham passagem pela Pol\u00edcia","datePublished":"2022-12-28T02:45:52+00:00","dateModified":"2022-12-28T02:45:56+00:00","mainEntityOfPage":{"@id":"https:\/\/www.pm.pb.gov.br\/portal\/2022\/12\/27\/reincidencia-suspeitos-presos-pela-pm-em-balsa-de-cabedelo-ja-tinham-passagem-pela-policia\/"},"wordCount":258,"publisher":{"@id":"https:\/\/www.pm.pb.gov.br\/portal\/#organization"},"articleSection":["A\u00e7\u00f5es Policiais"],"inLanguage":"pt-BR"},{"@type":"WebPage","@id":"https:\/\/www.pm.pb.gov.br\/portal\/2022\/12\/27\/reincidencia-suspeitos-presos-pela-pm-em-balsa-de-cabedelo-ja-tinham-passagem-pela-policia\/","url":"https:\/\/www.pm.pb.gov.br\/portal\/2022\/12\/27\/reincidencia-suspeitos-presos-pela-pm-em-balsa-de-cabedelo-ja-tinham-passagem-pela-policia\/","name":"REINCID\u00caNCIA: Suspeitos presos pela PM em balsa de Cabedelo j\u00e1 tinham passagem pela Pol\u00edcia - Pol\u00edcia Militar da Para\u00edba","isPartOf":{"@id":"https:\/\/www.pm.pb.gov.br\/portal\/#website"},"datePublished":"2022-12-28T02:45:52+00:00","dateModified":"2022-12-28T02:45:56+00:00","breadcrumb":{"@id":"https:\/\/www.pm.pb.gov.br\/portal\/2022\/12\/27\/reincidencia-suspeitos-presos-pela-pm-em-balsa-de-cabedelo-ja-tinham-passagem-pela-policia\/#breadcrumb"},"inLanguage":"pt-BR","potentialAction":[{"@type":"ReadAction","target":["https:\/\/www.pm.pb.gov.br\/portal\/2022\/12\/27\/reincidencia-suspeitos-presos-pela-pm-em-balsa-de-cabedelo-ja-tinham-passagem-pela-policia\/"]}]},{"@type":"BreadcrumbList","@id":"https:\/\/www.pm.pb.gov.br\/portal\/2022\/12\/27\/reincidencia-suspeitos-presos-pela-pm-em-balsa-de-cabedelo-ja-tinham-passagem-pela-policia\/#breadcrumb","itemListElement":[{"@type":"ListItem","position":1,"name":"In\u00edcio","item":"https:\/\/www.pm.pb.gov.br\/portal\/"},{"@type":"ListItem","position":2,"name":"REINCID\u00caNCIA: Suspeitos presos pela PM em balsa de Cabedelo j\u00e1 tinham passagem pela Pol\u00edcia"}]},{"@type":"WebSite","@id":"https:\/\/www.pm.pb.gov.br\/portal\/#website","url":"https:\/\/www.pm.pb.gov.br\/portal\/","name":"Pol\u00edcia Militar da Para\u00edba","description":"","publisher":{"@id":"https:\/\/www.pm.pb.gov.br\/portal\/#organization"},"potentialAction":[{"@type":"SearchAction","target":{"@type":"EntryPoint","urlTemplate":"https:\/\/www.pm.pb.gov.br\/portal\/?s={search_term_string}"},"query-input":"required name=search_term_string"}],"inLanguage":"pt-BR"},{"@type":"Organization","@id":"https:\/\/www.pm.pb.gov.br\/portal\/#organization","name":"Pol\u00edcia Militar da Para\u00edba","url":"https:\/\/www.pm.pb.gov.br\/portal\/","logo":{"@type":"ImageObject","inLanguage":"pt-BR","@id":"https:\/\/www.pm.pb.gov.br\/portal\/#\/schema\/logo\/image\/","url":"https:\/\/www.pm.pb.gov.br\/portal\/wp-content\/uploads\/2025\/03\/cropped-logo-site-mag2-1.png","contentUrl":"https:\/\/www.pm.pb.gov.br\/portal\/wp-content\/uploads\/2025\/03\/cropped-logo-site-mag2-1.png","width":320,"height":90,"caption":"Pol\u00edcia Militar da Para\u00edba"},"image":{"@id":"https:\/\/www.pm.pb.gov.br\/portal\/#\/schema\/logo\/image\/"}},{"@type":"Person","@id":"https:\/\/www.pm.pb.gov.br\/portal\/#\/schema\/person\/f84f56dcc78ce4357054da888b8247fd","name":"Tarcisio Oliveira","image":{"@type":"ImageObject","inLanguage":"pt-BR","@id":"https:\/\/www.pm.pb.gov.br\/portal\/#\/schema\/person\/image\/","url":"https:\/\/secure.gravatar.com\/avatar\/72917b630b69d31cd0297507f34bac97?s=96&d=mm&r=g","contentUrl":"https:\/\/secure.gravatar.com\/avatar\/72917b630b69d31cd0297507f34bac97?s=96&d=mm&r=g","caption":"Tarcisio Oliveira"},"url":"https:\/\/www.pm.pb.gov.br\/portal\/author\/tarcisio\/"}]}},"_links":{"self":[{"href":"https:\/\/www.pm.pb.gov.br\/portal\/wp-json\/wp\/v2\/posts\/915322"}],"collection":[{"href":"https:\/\/www.pm.pb.gov.br\/portal\/wp-json\/wp\/v2\/posts"}],"about":[{"href":"https:\/\/www.pm.pb.gov.br\/portal\/wp-json\/wp\/v2\/types\/post"}],"author":[{"embeddable":true,"href":"https:\/\/www.pm.pb.gov.br\/portal\/wp-json\/wp\/v2\/users\/12"}],"replies":[{"embeddable":true,"href":"https:\/\/www.pm.pb.gov.br\/portal\/wp-json\/wp\/v2\/comments?post=915322"}],"version-history":[{"count":1,"href":"https:\/\/www.pm.pb.gov.br\/portal\/wp-json\/wp\/v2\/posts\/915322\/revisions"}],"predecessor-version":[{"id":915325,"href":"https:\/\/www.pm.pb.gov.br\/portal\/wp-json\/wp\/v2\/posts\/915322\/revisions\/915325"}],"wp:featuredmedia":[{"embeddable":true,"href":"https:\/\/www.pm.pb.gov.br\/portal\/wp-json\/wp\/v2\/media\/915323"}],"wp:attachment":[{"href":"https:\/\/www.pm.pb.gov.br\/portal\/wp-json\/wp\/v2\/media?parent=915322"}],"wp:term":[{"taxonomy":"category","embeddable":true,"href":"https:\/\/www.pm.pb.gov.br\/portal\/wp-json\/wp\/v2\/categories?post=915322"},{"taxonomy":"post_tag","embeddable":true,"href":"https:\/\/www.pm.pb.gov.br\/portal\/wp-json\/wp\/v2\/tags?post=915322"}],"curies":[{"name":"wp","href":"https:\/\/api.w.org\/{rel}","templated":true}]}}