{"id":915317,"date":"2022-12-27T17:54:30","date_gmt":"2022-12-27T20:54:30","guid":{"rendered":"https:\/\/www.pm.pb.gov.br\/portal\/?p=915317"},"modified":"2022-12-27T17:54:34","modified_gmt":"2022-12-27T20:54:34","slug":"policia-militar-prende-suspeitos-de-roubo-e-invasao-a-residencia-em-campina-grande","status":"publish","type":"post","link":"https:\/\/www.pm.pb.gov.br\/portal\/2022\/12\/27\/policia-militar-prende-suspeitos-de-roubo-e-invasao-a-residencia-em-campina-grande\/","title":{"rendered":"Pol\u00edcia Militar prende suspeitos de roubo e invas\u00e3o \u00e0 resid\u00eancia, em Campina Grande"},"content":{"rendered":"\n<p>A Pol\u00edcia Militar prendeu dois homens suspeitos de roubo e invas\u00e3o \u00e0 resid\u00eancia, que agiram na manh\u00e3 desta ter\u00e7a-feira (27) em Campina Grande. Um dos homens presos j\u00e1 tinha uma tornozeleira eletr\u00f4nica, e foi encontrado com uma pistola e celulares da v\u00edtima.<\/p>\n<p>De acordo com informa\u00e7\u00f5es do comando do 10\u00ba Batalh\u00e3o, a dupla agiu invadindo uma resid\u00eancia no bairro Jardim Tavares, agrediu v\u00edtimas e levou celulares e um ve\u00edculo Prisma (foto acima). \u201cDurante o cerco, conseguimos localizar a dupla na regi\u00e3o da malha central de Campina Grande. Eles j\u00e1 haviam se desfeito do carro roubado, que n\u00f3s tamb\u00e9m encontramos, e estavam em outro ve\u00edculo que apreendemos durante a a\u00e7\u00e3o\u201d, explicou o tenente-coronel Figueiredo, comandante do 10\u00ba BPM.<\/p>\n<p><img loading=\"lazy\" decoding=\"async\" class=\" wp-image-915319 aligncenter\" src=\"http:\/\/www.pm.pb.gov.br\/portal\/wp-content\/uploads\/2022\/12\/WhatsApp-Image-2022-12-27-at-17.28.50-791x445.jpeg\" alt=\"\" width=\"620\" height=\"349\" srcset=\"https:\/\/www.pm.pb.gov.br\/portal\/wp-content\/uploads\/2022\/12\/WhatsApp-Image-2022-12-27-at-17.28.50-791x445.jpeg 791w, https:\/\/www.pm.pb.gov.br\/portal\/wp-content\/uploads\/2022\/12\/WhatsApp-Image-2022-12-27-at-17.28.50-1013x570.jpeg 1013w, https:\/\/www.pm.pb.gov.br\/portal\/wp-content\/uploads\/2022\/12\/WhatsApp-Image-2022-12-27-at-17.28.50-768x432.jpeg 768w, https:\/\/www.pm.pb.gov.br\/portal\/wp-content\/uploads\/2022\/12\/WhatsApp-Image-2022-12-27-at-17.28.50.jpeg 1280w\" sizes=\"(max-width: 620px) 100vw, 620px\" \/><\/p>\n<p>\u201cEntre os suspeitos, um deles j\u00e1 tinha tornozeleira eletr\u00f4nica e, de acordo com informa\u00e7\u00f5es preliminares, cumpria pena pelo crime da Lei Maria da Penha. Ele foi encontrado com os celulares das v\u00edtimas e uma pistola (foto acima)\u201d, disse o comandante. Ainda durante a a\u00e7\u00e3o, a PM apreendeu um segundo carro, que tamb\u00e9m estava com os suspeitos e que poderia ser usado para cometer delitos (foto abaixo).<\/p>\n<p>Toda a ocorr\u00eancia foi apresentada na Central de Pol\u00edcia, no bairro do Catol\u00e9, para os procedimentos cab\u00edveis. Os suspeitos foram autuados pelos crimes de roubo, invas\u00e3o a domic\u00edlio, agress\u00e3o f\u00edsica e porte ilegal de arma de fogo. A participa\u00e7\u00e3o deles em outros crimes na regi\u00e3o tamb\u00e9m dever\u00e1 ser investigada.<\/p>\n<p><img loading=\"lazy\" decoding=\"async\" class=\" wp-image-915320 aligncenter\" src=\"http:\/\/www.pm.pb.gov.br\/portal\/wp-content\/uploads\/2022\/12\/WhatsApp-Image-2022-12-27-at-17.52.22-800x388.jpeg\" alt=\"\" width=\"641\" height=\"311\" srcset=\"https:\/\/www.pm.pb.gov.br\/portal\/wp-content\/uploads\/2022\/12\/WhatsApp-Image-2022-12-27-at-17.52.22-800x388.jpeg 800w, https:\/\/www.pm.pb.gov.br\/portal\/wp-content\/uploads\/2022\/12\/WhatsApp-Image-2022-12-27-at-17.52.22-1024x497.jpeg 1024w, https:\/\/www.pm.pb.gov.br\/portal\/wp-content\/uploads\/2022\/12\/WhatsApp-Image-2022-12-27-at-17.52.22-768x373.jpeg 768w, https:\/\/www.pm.pb.gov.br\/portal\/wp-content\/uploads\/2022\/12\/WhatsApp-Image-2022-12-27-at-17.52.22.jpeg 1280w\" sizes=\"(max-width: 641px) 100vw, 641px\" \/><\/p>\n\n\n","protected":false},"excerpt":{"rendered":"<p>A Pol\u00edcia Militar prendeu dois homens suspeitos de roubo e invas\u00e3o \u00e0 resid\u00eancia, que agiram na manh\u00e3 desta ter\u00e7a-feira (27)<\/p>\n","protected":false},"author":12,"featured_media":915318,"comment_status":"closed","ping_status":"closed","sticky":false,"template":"","format":"standard","meta":{"_exactmetrics_skip_tracking":false,"_exactmetrics_sitenote_active":false,"_exactmetrics_sitenote_note":"","_exactmetrics_sitenote_category":0,"footnotes":""},"categories":[4],"tags":[],"yoast_head":"<!-- This site is optimized with the Yoast SEO plugin v22.0 - https:\/\/yoast.com\/wordpress\/plugins\/seo\/ -->\n<title>Pol\u00edcia Militar prende suspeitos de roubo e invas\u00e3o \u00e0 resid\u00eancia, em Campina Grande - Pol\u00edcia Militar da Para\u00edba<\/title>\n<meta name=\"robots\" content=\"index, follow, max-snippet:-1, max-image-preview:large, max-video-preview:-1\" \/>\n<link rel=\"canonical\" href=\"https:\/\/www.pm.pb.gov.br\/portal\/2022\/12\/27\/policia-militar-prende-suspeitos-de-roubo-e-invasao-a-residencia-em-campina-grande\/\" \/>\n<meta property=\"og:locale\" content=\"pt_BR\" \/>\n<meta property=\"og:type\" content=\"article\" \/>\n<meta property=\"og:title\" content=\"Pol\u00edcia Militar prende suspeitos de roubo e invas\u00e3o \u00e0 resid\u00eancia, em Campina Grande - Pol\u00edcia Militar da Para\u00edba\" \/>\n<meta property=\"og:description\" content=\"A Pol\u00edcia Militar prendeu dois homens suspeitos de roubo e invas\u00e3o \u00e0 resid\u00eancia, que agiram na manh\u00e3 desta ter\u00e7a-feira (27)\" \/>\n<meta property=\"og:url\" content=\"https:\/\/www.pm.pb.gov.br\/portal\/2022\/12\/27\/policia-militar-prende-suspeitos-de-roubo-e-invasao-a-residencia-em-campina-grande\/\" \/>\n<meta property=\"og:site_name\" content=\"Pol\u00edcia Militar da Para\u00edba\" \/>\n<meta property=\"article:published_time\" content=\"2022-12-27T20:54:30+00:00\" \/>\n<meta property=\"article:modified_time\" content=\"2022-12-27T20:54:34+00:00\" \/>\n<meta property=\"og:image\" content=\"http:\/\/www.pm.pb.gov.br\/portal\/wp-content\/uploads\/2022\/12\/WhatsApp-Image-2022-12-27-at-17.35.02.jpeg\" \/>\n\t<meta property=\"og:image:width\" content=\"800\" \/>\n\t<meta property=\"og:image:height\" content=\"445\" \/>\n\t<meta property=\"og:image:type\" content=\"image\/jpeg\" \/>\n<meta name=\"author\" content=\"Tarcisio Oliveira\" \/>\n<meta name=\"twitter:card\" content=\"summary_large_image\" \/>\n<meta name=\"twitter:label1\" content=\"Escrito por\" \/>\n\t<meta name=\"twitter:data1\" content=\"Tarcisio Oliveira\" \/>\n\t<meta name=\"twitter:label2\" content=\"Est. tempo de leitura\" \/>\n\t<meta name=\"twitter:data2\" content=\"2 minutos\" \/>\n<script type=\"application\/ld+json\" class=\"yoast-schema-graph\">{\"@context\":\"https:\/\/schema.org\",\"@graph\":[{\"@type\":\"Article\",\"@id\":\"https:\/\/www.pm.pb.gov.br\/portal\/2022\/12\/27\/policia-militar-prende-suspeitos-de-roubo-e-invasao-a-residencia-em-campina-grande\/#article\",\"isPartOf\":{\"@id\":\"https:\/\/www.pm.pb.gov.br\/portal\/2022\/12\/27\/policia-militar-prende-suspeitos-de-roubo-e-invasao-a-residencia-em-campina-grande\/\"},\"author\":{\"name\":\"Tarcisio Oliveira\",\"@id\":\"https:\/\/www.pm.pb.gov.br\/portal\/#\/schema\/person\/f84f56dcc78ce4357054da888b8247fd\"},\"headline\":\"Pol\u00edcia Militar prende suspeitos de roubo e invas\u00e3o \u00e0 resid\u00eancia, em Campina Grande\",\"datePublished\":\"2022-12-27T20:54:30+00:00\",\"dateModified\":\"2022-12-27T20:54:34+00:00\",\"mainEntityOfPage\":{\"@id\":\"https:\/\/www.pm.pb.gov.br\/portal\/2022\/12\/27\/policia-militar-prende-suspeitos-de-roubo-e-invasao-a-residencia-em-campina-grande\/\"},\"wordCount\":274,\"publisher\":{\"@id\":\"https:\/\/www.pm.pb.gov.br\/portal\/#organization\"},\"articleSection\":[\"A\u00e7\u00f5es Policiais\"],\"inLanguage\":\"pt-BR\"},{\"@type\":\"WebPage\",\"@id\":\"https:\/\/www.pm.pb.gov.br\/portal\/2022\/12\/27\/policia-militar-prende-suspeitos-de-roubo-e-invasao-a-residencia-em-campina-grande\/\",\"url\":\"https:\/\/www.pm.pb.gov.br\/portal\/2022\/12\/27\/policia-militar-prende-suspeitos-de-roubo-e-invasao-a-residencia-em-campina-grande\/\",\"name\":\"Pol\u00edcia Militar prende suspeitos de roubo e invas\u00e3o \u00e0 resid\u00eancia, em Campina Grande - Pol\u00edcia Militar da Para\u00edba\",\"isPartOf\":{\"@id\":\"https:\/\/www.pm.pb.gov.br\/portal\/#website\"},\"datePublished\":\"2022-12-27T20:54:30+00:00\",\"dateModified\":\"2022-12-27T20:54:34+00:00\",\"breadcrumb\":{\"@id\":\"https:\/\/www.pm.pb.gov.br\/portal\/2022\/12\/27\/policia-militar-prende-suspeitos-de-roubo-e-invasao-a-residencia-em-campina-grande\/#breadcrumb\"},\"inLanguage\":\"pt-BR\",\"potentialAction\":[{\"@type\":\"ReadAction\",\"target\":[\"https:\/\/www.pm.pb.gov.br\/portal\/2022\/12\/27\/policia-militar-prende-suspeitos-de-roubo-e-invasao-a-residencia-em-campina-grande\/\"]}]},{\"@type\":\"BreadcrumbList\",\"@id\":\"https:\/\/www.pm.pb.gov.br\/portal\/2022\/12\/27\/policia-militar-prende-suspeitos-de-roubo-e-invasao-a-residencia-em-campina-grande\/#breadcrumb\",\"itemListElement\":[{\"@type\":\"ListItem\",\"position\":1,\"name\":\"In\u00edcio\",\"item\":\"https:\/\/www.pm.pb.gov.br\/portal\/\"},{\"@type\":\"ListItem\",\"position\":2,\"name\":\"Pol\u00edcia Militar prende suspeitos de roubo e invas\u00e3o \u00e0 resid\u00eancia, em Campina Grande\"}]},{\"@type\":\"WebSite\",\"@id\":\"https:\/\/www.pm.pb.gov.br\/portal\/#website\",\"url\":\"https:\/\/www.pm.pb.gov.br\/portal\/\",\"name\":\"Pol\u00edcia Militar da Para\u00edba\",\"description\":\"\",\"publisher\":{\"@id\":\"https:\/\/www.pm.pb.gov.br\/portal\/#organization\"},\"potentialAction\":[{\"@type\":\"SearchAction\",\"target\":{\"@type\":\"EntryPoint\",\"urlTemplate\":\"https:\/\/www.pm.pb.gov.br\/portal\/?s={search_term_string}\"},\"query-input\":\"required name=search_term_string\"}],\"inLanguage\":\"pt-BR\"},{\"@type\":\"Organization\",\"@id\":\"https:\/\/www.pm.pb.gov.br\/portal\/#organization\",\"name\":\"Pol\u00edcia Militar da Para\u00edba\",\"url\":\"https:\/\/www.pm.pb.gov.br\/portal\/\",\"logo\":{\"@type\":\"ImageObject\",\"inLanguage\":\"pt-BR\",\"@id\":\"https:\/\/www.pm.pb.gov.br\/portal\/#\/schema\/logo\/image\/\",\"url\":\"https:\/\/www.pm.pb.gov.br\/portal\/wp-content\/uploads\/2025\/03\/cropped-logo-site-mag2-1.png\",\"contentUrl\":\"https:\/\/www.pm.pb.gov.br\/portal\/wp-content\/uploads\/2025\/03\/cropped-logo-site-mag2-1.png\",\"width\":320,\"height\":90,\"caption\":\"Pol\u00edcia Militar da Para\u00edba\"},\"image\":{\"@id\":\"https:\/\/www.pm.pb.gov.br\/portal\/#\/schema\/logo\/image\/\"}},{\"@type\":\"Person\",\"@id\":\"https:\/\/www.pm.pb.gov.br\/portal\/#\/schema\/person\/f84f56dcc78ce4357054da888b8247fd\",\"name\":\"Tarcisio Oliveira\",\"image\":{\"@type\":\"ImageObject\",\"inLanguage\":\"pt-BR\",\"@id\":\"https:\/\/www.pm.pb.gov.br\/portal\/#\/schema\/person\/image\/\",\"url\":\"https:\/\/secure.gravatar.com\/avatar\/72917b630b69d31cd0297507f34bac97?s=96&d=mm&r=g\",\"contentUrl\":\"https:\/\/secure.gravatar.com\/avatar\/72917b630b69d31cd0297507f34bac97?s=96&d=mm&r=g\",\"caption\":\"Tarcisio Oliveira\"},\"url\":\"https:\/\/www.pm.pb.gov.br\/portal\/author\/tarcisio\/\"}]}<\/script>\n<!-- \/ Yoast SEO plugin. -->","yoast_head_json":{"title":"Pol\u00edcia Militar prende suspeitos de roubo e invas\u00e3o \u00e0 resid\u00eancia, em Campina Grande - Pol\u00edcia Militar da Para\u00edba","robots":{"index":"index","follow":"follow","max-snippet":"max-snippet:-1","max-image-preview":"max-image-preview:large","max-video-preview":"max-video-preview:-1"},"canonical":"https:\/\/www.pm.pb.gov.br\/portal\/2022\/12\/27\/policia-militar-prende-suspeitos-de-roubo-e-invasao-a-residencia-em-campina-grande\/","og_locale":"pt_BR","og_type":"article","og_title":"Pol\u00edcia Militar prende suspeitos de roubo e invas\u00e3o \u00e0 resid\u00eancia, em Campina Grande - Pol\u00edcia Militar da Para\u00edba","og_description":"A Pol\u00edcia Militar prendeu dois homens suspeitos de roubo e invas\u00e3o \u00e0 resid\u00eancia, que agiram na manh\u00e3 desta ter\u00e7a-feira (27)","og_url":"https:\/\/www.pm.pb.gov.br\/portal\/2022\/12\/27\/policia-militar-prende-suspeitos-de-roubo-e-invasao-a-residencia-em-campina-grande\/","og_site_name":"Pol\u00edcia Militar da Para\u00edba","article_published_time":"2022-12-27T20:54:30+00:00","article_modified_time":"2022-12-27T20:54:34+00:00","og_image":[{"width":800,"height":445,"url":"http:\/\/www.pm.pb.gov.br\/portal\/wp-content\/uploads\/2022\/12\/WhatsApp-Image-2022-12-27-at-17.35.02.jpeg","type":"image\/jpeg"}],"author":"Tarcisio Oliveira","twitter_card":"summary_large_image","twitter_misc":{"Escrito por":"Tarcisio Oliveira","Est. tempo de leitura":"2 minutos"},"schema":{"@context":"https:\/\/schema.org","@graph":[{"@type":"Article","@id":"https:\/\/www.pm.pb.gov.br\/portal\/2022\/12\/27\/policia-militar-prende-suspeitos-de-roubo-e-invasao-a-residencia-em-campina-grande\/#article","isPartOf":{"@id":"https:\/\/www.pm.pb.gov.br\/portal\/2022\/12\/27\/policia-militar-prende-suspeitos-de-roubo-e-invasao-a-residencia-em-campina-grande\/"},"author":{"name":"Tarcisio Oliveira","@id":"https:\/\/www.pm.pb.gov.br\/portal\/#\/schema\/person\/f84f56dcc78ce4357054da888b8247fd"},"headline":"Pol\u00edcia Militar prende suspeitos de roubo e invas\u00e3o \u00e0 resid\u00eancia, em Campina Grande","datePublished":"2022-12-27T20:54:30+00:00","dateModified":"2022-12-27T20:54:34+00:00","mainEntityOfPage":{"@id":"https:\/\/www.pm.pb.gov.br\/portal\/2022\/12\/27\/policia-militar-prende-suspeitos-de-roubo-e-invasao-a-residencia-em-campina-grande\/"},"wordCount":274,"publisher":{"@id":"https:\/\/www.pm.pb.gov.br\/portal\/#organization"},"articleSection":["A\u00e7\u00f5es Policiais"],"inLanguage":"pt-BR"},{"@type":"WebPage","@id":"https:\/\/www.pm.pb.gov.br\/portal\/2022\/12\/27\/policia-militar-prende-suspeitos-de-roubo-e-invasao-a-residencia-em-campina-grande\/","url":"https:\/\/www.pm.pb.gov.br\/portal\/2022\/12\/27\/policia-militar-prende-suspeitos-de-roubo-e-invasao-a-residencia-em-campina-grande\/","name":"Pol\u00edcia Militar prende suspeitos de roubo e invas\u00e3o \u00e0 resid\u00eancia, em Campina Grande - Pol\u00edcia Militar da Para\u00edba","isPartOf":{"@id":"https:\/\/www.pm.pb.gov.br\/portal\/#website"},"datePublished":"2022-12-27T20:54:30+00:00","dateModified":"2022-12-27T20:54:34+00:00","breadcrumb":{"@id":"https:\/\/www.pm.pb.gov.br\/portal\/2022\/12\/27\/policia-militar-prende-suspeitos-de-roubo-e-invasao-a-residencia-em-campina-grande\/#breadcrumb"},"inLanguage":"pt-BR","potentialAction":[{"@type":"ReadAction","target":["https:\/\/www.pm.pb.gov.br\/portal\/2022\/12\/27\/policia-militar-prende-suspeitos-de-roubo-e-invasao-a-residencia-em-campina-grande\/"]}]},{"@type":"BreadcrumbList","@id":"https:\/\/www.pm.pb.gov.br\/portal\/2022\/12\/27\/policia-militar-prende-suspeitos-de-roubo-e-invasao-a-residencia-em-campina-grande\/#breadcrumb","itemListElement":[{"@type":"ListItem","position":1,"name":"In\u00edcio","item":"https:\/\/www.pm.pb.gov.br\/portal\/"},{"@type":"ListItem","position":2,"name":"Pol\u00edcia Militar prende suspeitos de roubo e invas\u00e3o \u00e0 resid\u00eancia, em Campina Grande"}]},{"@type":"WebSite","@id":"https:\/\/www.pm.pb.gov.br\/portal\/#website","url":"https:\/\/www.pm.pb.gov.br\/portal\/","name":"Pol\u00edcia Militar da Para\u00edba","description":"","publisher":{"@id":"https:\/\/www.pm.pb.gov.br\/portal\/#organization"},"potentialAction":[{"@type":"SearchAction","target":{"@type":"EntryPoint","urlTemplate":"https:\/\/www.pm.pb.gov.br\/portal\/?s={search_term_string}"},"query-input":"required name=search_term_string"}],"inLanguage":"pt-BR"},{"@type":"Organization","@id":"https:\/\/www.pm.pb.gov.br\/portal\/#organization","name":"Pol\u00edcia Militar da Para\u00edba","url":"https:\/\/www.pm.pb.gov.br\/portal\/","logo":{"@type":"ImageObject","inLanguage":"pt-BR","@id":"https:\/\/www.pm.pb.gov.br\/portal\/#\/schema\/logo\/image\/","url":"https:\/\/www.pm.pb.gov.br\/portal\/wp-content\/uploads\/2025\/03\/cropped-logo-site-mag2-1.png","contentUrl":"https:\/\/www.pm.pb.gov.br\/portal\/wp-content\/uploads\/2025\/03\/cropped-logo-site-mag2-1.png","width":320,"height":90,"caption":"Pol\u00edcia Militar da Para\u00edba"},"image":{"@id":"https:\/\/www.pm.pb.gov.br\/portal\/#\/schema\/logo\/image\/"}},{"@type":"Person","@id":"https:\/\/www.pm.pb.gov.br\/portal\/#\/schema\/person\/f84f56dcc78ce4357054da888b8247fd","name":"Tarcisio Oliveira","image":{"@type":"ImageObject","inLanguage":"pt-BR","@id":"https:\/\/www.pm.pb.gov.br\/portal\/#\/schema\/person\/image\/","url":"https:\/\/secure.gravatar.com\/avatar\/72917b630b69d31cd0297507f34bac97?s=96&d=mm&r=g","contentUrl":"https:\/\/secure.gravatar.com\/avatar\/72917b630b69d31cd0297507f34bac97?s=96&d=mm&r=g","caption":"Tarcisio Oliveira"},"url":"https:\/\/www.pm.pb.gov.br\/portal\/author\/tarcisio\/"}]}},"_links":{"self":[{"href":"https:\/\/www.pm.pb.gov.br\/portal\/wp-json\/wp\/v2\/posts\/915317"}],"collection":[{"href":"https:\/\/www.pm.pb.gov.br\/portal\/wp-json\/wp\/v2\/posts"}],"about":[{"href":"https:\/\/www.pm.pb.gov.br\/portal\/wp-json\/wp\/v2\/types\/post"}],"author":[{"embeddable":true,"href":"https:\/\/www.pm.pb.gov.br\/portal\/wp-json\/wp\/v2\/users\/12"}],"replies":[{"embeddable":true,"href":"https:\/\/www.pm.pb.gov.br\/portal\/wp-json\/wp\/v2\/comments?post=915317"}],"version-history":[{"count":1,"href":"https:\/\/www.pm.pb.gov.br\/portal\/wp-json\/wp\/v2\/posts\/915317\/revisions"}],"predecessor-version":[{"id":915321,"href":"https:\/\/www.pm.pb.gov.br\/portal\/wp-json\/wp\/v2\/posts\/915317\/revisions\/915321"}],"wp:featuredmedia":[{"embeddable":true,"href":"https:\/\/www.pm.pb.gov.br\/portal\/wp-json\/wp\/v2\/media\/915318"}],"wp:attachment":[{"href":"https:\/\/www.pm.pb.gov.br\/portal\/wp-json\/wp\/v2\/media?parent=915317"}],"wp:term":[{"taxonomy":"category","embeddable":true,"href":"https:\/\/www.pm.pb.gov.br\/portal\/wp-json\/wp\/v2\/categories?post=915317"},{"taxonomy":"post_tag","embeddable":true,"href":"https:\/\/www.pm.pb.gov.br\/portal\/wp-json\/wp\/v2\/tags?post=915317"}],"curies":[{"name":"wp","href":"https:\/\/api.w.org\/{rel}","templated":true}]}}