{"id":915315,"date":"2022-12-27T16:54:02","date_gmt":"2022-12-27T19:54:02","guid":{"rendered":"https:\/\/www.pm.pb.gov.br\/portal\/?p=915315"},"modified":"2022-12-27T16:54:05","modified_gmt":"2022-12-27T19:54:05","slug":"operacao-conjunta-captura-foragido-da-justica-de-sao-paulo-no-sertao-da-paraiba","status":"publish","type":"post","link":"https:\/\/www.pm.pb.gov.br\/portal\/2022\/12\/27\/operacao-conjunta-captura-foragido-da-justica-de-sao-paulo-no-sertao-da-paraiba\/","title":{"rendered":"<strong>Opera\u00e7\u00e3o conjunta captura foragido da Justi\u00e7a de S\u00e3o Paulo no Sert\u00e3o da Para\u00edba<\/strong>"},"content":{"rendered":"\n<p>Uma a\u00e7\u00e3o conjunta das Pol\u00edcias Militar e Civil da Para\u00edba levou a captura de um foragido da Justi\u00e7a de S\u00e3o Paulo, na cidade de Sousa, nesta ter\u00e7a-feira (27). A pris\u00e3o aconteceu por volta das 12h, no bairro Guanabara (imagem acima ilustrativa).<\/p>\n<p>O acusado, que t\u00eam 38 anos de idade, estava sendo procurado pelo crime de latroc\u00ednio tentado contra um comerciante na cidade de Mirassol, em S\u00e3o Paulo. De acordo com o mandado de pris\u00e3o, a v\u00edtima foi asfixiada e espancada no seu pr\u00f3prio ambiente de trabalho, uma loja de roupas. O crime foi registrado pelo circuito de seguran\u00e7a.<\/p>\n<p>A pris\u00e3o desta ter\u00e7a foi realizada pelos policiais do Batalh\u00e3o de Opera\u00e7\u00f5es Policiais Especiais (Bope) e pela Pol\u00edcia Civil, em uma casa apontada como poss\u00edvel paradeiro do procurado. \u201cO acusado, que \u00e9 paraibano, foi detido e apresentado na 19\u00aa Delegacia Seccional em Sousa. Ele deve ser recambiado para S\u00e3o Paulo para o devido cumprimento da pena\u201d, explicou o major Thiago Feitosa, comandante do Bope naquela regi\u00e3o.<\/p>\n\n\n","protected":false},"excerpt":{"rendered":"<p>Uma a\u00e7\u00e3o conjunta das Pol\u00edcias Militar e Civil da Para\u00edba levou a captura de um foragido da Justi\u00e7a de S\u00e3o<\/p>\n","protected":false},"author":12,"featured_media":906874,"comment_status":"closed","ping_status":"closed","sticky":false,"template":"","format":"standard","meta":{"_exactmetrics_skip_tracking":false,"_exactmetrics_sitenote_active":false,"_exactmetrics_sitenote_note":"","_exactmetrics_sitenote_category":0,"footnotes":""},"categories":[4],"tags":[],"yoast_head":"<!-- This site is optimized with the Yoast SEO plugin v22.0 - https:\/\/yoast.com\/wordpress\/plugins\/seo\/ -->\n<title>Opera\u00e7\u00e3o conjunta captura foragido da Justi\u00e7a de S\u00e3o Paulo no Sert\u00e3o da Para\u00edba - Pol\u00edcia Militar da Para\u00edba<\/title>\n<meta name=\"robots\" content=\"index, follow, max-snippet:-1, max-image-preview:large, max-video-preview:-1\" \/>\n<link rel=\"canonical\" href=\"https:\/\/www.pm.pb.gov.br\/portal\/2022\/12\/27\/operacao-conjunta-captura-foragido-da-justica-de-sao-paulo-no-sertao-da-paraiba\/\" \/>\n<meta property=\"og:locale\" content=\"pt_BR\" \/>\n<meta property=\"og:type\" content=\"article\" \/>\n<meta property=\"og:title\" content=\"Opera\u00e7\u00e3o conjunta captura foragido da Justi\u00e7a de S\u00e3o Paulo no Sert\u00e3o da Para\u00edba - Pol\u00edcia Militar da Para\u00edba\" \/>\n<meta property=\"og:description\" content=\"Uma a\u00e7\u00e3o conjunta das Pol\u00edcias Militar e Civil da Para\u00edba levou a captura de um foragido da Justi\u00e7a de S\u00e3o\" \/>\n<meta property=\"og:url\" content=\"https:\/\/www.pm.pb.gov.br\/portal\/2022\/12\/27\/operacao-conjunta-captura-foragido-da-justica-de-sao-paulo-no-sertao-da-paraiba\/\" \/>\n<meta property=\"og:site_name\" content=\"Pol\u00edcia Militar da Para\u00edba\" \/>\n<meta property=\"article:published_time\" content=\"2022-12-27T19:54:02+00:00\" \/>\n<meta property=\"article:modified_time\" content=\"2022-12-27T19:54:05+00:00\" \/>\n<meta property=\"og:image\" content=\"http:\/\/www.pm.pb.gov.br\/portal\/wp-content\/uploads\/2020\/08\/bope.jpeg\" \/>\n\t<meta property=\"og:image:width\" content=\"800\" \/>\n\t<meta property=\"og:image:height\" content=\"445\" \/>\n\t<meta property=\"og:image:type\" content=\"image\/jpeg\" \/>\n<meta name=\"author\" content=\"Tarcisio Oliveira\" \/>\n<meta name=\"twitter:card\" content=\"summary_large_image\" \/>\n<meta name=\"twitter:label1\" content=\"Escrito por\" \/>\n\t<meta name=\"twitter:data1\" content=\"Tarcisio Oliveira\" \/>\n\t<meta name=\"twitter:label2\" content=\"Est. tempo de leitura\" \/>\n\t<meta name=\"twitter:data2\" content=\"1 minuto\" \/>\n<script type=\"application\/ld+json\" class=\"yoast-schema-graph\">{\"@context\":\"https:\/\/schema.org\",\"@graph\":[{\"@type\":\"Article\",\"@id\":\"https:\/\/www.pm.pb.gov.br\/portal\/2022\/12\/27\/operacao-conjunta-captura-foragido-da-justica-de-sao-paulo-no-sertao-da-paraiba\/#article\",\"isPartOf\":{\"@id\":\"https:\/\/www.pm.pb.gov.br\/portal\/2022\/12\/27\/operacao-conjunta-captura-foragido-da-justica-de-sao-paulo-no-sertao-da-paraiba\/\"},\"author\":{\"name\":\"Tarcisio Oliveira\",\"@id\":\"https:\/\/www.pm.pb.gov.br\/portal\/#\/schema\/person\/f84f56dcc78ce4357054da888b8247fd\"},\"headline\":\"Opera\u00e7\u00e3o conjunta captura foragido da Justi\u00e7a de S\u00e3o Paulo no Sert\u00e3o da Para\u00edba\",\"datePublished\":\"2022-12-27T19:54:02+00:00\",\"dateModified\":\"2022-12-27T19:54:05+00:00\",\"mainEntityOfPage\":{\"@id\":\"https:\/\/www.pm.pb.gov.br\/portal\/2022\/12\/27\/operacao-conjunta-captura-foragido-da-justica-de-sao-paulo-no-sertao-da-paraiba\/\"},\"wordCount\":200,\"publisher\":{\"@id\":\"https:\/\/www.pm.pb.gov.br\/portal\/#organization\"},\"articleSection\":[\"A\u00e7\u00f5es Policiais\"],\"inLanguage\":\"pt-BR\"},{\"@type\":\"WebPage\",\"@id\":\"https:\/\/www.pm.pb.gov.br\/portal\/2022\/12\/27\/operacao-conjunta-captura-foragido-da-justica-de-sao-paulo-no-sertao-da-paraiba\/\",\"url\":\"https:\/\/www.pm.pb.gov.br\/portal\/2022\/12\/27\/operacao-conjunta-captura-foragido-da-justica-de-sao-paulo-no-sertao-da-paraiba\/\",\"name\":\"Opera\u00e7\u00e3o conjunta captura foragido da Justi\u00e7a de S\u00e3o Paulo no Sert\u00e3o da Para\u00edba - Pol\u00edcia Militar da Para\u00edba\",\"isPartOf\":{\"@id\":\"https:\/\/www.pm.pb.gov.br\/portal\/#website\"},\"datePublished\":\"2022-12-27T19:54:02+00:00\",\"dateModified\":\"2022-12-27T19:54:05+00:00\",\"breadcrumb\":{\"@id\":\"https:\/\/www.pm.pb.gov.br\/portal\/2022\/12\/27\/operacao-conjunta-captura-foragido-da-justica-de-sao-paulo-no-sertao-da-paraiba\/#breadcrumb\"},\"inLanguage\":\"pt-BR\",\"potentialAction\":[{\"@type\":\"ReadAction\",\"target\":[\"https:\/\/www.pm.pb.gov.br\/portal\/2022\/12\/27\/operacao-conjunta-captura-foragido-da-justica-de-sao-paulo-no-sertao-da-paraiba\/\"]}]},{\"@type\":\"BreadcrumbList\",\"@id\":\"https:\/\/www.pm.pb.gov.br\/portal\/2022\/12\/27\/operacao-conjunta-captura-foragido-da-justica-de-sao-paulo-no-sertao-da-paraiba\/#breadcrumb\",\"itemListElement\":[{\"@type\":\"ListItem\",\"position\":1,\"name\":\"In\u00edcio\",\"item\":\"https:\/\/www.pm.pb.gov.br\/portal\/\"},{\"@type\":\"ListItem\",\"position\":2,\"name\":\"Opera\u00e7\u00e3o conjunta captura foragido da Justi\u00e7a de S\u00e3o Paulo no Sert\u00e3o da Para\u00edba\"}]},{\"@type\":\"WebSite\",\"@id\":\"https:\/\/www.pm.pb.gov.br\/portal\/#website\",\"url\":\"https:\/\/www.pm.pb.gov.br\/portal\/\",\"name\":\"Pol\u00edcia Militar da Para\u00edba\",\"description\":\"\",\"publisher\":{\"@id\":\"https:\/\/www.pm.pb.gov.br\/portal\/#organization\"},\"potentialAction\":[{\"@type\":\"SearchAction\",\"target\":{\"@type\":\"EntryPoint\",\"urlTemplate\":\"https:\/\/www.pm.pb.gov.br\/portal\/?s={search_term_string}\"},\"query-input\":\"required name=search_term_string\"}],\"inLanguage\":\"pt-BR\"},{\"@type\":\"Organization\",\"@id\":\"https:\/\/www.pm.pb.gov.br\/portal\/#organization\",\"name\":\"Pol\u00edcia Militar da Para\u00edba\",\"url\":\"https:\/\/www.pm.pb.gov.br\/portal\/\",\"logo\":{\"@type\":\"ImageObject\",\"inLanguage\":\"pt-BR\",\"@id\":\"https:\/\/www.pm.pb.gov.br\/portal\/#\/schema\/logo\/image\/\",\"url\":\"https:\/\/www.pm.pb.gov.br\/portal\/wp-content\/uploads\/2025\/03\/cropped-logo-site-mag2-1.png\",\"contentUrl\":\"https:\/\/www.pm.pb.gov.br\/portal\/wp-content\/uploads\/2025\/03\/cropped-logo-site-mag2-1.png\",\"width\":320,\"height\":90,\"caption\":\"Pol\u00edcia Militar da Para\u00edba\"},\"image\":{\"@id\":\"https:\/\/www.pm.pb.gov.br\/portal\/#\/schema\/logo\/image\/\"}},{\"@type\":\"Person\",\"@id\":\"https:\/\/www.pm.pb.gov.br\/portal\/#\/schema\/person\/f84f56dcc78ce4357054da888b8247fd\",\"name\":\"Tarcisio Oliveira\",\"image\":{\"@type\":\"ImageObject\",\"inLanguage\":\"pt-BR\",\"@id\":\"https:\/\/www.pm.pb.gov.br\/portal\/#\/schema\/person\/image\/\",\"url\":\"https:\/\/secure.gravatar.com\/avatar\/72917b630b69d31cd0297507f34bac97?s=96&d=mm&r=g\",\"contentUrl\":\"https:\/\/secure.gravatar.com\/avatar\/72917b630b69d31cd0297507f34bac97?s=96&d=mm&r=g\",\"caption\":\"Tarcisio Oliveira\"},\"url\":\"https:\/\/www.pm.pb.gov.br\/portal\/author\/tarcisio\/\"}]}<\/script>\n<!-- \/ Yoast SEO plugin. -->","yoast_head_json":{"title":"Opera\u00e7\u00e3o conjunta captura foragido da Justi\u00e7a de S\u00e3o Paulo no Sert\u00e3o da Para\u00edba - Pol\u00edcia Militar da Para\u00edba","robots":{"index":"index","follow":"follow","max-snippet":"max-snippet:-1","max-image-preview":"max-image-preview:large","max-video-preview":"max-video-preview:-1"},"canonical":"https:\/\/www.pm.pb.gov.br\/portal\/2022\/12\/27\/operacao-conjunta-captura-foragido-da-justica-de-sao-paulo-no-sertao-da-paraiba\/","og_locale":"pt_BR","og_type":"article","og_title":"Opera\u00e7\u00e3o conjunta captura foragido da Justi\u00e7a de S\u00e3o Paulo no Sert\u00e3o da Para\u00edba - Pol\u00edcia Militar da Para\u00edba","og_description":"Uma a\u00e7\u00e3o conjunta das Pol\u00edcias Militar e Civil da Para\u00edba levou a captura de um foragido da Justi\u00e7a de S\u00e3o","og_url":"https:\/\/www.pm.pb.gov.br\/portal\/2022\/12\/27\/operacao-conjunta-captura-foragido-da-justica-de-sao-paulo-no-sertao-da-paraiba\/","og_site_name":"Pol\u00edcia Militar da Para\u00edba","article_published_time":"2022-12-27T19:54:02+00:00","article_modified_time":"2022-12-27T19:54:05+00:00","og_image":[{"width":800,"height":445,"url":"http:\/\/www.pm.pb.gov.br\/portal\/wp-content\/uploads\/2020\/08\/bope.jpeg","type":"image\/jpeg"}],"author":"Tarcisio Oliveira","twitter_card":"summary_large_image","twitter_misc":{"Escrito por":"Tarcisio Oliveira","Est. tempo de leitura":"1 minuto"},"schema":{"@context":"https:\/\/schema.org","@graph":[{"@type":"Article","@id":"https:\/\/www.pm.pb.gov.br\/portal\/2022\/12\/27\/operacao-conjunta-captura-foragido-da-justica-de-sao-paulo-no-sertao-da-paraiba\/#article","isPartOf":{"@id":"https:\/\/www.pm.pb.gov.br\/portal\/2022\/12\/27\/operacao-conjunta-captura-foragido-da-justica-de-sao-paulo-no-sertao-da-paraiba\/"},"author":{"name":"Tarcisio Oliveira","@id":"https:\/\/www.pm.pb.gov.br\/portal\/#\/schema\/person\/f84f56dcc78ce4357054da888b8247fd"},"headline":"Opera\u00e7\u00e3o conjunta captura foragido da Justi\u00e7a de S\u00e3o Paulo no Sert\u00e3o da Para\u00edba","datePublished":"2022-12-27T19:54:02+00:00","dateModified":"2022-12-27T19:54:05+00:00","mainEntityOfPage":{"@id":"https:\/\/www.pm.pb.gov.br\/portal\/2022\/12\/27\/operacao-conjunta-captura-foragido-da-justica-de-sao-paulo-no-sertao-da-paraiba\/"},"wordCount":200,"publisher":{"@id":"https:\/\/www.pm.pb.gov.br\/portal\/#organization"},"articleSection":["A\u00e7\u00f5es Policiais"],"inLanguage":"pt-BR"},{"@type":"WebPage","@id":"https:\/\/www.pm.pb.gov.br\/portal\/2022\/12\/27\/operacao-conjunta-captura-foragido-da-justica-de-sao-paulo-no-sertao-da-paraiba\/","url":"https:\/\/www.pm.pb.gov.br\/portal\/2022\/12\/27\/operacao-conjunta-captura-foragido-da-justica-de-sao-paulo-no-sertao-da-paraiba\/","name":"Opera\u00e7\u00e3o conjunta captura foragido da Justi\u00e7a de S\u00e3o Paulo no Sert\u00e3o da Para\u00edba - Pol\u00edcia Militar da Para\u00edba","isPartOf":{"@id":"https:\/\/www.pm.pb.gov.br\/portal\/#website"},"datePublished":"2022-12-27T19:54:02+00:00","dateModified":"2022-12-27T19:54:05+00:00","breadcrumb":{"@id":"https:\/\/www.pm.pb.gov.br\/portal\/2022\/12\/27\/operacao-conjunta-captura-foragido-da-justica-de-sao-paulo-no-sertao-da-paraiba\/#breadcrumb"},"inLanguage":"pt-BR","potentialAction":[{"@type":"ReadAction","target":["https:\/\/www.pm.pb.gov.br\/portal\/2022\/12\/27\/operacao-conjunta-captura-foragido-da-justica-de-sao-paulo-no-sertao-da-paraiba\/"]}]},{"@type":"BreadcrumbList","@id":"https:\/\/www.pm.pb.gov.br\/portal\/2022\/12\/27\/operacao-conjunta-captura-foragido-da-justica-de-sao-paulo-no-sertao-da-paraiba\/#breadcrumb","itemListElement":[{"@type":"ListItem","position":1,"name":"In\u00edcio","item":"https:\/\/www.pm.pb.gov.br\/portal\/"},{"@type":"ListItem","position":2,"name":"Opera\u00e7\u00e3o conjunta captura foragido da Justi\u00e7a de S\u00e3o Paulo no Sert\u00e3o da Para\u00edba"}]},{"@type":"WebSite","@id":"https:\/\/www.pm.pb.gov.br\/portal\/#website","url":"https:\/\/www.pm.pb.gov.br\/portal\/","name":"Pol\u00edcia Militar da Para\u00edba","description":"","publisher":{"@id":"https:\/\/www.pm.pb.gov.br\/portal\/#organization"},"potentialAction":[{"@type":"SearchAction","target":{"@type":"EntryPoint","urlTemplate":"https:\/\/www.pm.pb.gov.br\/portal\/?s={search_term_string}"},"query-input":"required name=search_term_string"}],"inLanguage":"pt-BR"},{"@type":"Organization","@id":"https:\/\/www.pm.pb.gov.br\/portal\/#organization","name":"Pol\u00edcia Militar da Para\u00edba","url":"https:\/\/www.pm.pb.gov.br\/portal\/","logo":{"@type":"ImageObject","inLanguage":"pt-BR","@id":"https:\/\/www.pm.pb.gov.br\/portal\/#\/schema\/logo\/image\/","url":"https:\/\/www.pm.pb.gov.br\/portal\/wp-content\/uploads\/2025\/03\/cropped-logo-site-mag2-1.png","contentUrl":"https:\/\/www.pm.pb.gov.br\/portal\/wp-content\/uploads\/2025\/03\/cropped-logo-site-mag2-1.png","width":320,"height":90,"caption":"Pol\u00edcia Militar da Para\u00edba"},"image":{"@id":"https:\/\/www.pm.pb.gov.br\/portal\/#\/schema\/logo\/image\/"}},{"@type":"Person","@id":"https:\/\/www.pm.pb.gov.br\/portal\/#\/schema\/person\/f84f56dcc78ce4357054da888b8247fd","name":"Tarcisio Oliveira","image":{"@type":"ImageObject","inLanguage":"pt-BR","@id":"https:\/\/www.pm.pb.gov.br\/portal\/#\/schema\/person\/image\/","url":"https:\/\/secure.gravatar.com\/avatar\/72917b630b69d31cd0297507f34bac97?s=96&d=mm&r=g","contentUrl":"https:\/\/secure.gravatar.com\/avatar\/72917b630b69d31cd0297507f34bac97?s=96&d=mm&r=g","caption":"Tarcisio Oliveira"},"url":"https:\/\/www.pm.pb.gov.br\/portal\/author\/tarcisio\/"}]}},"_links":{"self":[{"href":"https:\/\/www.pm.pb.gov.br\/portal\/wp-json\/wp\/v2\/posts\/915315"}],"collection":[{"href":"https:\/\/www.pm.pb.gov.br\/portal\/wp-json\/wp\/v2\/posts"}],"about":[{"href":"https:\/\/www.pm.pb.gov.br\/portal\/wp-json\/wp\/v2\/types\/post"}],"author":[{"embeddable":true,"href":"https:\/\/www.pm.pb.gov.br\/portal\/wp-json\/wp\/v2\/users\/12"}],"replies":[{"embeddable":true,"href":"https:\/\/www.pm.pb.gov.br\/portal\/wp-json\/wp\/v2\/comments?post=915315"}],"version-history":[{"count":1,"href":"https:\/\/www.pm.pb.gov.br\/portal\/wp-json\/wp\/v2\/posts\/915315\/revisions"}],"predecessor-version":[{"id":915316,"href":"https:\/\/www.pm.pb.gov.br\/portal\/wp-json\/wp\/v2\/posts\/915315\/revisions\/915316"}],"wp:featuredmedia":[{"embeddable":true,"href":"https:\/\/www.pm.pb.gov.br\/portal\/wp-json\/wp\/v2\/media\/906874"}],"wp:attachment":[{"href":"https:\/\/www.pm.pb.gov.br\/portal\/wp-json\/wp\/v2\/media?parent=915315"}],"wp:term":[{"taxonomy":"category","embeddable":true,"href":"https:\/\/www.pm.pb.gov.br\/portal\/wp-json\/wp\/v2\/categories?post=915315"},{"taxonomy":"post_tag","embeddable":true,"href":"https:\/\/www.pm.pb.gov.br\/portal\/wp-json\/wp\/v2\/tags?post=915315"}],"curies":[{"name":"wp","href":"https:\/\/api.w.org\/{rel}","templated":true}]}}